{"id":5377,"date":"2026-01-23T00:44:13","date_gmt":"2026-01-23T00:44:13","guid":{"rendered":"https:\/\/periodicocentroccidente.com\/?p=5377"},"modified":"2026-01-23T00:44:13","modified_gmt":"2026-01-23T00:44:13","slug":"leyes-de-amnistia-y-de-desarme-necesarias-para-pacificar-el-pais","status":"publish","type":"post","link":"https:\/\/periodicocentroccidente.com\/?p=5377","title":{"rendered":"\u201cLeyes de Amnist\u00eda y de desarme necesarias para pacificar el pa\u00eds\u201d"},"content":{"rendered":"<p><strong>Especial.-<\/strong><\/p>\n<p>Una\u00a0Ley de Amnist\u00eda general para los presos pol\u00edticos venezolanos y una Ley de Desarme, lograr\u00edan pacificar r\u00e1pidamente el pa\u00eds seg\u00fan criterios del abogado y experto en derecho penal Carlos Ortega Parra,\u00a0al evaluar el mecanismo de excarcelaciones a cuentagotas que se est\u00e1 llevando a cabo en estos momentos.<\/p>\n<p>El tambi\u00e9n coordinador estadal del Movimiento Concertaci\u00f3n Ciudadana en Portuguesa, recuerda que el oficialismo actualmente tiene el control absoluto de la Asamblea Nacional y del Tribunal Supremo de Justicia, instituciones que deber\u00edan activarse para ejecutar los mecanismos constitucionales expeditos para aportar a la paz del pa\u00eds.<\/p>\n<p>\u201cDe haber voluntad realmente para generar un amplio clima de paz y tranquilidad en la sociedad venezolana, lo que se debe hacer es que los distintos factores pol\u00edticos, oficialistas y de la alternativa democr\u00e1tica, ya deber\u00edan estar montados en presentar los anteproyectos de Ley de Amnist\u00eda general para los presos pol\u00edticos venezolanos y una Ley de Desarme, a\u00a0fin de liberar a todos los presos pol\u00edticos, sin medidas cautelares; y en segundo lugar desarmar a los grupos que el mismo sector chavista arm\u00f3 y despleg\u00f3 a lo largo y ancho del pa\u00eds\u201d, afirma tajante Ortega Parra.<\/p>\n<p>\u201cLlamo a los venezolanos a que es tiempo de\u00a0exigir que se conceda el perd\u00f3n generalizado de ciertos delitos, \u00a0\u00a0extinguiendo as\u00ed la responsabilidad penal de los presuntos autores.\u00a0Una amnist\u00eda que permita la excarcelaci\u00f3n de los que a\u00fan permanecen privados de libertad por razones de persecuci\u00f3n pol\u00edtica, sin medidas cautelares, porque eso hace que sigan presos pero en sus casas. Pero tambi\u00e9n que se proceda al desarme de los grupos afectos al oficialismo bajo el tapiz de colectivos o supuestos defensores de la paz. Desde el\u00a0Movimiento Nacional Concertaci\u00f3n Ciudadana\u00a0seguimos apostando por la libertad plena e incondicional y real de todos los presos eol\u00edticos\u201d, puntualiz\u00f3.-<\/p>\n<p><strong>eliasdiaz20019@gmail.com\u00a0<\/strong><\/p>\n","protected":false},"excerpt":{"rendered":"<p>Especial.- Una&nbsp;Ley de Amnist&iacute;a general para los presos pol&iacute;ticos venezolanos y una Ley de Desarme, lograr&iacute;an pacificar r&aacute;pidamente el pa&iacute;s seg&uacute;n criterios del abogado y experto en derecho penal Carlos Ortega Parra,&nbsp;al evaluar el mecanismo de excarcelaciones a cuentagotas que se est&aacute; llevando a cabo en estos momentos. El tambi&eacute;n coordinador estadal del Movimiento Concertaci&oacute;n &hellip;<\/p>\n","protected":false},"author":2,"featured_media":5378,"comment_status":"open","ping_status":"open","sticky":false,"template":"","format":"standard","meta":{"_jetpack_memberships_contains_paid_content":false,"footnotes":""},"categories":[127],"tags":[],"class_list":["post-5377","post","type-post","status-publish","format-standard","has-post-thumbnail","hentry","category-noticias-recientes"],"yoast_head":"<!-- This site is optimized with the Yoast SEO plugin v24.8.1 - https:\/\/yoast.com\/wordpress\/plugins\/seo\/ -->\n<title>\u201cLeyes de Amnist\u00eda y de desarme necesarias para pacificar el pa\u00eds\u201d -<\/title>\n<meta name=\"robots\" content=\"index, follow, max-snippet:-1, max-image-preview:large, max-video-preview:-1\" \/>\n<link rel=\"canonical\" href=\"https:\/\/periodicocentroccidente.com\/?p=5377\" \/>\n<meta property=\"og:locale\" content=\"es_ES\" \/>\n<meta property=\"og:type\" content=\"article\" \/>\n<meta property=\"og:title\" content=\"\u201cLeyes de Amnist\u00eda y de desarme necesarias para pacificar el pa\u00eds\u201d -\" \/>\n<meta property=\"og:description\" content=\"Especial.- Una&nbsp;Ley de Amnist&iacute;a general para los presos pol&iacute;ticos venezolanos y una Ley de Desarme, lograr&iacute;an pacificar r&aacute;pidamente el pa&iacute;s seg&uacute;n criterios del abogado y experto en derecho penal Carlos Ortega Parra,&nbsp;al evaluar el mecanismo de excarcelaciones a cuentagotas que se est&aacute; llevando a cabo en estos momentos. El tambi&eacute;n coordinador estadal del Movimiento Concertaci&oacute;n &hellip;\" \/>\n<meta property=\"og:url\" content=\"https:\/\/periodicocentroccidente.com\/?p=5377\" \/>\n<meta property=\"article:published_time\" content=\"2026-01-23T00:44:13+00:00\" \/>\n<meta property=\"og:image\" content=\"https:\/\/periodicocentroccidente.com\/wp-content\/uploads\/2026\/01\/CARLOS-ORTEGA-PARRA-1.jpg\" \/>\n\t<meta property=\"og:image:width\" content=\"938\" \/>\n\t<meta property=\"og:image:height\" content=\"770\" \/>\n\t<meta property=\"og:image:type\" content=\"image\/jpeg\" \/>\n<meta name=\"author\" content=\"Ricardo\" \/>\n<meta name=\"twitter:card\" content=\"summary_large_image\" \/>\n<meta name=\"twitter:label1\" content=\"Escrito por\" \/>\n\t<meta name=\"twitter:data1\" content=\"Ricardo\" \/>\n\t<meta name=\"twitter:label2\" content=\"Tiempo de lectura\" \/>\n\t<meta name=\"twitter:data2\" content=\"2 minutos\" \/>\n<script type=\"application\/ld+json\" class=\"yoast-schema-graph\">{\"@context\":\"https:\/\/schema.org\",\"@graph\":[{\"@type\":\"WebPage\",\"@id\":\"https:\/\/periodicocentroccidente.com\/?p=5377\",\"url\":\"https:\/\/periodicocentroccidente.com\/?p=5377\",\"name\":\"\u201cLeyes de Amnist\u00eda y de desarme necesarias para pacificar el pa\u00eds\u201d -\",\"isPartOf\":{\"@id\":\"https:\/\/periodicocentroccidente.com\/#website\"},\"primaryImageOfPage\":{\"@id\":\"https:\/\/periodicocentroccidente.com\/?p=5377#primaryimage\"},\"image\":{\"@id\":\"https:\/\/periodicocentroccidente.com\/?p=5377#primaryimage\"},\"thumbnailUrl\":\"https:\/\/periodicocentroccidente.com\/wp-content\/uploads\/2026\/01\/CARLOS-ORTEGA-PARRA-1.jpg\",\"datePublished\":\"2026-01-23T00:44:13+00:00\",\"author\":{\"@id\":\"https:\/\/periodicocentroccidente.com\/#\/schema\/person\/f4e4a651098f3db198244657b7130e7e\"},\"breadcrumb\":{\"@id\":\"https:\/\/periodicocentroccidente.com\/?p=5377#breadcrumb\"},\"inLanguage\":\"es\",\"potentialAction\":[{\"@type\":\"ReadAction\",\"target\":[\"https:\/\/periodicocentroccidente.com\/?p=5377\"]}]},{\"@type\":\"ImageObject\",\"inLanguage\":\"es\",\"@id\":\"https:\/\/periodicocentroccidente.com\/?p=5377#primaryimage\",\"url\":\"https:\/\/periodicocentroccidente.com\/wp-content\/uploads\/2026\/01\/CARLOS-ORTEGA-PARRA-1.jpg\",\"contentUrl\":\"https:\/\/periodicocentroccidente.com\/wp-content\/uploads\/2026\/01\/CARLOS-ORTEGA-PARRA-1.jpg\",\"width\":938,\"height\":770},{\"@type\":\"BreadcrumbList\",\"@id\":\"https:\/\/periodicocentroccidente.com\/?p=5377#breadcrumb\",\"itemListElement\":[{\"@type\":\"ListItem\",\"position\":1,\"name\":\"Portada\",\"item\":\"https:\/\/periodicocentroccidente.com\/\"},{\"@type\":\"ListItem\",\"position\":2,\"name\":\"\u201cLeyes de Amnist\u00eda y de desarme necesarias para pacificar el pa\u00eds\u201d\"}]},{\"@type\":\"WebSite\",\"@id\":\"https:\/\/periodicocentroccidente.com\/#website\",\"url\":\"https:\/\/periodicocentroccidente.com\/\",\"name\":\"\",\"description\":\"Periodismo serio y responsable\",\"potentialAction\":[{\"@type\":\"SearchAction\",\"target\":{\"@type\":\"EntryPoint\",\"urlTemplate\":\"https:\/\/periodicocentroccidente.com\/?s={search_term_string}\"},\"query-input\":{\"@type\":\"PropertyValueSpecification\",\"valueRequired\":true,\"valueName\":\"search_term_string\"}}],\"inLanguage\":\"es\"},{\"@type\":\"Person\",\"@id\":\"https:\/\/periodicocentroccidente.com\/#\/schema\/person\/f4e4a651098f3db198244657b7130e7e\",\"name\":\"Ricardo\",\"image\":{\"@type\":\"ImageObject\",\"inLanguage\":\"es\",\"@id\":\"https:\/\/periodicocentroccidente.com\/#\/schema\/person\/image\/\",\"url\":\"https:\/\/secure.gravatar.com\/avatar\/402e6137108ec0fdaa7809184382fb1dd2f8b00264c1d945d341f2b8f90db429?s=96&d=mm&r=g\",\"contentUrl\":\"https:\/\/secure.gravatar.com\/avatar\/402e6137108ec0fdaa7809184382fb1dd2f8b00264c1d945d341f2b8f90db429?s=96&d=mm&r=g\",\"caption\":\"Ricardo\"},\"url\":\"https:\/\/periodicocentroccidente.com\/?author=2\"}]}<\/script>\n<!-- \/ Yoast SEO plugin. -->","yoast_head_json":{"title":"\u201cLeyes de Amnist\u00eda y de desarme necesarias para pacificar el pa\u00eds\u201d -","robots":{"index":"index","follow":"follow","max-snippet":"max-snippet:-1","max-image-preview":"max-image-preview:large","max-video-preview":"max-video-preview:-1"},"canonical":"https:\/\/periodicocentroccidente.com\/?p=5377","og_locale":"es_ES","og_type":"article","og_title":"\u201cLeyes de Amnist\u00eda y de desarme necesarias para pacificar el pa\u00eds\u201d -","og_description":"Especial.- Una&nbsp;Ley de Amnist&iacute;a general para los presos pol&iacute;ticos venezolanos y una Ley de Desarme, lograr&iacute;an pacificar r&aacute;pidamente el pa&iacute;s seg&uacute;n criterios del abogado y experto en derecho penal Carlos Ortega Parra,&nbsp;al evaluar el mecanismo de excarcelaciones a cuentagotas que se est&aacute; llevando a cabo en estos momentos. El tambi&eacute;n coordinador estadal del Movimiento Concertaci&oacute;n &hellip;","og_url":"https:\/\/periodicocentroccidente.com\/?p=5377","article_published_time":"2026-01-23T00:44:13+00:00","og_image":[{"width":938,"height":770,"url":"https:\/\/periodicocentroccidente.com\/wp-content\/uploads\/2026\/01\/CARLOS-ORTEGA-PARRA-1.jpg","type":"image\/jpeg"}],"author":"Ricardo","twitter_card":"summary_large_image","twitter_misc":{"Escrito por":"Ricardo","Tiempo de lectura":"2 minutos"},"schema":{"@context":"https:\/\/schema.org","@graph":[{"@type":"WebPage","@id":"https:\/\/periodicocentroccidente.com\/?p=5377","url":"https:\/\/periodicocentroccidente.com\/?p=5377","name":"\u201cLeyes de Amnist\u00eda y de desarme necesarias para pacificar el pa\u00eds\u201d -","isPartOf":{"@id":"https:\/\/periodicocentroccidente.com\/#website"},"primaryImageOfPage":{"@id":"https:\/\/periodicocentroccidente.com\/?p=5377#primaryimage"},"image":{"@id":"https:\/\/periodicocentroccidente.com\/?p=5377#primaryimage"},"thumbnailUrl":"https:\/\/periodicocentroccidente.com\/wp-content\/uploads\/2026\/01\/CARLOS-ORTEGA-PARRA-1.jpg","datePublished":"2026-01-23T00:44:13+00:00","author":{"@id":"https:\/\/periodicocentroccidente.com\/#\/schema\/person\/f4e4a651098f3db198244657b7130e7e"},"breadcrumb":{"@id":"https:\/\/periodicocentroccidente.com\/?p=5377#breadcrumb"},"inLanguage":"es","potentialAction":[{"@type":"ReadAction","target":["https:\/\/periodicocentroccidente.com\/?p=5377"]}]},{"@type":"ImageObject","inLanguage":"es","@id":"https:\/\/periodicocentroccidente.com\/?p=5377#primaryimage","url":"https:\/\/periodicocentroccidente.com\/wp-content\/uploads\/2026\/01\/CARLOS-ORTEGA-PARRA-1.jpg","contentUrl":"https:\/\/periodicocentroccidente.com\/wp-content\/uploads\/2026\/01\/CARLOS-ORTEGA-PARRA-1.jpg","width":938,"height":770},{"@type":"BreadcrumbList","@id":"https:\/\/periodicocentroccidente.com\/?p=5377#breadcrumb","itemListElement":[{"@type":"ListItem","position":1,"name":"Portada","item":"https:\/\/periodicocentroccidente.com\/"},{"@type":"ListItem","position":2,"name":"\u201cLeyes de Amnist\u00eda y de desarme necesarias para pacificar el pa\u00eds\u201d"}]},{"@type":"WebSite","@id":"https:\/\/periodicocentroccidente.com\/#website","url":"https:\/\/periodicocentroccidente.com\/","name":"","description":"Periodismo serio y responsable","potentialAction":[{"@type":"SearchAction","target":{"@type":"EntryPoint","urlTemplate":"https:\/\/periodicocentroccidente.com\/?s={search_term_string}"},"query-input":{"@type":"PropertyValueSpecification","valueRequired":true,"valueName":"search_term_string"}}],"inLanguage":"es"},{"@type":"Person","@id":"https:\/\/periodicocentroccidente.com\/#\/schema\/person\/f4e4a651098f3db198244657b7130e7e","name":"Ricardo","image":{"@type":"ImageObject","inLanguage":"es","@id":"https:\/\/periodicocentroccidente.com\/#\/schema\/person\/image\/","url":"https:\/\/secure.gravatar.com\/avatar\/402e6137108ec0fdaa7809184382fb1dd2f8b00264c1d945d341f2b8f90db429?s=96&d=mm&r=g","contentUrl":"https:\/\/secure.gravatar.com\/avatar\/402e6137108ec0fdaa7809184382fb1dd2f8b00264c1d945d341f2b8f90db429?s=96&d=mm&r=g","caption":"Ricardo"},"url":"https:\/\/periodicocentroccidente.com\/?author=2"}]}},"jetpack_featured_media_url":"https:\/\/periodicocentroccidente.com\/wp-content\/uploads\/2026\/01\/CARLOS-ORTEGA-PARRA-1.jpg","jetpack_sharing_enabled":true,"jetpack-related-posts":[],"_links":{"self":[{"href":"https:\/\/periodicocentroccidente.com\/index.php?rest_route=\/wp\/v2\/posts\/5377","targetHints":{"allow":["GET"]}}],"collection":[{"href":"https:\/\/periodicocentroccidente.com\/index.php?rest_route=\/wp\/v2\/posts"}],"about":[{"href":"https:\/\/periodicocentroccidente.com\/index.php?rest_route=\/wp\/v2\/types\/post"}],"author":[{"embeddable":true,"href":"https:\/\/periodicocentroccidente.com\/index.php?rest_route=\/wp\/v2\/users\/2"}],"replies":[{"embeddable":true,"href":"https:\/\/periodicocentroccidente.com\/index.php?rest_route=%2Fwp%2Fv2%2Fcomments&post=5377"}],"version-history":[{"count":1,"href":"https:\/\/periodicocentroccidente.com\/index.php?rest_route=\/wp\/v2\/posts\/5377\/revisions"}],"predecessor-version":[{"id":5379,"href":"https:\/\/periodicocentroccidente.com\/index.php?rest_route=\/wp\/v2\/posts\/5377\/revisions\/5379"}],"wp:featuredmedia":[{"embeddable":true,"href":"https:\/\/periodicocentroccidente.com\/index.php?rest_route=\/wp\/v2\/media\/5378"}],"wp:attachment":[{"href":"https:\/\/periodicocentroccidente.com\/index.php?rest_route=%2Fwp%2Fv2%2Fmedia&parent=5377"}],"wp:term":[{"taxonomy":"category","embeddable":true,"href":"https:\/\/periodicocentroccidente.com\/index.php?rest_route=%2Fwp%2Fv2%2Fcategories&post=5377"},{"taxonomy":"post_tag","embeddable":true,"href":"https:\/\/periodicocentroccidente.com\/index.php?rest_route=%2Fwp%2Fv2%2Ftags&post=5377"}],"curies":[{"name":"wp","href":"https:\/\/api.w.org\/{rel}","templated":true}]}}