{"id":5359,"date":"2026-01-22T23:11:01","date_gmt":"2026-01-22T23:11:01","guid":{"rendered":"https:\/\/periodicocentroccidente.com\/?p=5359"},"modified":"2026-01-22T23:11:01","modified_gmt":"2026-01-22T23:11:01","slug":"el-sistema-nucleo-guanare-activa-el-programa-alma-llanera-en-el-c-e-silenia-montesinos","status":"publish","type":"post","link":"https:\/\/periodicocentroccidente.com\/?p=5359","title":{"rendered":"El Sistema-N\u00facleo Guanare activa el Programa Alma Llanera en el C.E. \u201cSilenia Montesinos\u201d"},"content":{"rendered":"<p><strong>Especial.-<\/strong><\/p>\n<p>En un esfuerzo por fortalecer la identidad nacional y llevar la formaci\u00f3n musical al coraz\u00f3n de las instituciones educativas, el N\u00facleo Guanare del Sistema Nacional de Orquestas y Coros Juveniles e Infantiles de Venezuela oficializ\u00f3 la activaci\u00f3n del Programa Alma Llanera (PALL) en el Complejo Educativo \u201cSilenia Montesinos\u201d.<\/p>\n<p>La jornada se desarroll\u00f3 a trav\u00e9s de una muestra did\u00e1ctica donde estudiantes de diversas edades tuvieron un encuentro cercano con la sonoridad de la mandolina, el cuatro y la guitarra. Bajo la gu\u00eda de los docentes Elis Pi\u00f1ero, Jes\u00fas Valecillos, Neptal\u00ed Hern\u00e1ndez y Rub\u00e9n Canel\u00f3n, los j\u00f3venes no solo escucharon, sino que interactuaron con los instrumentos que definen nuestra tradici\u00f3n.<\/p>\n<p>La reactivaci\u00f3n del PALL cont\u00f3 con el respaldo del equipo acad\u00e9mico del Programa Sim\u00f3n Bol\u00edvar (PSB) integrado por los formadores Henry Paredes y Samuel Blanco. Elg\u00e9nesis Haricapa, miembro del equipo acad\u00e9mico regional del PALL y PSB, calific\u00f3 este inicio como un \u201csue\u00f1o alcanzado\u201d.<\/p>\n<p>\u201cDamos apertura a la magia musical para brindar oportunidad a todos los ni\u00f1os y ni\u00f1as de esta instituci\u00f3n. Al ver la muestra de los profesores, los estudiantes manifestaron de inmediato su deseo de aprender a tocar estos instrumentos\u201d, destac\u00f3 Haricapa.<\/p>\n<p>Por su parte, la directora del plantel, Leida Silva, subray\u00f3 el impacto positivo de esta alianza: \u201cLa presencia de El Sistema permite que los j\u00f3venes tengan ese primer acercamiento art\u00edstico. Con la incorporaci\u00f3n del Programa Alma Llanera, preservamos nuestro acervo cultural y ense\u00f1amos a valorar lo aut\u00f3ctono\u201d.<\/p>\n<h3><strong>Resultados que inspiran<\/strong><\/h3>\n<p>El impacto del Programa Sim\u00f3n Bol\u00edvar en el C.E. \u201cSilenia Montesinos\u201d ya cuenta con hitos importantes, como la participaci\u00f3n de 140 estudiantes en el macroconcierto navide\u00f1o de 2025, \u201cMil voces, un solo coraz\u00f3n\u201d. Ahora, con la llegada de los instrumentos tradicionales, se espera que el n\u00famero de j\u00f3venes m\u00fasicos siga creciendo.<\/p>\n<p>La inspiraci\u00f3n fue inmediata. Belisa Alejandra Guti\u00e9rrez, estudiante de 1er a\u00f1o, comparti\u00f3 su entusiasmo tras la actividad: \u201cMe llama la atenci\u00f3n el viol\u00edn y el cuatro; pregunt\u00e9 de una vez c\u00f3mo pod\u00eda ingresar al N\u00facleo. La m\u00fasica me ha gustado desde peque\u00f1a y esta muestra me dio mucha inspiraci\u00f3n\u201d.<\/p>\n<p>Con esta iniciativa, El Sistema reafirma su misi\u00f3n de transformar vidas a trav\u00e9s de la pr\u00e1ctica colectiva de la m\u00fasica, uniendo la educaci\u00f3n formal con el orgullo por las ra\u00edces venezolanas. <strong>\/\/<\/strong><\/p>\n<p><strong>Jorveis Ortegano Valecillo \/ <\/strong><strong>Prensa &#8211; El Sistema Portuguesa<\/strong><\/p>\n<p><img loading=\"lazy\" decoding=\"async\" class=\"alignnone size-medium wp-image-5361\" src=\"https:\/\/periodicocentroccidente.com\/wp-content\/uploads\/2026\/01\/581e71b9-5d44-4e47-8f17-51884f9f30c9-300x225.jpg\" alt=\"\" width=\"300\" height=\"225\" srcset=\"https:\/\/periodicocentroccidente.com\/wp-content\/uploads\/2026\/01\/581e71b9-5d44-4e47-8f17-51884f9f30c9-300x225.jpg 300w, https:\/\/periodicocentroccidente.com\/wp-content\/uploads\/2026\/01\/581e71b9-5d44-4e47-8f17-51884f9f30c9-1024x768.jpg 1024w, https:\/\/periodicocentroccidente.com\/wp-content\/uploads\/2026\/01\/581e71b9-5d44-4e47-8f17-51884f9f30c9-768x576.jpg 768w, https:\/\/periodicocentroccidente.com\/wp-content\/uploads\/2026\/01\/581e71b9-5d44-4e47-8f17-51884f9f30c9.jpg 1280w\" sizes=\"auto, (max-width: 300px) 100vw, 300px\" \/>\u00a0 \u00a0 \u00a0 <img loading=\"lazy\" decoding=\"async\" class=\"alignnone size-medium wp-image-5362\" src=\"https:\/\/periodicocentroccidente.com\/wp-content\/uploads\/2026\/01\/5530487f-cc8e-4cdc-a75d-2b49ec81868b-300x187.jpg\" alt=\"\" width=\"300\" height=\"187\" srcset=\"https:\/\/periodicocentroccidente.com\/wp-content\/uploads\/2026\/01\/5530487f-cc8e-4cdc-a75d-2b49ec81868b-300x187.jpg 300w, https:\/\/periodicocentroccidente.com\/wp-content\/uploads\/2026\/01\/5530487f-cc8e-4cdc-a75d-2b49ec81868b-1024x638.jpg 1024w, https:\/\/periodicocentroccidente.com\/wp-content\/uploads\/2026\/01\/5530487f-cc8e-4cdc-a75d-2b49ec81868b-768x479.jpg 768w, https:\/\/periodicocentroccidente.com\/wp-content\/uploads\/2026\/01\/5530487f-cc8e-4cdc-a75d-2b49ec81868b.jpg 1280w\" sizes=\"auto, (max-width: 300px) 100vw, 300px\" \/><\/p>\n","protected":false},"excerpt":{"rendered":"<p>Especial.- En un esfuerzo por fortalecer la identidad nacional y llevar la formaci&oacute;n musical al coraz&oacute;n de las instituciones educativas, el N&uacute;cleo Guanare del Sistema Nacional de Orquestas y Coros Juveniles e Infantiles de Venezuela oficializ&oacute; la activaci&oacute;n del Programa Alma Llanera (PALL) en el Complejo Educativo &ldquo;Silenia Montesinos&rdquo;. La jornada se desarroll&oacute; a trav&eacute;s &hellip;<\/p>\n","protected":false},"author":2,"featured_media":5360,"comment_status":"open","ping_status":"open","sticky":false,"template":"","format":"standard","meta":{"_jetpack_memberships_contains_paid_content":false,"footnotes":""},"categories":[127],"tags":[],"class_list":["post-5359","post","type-post","status-publish","format-standard","has-post-thumbnail","hentry","category-noticias-recientes"],"yoast_head":"<!-- This site is optimized with the Yoast SEO plugin v24.8.1 - https:\/\/yoast.com\/wordpress\/plugins\/seo\/ -->\n<title>El Sistema-N\u00facleo Guanare activa el Programa Alma Llanera en el C.E. \u201cSilenia Montesinos\u201d -<\/title>\n<meta name=\"robots\" content=\"index, follow, max-snippet:-1, max-image-preview:large, max-video-preview:-1\" \/>\n<link rel=\"canonical\" href=\"https:\/\/periodicocentroccidente.com\/?p=5359\" \/>\n<meta property=\"og:locale\" content=\"es_ES\" \/>\n<meta property=\"og:type\" content=\"article\" \/>\n<meta property=\"og:title\" content=\"El Sistema-N\u00facleo Guanare activa el Programa Alma Llanera en el C.E. \u201cSilenia Montesinos\u201d -\" \/>\n<meta property=\"og:description\" content=\"Especial.- En un esfuerzo por fortalecer la identidad nacional y llevar la formaci&oacute;n musical al coraz&oacute;n de las instituciones educativas, el N&uacute;cleo Guanare del Sistema Nacional de Orquestas y Coros Juveniles e Infantiles de Venezuela oficializ&oacute; la activaci&oacute;n del Programa Alma Llanera (PALL) en el Complejo Educativo &ldquo;Silenia Montesinos&rdquo;. La jornada se desarroll&oacute; a trav&eacute;s &hellip;\" \/>\n<meta property=\"og:url\" content=\"https:\/\/periodicocentroccidente.com\/?p=5359\" \/>\n<meta property=\"article:published_time\" content=\"2026-01-22T23:11:01+00:00\" \/>\n<meta property=\"og:image\" content=\"https:\/\/periodicocentroccidente.com\/wp-content\/uploads\/2026\/01\/ad182acb-59ba-4660-8644-211a206c091d.jpg\" \/>\n\t<meta property=\"og:image:width\" content=\"1280\" \/>\n\t<meta property=\"og:image:height\" content=\"960\" \/>\n\t<meta property=\"og:image:type\" content=\"image\/jpeg\" \/>\n<meta name=\"author\" content=\"Ricardo\" \/>\n<meta name=\"twitter:card\" content=\"summary_large_image\" \/>\n<meta name=\"twitter:label1\" content=\"Escrito por\" \/>\n\t<meta name=\"twitter:data1\" content=\"Ricardo\" \/>\n\t<meta name=\"twitter:label2\" content=\"Tiempo de lectura\" \/>\n\t<meta name=\"twitter:data2\" content=\"3 minutos\" \/>\n<script type=\"application\/ld+json\" class=\"yoast-schema-graph\">{\"@context\":\"https:\/\/schema.org\",\"@graph\":[{\"@type\":\"WebPage\",\"@id\":\"https:\/\/periodicocentroccidente.com\/?p=5359\",\"url\":\"https:\/\/periodicocentroccidente.com\/?p=5359\",\"name\":\"El Sistema-N\u00facleo Guanare activa el Programa Alma Llanera en el C.E. \u201cSilenia Montesinos\u201d -\",\"isPartOf\":{\"@id\":\"https:\/\/periodicocentroccidente.com\/#website\"},\"primaryImageOfPage\":{\"@id\":\"https:\/\/periodicocentroccidente.com\/?p=5359#primaryimage\"},\"image\":{\"@id\":\"https:\/\/periodicocentroccidente.com\/?p=5359#primaryimage\"},\"thumbnailUrl\":\"https:\/\/periodicocentroccidente.com\/wp-content\/uploads\/2026\/01\/ad182acb-59ba-4660-8644-211a206c091d.jpg\",\"datePublished\":\"2026-01-22T23:11:01+00:00\",\"author\":{\"@id\":\"https:\/\/periodicocentroccidente.com\/#\/schema\/person\/f4e4a651098f3db198244657b7130e7e\"},\"breadcrumb\":{\"@id\":\"https:\/\/periodicocentroccidente.com\/?p=5359#breadcrumb\"},\"inLanguage\":\"es\",\"potentialAction\":[{\"@type\":\"ReadAction\",\"target\":[\"https:\/\/periodicocentroccidente.com\/?p=5359\"]}]},{\"@type\":\"ImageObject\",\"inLanguage\":\"es\",\"@id\":\"https:\/\/periodicocentroccidente.com\/?p=5359#primaryimage\",\"url\":\"https:\/\/periodicocentroccidente.com\/wp-content\/uploads\/2026\/01\/ad182acb-59ba-4660-8644-211a206c091d.jpg\",\"contentUrl\":\"https:\/\/periodicocentroccidente.com\/wp-content\/uploads\/2026\/01\/ad182acb-59ba-4660-8644-211a206c091d.jpg\",\"width\":1280,\"height\":960},{\"@type\":\"BreadcrumbList\",\"@id\":\"https:\/\/periodicocentroccidente.com\/?p=5359#breadcrumb\",\"itemListElement\":[{\"@type\":\"ListItem\",\"position\":1,\"name\":\"Portada\",\"item\":\"https:\/\/periodicocentroccidente.com\/\"},{\"@type\":\"ListItem\",\"position\":2,\"name\":\"El Sistema-N\u00facleo Guanare activa el Programa Alma Llanera en el C.E. \u201cSilenia Montesinos\u201d\"}]},{\"@type\":\"WebSite\",\"@id\":\"https:\/\/periodicocentroccidente.com\/#website\",\"url\":\"https:\/\/periodicocentroccidente.com\/\",\"name\":\"\",\"description\":\"Periodismo serio y responsable\",\"potentialAction\":[{\"@type\":\"SearchAction\",\"target\":{\"@type\":\"EntryPoint\",\"urlTemplate\":\"https:\/\/periodicocentroccidente.com\/?s={search_term_string}\"},\"query-input\":{\"@type\":\"PropertyValueSpecification\",\"valueRequired\":true,\"valueName\":\"search_term_string\"}}],\"inLanguage\":\"es\"},{\"@type\":\"Person\",\"@id\":\"https:\/\/periodicocentroccidente.com\/#\/schema\/person\/f4e4a651098f3db198244657b7130e7e\",\"name\":\"Ricardo\",\"image\":{\"@type\":\"ImageObject\",\"inLanguage\":\"es\",\"@id\":\"https:\/\/periodicocentroccidente.com\/#\/schema\/person\/image\/\",\"url\":\"https:\/\/secure.gravatar.com\/avatar\/402e6137108ec0fdaa7809184382fb1dd2f8b00264c1d945d341f2b8f90db429?s=96&d=mm&r=g\",\"contentUrl\":\"https:\/\/secure.gravatar.com\/avatar\/402e6137108ec0fdaa7809184382fb1dd2f8b00264c1d945d341f2b8f90db429?s=96&d=mm&r=g\",\"caption\":\"Ricardo\"},\"url\":\"https:\/\/periodicocentroccidente.com\/?author=2\"}]}<\/script>\n<!-- \/ Yoast SEO plugin. -->","yoast_head_json":{"title":"El Sistema-N\u00facleo Guanare activa el Programa Alma Llanera en el C.E. \u201cSilenia Montesinos\u201d -","robots":{"index":"index","follow":"follow","max-snippet":"max-snippet:-1","max-image-preview":"max-image-preview:large","max-video-preview":"max-video-preview:-1"},"canonical":"https:\/\/periodicocentroccidente.com\/?p=5359","og_locale":"es_ES","og_type":"article","og_title":"El Sistema-N\u00facleo Guanare activa el Programa Alma Llanera en el C.E. \u201cSilenia Montesinos\u201d -","og_description":"Especial.- En un esfuerzo por fortalecer la identidad nacional y llevar la formaci&oacute;n musical al coraz&oacute;n de las instituciones educativas, el N&uacute;cleo Guanare del Sistema Nacional de Orquestas y Coros Juveniles e Infantiles de Venezuela oficializ&oacute; la activaci&oacute;n del Programa Alma Llanera (PALL) en el Complejo Educativo &ldquo;Silenia Montesinos&rdquo;. La jornada se desarroll&oacute; a trav&eacute;s &hellip;","og_url":"https:\/\/periodicocentroccidente.com\/?p=5359","article_published_time":"2026-01-22T23:11:01+00:00","og_image":[{"width":1280,"height":960,"url":"https:\/\/periodicocentroccidente.com\/wp-content\/uploads\/2026\/01\/ad182acb-59ba-4660-8644-211a206c091d.jpg","type":"image\/jpeg"}],"author":"Ricardo","twitter_card":"summary_large_image","twitter_misc":{"Escrito por":"Ricardo","Tiempo de lectura":"3 minutos"},"schema":{"@context":"https:\/\/schema.org","@graph":[{"@type":"WebPage","@id":"https:\/\/periodicocentroccidente.com\/?p=5359","url":"https:\/\/periodicocentroccidente.com\/?p=5359","name":"El Sistema-N\u00facleo Guanare activa el Programa Alma Llanera en el C.E. \u201cSilenia Montesinos\u201d -","isPartOf":{"@id":"https:\/\/periodicocentroccidente.com\/#website"},"primaryImageOfPage":{"@id":"https:\/\/periodicocentroccidente.com\/?p=5359#primaryimage"},"image":{"@id":"https:\/\/periodicocentroccidente.com\/?p=5359#primaryimage"},"thumbnailUrl":"https:\/\/periodicocentroccidente.com\/wp-content\/uploads\/2026\/01\/ad182acb-59ba-4660-8644-211a206c091d.jpg","datePublished":"2026-01-22T23:11:01+00:00","author":{"@id":"https:\/\/periodicocentroccidente.com\/#\/schema\/person\/f4e4a651098f3db198244657b7130e7e"},"breadcrumb":{"@id":"https:\/\/periodicocentroccidente.com\/?p=5359#breadcrumb"},"inLanguage":"es","potentialAction":[{"@type":"ReadAction","target":["https:\/\/periodicocentroccidente.com\/?p=5359"]}]},{"@type":"ImageObject","inLanguage":"es","@id":"https:\/\/periodicocentroccidente.com\/?p=5359#primaryimage","url":"https:\/\/periodicocentroccidente.com\/wp-content\/uploads\/2026\/01\/ad182acb-59ba-4660-8644-211a206c091d.jpg","contentUrl":"https:\/\/periodicocentroccidente.com\/wp-content\/uploads\/2026\/01\/ad182acb-59ba-4660-8644-211a206c091d.jpg","width":1280,"height":960},{"@type":"BreadcrumbList","@id":"https:\/\/periodicocentroccidente.com\/?p=5359#breadcrumb","itemListElement":[{"@type":"ListItem","position":1,"name":"Portada","item":"https:\/\/periodicocentroccidente.com\/"},{"@type":"ListItem","position":2,"name":"El Sistema-N\u00facleo Guanare activa el Programa Alma Llanera en el C.E. \u201cSilenia Montesinos\u201d"}]},{"@type":"WebSite","@id":"https:\/\/periodicocentroccidente.com\/#website","url":"https:\/\/periodicocentroccidente.com\/","name":"","description":"Periodismo serio y responsable","potentialAction":[{"@type":"SearchAction","target":{"@type":"EntryPoint","urlTemplate":"https:\/\/periodicocentroccidente.com\/?s={search_term_string}"},"query-input":{"@type":"PropertyValueSpecification","valueRequired":true,"valueName":"search_term_string"}}],"inLanguage":"es"},{"@type":"Person","@id":"https:\/\/periodicocentroccidente.com\/#\/schema\/person\/f4e4a651098f3db198244657b7130e7e","name":"Ricardo","image":{"@type":"ImageObject","inLanguage":"es","@id":"https:\/\/periodicocentroccidente.com\/#\/schema\/person\/image\/","url":"https:\/\/secure.gravatar.com\/avatar\/402e6137108ec0fdaa7809184382fb1dd2f8b00264c1d945d341f2b8f90db429?s=96&d=mm&r=g","contentUrl":"https:\/\/secure.gravatar.com\/avatar\/402e6137108ec0fdaa7809184382fb1dd2f8b00264c1d945d341f2b8f90db429?s=96&d=mm&r=g","caption":"Ricardo"},"url":"https:\/\/periodicocentroccidente.com\/?author=2"}]}},"jetpack_featured_media_url":"https:\/\/periodicocentroccidente.com\/wp-content\/uploads\/2026\/01\/ad182acb-59ba-4660-8644-211a206c091d.jpg","jetpack_sharing_enabled":true,"jetpack-related-posts":[],"_links":{"self":[{"href":"https:\/\/periodicocentroccidente.com\/index.php?rest_route=\/wp\/v2\/posts\/5359","targetHints":{"allow":["GET"]}}],"collection":[{"href":"https:\/\/periodicocentroccidente.com\/index.php?rest_route=\/wp\/v2\/posts"}],"about":[{"href":"https:\/\/periodicocentroccidente.com\/index.php?rest_route=\/wp\/v2\/types\/post"}],"author":[{"embeddable":true,"href":"https:\/\/periodicocentroccidente.com\/index.php?rest_route=\/wp\/v2\/users\/2"}],"replies":[{"embeddable":true,"href":"https:\/\/periodicocentroccidente.com\/index.php?rest_route=%2Fwp%2Fv2%2Fcomments&post=5359"}],"version-history":[{"count":1,"href":"https:\/\/periodicocentroccidente.com\/index.php?rest_route=\/wp\/v2\/posts\/5359\/revisions"}],"predecessor-version":[{"id":5363,"href":"https:\/\/periodicocentroccidente.com\/index.php?rest_route=\/wp\/v2\/posts\/5359\/revisions\/5363"}],"wp:featuredmedia":[{"embeddable":true,"href":"https:\/\/periodicocentroccidente.com\/index.php?rest_route=\/wp\/v2\/media\/5360"}],"wp:attachment":[{"href":"https:\/\/periodicocentroccidente.com\/index.php?rest_route=%2Fwp%2Fv2%2Fmedia&parent=5359"}],"wp:term":[{"taxonomy":"category","embeddable":true,"href":"https:\/\/periodicocentroccidente.com\/index.php?rest_route=%2Fwp%2Fv2%2Fcategories&post=5359"},{"taxonomy":"post_tag","embeddable":true,"href":"https:\/\/periodicocentroccidente.com\/index.php?rest_route=%2Fwp%2Fv2%2Ftags&post=5359"}],"curies":[{"name":"wp","href":"https:\/\/api.w.org\/{rel}","templated":true}]}}