{"id":5350,"date":"2026-01-22T22:59:26","date_gmt":"2026-01-22T22:59:26","guid":{"rendered":"https:\/\/periodicocentroccidente.com\/?p=5350"},"modified":"2026-01-22T22:59:26","modified_gmt":"2026-01-22T22:59:26","slug":"restringido-el-paso-por-la-carretera-panamericana-tras-desbordamiento-del-rio-el-arenoso","status":"publish","type":"post","link":"https:\/\/periodicocentroccidente.com\/?p=5350","title":{"rendered":"Restringido el paso por la Carretera Panamericana tras desbordamiento del r\u00edo El Arenoso"},"content":{"rendered":"<p><strong>Especial.-<\/strong><\/p>\n<p>El tr\u00e1nsito por la Troncal 001 (Carretera Panamericana) se encuentra actualmente paralizado a la altura del puente sobre el r\u00edo El Arenoso, debido a las severas afectaciones estructurales causadas por las fuertes precipitaciones y las crecidas de los caudales registrados desde la tarde del pasado martes.<\/p>\n<p><strong>Da\u00f1os estructurales y cierre de v\u00eda<\/strong><br \/>\n\u200bEl desbordamiento del r\u00edo El Arenoso provoc\u00f3 un hundimiento de aproximadamente 20 cent\u00edmetros en la plataforma vial, lo que oblig\u00f3 a las autoridades a interrumpir el paso de veh\u00edculos y peatones como medida preventiva. Seg\u00fan declaraciones de Rixio Bosc\u00e1n, Primer Comandante del Cuerpo de Bomberos del municipio Sucre, la inestabilidad de la carretera impide el tr\u00e1nsito seguro en estos momentos.<br \/>\nHasta el mediod\u00eda de este mi\u00e9rcoles, la restricci\u00f3n se mantiene de forma parcial: solo se permite el paso de motocicletas sobre el puente principal, mientras que el resto del parque automotor permanece a la espera de una evaluaci\u00f3n t\u00e9cnica definitiva<\/p>\n<p><strong>Evaluaci\u00f3n t\u00e9cnica y trabajos de recuperaci\u00f3n<\/strong><br \/>\nPersonal especializado de ingenier\u00eda se encuentra en el sitio realizando las inspecciones necesarias para determinar el alcance de los da\u00f1os en la estructura del puente. El objetivo primordial es rehabilitar, en el menor tiempo posible, el paso para veh\u00edculos livianos.<\/p>\n<p><strong>De manera paralela, se han iniciado las siguientes acciones de contingencia:<\/strong><br \/>\nCanalizaci\u00f3n del r\u00edo: Se espera el arribo de maquinaria pesada para trabajar en el cauce y mitigar el impacto de la corriente sobre las bases de la v\u00eda.<br \/>\n\u200bHabilitaci\u00f3n de v\u00edas alternas:\u00a0 Se trabaja en la adecuaci\u00f3n de un paso provisional que permita restablecer la movilidad mientras se ejecutan las reparaciones definitivas en el puente.<\/p>\n<p><strong>Impacto en el sector agr\u00edcola<\/strong><br \/>\nAdem\u00e1s de la crisis de movilidad, las autoridades informaron que diversas parcelas y plantaciones de la zona han sufrido da\u00f1os considerables. El desbordamiento de los r\u00edos ha anegado cultivos de distintos rubros, afectando la econom\u00eda de los productores locales.<br \/>\n\u200bSe insta a los conductores a tomar previsiones y mantenerse atentos a los canales oficiales para conocer la evoluci\u00f3n de los trabajos de recuperaci\u00f3n en esta importante arteria vial.<\/p>\n<p><strong>Luis Alonso Cede\u00f1o\/ Panamericana &#8211; Sur del Lago \u00a0<\/strong><\/p>\n<p><img loading=\"lazy\" decoding=\"async\" class=\"alignnone size-medium wp-image-5353\" src=\"https:\/\/periodicocentroccidente.com\/wp-content\/uploads\/2026\/01\/1002736665-180x300.jpg\" alt=\"\" width=\"180\" height=\"300\" srcset=\"https:\/\/periodicocentroccidente.com\/wp-content\/uploads\/2026\/01\/1002736665-180x300.jpg 180w, https:\/\/periodicocentroccidente.com\/wp-content\/uploads\/2026\/01\/1002736665-615x1024.jpg 615w, https:\/\/periodicocentroccidente.com\/wp-content\/uploads\/2026\/01\/1002736665.jpg 720w\" sizes=\"auto, (max-width: 180px) 100vw, 180px\" \/><\/p>\n<p>&nbsp;<\/p>\n","protected":false},"excerpt":{"rendered":"<p>Especial.- El tr&aacute;nsito por la Troncal 001 (Carretera Panamericana) se encuentra actualmente paralizado a la altura del puente sobre el r&iacute;o El Arenoso, debido a las severas afectaciones estructurales causadas por las fuertes precipitaciones y las crecidas de los caudales registrados desde la tarde del pasado martes. Da&ntilde;os estructurales y cierre de v&iacute;a &#8203;El desbordamiento &hellip;<\/p>\n","protected":false},"author":2,"featured_media":5351,"comment_status":"open","ping_status":"open","sticky":false,"template":"","format":"standard","meta":{"_jetpack_memberships_contains_paid_content":false,"footnotes":""},"categories":[127],"tags":[],"class_list":["post-5350","post","type-post","status-publish","format-standard","has-post-thumbnail","hentry","category-noticias-recientes"],"yoast_head":"<!-- This site is optimized with the Yoast SEO plugin v24.8.1 - https:\/\/yoast.com\/wordpress\/plugins\/seo\/ -->\n<title>Restringido el paso por la Carretera Panamericana tras desbordamiento del r\u00edo El Arenoso -<\/title>\n<meta name=\"robots\" content=\"index, follow, max-snippet:-1, max-image-preview:large, max-video-preview:-1\" \/>\n<link rel=\"canonical\" href=\"https:\/\/periodicocentroccidente.com\/?p=5350\" \/>\n<meta property=\"og:locale\" content=\"es_ES\" \/>\n<meta property=\"og:type\" content=\"article\" \/>\n<meta property=\"og:title\" content=\"Restringido el paso por la Carretera Panamericana tras desbordamiento del r\u00edo El Arenoso -\" \/>\n<meta property=\"og:description\" content=\"Especial.- El tr&aacute;nsito por la Troncal 001 (Carretera Panamericana) se encuentra actualmente paralizado a la altura del puente sobre el r&iacute;o El Arenoso, debido a las severas afectaciones estructurales causadas por las fuertes precipitaciones y las crecidas de los caudales registrados desde la tarde del pasado martes. Da&ntilde;os estructurales y cierre de v&iacute;a &#8203;El desbordamiento &hellip;\" \/>\n<meta property=\"og:url\" content=\"https:\/\/periodicocentroccidente.com\/?p=5350\" \/>\n<meta property=\"article:published_time\" content=\"2026-01-22T22:59:26+00:00\" \/>\n<meta property=\"og:image\" content=\"https:\/\/periodicocentroccidente.com\/wp-content\/uploads\/2026\/01\/1002736661.jpg\" \/>\n\t<meta property=\"og:image:width\" content=\"720\" \/>\n\t<meta property=\"og:image:height\" content=\"1122\" \/>\n\t<meta property=\"og:image:type\" content=\"image\/jpeg\" \/>\n<meta name=\"author\" content=\"Ricardo\" \/>\n<meta name=\"twitter:card\" content=\"summary_large_image\" \/>\n<meta name=\"twitter:label1\" content=\"Escrito por\" \/>\n\t<meta name=\"twitter:data1\" content=\"Ricardo\" \/>\n\t<meta name=\"twitter:label2\" content=\"Tiempo de lectura\" \/>\n\t<meta name=\"twitter:data2\" content=\"2 minutos\" \/>\n<script type=\"application\/ld+json\" class=\"yoast-schema-graph\">{\"@context\":\"https:\/\/schema.org\",\"@graph\":[{\"@type\":\"WebPage\",\"@id\":\"https:\/\/periodicocentroccidente.com\/?p=5350\",\"url\":\"https:\/\/periodicocentroccidente.com\/?p=5350\",\"name\":\"Restringido el paso por la Carretera Panamericana tras desbordamiento del r\u00edo El Arenoso -\",\"isPartOf\":{\"@id\":\"https:\/\/periodicocentroccidente.com\/#website\"},\"primaryImageOfPage\":{\"@id\":\"https:\/\/periodicocentroccidente.com\/?p=5350#primaryimage\"},\"image\":{\"@id\":\"https:\/\/periodicocentroccidente.com\/?p=5350#primaryimage\"},\"thumbnailUrl\":\"https:\/\/periodicocentroccidente.com\/wp-content\/uploads\/2026\/01\/1002736661.jpg\",\"datePublished\":\"2026-01-22T22:59:26+00:00\",\"author\":{\"@id\":\"https:\/\/periodicocentroccidente.com\/#\/schema\/person\/f4e4a651098f3db198244657b7130e7e\"},\"breadcrumb\":{\"@id\":\"https:\/\/periodicocentroccidente.com\/?p=5350#breadcrumb\"},\"inLanguage\":\"es\",\"potentialAction\":[{\"@type\":\"ReadAction\",\"target\":[\"https:\/\/periodicocentroccidente.com\/?p=5350\"]}]},{\"@type\":\"ImageObject\",\"inLanguage\":\"es\",\"@id\":\"https:\/\/periodicocentroccidente.com\/?p=5350#primaryimage\",\"url\":\"https:\/\/periodicocentroccidente.com\/wp-content\/uploads\/2026\/01\/1002736661.jpg\",\"contentUrl\":\"https:\/\/periodicocentroccidente.com\/wp-content\/uploads\/2026\/01\/1002736661.jpg\",\"width\":720,\"height\":1122},{\"@type\":\"BreadcrumbList\",\"@id\":\"https:\/\/periodicocentroccidente.com\/?p=5350#breadcrumb\",\"itemListElement\":[{\"@type\":\"ListItem\",\"position\":1,\"name\":\"Portada\",\"item\":\"https:\/\/periodicocentroccidente.com\/\"},{\"@type\":\"ListItem\",\"position\":2,\"name\":\"Restringido el paso por la Carretera Panamericana tras desbordamiento del r\u00edo El Arenoso\"}]},{\"@type\":\"WebSite\",\"@id\":\"https:\/\/periodicocentroccidente.com\/#website\",\"url\":\"https:\/\/periodicocentroccidente.com\/\",\"name\":\"\",\"description\":\"Periodismo serio y responsable\",\"potentialAction\":[{\"@type\":\"SearchAction\",\"target\":{\"@type\":\"EntryPoint\",\"urlTemplate\":\"https:\/\/periodicocentroccidente.com\/?s={search_term_string}\"},\"query-input\":{\"@type\":\"PropertyValueSpecification\",\"valueRequired\":true,\"valueName\":\"search_term_string\"}}],\"inLanguage\":\"es\"},{\"@type\":\"Person\",\"@id\":\"https:\/\/periodicocentroccidente.com\/#\/schema\/person\/f4e4a651098f3db198244657b7130e7e\",\"name\":\"Ricardo\",\"image\":{\"@type\":\"ImageObject\",\"inLanguage\":\"es\",\"@id\":\"https:\/\/periodicocentroccidente.com\/#\/schema\/person\/image\/\",\"url\":\"https:\/\/secure.gravatar.com\/avatar\/402e6137108ec0fdaa7809184382fb1dd2f8b00264c1d945d341f2b8f90db429?s=96&d=mm&r=g\",\"contentUrl\":\"https:\/\/secure.gravatar.com\/avatar\/402e6137108ec0fdaa7809184382fb1dd2f8b00264c1d945d341f2b8f90db429?s=96&d=mm&r=g\",\"caption\":\"Ricardo\"},\"url\":\"https:\/\/periodicocentroccidente.com\/?author=2\"}]}<\/script>\n<!-- \/ Yoast SEO plugin. -->","yoast_head_json":{"title":"Restringido el paso por la Carretera Panamericana tras desbordamiento del r\u00edo El Arenoso -","robots":{"index":"index","follow":"follow","max-snippet":"max-snippet:-1","max-image-preview":"max-image-preview:large","max-video-preview":"max-video-preview:-1"},"canonical":"https:\/\/periodicocentroccidente.com\/?p=5350","og_locale":"es_ES","og_type":"article","og_title":"Restringido el paso por la Carretera Panamericana tras desbordamiento del r\u00edo El Arenoso -","og_description":"Especial.- El tr&aacute;nsito por la Troncal 001 (Carretera Panamericana) se encuentra actualmente paralizado a la altura del puente sobre el r&iacute;o El Arenoso, debido a las severas afectaciones estructurales causadas por las fuertes precipitaciones y las crecidas de los caudales registrados desde la tarde del pasado martes. Da&ntilde;os estructurales y cierre de v&iacute;a &#8203;El desbordamiento &hellip;","og_url":"https:\/\/periodicocentroccidente.com\/?p=5350","article_published_time":"2026-01-22T22:59:26+00:00","og_image":[{"width":720,"height":1122,"url":"https:\/\/periodicocentroccidente.com\/wp-content\/uploads\/2026\/01\/1002736661.jpg","type":"image\/jpeg"}],"author":"Ricardo","twitter_card":"summary_large_image","twitter_misc":{"Escrito por":"Ricardo","Tiempo de lectura":"2 minutos"},"schema":{"@context":"https:\/\/schema.org","@graph":[{"@type":"WebPage","@id":"https:\/\/periodicocentroccidente.com\/?p=5350","url":"https:\/\/periodicocentroccidente.com\/?p=5350","name":"Restringido el paso por la Carretera Panamericana tras desbordamiento del r\u00edo El Arenoso -","isPartOf":{"@id":"https:\/\/periodicocentroccidente.com\/#website"},"primaryImageOfPage":{"@id":"https:\/\/periodicocentroccidente.com\/?p=5350#primaryimage"},"image":{"@id":"https:\/\/periodicocentroccidente.com\/?p=5350#primaryimage"},"thumbnailUrl":"https:\/\/periodicocentroccidente.com\/wp-content\/uploads\/2026\/01\/1002736661.jpg","datePublished":"2026-01-22T22:59:26+00:00","author":{"@id":"https:\/\/periodicocentroccidente.com\/#\/schema\/person\/f4e4a651098f3db198244657b7130e7e"},"breadcrumb":{"@id":"https:\/\/periodicocentroccidente.com\/?p=5350#breadcrumb"},"inLanguage":"es","potentialAction":[{"@type":"ReadAction","target":["https:\/\/periodicocentroccidente.com\/?p=5350"]}]},{"@type":"ImageObject","inLanguage":"es","@id":"https:\/\/periodicocentroccidente.com\/?p=5350#primaryimage","url":"https:\/\/periodicocentroccidente.com\/wp-content\/uploads\/2026\/01\/1002736661.jpg","contentUrl":"https:\/\/periodicocentroccidente.com\/wp-content\/uploads\/2026\/01\/1002736661.jpg","width":720,"height":1122},{"@type":"BreadcrumbList","@id":"https:\/\/periodicocentroccidente.com\/?p=5350#breadcrumb","itemListElement":[{"@type":"ListItem","position":1,"name":"Portada","item":"https:\/\/periodicocentroccidente.com\/"},{"@type":"ListItem","position":2,"name":"Restringido el paso por la Carretera Panamericana tras desbordamiento del r\u00edo El Arenoso"}]},{"@type":"WebSite","@id":"https:\/\/periodicocentroccidente.com\/#website","url":"https:\/\/periodicocentroccidente.com\/","name":"","description":"Periodismo serio y responsable","potentialAction":[{"@type":"SearchAction","target":{"@type":"EntryPoint","urlTemplate":"https:\/\/periodicocentroccidente.com\/?s={search_term_string}"},"query-input":{"@type":"PropertyValueSpecification","valueRequired":true,"valueName":"search_term_string"}}],"inLanguage":"es"},{"@type":"Person","@id":"https:\/\/periodicocentroccidente.com\/#\/schema\/person\/f4e4a651098f3db198244657b7130e7e","name":"Ricardo","image":{"@type":"ImageObject","inLanguage":"es","@id":"https:\/\/periodicocentroccidente.com\/#\/schema\/person\/image\/","url":"https:\/\/secure.gravatar.com\/avatar\/402e6137108ec0fdaa7809184382fb1dd2f8b00264c1d945d341f2b8f90db429?s=96&d=mm&r=g","contentUrl":"https:\/\/secure.gravatar.com\/avatar\/402e6137108ec0fdaa7809184382fb1dd2f8b00264c1d945d341f2b8f90db429?s=96&d=mm&r=g","caption":"Ricardo"},"url":"https:\/\/periodicocentroccidente.com\/?author=2"}]}},"jetpack_featured_media_url":"https:\/\/periodicocentroccidente.com\/wp-content\/uploads\/2026\/01\/1002736661.jpg","jetpack_sharing_enabled":true,"jetpack-related-posts":[],"_links":{"self":[{"href":"https:\/\/periodicocentroccidente.com\/index.php?rest_route=\/wp\/v2\/posts\/5350","targetHints":{"allow":["GET"]}}],"collection":[{"href":"https:\/\/periodicocentroccidente.com\/index.php?rest_route=\/wp\/v2\/posts"}],"about":[{"href":"https:\/\/periodicocentroccidente.com\/index.php?rest_route=\/wp\/v2\/types\/post"}],"author":[{"embeddable":true,"href":"https:\/\/periodicocentroccidente.com\/index.php?rest_route=\/wp\/v2\/users\/2"}],"replies":[{"embeddable":true,"href":"https:\/\/periodicocentroccidente.com\/index.php?rest_route=%2Fwp%2Fv2%2Fcomments&post=5350"}],"version-history":[{"count":1,"href":"https:\/\/periodicocentroccidente.com\/index.php?rest_route=\/wp\/v2\/posts\/5350\/revisions"}],"predecessor-version":[{"id":5354,"href":"https:\/\/periodicocentroccidente.com\/index.php?rest_route=\/wp\/v2\/posts\/5350\/revisions\/5354"}],"wp:featuredmedia":[{"embeddable":true,"href":"https:\/\/periodicocentroccidente.com\/index.php?rest_route=\/wp\/v2\/media\/5351"}],"wp:attachment":[{"href":"https:\/\/periodicocentroccidente.com\/index.php?rest_route=%2Fwp%2Fv2%2Fmedia&parent=5350"}],"wp:term":[{"taxonomy":"category","embeddable":true,"href":"https:\/\/periodicocentroccidente.com\/index.php?rest_route=%2Fwp%2Fv2%2Fcategories&post=5350"},{"taxonomy":"post_tag","embeddable":true,"href":"https:\/\/periodicocentroccidente.com\/index.php?rest_route=%2Fwp%2Fv2%2Ftags&post=5350"}],"curies":[{"name":"wp","href":"https:\/\/api.w.org\/{rel}","templated":true}]}}