{"id":5334,"date":"2026-01-19T17:08:33","date_gmt":"2026-01-19T17:08:33","guid":{"rendered":"https:\/\/periodicocentroccidente.com\/?p=5334"},"modified":"2026-01-19T17:08:33","modified_gmt":"2026-01-19T17:08:33","slug":"la-antena-del-cono-sur-16","status":"publish","type":"post","link":"https:\/\/periodicocentroccidente.com\/?p=5334","title":{"rendered":"La Antena del Cono Sur"},"content":{"rendered":"<p><em><strong>ECLESIASTES \u00abEntre cielo y tierra, todo tiene su tiempo\u00bb\u00a0.<\/strong><\/em><\/p>\n<p><strong>DESDE HACE<\/strong> m\u00e1s de cuatro d\u00e9cadas escribiendo esta Antena por diversos medios de comunicaci\u00f3n, la norma ha sido que al principio de cada a\u00f1o \u201csalimos al aire\u201d la segunda semana del mismo, pero esta vez estamos con ustedes en la tercera semana (Y gracias a los numerosos lectores que se preocuparon por esa demora) y ello se debe a muchos factores, entre ellos un quebranto de salud, que a\u00fan cuando no he salido totalmente del mismo, puedo decir que estoy bastante recuperado, y adem\u00e1s la situaci\u00f3n pa\u00eds igualmente me oblig\u00f3 a demorar un poco la salida de esta columna\u00a0 y prefer\u00ed esperar a que se aclarara el asunto, y aunque sigue enredado me alegra decirles que \u201cAqu\u00ed estamos y aqu\u00ed seguimos\u201d. sobre todo alentados por el Eclesiast\u00e9s que nos dice que \u201cEntre cielo y tierra todo tiene su tiempo\u201d.<\/p>\n<p><strong>HAY NOTICIAS QUE UNO<\/strong> no quisiera\u00a0 comentar nunca, pero debo decir que amaneciendo el D\u00eda del Amor y la Amistad me llega una informaci\u00f3n que me desgarr\u00f3 el alma. Se muri\u00f3 en Acarigua Ornobis Gonz\u00e1lez, con quien cultiv\u00e9 una amistad de mdio siglo , o como me dijo ese mismo d\u00eda nuestro fraterno y com\u00fan amigo, Paciano Padr\u00f3n, v\u00eda telef\u00f3nica desde los Estados Unidos: \u201cGrossman, se nos fue uh hermano del alma\u201d. Dem\u00e1s est\u00e1 decir que esa conversaci\u00f3n fue entre sollozos y an\u00e9cdotas de los caminos que Paciano y yo recorrimos con Ornobis en pol\u00edtica y en otros eventos, pues si bien es cierto que nos conocimos en nuestras luchas pol\u00edticas socialcristianas desde la juventud copeyana, eso nos llev\u00f3 a cultivar una inquebrantable amistad personal, que solo hechos inevitables como la muerte pueden romper, porque es que Ornobis fue para mi eso.. \u201cUN HERMANO DEL ALMA\u201d. Debo agradecer a Dios por haberme permitido conversar con Ornobis varias veces en sus \u00faltimas semanas de su vida terrenal, donde me hablaba con optimimo sobre la recuperaci\u00f3n de su salud, pero pudo mas la voluntad del Todopoderoso que nos lo llev\u00f3 de nuestro lado. Descansa en paz,Hermano del alma<\/p>\n<p><strong>ESTE MES DE\u00a0 ENERO<\/strong> cumplen cuatro a\u00f1os de la tristemente famosa desaparici\u00f3n de m\u00e1s de tres mil bombonas de gas, d\u00f3lares inclu\u00eddos, de igual n\u00famero de familias en el municipio Papel\u00f3n. Hubo bien documentadas denuncias ante la Fiscal\u00eda del Ministerio P\u00fablico y nada de nada, y es bueno recordar que en esa oportunidad el entonces \u201cnuevo\u201d gobernador Primitivo Cede\u00f1o dijo que orden\u00f3 \u201cuna exhaustiva investigaci\u00f3n y que los responsables ser\u00edas sancionados, sea quien sea\u201d. (Ja ja ja\/ Je je je\/ Ji ji ji\/ Jojojo\/ Ju ju ju).\u00a0 Despu\u00e9s de esa declaraci\u00f3n, \u201cel Gobernador Ejemplar\u201d no volvi\u00f3 a tocar el asunto y a eso se le ech\u00f3 tierrita. \u00bfSaben por qu\u00e9 traigo a colaci\u00f3n este hecho? Sigan leyendo.<\/p>\n<p><strong>Y ES QU<\/strong>E tambi\u00e9n este mes de enero 2026, los portuguese\u00f1os recibimos otro regalito de \u201cEl gobernador ejemplar\u201d, como es el aumento desmesurado del precio de las bombonas de gas dom\u00e9stico y es precisamente desde Papel\u00f3n de donde nos llega la denuncia detallada, aunque-repetimos- eso sucede en todo el estado Portuguesa ante la mirada fr\u00eda de Primitivo, quien no puede explicar las razones por las cuales eso sucede solo en Portuguesa, as\u00ed como jam\u00e1s ha explicado las razones por las cuales solo en Portuguesa cada tres meses hay cr\u00edsis en el suministro de gasolina que se mantiene por dos y tres semanas seguidas. Y eso solo en Portuguesa. Sigan leyendo.<\/p>\n<p><strong>DESDE PAPELON NOS DAN LOS DETALLES<\/strong> de manera textual&#8230;. \u201cAbismal la diferencia de los precios de las bombonas de gas dom\u00e9stico en Papel\u00f3n con relaci\u00f3n a otras ciudades de Venezuela. Por ejemplo, en Valencia, estado Carabobo, el precio de una bombona peque\u00f1a es de 340 bol\u00edvares, la bombona mediana cuesta 670 bol\u00edvares,y la bombona grande tiene un costo de 1670. En Papel\u00f3n los precios son los siguientes: la peque\u00f1a cuesta 580, la mediana cuesta1700 bol\u00edvares y la grande, la bicoca de de 5100 bol\u00edvares\u201d, \u00bfSaben ahora las razones por las cuales Primitivo Cede\u00f1o es considerado como el peor Gobernador que ha tenido Portuguesa en toda su \u00e9poca democr\u00e1tica?<\/p>\n<p><strong>CUANDO EN PORTUGUESA<\/strong> hab\u00eda un gobierno serio, a estas alturas, por los casos del aumento del precio de las bombonas de gas dom\u00e9stico y la permanente escas\u00e9s de gasolina, ya el Consejo Legislativo hubiese, por lo menos, hecho dos o tres interpelaciones a las personas involucradas en esos hechos irregulares, pero como los becados, perd\u00f3n, legisladores, solo sesionan para aprobarles los cr\u00e9ditos adicionales al \u201c gobernador ejemplar\u201d como ellos lo llaman, y de esa forma cobrar sus jugosas dietas y sus millonarios bonos, con el agravante de que llevan bastante tiempo cobrando esos emolumentos y nadie en Portuguesa ni siquiera conoce sus nombres. En lo que va de a\u00f1o, estos becados, perd\u00f3n, legisladores, no han realizado ninguna sesi\u00f3n ordinaria. !Que desgracia para los portuguese\u00f1os!<\/p>\n<p><strong>HE DICHO VARIAS VECES<\/strong> que a Primitivo se le fue el gobierno de las manos desde hace tiempo, y eso es tan cierto que hace varios meses algunos de sus directores y jefes de oficina fueron electos para la Asamblea Nacional, Consejo Legislativo y concejos municipales y a estas alturas esos cargos se mantienen vacantes, pues nadie quiere agarrar esos corotos, siendo los m\u00e1s visibles los de la Secretar\u00eda General de Gobierno y de la Direcci\u00f3n Regional de Salud, cuyos titulares abandonaron dichos despachos hace tiempo, al ser electos a la Asamblea Nacional, y a\u00fan cuando ya tomaron posesi\u00f3n de sus curules, estos siguen vacantes. Nadie se ha dado cuenta de eso, pues de todos modos la gesti\u00f3n de esos despachos y sus\u00a0 titulares ha sido de gris a oscuro. Pero aqu\u00ed es bueno hacer un comentario adicional, y si quieren saber de que se trata, entonces sigan leyendo.<\/p>\n<p><strong>Y ES QUE<\/strong> \u201cLa Do\u00f1a B\u00e1rbara del siglo 20\u201d como se conoce a quien actualmente ejerce la Secretar\u00eda de Gesti\u00f3n Interna de la Gobernaci\u00f3n por el maltrato que le da a quienes tiene el valor de visitarla en su oficina, ya no encuentra como \u201cmet\u00e9rsele en los ojos\u201d a Primitivo Cede\u00f1o para que la designe como Secretaria General de Gobierno. ! Dios nos agarre confesados!<\/p>\n<p><strong>VOY A APROVECHAR<\/strong> esta primera Antena del a\u00f1o para recordarle a \u201cel que no es de aqu\u00ed\u201d como se conoce al alcalde virtual de Guanarito, debido a que muy poco asiste\u00a0 al municipio que \u201cgerencia\u201d, que esta poblaci\u00f3n fue fundada el 24 de enero de 1768, o sea que su cumplea\u00f1os es la pr\u00f3xima semana, y hasta ahora no se ha escuchado nada de la tradicional programaci\u00f3n. Es posible que ahora, al enterarse por esta Antena, organice una improvisada programaci\u00f3n, donde sin lugar a dudas que el Orador de Orden en una supuesta sesi\u00f3n especial para ese d\u00eda, sea \u201cEl Gobernador Ejemplar\u201d. Es muy capaz de que \u201cel que no es de aqu\u00ed\u201d cometa esa otra muestra de adulaci\u00f3n, a las que los rojos rojitos nos tienen acostumbrados.<\/p>\n<p><strong>Y HABLANDO DE GUANARITO,<\/strong> este s\u00e1bado 17 de enero realizamos el tradicional Juego de Las Estrellas del Sesenta, entre los equipos de El R\u00edo y La Plaza, en su edici\u00f3n n\u00famero 33, con un triunfo de La Plaza lo que coloca la serie en 16 victorias para cada equipo, ya que en una oportunidad hubo un empate. Que para entonces no se pudo dilucidar en el terreno. Sigan leyendo.<\/p>\n<p><strong>\u00a0 UN APLAUSO PARA<\/strong> la excelente organizaci\u00f3n del comit\u00e9 encargado para ello, con algunos detalles que, de\u00a0 manera particular le he comentado a alguno de sus integrantes, pues se les ha olvidado realizar aquella asambleas generales que antes se hac\u00edan con todos los jugadores y quienes quisieran asistir para emitir sus opiniones, ya que se han limitado a su grupito, pero de todos modos reitero mi felicitaci\u00f3n por la excelente organizaci\u00f3n, pero es b ueno que sigan leyendo.<\/p>\n<p><strong>\u00a0HAY QUE DESTACAR<\/strong> sin mezquindad el apoyo log\u00edstico que recibimos de la alcald\u00eda, que le di\u00f3 brillo al espect\u00e1culo de este a\u00f1o. Y como an\u00e9cdota debo de rese\u00f1ar que en sus breves palabras de salutaci\u00f3n en el propio terreno de juego, el burgomaestre dijo que no pod\u00eda decir cual de los equipos era su favorito, ante lo cual una dama le grit\u00f3 desde las tribunas que no lo pod\u00eda decir \u201cporque \u00e9l no es de aqu\u00ed\u201d. pero por ahora voy a dejar esta Antena hasta aqu\u00ed para ir a averiguar si realmente \u201cel que no es de aqu\u00ed\u201d se enter\u00f3 del cumplea\u00f1os de Guanarito fue por el comentario de esta columna.<\/p>\n<p><img loading=\"lazy\" decoding=\"async\" class=\"alignnone size-medium wp-image-5335\" src=\"https:\/\/periodicocentroccidente.com\/wp-content\/uploads\/2026\/01\/FOTO-UNO.-ORNOBIS-GONZALEZ.--300x225.jpg\" alt=\"\" width=\"300\" height=\"225\" srcset=\"https:\/\/periodicocentroccidente.com\/wp-content\/uploads\/2026\/01\/FOTO-UNO.-ORNOBIS-GONZALEZ.--300x225.jpg 300w, https:\/\/periodicocentroccidente.com\/wp-content\/uploads\/2026\/01\/FOTO-UNO.-ORNOBIS-GONZALEZ.--768x576.jpg 768w, https:\/\/periodicocentroccidente.com\/wp-content\/uploads\/2026\/01\/FOTO-UNO.-ORNOBIS-GONZALEZ.-.jpg 922w\" sizes=\"auto, (max-width: 300px) 100vw, 300px\" \/><\/p>\n<p><em><strong>Ornobis Gonz\u00e1lez, Una amistad terrenal que solo la muerte pod\u00eda erradicar<\/strong><\/em><\/p>\n","protected":false},"excerpt":{"rendered":"<p>ECLESIASTES &laquo;Entre cielo y tierra, todo tiene su tiempo&raquo;&nbsp;. DESDE HACE m&aacute;s de cuatro d&eacute;cadas escribiendo esta Antena por diversos medios de comunicaci&oacute;n, la norma ha sido que al principio de cada a&ntilde;o &ldquo;salimos al aire&rdquo; la segunda semana del mismo, pero esta vez estamos con ustedes en la tercera semana (Y gracias a los &hellip;<\/p>\n","protected":false},"author":2,"featured_media":3229,"comment_status":"open","ping_status":"open","sticky":false,"template":"","format":"standard","meta":{"_jetpack_memberships_contains_paid_content":false,"footnotes":""},"categories":[127],"tags":[],"class_list":["post-5334","post","type-post","status-publish","format-standard","has-post-thumbnail","hentry","category-noticias-recientes"],"yoast_head":"<!-- This site is optimized with the Yoast SEO plugin v24.8.1 - https:\/\/yoast.com\/wordpress\/plugins\/seo\/ -->\n<title>La Antena del Cono Sur -<\/title>\n<meta name=\"robots\" content=\"index, follow, max-snippet:-1, max-image-preview:large, max-video-preview:-1\" \/>\n<link rel=\"canonical\" href=\"https:\/\/periodicocentroccidente.com\/?p=5334\" \/>\n<meta property=\"og:locale\" content=\"es_ES\" \/>\n<meta property=\"og:type\" content=\"article\" \/>\n<meta property=\"og:title\" content=\"La Antena del Cono Sur -\" \/>\n<meta property=\"og:description\" content=\"ECLESIASTES &laquo;Entre cielo y tierra, todo tiene su tiempo&raquo;&nbsp;. DESDE HACE m&aacute;s de cuatro d&eacute;cadas escribiendo esta Antena por diversos medios de comunicaci&oacute;n, la norma ha sido que al principio de cada a&ntilde;o &ldquo;salimos al aire&rdquo; la segunda semana del mismo, pero esta vez estamos con ustedes en la tercera semana (Y gracias a los &hellip;\" \/>\n<meta property=\"og:url\" content=\"https:\/\/periodicocentroccidente.com\/?p=5334\" \/>\n<meta property=\"article:published_time\" content=\"2026-01-19T17:08:33+00:00\" \/>\n<meta property=\"og:image\" content=\"https:\/\/periodicocentroccidente.com\/wp-content\/uploads\/2025\/08\/cono-sur.jpg\" \/>\n\t<meta property=\"og:image:width\" content=\"601\" \/>\n\t<meta property=\"og:image:height\" content=\"258\" \/>\n\t<meta property=\"og:image:type\" content=\"image\/jpeg\" \/>\n<meta name=\"author\" content=\"Ricardo\" \/>\n<meta name=\"twitter:card\" content=\"summary_large_image\" \/>\n<meta name=\"twitter:label1\" content=\"Escrito por\" \/>\n\t<meta name=\"twitter:data1\" content=\"Ricardo\" \/>\n\t<meta name=\"twitter:label2\" content=\"Tiempo de lectura\" \/>\n\t<meta name=\"twitter:data2\" content=\"7 minutos\" \/>\n<script type=\"application\/ld+json\" class=\"yoast-schema-graph\">{\"@context\":\"https:\/\/schema.org\",\"@graph\":[{\"@type\":\"WebPage\",\"@id\":\"https:\/\/periodicocentroccidente.com\/?p=5334\",\"url\":\"https:\/\/periodicocentroccidente.com\/?p=5334\",\"name\":\"La Antena del Cono Sur -\",\"isPartOf\":{\"@id\":\"https:\/\/periodicocentroccidente.com\/#website\"},\"primaryImageOfPage\":{\"@id\":\"https:\/\/periodicocentroccidente.com\/?p=5334#primaryimage\"},\"image\":{\"@id\":\"https:\/\/periodicocentroccidente.com\/?p=5334#primaryimage\"},\"thumbnailUrl\":\"https:\/\/periodicocentroccidente.com\/wp-content\/uploads\/2025\/08\/cono-sur.jpg\",\"datePublished\":\"2026-01-19T17:08:33+00:00\",\"author\":{\"@id\":\"https:\/\/periodicocentroccidente.com\/#\/schema\/person\/f4e4a651098f3db198244657b7130e7e\"},\"breadcrumb\":{\"@id\":\"https:\/\/periodicocentroccidente.com\/?p=5334#breadcrumb\"},\"inLanguage\":\"es\",\"potentialAction\":[{\"@type\":\"ReadAction\",\"target\":[\"https:\/\/periodicocentroccidente.com\/?p=5334\"]}]},{\"@type\":\"ImageObject\",\"inLanguage\":\"es\",\"@id\":\"https:\/\/periodicocentroccidente.com\/?p=5334#primaryimage\",\"url\":\"https:\/\/periodicocentroccidente.com\/wp-content\/uploads\/2025\/08\/cono-sur.jpg\",\"contentUrl\":\"https:\/\/periodicocentroccidente.com\/wp-content\/uploads\/2025\/08\/cono-sur.jpg\",\"width\":601,\"height\":258},{\"@type\":\"BreadcrumbList\",\"@id\":\"https:\/\/periodicocentroccidente.com\/?p=5334#breadcrumb\",\"itemListElement\":[{\"@type\":\"ListItem\",\"position\":1,\"name\":\"Portada\",\"item\":\"https:\/\/periodicocentroccidente.com\/\"},{\"@type\":\"ListItem\",\"position\":2,\"name\":\"La Antena del Cono Sur\"}]},{\"@type\":\"WebSite\",\"@id\":\"https:\/\/periodicocentroccidente.com\/#website\",\"url\":\"https:\/\/periodicocentroccidente.com\/\",\"name\":\"\",\"description\":\"Periodismo serio y responsable\",\"potentialAction\":[{\"@type\":\"SearchAction\",\"target\":{\"@type\":\"EntryPoint\",\"urlTemplate\":\"https:\/\/periodicocentroccidente.com\/?s={search_term_string}\"},\"query-input\":{\"@type\":\"PropertyValueSpecification\",\"valueRequired\":true,\"valueName\":\"search_term_string\"}}],\"inLanguage\":\"es\"},{\"@type\":\"Person\",\"@id\":\"https:\/\/periodicocentroccidente.com\/#\/schema\/person\/f4e4a651098f3db198244657b7130e7e\",\"name\":\"Ricardo\",\"image\":{\"@type\":\"ImageObject\",\"inLanguage\":\"es\",\"@id\":\"https:\/\/periodicocentroccidente.com\/#\/schema\/person\/image\/\",\"url\":\"https:\/\/secure.gravatar.com\/avatar\/402e6137108ec0fdaa7809184382fb1dd2f8b00264c1d945d341f2b8f90db429?s=96&d=mm&r=g\",\"contentUrl\":\"https:\/\/secure.gravatar.com\/avatar\/402e6137108ec0fdaa7809184382fb1dd2f8b00264c1d945d341f2b8f90db429?s=96&d=mm&r=g\",\"caption\":\"Ricardo\"},\"url\":\"https:\/\/periodicocentroccidente.com\/?author=2\"}]}<\/script>\n<!-- \/ Yoast SEO plugin. -->","yoast_head_json":{"title":"La Antena del Cono Sur -","robots":{"index":"index","follow":"follow","max-snippet":"max-snippet:-1","max-image-preview":"max-image-preview:large","max-video-preview":"max-video-preview:-1"},"canonical":"https:\/\/periodicocentroccidente.com\/?p=5334","og_locale":"es_ES","og_type":"article","og_title":"La Antena del Cono Sur -","og_description":"ECLESIASTES &laquo;Entre cielo y tierra, todo tiene su tiempo&raquo;&nbsp;. DESDE HACE m&aacute;s de cuatro d&eacute;cadas escribiendo esta Antena por diversos medios de comunicaci&oacute;n, la norma ha sido que al principio de cada a&ntilde;o &ldquo;salimos al aire&rdquo; la segunda semana del mismo, pero esta vez estamos con ustedes en la tercera semana (Y gracias a los &hellip;","og_url":"https:\/\/periodicocentroccidente.com\/?p=5334","article_published_time":"2026-01-19T17:08:33+00:00","og_image":[{"width":601,"height":258,"url":"https:\/\/periodicocentroccidente.com\/wp-content\/uploads\/2025\/08\/cono-sur.jpg","type":"image\/jpeg"}],"author":"Ricardo","twitter_card":"summary_large_image","twitter_misc":{"Escrito por":"Ricardo","Tiempo de lectura":"7 minutos"},"schema":{"@context":"https:\/\/schema.org","@graph":[{"@type":"WebPage","@id":"https:\/\/periodicocentroccidente.com\/?p=5334","url":"https:\/\/periodicocentroccidente.com\/?p=5334","name":"La Antena del Cono Sur -","isPartOf":{"@id":"https:\/\/periodicocentroccidente.com\/#website"},"primaryImageOfPage":{"@id":"https:\/\/periodicocentroccidente.com\/?p=5334#primaryimage"},"image":{"@id":"https:\/\/periodicocentroccidente.com\/?p=5334#primaryimage"},"thumbnailUrl":"https:\/\/periodicocentroccidente.com\/wp-content\/uploads\/2025\/08\/cono-sur.jpg","datePublished":"2026-01-19T17:08:33+00:00","author":{"@id":"https:\/\/periodicocentroccidente.com\/#\/schema\/person\/f4e4a651098f3db198244657b7130e7e"},"breadcrumb":{"@id":"https:\/\/periodicocentroccidente.com\/?p=5334#breadcrumb"},"inLanguage":"es","potentialAction":[{"@type":"ReadAction","target":["https:\/\/periodicocentroccidente.com\/?p=5334"]}]},{"@type":"ImageObject","inLanguage":"es","@id":"https:\/\/periodicocentroccidente.com\/?p=5334#primaryimage","url":"https:\/\/periodicocentroccidente.com\/wp-content\/uploads\/2025\/08\/cono-sur.jpg","contentUrl":"https:\/\/periodicocentroccidente.com\/wp-content\/uploads\/2025\/08\/cono-sur.jpg","width":601,"height":258},{"@type":"BreadcrumbList","@id":"https:\/\/periodicocentroccidente.com\/?p=5334#breadcrumb","itemListElement":[{"@type":"ListItem","position":1,"name":"Portada","item":"https:\/\/periodicocentroccidente.com\/"},{"@type":"ListItem","position":2,"name":"La Antena del Cono Sur"}]},{"@type":"WebSite","@id":"https:\/\/periodicocentroccidente.com\/#website","url":"https:\/\/periodicocentroccidente.com\/","name":"","description":"Periodismo serio y responsable","potentialAction":[{"@type":"SearchAction","target":{"@type":"EntryPoint","urlTemplate":"https:\/\/periodicocentroccidente.com\/?s={search_term_string}"},"query-input":{"@type":"PropertyValueSpecification","valueRequired":true,"valueName":"search_term_string"}}],"inLanguage":"es"},{"@type":"Person","@id":"https:\/\/periodicocentroccidente.com\/#\/schema\/person\/f4e4a651098f3db198244657b7130e7e","name":"Ricardo","image":{"@type":"ImageObject","inLanguage":"es","@id":"https:\/\/periodicocentroccidente.com\/#\/schema\/person\/image\/","url":"https:\/\/secure.gravatar.com\/avatar\/402e6137108ec0fdaa7809184382fb1dd2f8b00264c1d945d341f2b8f90db429?s=96&d=mm&r=g","contentUrl":"https:\/\/secure.gravatar.com\/avatar\/402e6137108ec0fdaa7809184382fb1dd2f8b00264c1d945d341f2b8f90db429?s=96&d=mm&r=g","caption":"Ricardo"},"url":"https:\/\/periodicocentroccidente.com\/?author=2"}]}},"jetpack_featured_media_url":"https:\/\/periodicocentroccidente.com\/wp-content\/uploads\/2025\/08\/cono-sur.jpg","jetpack_sharing_enabled":true,"jetpack-related-posts":[],"_links":{"self":[{"href":"https:\/\/periodicocentroccidente.com\/index.php?rest_route=\/wp\/v2\/posts\/5334","targetHints":{"allow":["GET"]}}],"collection":[{"href":"https:\/\/periodicocentroccidente.com\/index.php?rest_route=\/wp\/v2\/posts"}],"about":[{"href":"https:\/\/periodicocentroccidente.com\/index.php?rest_route=\/wp\/v2\/types\/post"}],"author":[{"embeddable":true,"href":"https:\/\/periodicocentroccidente.com\/index.php?rest_route=\/wp\/v2\/users\/2"}],"replies":[{"embeddable":true,"href":"https:\/\/periodicocentroccidente.com\/index.php?rest_route=%2Fwp%2Fv2%2Fcomments&post=5334"}],"version-history":[{"count":1,"href":"https:\/\/periodicocentroccidente.com\/index.php?rest_route=\/wp\/v2\/posts\/5334\/revisions"}],"predecessor-version":[{"id":5336,"href":"https:\/\/periodicocentroccidente.com\/index.php?rest_route=\/wp\/v2\/posts\/5334\/revisions\/5336"}],"wp:featuredmedia":[{"embeddable":true,"href":"https:\/\/periodicocentroccidente.com\/index.php?rest_route=\/wp\/v2\/media\/3229"}],"wp:attachment":[{"href":"https:\/\/periodicocentroccidente.com\/index.php?rest_route=%2Fwp%2Fv2%2Fmedia&parent=5334"}],"wp:term":[{"taxonomy":"category","embeddable":true,"href":"https:\/\/periodicocentroccidente.com\/index.php?rest_route=%2Fwp%2Fv2%2Fcategories&post=5334"},{"taxonomy":"post_tag","embeddable":true,"href":"https:\/\/periodicocentroccidente.com\/index.php?rest_route=%2Fwp%2Fv2%2Ftags&post=5334"}],"curies":[{"name":"wp","href":"https:\/\/api.w.org\/{rel}","templated":true}]}}