{"id":5297,"date":"2026-01-16T18:52:55","date_gmt":"2026-01-16T18:52:55","guid":{"rendered":"https:\/\/periodicocentroccidente.com\/?p=5297"},"modified":"2026-01-16T18:52:55","modified_gmt":"2026-01-16T18:52:55","slug":"la-escuela-alemana-y-la-neurolinguistica","status":"publish","type":"post","link":"https:\/\/periodicocentroccidente.com\/?p=5297","title":{"rendered":"La escuela alemana y la neuroling\u00fc\u00edstica"},"content":{"rendered":"<div dir=\"auto\">La oposici\u00f3n nacional y extranjera insiste en fijar en la siquis del venezolano la idea de que lleg\u00f3 el \u00abfin de la era Maduro\u00bb o que \u00abla revoluci\u00f3n esta herida de muerte\u00bb, incluso que \u00abMar\u00eda Corina Machado si ser\u00e1 presidente de Venezuela\u00bb. Su discurso pol\u00edtico est\u00e1 basado en la neuroling\u00fc\u00edstica que establece, entre otros ejes tem\u00e1ticos, que una mentira dicha mil veces se convierte en verdad; escuela alemana de Joseph Goebels, obviando las manifestaciones de apoyo del 75% de los electores el retorno de Maduro y Cilia Flores \u00bfPor qu\u00e9 omiten ese detalle? Porque piensan que los privilegios econ\u00f3micos y pol\u00edticos regresar\u00e1n a sus manos \u00bfPor qu\u00e9 la prensa criolla ignora este respaldo, al punto que no lo rese\u00f1a o la banaliza? Porque entienden que deshumanizar el sentimiento chavista y revolucionario es volver a la Venezuela cuarta republicana cuando ellos eran felices y \u00bfC\u00f3mo es que los medios estadounidenses entre los que destacan New York Times y The Washington Post, afirman que la presencia en territorio gringo y secuestro de la pareja presidencial es ilegal? Porque entienden que jur\u00eddicamente no existen pruebas para acusar a Maduro y Cilia de narco terroristas o portadores de armas de guerra, m\u00e1s all\u00e1 que la prensa quiera ser juez, jurado y verdugo.\u00a0La canalla medi\u00e1tica, de la mano de las plataformas digitales, mantiene en jaque y en permanente zozobra a quienes justifican la invasi\u00f3n, dado el discurso neuroling\u00fc\u00edstico, al punto que los milenians -generaci\u00f3n de cristal- son las principales v\u00edctimas de este ataque a su siquis, toda vez que son los que m\u00e1s activamente celebran la incursi\u00f3n a nuestro territorio el pasado s\u00e1bado tres de enero del 2026. Quiero finalizar preguntando tambi\u00e9n sobre la responsabilidad, el honor y el amor por la patria de los militares en tiempos de conflagraci\u00f3n \u00bfQu\u00e9 pas\u00f3 con eso? Ya<\/div>\n<div dir=\"auto\">que la traici\u00f3n al juramento ante el Pabell\u00f3n Nacional que ellos hicieron y que muchos se lo pasaron por el forro, se hizo patente al momento del secuestro del presidente. Ser\u00e1 que mi gran amigo y abogado: Antonio Rojas Arredondo tendr\u00e1 raz\u00f3n cuando se\u00f1ala que aquellos militares que se prestaron para que bombardearan a Venezuela y permitieran que se llevaran a la pareja presidencial, les cabe la pena de muerte; a\u00fan cuando todos sabemos que nuestras leyes no permiten la aplicaci\u00f3n de la pena capital. \u00abNo estoy emulando a David Morales Bello, una de las figuras m\u00e1s nefasta de la cuarta rep\u00fablica cuando dijo en el extinto Congreso Nacional: &#8216;muerte a los golpistas&#8217;, pero en verdad uno piensa que estos que permitieron el secuestro de Maduro y Cilia, es lo menos que deber\u00edan recibir\u00bb. Se me olvidaba preguntar otra cosa, \u00bfNos robaron otro tanquero de petroleo en el Caribe, qu\u00e9 pas\u00f3 con los convenios de seguridad con China y Rusia?<\/div>\n<div dir=\"auto\"><\/div>\n<div dir=\"auto\"><a href=\"mailto:periodistacruzmario@gmail.com\" target=\"_blank\" rel=\"noopener noreferrer\">periodistacruzmario@gmail.com<\/a><\/div>\n<div dir=\"auto\">X @periodistacruz<\/div>\n<div dir=\"auto\">Facebook Portuguesanewsdigital.<\/div>\n<div dir=\"auto\">Instagram Portuguesa es<\/div>\n<div dir=\"auto\">CNP 8739 CRGV 1753<\/div>\n<div dir=\"auto\">Araure viernes 16 de enero 2026<\/div>\n","protected":false},"excerpt":{"rendered":"<p>La oposici&oacute;n nacional y extranjera insiste en fijar en la siquis del venezolano la idea de que lleg&oacute; el &laquo;fin de la era Maduro&raquo; o que &laquo;la revoluci&oacute;n esta herida de muerte&raquo;, incluso que &laquo;Mar&iacute;a Corina Machado si ser&aacute; presidente de Venezuela&raquo;. Su discurso pol&iacute;tico est&aacute; basado en la neuroling&uuml;&iacute;stica que establece, entre otros ejes &hellip;<\/p>\n","protected":false},"author":2,"featured_media":2920,"comment_status":"open","ping_status":"open","sticky":false,"template":"","format":"standard","meta":{"_jetpack_memberships_contains_paid_content":false,"footnotes":""},"categories":[128],"tags":[],"class_list":["post-5297","post","type-post","status-publish","format-standard","has-post-thumbnail","hentry","category-noticias-del-cono-norte"],"yoast_head":"<!-- This site is optimized with the Yoast SEO plugin v24.8.1 - https:\/\/yoast.com\/wordpress\/plugins\/seo\/ -->\n<title>La escuela alemana y la neuroling\u00fc\u00edstica -<\/title>\n<meta name=\"robots\" content=\"index, follow, max-snippet:-1, max-image-preview:large, max-video-preview:-1\" \/>\n<link rel=\"canonical\" href=\"https:\/\/periodicocentroccidente.com\/?p=5297\" \/>\n<meta property=\"og:locale\" content=\"es_ES\" \/>\n<meta property=\"og:type\" content=\"article\" \/>\n<meta property=\"og:title\" content=\"La escuela alemana y la neuroling\u00fc\u00edstica -\" \/>\n<meta property=\"og:description\" content=\"La oposici&oacute;n nacional y extranjera insiste en fijar en la siquis del venezolano la idea de que lleg&oacute; el &laquo;fin de la era Maduro&raquo; o que &laquo;la revoluci&oacute;n esta herida de muerte&raquo;, incluso que &laquo;Mar&iacute;a Corina Machado si ser&aacute; presidente de Venezuela&raquo;. Su discurso pol&iacute;tico est&aacute; basado en la neuroling&uuml;&iacute;stica que establece, entre otros ejes &hellip;\" \/>\n<meta property=\"og:url\" content=\"https:\/\/periodicocentroccidente.com\/?p=5297\" \/>\n<meta property=\"article:published_time\" content=\"2026-01-16T18:52:55+00:00\" \/>\n<meta property=\"og:image\" content=\"https:\/\/periodicocentroccidente.com\/wp-content\/uploads\/2025\/07\/cruz-mario.jpg\" \/>\n\t<meta property=\"og:image:width\" content=\"598\" \/>\n\t<meta property=\"og:image:height\" content=\"267\" \/>\n\t<meta property=\"og:image:type\" content=\"image\/jpeg\" \/>\n<meta name=\"author\" content=\"Ricardo\" \/>\n<meta name=\"twitter:card\" content=\"summary_large_image\" \/>\n<meta name=\"twitter:label1\" content=\"Escrito por\" \/>\n\t<meta name=\"twitter:data1\" content=\"Ricardo\" \/>\n\t<meta name=\"twitter:label2\" content=\"Tiempo de lectura\" \/>\n\t<meta name=\"twitter:data2\" content=\"3 minutos\" \/>\n<script type=\"application\/ld+json\" class=\"yoast-schema-graph\">{\"@context\":\"https:\/\/schema.org\",\"@graph\":[{\"@type\":\"WebPage\",\"@id\":\"https:\/\/periodicocentroccidente.com\/?p=5297\",\"url\":\"https:\/\/periodicocentroccidente.com\/?p=5297\",\"name\":\"La escuela alemana y la neuroling\u00fc\u00edstica -\",\"isPartOf\":{\"@id\":\"https:\/\/periodicocentroccidente.com\/#website\"},\"primaryImageOfPage\":{\"@id\":\"https:\/\/periodicocentroccidente.com\/?p=5297#primaryimage\"},\"image\":{\"@id\":\"https:\/\/periodicocentroccidente.com\/?p=5297#primaryimage\"},\"thumbnailUrl\":\"https:\/\/periodicocentroccidente.com\/wp-content\/uploads\/2025\/07\/cruz-mario.jpg\",\"datePublished\":\"2026-01-16T18:52:55+00:00\",\"author\":{\"@id\":\"https:\/\/periodicocentroccidente.com\/#\/schema\/person\/f4e4a651098f3db198244657b7130e7e\"},\"breadcrumb\":{\"@id\":\"https:\/\/periodicocentroccidente.com\/?p=5297#breadcrumb\"},\"inLanguage\":\"es\",\"potentialAction\":[{\"@type\":\"ReadAction\",\"target\":[\"https:\/\/periodicocentroccidente.com\/?p=5297\"]}]},{\"@type\":\"ImageObject\",\"inLanguage\":\"es\",\"@id\":\"https:\/\/periodicocentroccidente.com\/?p=5297#primaryimage\",\"url\":\"https:\/\/periodicocentroccidente.com\/wp-content\/uploads\/2025\/07\/cruz-mario.jpg\",\"contentUrl\":\"https:\/\/periodicocentroccidente.com\/wp-content\/uploads\/2025\/07\/cruz-mario.jpg\",\"width\":598,\"height\":267},{\"@type\":\"BreadcrumbList\",\"@id\":\"https:\/\/periodicocentroccidente.com\/?p=5297#breadcrumb\",\"itemListElement\":[{\"@type\":\"ListItem\",\"position\":1,\"name\":\"Portada\",\"item\":\"https:\/\/periodicocentroccidente.com\/\"},{\"@type\":\"ListItem\",\"position\":2,\"name\":\"La escuela alemana y la neuroling\u00fc\u00edstica\"}]},{\"@type\":\"WebSite\",\"@id\":\"https:\/\/periodicocentroccidente.com\/#website\",\"url\":\"https:\/\/periodicocentroccidente.com\/\",\"name\":\"\",\"description\":\"Periodismo serio y responsable\",\"potentialAction\":[{\"@type\":\"SearchAction\",\"target\":{\"@type\":\"EntryPoint\",\"urlTemplate\":\"https:\/\/periodicocentroccidente.com\/?s={search_term_string}\"},\"query-input\":{\"@type\":\"PropertyValueSpecification\",\"valueRequired\":true,\"valueName\":\"search_term_string\"}}],\"inLanguage\":\"es\"},{\"@type\":\"Person\",\"@id\":\"https:\/\/periodicocentroccidente.com\/#\/schema\/person\/f4e4a651098f3db198244657b7130e7e\",\"name\":\"Ricardo\",\"image\":{\"@type\":\"ImageObject\",\"inLanguage\":\"es\",\"@id\":\"https:\/\/periodicocentroccidente.com\/#\/schema\/person\/image\/\",\"url\":\"https:\/\/secure.gravatar.com\/avatar\/402e6137108ec0fdaa7809184382fb1dd2f8b00264c1d945d341f2b8f90db429?s=96&d=mm&r=g\",\"contentUrl\":\"https:\/\/secure.gravatar.com\/avatar\/402e6137108ec0fdaa7809184382fb1dd2f8b00264c1d945d341f2b8f90db429?s=96&d=mm&r=g\",\"caption\":\"Ricardo\"},\"url\":\"https:\/\/periodicocentroccidente.com\/?author=2\"}]}<\/script>\n<!-- \/ Yoast SEO plugin. -->","yoast_head_json":{"title":"La escuela alemana y la neuroling\u00fc\u00edstica -","robots":{"index":"index","follow":"follow","max-snippet":"max-snippet:-1","max-image-preview":"max-image-preview:large","max-video-preview":"max-video-preview:-1"},"canonical":"https:\/\/periodicocentroccidente.com\/?p=5297","og_locale":"es_ES","og_type":"article","og_title":"La escuela alemana y la neuroling\u00fc\u00edstica -","og_description":"La oposici&oacute;n nacional y extranjera insiste en fijar en la siquis del venezolano la idea de que lleg&oacute; el &laquo;fin de la era Maduro&raquo; o que &laquo;la revoluci&oacute;n esta herida de muerte&raquo;, incluso que &laquo;Mar&iacute;a Corina Machado si ser&aacute; presidente de Venezuela&raquo;. Su discurso pol&iacute;tico est&aacute; basado en la neuroling&uuml;&iacute;stica que establece, entre otros ejes &hellip;","og_url":"https:\/\/periodicocentroccidente.com\/?p=5297","article_published_time":"2026-01-16T18:52:55+00:00","og_image":[{"width":598,"height":267,"url":"https:\/\/periodicocentroccidente.com\/wp-content\/uploads\/2025\/07\/cruz-mario.jpg","type":"image\/jpeg"}],"author":"Ricardo","twitter_card":"summary_large_image","twitter_misc":{"Escrito por":"Ricardo","Tiempo de lectura":"3 minutos"},"schema":{"@context":"https:\/\/schema.org","@graph":[{"@type":"WebPage","@id":"https:\/\/periodicocentroccidente.com\/?p=5297","url":"https:\/\/periodicocentroccidente.com\/?p=5297","name":"La escuela alemana y la neuroling\u00fc\u00edstica -","isPartOf":{"@id":"https:\/\/periodicocentroccidente.com\/#website"},"primaryImageOfPage":{"@id":"https:\/\/periodicocentroccidente.com\/?p=5297#primaryimage"},"image":{"@id":"https:\/\/periodicocentroccidente.com\/?p=5297#primaryimage"},"thumbnailUrl":"https:\/\/periodicocentroccidente.com\/wp-content\/uploads\/2025\/07\/cruz-mario.jpg","datePublished":"2026-01-16T18:52:55+00:00","author":{"@id":"https:\/\/periodicocentroccidente.com\/#\/schema\/person\/f4e4a651098f3db198244657b7130e7e"},"breadcrumb":{"@id":"https:\/\/periodicocentroccidente.com\/?p=5297#breadcrumb"},"inLanguage":"es","potentialAction":[{"@type":"ReadAction","target":["https:\/\/periodicocentroccidente.com\/?p=5297"]}]},{"@type":"ImageObject","inLanguage":"es","@id":"https:\/\/periodicocentroccidente.com\/?p=5297#primaryimage","url":"https:\/\/periodicocentroccidente.com\/wp-content\/uploads\/2025\/07\/cruz-mario.jpg","contentUrl":"https:\/\/periodicocentroccidente.com\/wp-content\/uploads\/2025\/07\/cruz-mario.jpg","width":598,"height":267},{"@type":"BreadcrumbList","@id":"https:\/\/periodicocentroccidente.com\/?p=5297#breadcrumb","itemListElement":[{"@type":"ListItem","position":1,"name":"Portada","item":"https:\/\/periodicocentroccidente.com\/"},{"@type":"ListItem","position":2,"name":"La escuela alemana y la neuroling\u00fc\u00edstica"}]},{"@type":"WebSite","@id":"https:\/\/periodicocentroccidente.com\/#website","url":"https:\/\/periodicocentroccidente.com\/","name":"","description":"Periodismo serio y responsable","potentialAction":[{"@type":"SearchAction","target":{"@type":"EntryPoint","urlTemplate":"https:\/\/periodicocentroccidente.com\/?s={search_term_string}"},"query-input":{"@type":"PropertyValueSpecification","valueRequired":true,"valueName":"search_term_string"}}],"inLanguage":"es"},{"@type":"Person","@id":"https:\/\/periodicocentroccidente.com\/#\/schema\/person\/f4e4a651098f3db198244657b7130e7e","name":"Ricardo","image":{"@type":"ImageObject","inLanguage":"es","@id":"https:\/\/periodicocentroccidente.com\/#\/schema\/person\/image\/","url":"https:\/\/secure.gravatar.com\/avatar\/402e6137108ec0fdaa7809184382fb1dd2f8b00264c1d945d341f2b8f90db429?s=96&d=mm&r=g","contentUrl":"https:\/\/secure.gravatar.com\/avatar\/402e6137108ec0fdaa7809184382fb1dd2f8b00264c1d945d341f2b8f90db429?s=96&d=mm&r=g","caption":"Ricardo"},"url":"https:\/\/periodicocentroccidente.com\/?author=2"}]}},"jetpack_featured_media_url":"https:\/\/periodicocentroccidente.com\/wp-content\/uploads\/2025\/07\/cruz-mario.jpg","jetpack_sharing_enabled":true,"jetpack-related-posts":[],"_links":{"self":[{"href":"https:\/\/periodicocentroccidente.com\/index.php?rest_route=\/wp\/v2\/posts\/5297","targetHints":{"allow":["GET"]}}],"collection":[{"href":"https:\/\/periodicocentroccidente.com\/index.php?rest_route=\/wp\/v2\/posts"}],"about":[{"href":"https:\/\/periodicocentroccidente.com\/index.php?rest_route=\/wp\/v2\/types\/post"}],"author":[{"embeddable":true,"href":"https:\/\/periodicocentroccidente.com\/index.php?rest_route=\/wp\/v2\/users\/2"}],"replies":[{"embeddable":true,"href":"https:\/\/periodicocentroccidente.com\/index.php?rest_route=%2Fwp%2Fv2%2Fcomments&post=5297"}],"version-history":[{"count":1,"href":"https:\/\/periodicocentroccidente.com\/index.php?rest_route=\/wp\/v2\/posts\/5297\/revisions"}],"predecessor-version":[{"id":5298,"href":"https:\/\/periodicocentroccidente.com\/index.php?rest_route=\/wp\/v2\/posts\/5297\/revisions\/5298"}],"wp:featuredmedia":[{"embeddable":true,"href":"https:\/\/periodicocentroccidente.com\/index.php?rest_route=\/wp\/v2\/media\/2920"}],"wp:attachment":[{"href":"https:\/\/periodicocentroccidente.com\/index.php?rest_route=%2Fwp%2Fv2%2Fmedia&parent=5297"}],"wp:term":[{"taxonomy":"category","embeddable":true,"href":"https:\/\/periodicocentroccidente.com\/index.php?rest_route=%2Fwp%2Fv2%2Fcategories&post=5297"},{"taxonomy":"post_tag","embeddable":true,"href":"https:\/\/periodicocentroccidente.com\/index.php?rest_route=%2Fwp%2Fv2%2Ftags&post=5297"}],"curies":[{"name":"wp","href":"https:\/\/api.w.org\/{rel}","templated":true}]}}