{"id":5271,"date":"2026-01-16T00:35:18","date_gmt":"2026-01-16T00:35:18","guid":{"rendered":"https:\/\/periodicocentroccidente.com\/?p=5271"},"modified":"2026-01-16T00:35:18","modified_gmt":"2026-01-16T00:35:18","slug":"fedecamaras-portuguesa-instalo-su-primer-directorio-extraordinario-2026","status":"publish","type":"post","link":"https:\/\/periodicocentroccidente.com\/?p=5271","title":{"rendered":"Fedec\u00e1maras Portuguesa instal\u00f3 su primer Directorio Extraordinario 2026"},"content":{"rendered":"<p><strong>Especial.-<\/strong><\/p>\n<p>En la b\u00fasqueda de soluciones para el crecimiento econ\u00f3mico y apoyar el fortalecimiento del sector privado de la entidad regional, Fedec\u00e1maras Portuguesa realiz\u00f3 su primer Directorio Extraordinario correspondiente al presente a\u00f1o.<\/p>\n<p>El encuentro sirvi\u00f3 como plataforma para debatir el rol trascendental que debe jugar el empresariado venezolano en la realidad actual del pa\u00eds.<\/p>\n<p>La jornada, liderada por el ingeniero Omar El Choumary, presidente de Fedec\u00e1maras Portuguesa y la junta directiva del citado gremio, tambi\u00e9n cont\u00f3 con la presencia de Rafael Trejo, segundo vicepresidente de Fedec\u00e1maras nacional, quien estuvo acompa\u00f1ado por Jorge Aroca, Joel Segura y H\u00e9ctor Bastidas, presidentes de las Fedec\u00e1maras de los estados Carabobo, Lara y Yaracuy, respectivamente, as\u00ed como por Dionisio Borregales, coordinador de Cojedes.<\/p>\n<p>Durante esta actividad fueron conformadas mesas de trabajo t\u00e9cnicas, con el objetivo de elaborar un informe detallado que consolide ideas de valor y propuestas concretas para la reactivaci\u00f3n econ\u00f3mica bajo una visi\u00f3n m\u00e1s novedosa y acorde con la actual realidad econ\u00f3mica del pa\u00eds y de la regi\u00f3n.<\/p>\n<p>En el caso espec\u00edfico del estado Portuguesa, la estrategia se centra en tres pilares fundamentales que abarcan el sector primario para el impulso a la agricultura y la ganader\u00eda; el sector secundario para el fortalecimiento de la agroindustria y la construcci\u00f3n; y el sector terciario orientado a la dinamizaci\u00f3n del comercio y los servicios.<\/p>\n<p>Los voceros del gremio coincidieron en que la recuperaci\u00f3n del aparato productivo depende de dos factores cr\u00edticos. En primer lugar, destacaron la necesidad de un sistema financiero s\u00f3lido que funcione como el motor de arranque para todos los sectores productivos.<\/p>\n<p>En segundo lugar, y como prioridad absoluta, se destac\u00f3 el valor del recurso humano, se\u00f1alando que \u201cel empresario no es solo quien genera plusval\u00eda, sino una pieza fundamental para el desarrollo social\u201d. Se enfatiz\u00f3 adem\u00e1s que el talento humano es el activo m\u00e1s importante del empresariado y siempre ha demostrado su disposici\u00f3n hist\u00f3rica de aportar al crecimiento de Venezuela.<\/p>\n<p>Con este directorio, Fedec\u00e1maras Portuguesa ratifica su compromiso de ser un actor clave en la generaci\u00f3n de soluciones que beneficien tanto al sector privado como al bienestar general de la poblaci\u00f3n.<\/p>\n<p><strong>Prensa Fedec\u00e1maras Portuguesa \/<\/strong><br \/>\n<strong>Nayar\u00ed Gonz\u00e1lez<\/strong><\/p>\n<p><img loading=\"lazy\" decoding=\"async\" class=\"alignnone size-medium wp-image-5273\" src=\"https:\/\/periodicocentroccidente.com\/wp-content\/uploads\/2026\/01\/IMG-20260113-WA0009-840x840-1-300x300.jpg\" alt=\"\" width=\"300\" height=\"300\" srcset=\"https:\/\/periodicocentroccidente.com\/wp-content\/uploads\/2026\/01\/IMG-20260113-WA0009-840x840-1-300x300.jpg 300w, https:\/\/periodicocentroccidente.com\/wp-content\/uploads\/2026\/01\/IMG-20260113-WA0009-840x840-1-150x150.jpg 150w, https:\/\/periodicocentroccidente.com\/wp-content\/uploads\/2026\/01\/IMG-20260113-WA0009-840x840-1-768x768.jpg 768w, https:\/\/periodicocentroccidente.com\/wp-content\/uploads\/2026\/01\/IMG-20260113-WA0009-840x840-1.jpg 840w\" sizes=\"auto, (max-width: 300px) 100vw, 300px\" \/><\/p>\n","protected":false},"excerpt":{"rendered":"<p>Especial.- En la b&uacute;squeda de soluciones para el crecimiento econ&oacute;mico y apoyar el fortalecimiento del sector privado de la entidad regional, Fedec&aacute;maras Portuguesa realiz&oacute; su primer Directorio Extraordinario correspondiente al presente a&ntilde;o. El encuentro sirvi&oacute; como plataforma para debatir el rol trascendental que debe jugar el empresariado venezolano en la realidad actual del pa&iacute;s. La &hellip;<\/p>\n","protected":false},"author":2,"featured_media":5272,"comment_status":"open","ping_status":"open","sticky":false,"template":"","format":"standard","meta":{"_jetpack_memberships_contains_paid_content":false,"footnotes":""},"categories":[127],"tags":[],"class_list":["post-5271","post","type-post","status-publish","format-standard","has-post-thumbnail","hentry","category-noticias-recientes"],"yoast_head":"<!-- This site is optimized with the Yoast SEO plugin v24.8.1 - https:\/\/yoast.com\/wordpress\/plugins\/seo\/ -->\n<title>Fedec\u00e1maras Portuguesa instal\u00f3 su primer Directorio Extraordinario 2026 -<\/title>\n<meta name=\"robots\" content=\"index, follow, max-snippet:-1, max-image-preview:large, max-video-preview:-1\" \/>\n<link rel=\"canonical\" href=\"https:\/\/periodicocentroccidente.com\/?p=5271\" \/>\n<meta property=\"og:locale\" content=\"es_ES\" \/>\n<meta property=\"og:type\" content=\"article\" \/>\n<meta property=\"og:title\" content=\"Fedec\u00e1maras Portuguesa instal\u00f3 su primer Directorio Extraordinario 2026 -\" \/>\n<meta property=\"og:description\" content=\"Especial.- En la b&uacute;squeda de soluciones para el crecimiento econ&oacute;mico y apoyar el fortalecimiento del sector privado de la entidad regional, Fedec&aacute;maras Portuguesa realiz&oacute; su primer Directorio Extraordinario correspondiente al presente a&ntilde;o. El encuentro sirvi&oacute; como plataforma para debatir el rol trascendental que debe jugar el empresariado venezolano en la realidad actual del pa&iacute;s. La &hellip;\" \/>\n<meta property=\"og:url\" content=\"https:\/\/periodicocentroccidente.com\/?p=5271\" \/>\n<meta property=\"article:published_time\" content=\"2026-01-16T00:35:18+00:00\" \/>\n<meta property=\"og:image\" content=\"https:\/\/periodicocentroccidente.com\/wp-content\/uploads\/2026\/01\/IMG-20260113-WA0008.jpg\" \/>\n\t<meta property=\"og:image:width\" content=\"1280\" \/>\n\t<meta property=\"og:image:height\" content=\"960\" \/>\n\t<meta property=\"og:image:type\" content=\"image\/jpeg\" \/>\n<meta name=\"author\" content=\"Ricardo\" \/>\n<meta name=\"twitter:card\" content=\"summary_large_image\" \/>\n<meta name=\"twitter:label1\" content=\"Escrito por\" \/>\n\t<meta name=\"twitter:data1\" content=\"Ricardo\" \/>\n\t<meta name=\"twitter:label2\" content=\"Tiempo de lectura\" \/>\n\t<meta name=\"twitter:data2\" content=\"3 minutos\" \/>\n<script type=\"application\/ld+json\" class=\"yoast-schema-graph\">{\"@context\":\"https:\/\/schema.org\",\"@graph\":[{\"@type\":\"WebPage\",\"@id\":\"https:\/\/periodicocentroccidente.com\/?p=5271\",\"url\":\"https:\/\/periodicocentroccidente.com\/?p=5271\",\"name\":\"Fedec\u00e1maras Portuguesa instal\u00f3 su primer Directorio Extraordinario 2026 -\",\"isPartOf\":{\"@id\":\"https:\/\/periodicocentroccidente.com\/#website\"},\"primaryImageOfPage\":{\"@id\":\"https:\/\/periodicocentroccidente.com\/?p=5271#primaryimage\"},\"image\":{\"@id\":\"https:\/\/periodicocentroccidente.com\/?p=5271#primaryimage\"},\"thumbnailUrl\":\"https:\/\/periodicocentroccidente.com\/wp-content\/uploads\/2026\/01\/IMG-20260113-WA0008.jpg\",\"datePublished\":\"2026-01-16T00:35:18+00:00\",\"author\":{\"@id\":\"https:\/\/periodicocentroccidente.com\/#\/schema\/person\/f4e4a651098f3db198244657b7130e7e\"},\"breadcrumb\":{\"@id\":\"https:\/\/periodicocentroccidente.com\/?p=5271#breadcrumb\"},\"inLanguage\":\"es\",\"potentialAction\":[{\"@type\":\"ReadAction\",\"target\":[\"https:\/\/periodicocentroccidente.com\/?p=5271\"]}]},{\"@type\":\"ImageObject\",\"inLanguage\":\"es\",\"@id\":\"https:\/\/periodicocentroccidente.com\/?p=5271#primaryimage\",\"url\":\"https:\/\/periodicocentroccidente.com\/wp-content\/uploads\/2026\/01\/IMG-20260113-WA0008.jpg\",\"contentUrl\":\"https:\/\/periodicocentroccidente.com\/wp-content\/uploads\/2026\/01\/IMG-20260113-WA0008.jpg\",\"width\":1280,\"height\":960},{\"@type\":\"BreadcrumbList\",\"@id\":\"https:\/\/periodicocentroccidente.com\/?p=5271#breadcrumb\",\"itemListElement\":[{\"@type\":\"ListItem\",\"position\":1,\"name\":\"Portada\",\"item\":\"https:\/\/periodicocentroccidente.com\/\"},{\"@type\":\"ListItem\",\"position\":2,\"name\":\"Fedec\u00e1maras Portuguesa instal\u00f3 su primer Directorio Extraordinario 2026\"}]},{\"@type\":\"WebSite\",\"@id\":\"https:\/\/periodicocentroccidente.com\/#website\",\"url\":\"https:\/\/periodicocentroccidente.com\/\",\"name\":\"\",\"description\":\"Periodismo serio y responsable\",\"potentialAction\":[{\"@type\":\"SearchAction\",\"target\":{\"@type\":\"EntryPoint\",\"urlTemplate\":\"https:\/\/periodicocentroccidente.com\/?s={search_term_string}\"},\"query-input\":{\"@type\":\"PropertyValueSpecification\",\"valueRequired\":true,\"valueName\":\"search_term_string\"}}],\"inLanguage\":\"es\"},{\"@type\":\"Person\",\"@id\":\"https:\/\/periodicocentroccidente.com\/#\/schema\/person\/f4e4a651098f3db198244657b7130e7e\",\"name\":\"Ricardo\",\"image\":{\"@type\":\"ImageObject\",\"inLanguage\":\"es\",\"@id\":\"https:\/\/periodicocentroccidente.com\/#\/schema\/person\/image\/\",\"url\":\"https:\/\/secure.gravatar.com\/avatar\/402e6137108ec0fdaa7809184382fb1dd2f8b00264c1d945d341f2b8f90db429?s=96&d=mm&r=g\",\"contentUrl\":\"https:\/\/secure.gravatar.com\/avatar\/402e6137108ec0fdaa7809184382fb1dd2f8b00264c1d945d341f2b8f90db429?s=96&d=mm&r=g\",\"caption\":\"Ricardo\"},\"url\":\"https:\/\/periodicocentroccidente.com\/?author=2\"}]}<\/script>\n<!-- \/ Yoast SEO plugin. -->","yoast_head_json":{"title":"Fedec\u00e1maras Portuguesa instal\u00f3 su primer Directorio Extraordinario 2026 -","robots":{"index":"index","follow":"follow","max-snippet":"max-snippet:-1","max-image-preview":"max-image-preview:large","max-video-preview":"max-video-preview:-1"},"canonical":"https:\/\/periodicocentroccidente.com\/?p=5271","og_locale":"es_ES","og_type":"article","og_title":"Fedec\u00e1maras Portuguesa instal\u00f3 su primer Directorio Extraordinario 2026 -","og_description":"Especial.- En la b&uacute;squeda de soluciones para el crecimiento econ&oacute;mico y apoyar el fortalecimiento del sector privado de la entidad regional, Fedec&aacute;maras Portuguesa realiz&oacute; su primer Directorio Extraordinario correspondiente al presente a&ntilde;o. El encuentro sirvi&oacute; como plataforma para debatir el rol trascendental que debe jugar el empresariado venezolano en la realidad actual del pa&iacute;s. La &hellip;","og_url":"https:\/\/periodicocentroccidente.com\/?p=5271","article_published_time":"2026-01-16T00:35:18+00:00","og_image":[{"width":1280,"height":960,"url":"https:\/\/periodicocentroccidente.com\/wp-content\/uploads\/2026\/01\/IMG-20260113-WA0008.jpg","type":"image\/jpeg"}],"author":"Ricardo","twitter_card":"summary_large_image","twitter_misc":{"Escrito por":"Ricardo","Tiempo de lectura":"3 minutos"},"schema":{"@context":"https:\/\/schema.org","@graph":[{"@type":"WebPage","@id":"https:\/\/periodicocentroccidente.com\/?p=5271","url":"https:\/\/periodicocentroccidente.com\/?p=5271","name":"Fedec\u00e1maras Portuguesa instal\u00f3 su primer Directorio Extraordinario 2026 -","isPartOf":{"@id":"https:\/\/periodicocentroccidente.com\/#website"},"primaryImageOfPage":{"@id":"https:\/\/periodicocentroccidente.com\/?p=5271#primaryimage"},"image":{"@id":"https:\/\/periodicocentroccidente.com\/?p=5271#primaryimage"},"thumbnailUrl":"https:\/\/periodicocentroccidente.com\/wp-content\/uploads\/2026\/01\/IMG-20260113-WA0008.jpg","datePublished":"2026-01-16T00:35:18+00:00","author":{"@id":"https:\/\/periodicocentroccidente.com\/#\/schema\/person\/f4e4a651098f3db198244657b7130e7e"},"breadcrumb":{"@id":"https:\/\/periodicocentroccidente.com\/?p=5271#breadcrumb"},"inLanguage":"es","potentialAction":[{"@type":"ReadAction","target":["https:\/\/periodicocentroccidente.com\/?p=5271"]}]},{"@type":"ImageObject","inLanguage":"es","@id":"https:\/\/periodicocentroccidente.com\/?p=5271#primaryimage","url":"https:\/\/periodicocentroccidente.com\/wp-content\/uploads\/2026\/01\/IMG-20260113-WA0008.jpg","contentUrl":"https:\/\/periodicocentroccidente.com\/wp-content\/uploads\/2026\/01\/IMG-20260113-WA0008.jpg","width":1280,"height":960},{"@type":"BreadcrumbList","@id":"https:\/\/periodicocentroccidente.com\/?p=5271#breadcrumb","itemListElement":[{"@type":"ListItem","position":1,"name":"Portada","item":"https:\/\/periodicocentroccidente.com\/"},{"@type":"ListItem","position":2,"name":"Fedec\u00e1maras Portuguesa instal\u00f3 su primer Directorio Extraordinario 2026"}]},{"@type":"WebSite","@id":"https:\/\/periodicocentroccidente.com\/#website","url":"https:\/\/periodicocentroccidente.com\/","name":"","description":"Periodismo serio y responsable","potentialAction":[{"@type":"SearchAction","target":{"@type":"EntryPoint","urlTemplate":"https:\/\/periodicocentroccidente.com\/?s={search_term_string}"},"query-input":{"@type":"PropertyValueSpecification","valueRequired":true,"valueName":"search_term_string"}}],"inLanguage":"es"},{"@type":"Person","@id":"https:\/\/periodicocentroccidente.com\/#\/schema\/person\/f4e4a651098f3db198244657b7130e7e","name":"Ricardo","image":{"@type":"ImageObject","inLanguage":"es","@id":"https:\/\/periodicocentroccidente.com\/#\/schema\/person\/image\/","url":"https:\/\/secure.gravatar.com\/avatar\/402e6137108ec0fdaa7809184382fb1dd2f8b00264c1d945d341f2b8f90db429?s=96&d=mm&r=g","contentUrl":"https:\/\/secure.gravatar.com\/avatar\/402e6137108ec0fdaa7809184382fb1dd2f8b00264c1d945d341f2b8f90db429?s=96&d=mm&r=g","caption":"Ricardo"},"url":"https:\/\/periodicocentroccidente.com\/?author=2"}]}},"jetpack_featured_media_url":"https:\/\/periodicocentroccidente.com\/wp-content\/uploads\/2026\/01\/IMG-20260113-WA0008.jpg","jetpack_sharing_enabled":true,"jetpack-related-posts":[],"_links":{"self":[{"href":"https:\/\/periodicocentroccidente.com\/index.php?rest_route=\/wp\/v2\/posts\/5271","targetHints":{"allow":["GET"]}}],"collection":[{"href":"https:\/\/periodicocentroccidente.com\/index.php?rest_route=\/wp\/v2\/posts"}],"about":[{"href":"https:\/\/periodicocentroccidente.com\/index.php?rest_route=\/wp\/v2\/types\/post"}],"author":[{"embeddable":true,"href":"https:\/\/periodicocentroccidente.com\/index.php?rest_route=\/wp\/v2\/users\/2"}],"replies":[{"embeddable":true,"href":"https:\/\/periodicocentroccidente.com\/index.php?rest_route=%2Fwp%2Fv2%2Fcomments&post=5271"}],"version-history":[{"count":1,"href":"https:\/\/periodicocentroccidente.com\/index.php?rest_route=\/wp\/v2\/posts\/5271\/revisions"}],"predecessor-version":[{"id":5274,"href":"https:\/\/periodicocentroccidente.com\/index.php?rest_route=\/wp\/v2\/posts\/5271\/revisions\/5274"}],"wp:featuredmedia":[{"embeddable":true,"href":"https:\/\/periodicocentroccidente.com\/index.php?rest_route=\/wp\/v2\/media\/5272"}],"wp:attachment":[{"href":"https:\/\/periodicocentroccidente.com\/index.php?rest_route=%2Fwp%2Fv2%2Fmedia&parent=5271"}],"wp:term":[{"taxonomy":"category","embeddable":true,"href":"https:\/\/periodicocentroccidente.com\/index.php?rest_route=%2Fwp%2Fv2%2Fcategories&post=5271"},{"taxonomy":"post_tag","embeddable":true,"href":"https:\/\/periodicocentroccidente.com\/index.php?rest_route=%2Fwp%2Fv2%2Ftags&post=5271"}],"curies":[{"name":"wp","href":"https:\/\/api.w.org\/{rel}","templated":true}]}}