{"id":5242,"date":"2026-01-14T16:36:11","date_gmt":"2026-01-14T16:36:11","guid":{"rendered":"https:\/\/periodicocentroccidente.com\/?p=5242"},"modified":"2026-01-14T16:36:11","modified_gmt":"2026-01-14T16:36:11","slug":"extraordinario-compartir-entre-atletas-y-leyendas-deportivas","status":"publish","type":"post","link":"https:\/\/periodicocentroccidente.com\/?p=5242","title":{"rendered":"Extraordinario compartir entre atletas y leyendas deportivas"},"content":{"rendered":"<p><strong>Especial<\/strong>.-<\/p>\n<p>Alegr\u00eda contagiante y extraordinario ambiente rein\u00f3 durante un reencuentro entre leyendas deportivas del municipio Guanare en el marco de las festividades de la semana del deporte. El emotivo brindis tuvo como sede el Complejo Eleoccidente de esta ciudad. Un agasajo inolvidable por parte del dirigente Javier Valladares para estos ilustres personajes. Representantes de los medios de comunicaci\u00f3n y entrenadores tambi\u00e9n acudieron.<\/p>\n<p>Entre los asistentes figuraron Oscar Fern\u00e1ndez, Jes\u00fas Vidal, \u00c1ngel Mu\u00f1oz y Yermin Marques (f\u00fatbol sala), Carlos Bernal, Ram\u00f3n \u201cPapi\u201d Montilla, Julio Dagnese, Luis Ter\u00e1n, \u00a0Frank Piedrahita, David Loreto, Ra\u00fal Torres, \u00a0Nolberto Riascos, Douglas Julio,\u00a0 Carlos y Jos\u00e9 Torres (f\u00fatbol campo), Mariangel M\u00e9ndez (voleibol), Valentina Mora y Abid\u00e0n Castellanos (karate), V\u00edctor D\u00edaz y Jes\u00fas Hern\u00e1ndez (b\u00e9isbol), Greg Gonz\u00e1lez, Jos\u00e9 Bonito, V\u00edctor Colmenares y Daniel Hern\u00e1ndez (baloncesto), quienes dirigieron un breve mensaje y participaron en una caimanera de softbol. Al final se disfrut\u00f3 de una exquisita ternera. (Fotos de Paolita L\u00f3pez y Juan Gonz\u00e1lez)<\/p>\n<p>&nbsp;<\/p>\n<p><img loading=\"lazy\" decoding=\"async\" class=\"alignnone size-medium wp-image-5245\" src=\"https:\/\/periodicocentroccidente.com\/wp-content\/uploads\/2026\/01\/001-300x140.jpg\" alt=\"\" width=\"300\" height=\"140\" srcset=\"https:\/\/periodicocentroccidente.com\/wp-content\/uploads\/2026\/01\/001-300x140.jpg 300w, https:\/\/periodicocentroccidente.com\/wp-content\/uploads\/2026\/01\/001-1024x476.jpg 1024w, https:\/\/periodicocentroccidente.com\/wp-content\/uploads\/2026\/01\/001-768x357.jpg 768w, https:\/\/periodicocentroccidente.com\/wp-content\/uploads\/2026\/01\/001-1536x714.jpg 1536w, https:\/\/periodicocentroccidente.com\/wp-content\/uploads\/2026\/01\/001.jpg 1901w\" sizes=\"auto, (max-width: 300px) 100vw, 300px\" \/><\/p>\n<p><img loading=\"lazy\" decoding=\"async\" class=\"alignnone size-medium wp-image-5244\" src=\"https:\/\/periodicocentroccidente.com\/wp-content\/uploads\/2026\/01\/002-300x178.jpg\" alt=\"\" width=\"300\" height=\"178\" srcset=\"https:\/\/periodicocentroccidente.com\/wp-content\/uploads\/2026\/01\/002-300x178.jpg 300w, https:\/\/periodicocentroccidente.com\/wp-content\/uploads\/2026\/01\/002-1024x606.jpg 1024w, https:\/\/periodicocentroccidente.com\/wp-content\/uploads\/2026\/01\/002-768x455.jpg 768w, https:\/\/periodicocentroccidente.com\/wp-content\/uploads\/2026\/01\/002-1536x909.jpg 1536w, https:\/\/periodicocentroccidente.com\/wp-content\/uploads\/2026\/01\/002-2048x1212.jpg 2048w\" sizes=\"auto, (max-width: 300px) 100vw, 300px\" \/><\/p>\n<p>&nbsp;<\/p>\n","protected":false},"excerpt":{"rendered":"<p>Especial.- Alegr&iacute;a contagiante y extraordinario ambiente rein&oacute; durante un reencuentro entre leyendas deportivas del municipio Guanare en el marco de las festividades de la semana del deporte. El emotivo brindis tuvo como sede el Complejo Eleoccidente de esta ciudad. Un agasajo inolvidable por parte del dirigente Javier Valladares para estos ilustres personajes. Representantes de los &hellip;<\/p>\n","protected":false},"author":2,"featured_media":5243,"comment_status":"open","ping_status":"open","sticky":false,"template":"","format":"standard","meta":{"_jetpack_memberships_contains_paid_content":false,"footnotes":""},"categories":[127],"tags":[],"class_list":["post-5242","post","type-post","status-publish","format-standard","has-post-thumbnail","hentry","category-noticias-recientes"],"yoast_head":"<!-- This site is optimized with the Yoast SEO plugin v24.8.1 - https:\/\/yoast.com\/wordpress\/plugins\/seo\/ -->\n<title>Extraordinario compartir entre atletas y leyendas deportivas -<\/title>\n<meta name=\"robots\" content=\"index, follow, max-snippet:-1, max-image-preview:large, max-video-preview:-1\" \/>\n<link rel=\"canonical\" href=\"https:\/\/periodicocentroccidente.com\/?p=5242\" \/>\n<meta property=\"og:locale\" content=\"es_ES\" \/>\n<meta property=\"og:type\" content=\"article\" \/>\n<meta property=\"og:title\" content=\"Extraordinario compartir entre atletas y leyendas deportivas -\" \/>\n<meta property=\"og:description\" content=\"Especial.- Alegr&iacute;a contagiante y extraordinario ambiente rein&oacute; durante un reencuentro entre leyendas deportivas del municipio Guanare en el marco de las festividades de la semana del deporte. El emotivo brindis tuvo como sede el Complejo Eleoccidente de esta ciudad. Un agasajo inolvidable por parte del dirigente Javier Valladares para estos ilustres personajes. Representantes de los &hellip;\" \/>\n<meta property=\"og:url\" content=\"https:\/\/periodicocentroccidente.com\/?p=5242\" \/>\n<meta property=\"article:published_time\" content=\"2026-01-14T16:36:11+00:00\" \/>\n<meta property=\"og:image\" content=\"https:\/\/periodicocentroccidente.com\/wp-content\/uploads\/2026\/01\/003-scaled.jpg\" \/>\n\t<meta property=\"og:image:width\" content=\"2560\" \/>\n\t<meta property=\"og:image:height\" content=\"1606\" \/>\n\t<meta property=\"og:image:type\" content=\"image\/jpeg\" \/>\n<meta name=\"author\" content=\"Ricardo\" \/>\n<meta name=\"twitter:card\" content=\"summary_large_image\" \/>\n<meta name=\"twitter:label1\" content=\"Escrito por\" \/>\n\t<meta name=\"twitter:data1\" content=\"Ricardo\" \/>\n\t<meta name=\"twitter:label2\" content=\"Tiempo de lectura\" \/>\n\t<meta name=\"twitter:data2\" content=\"2 minutos\" \/>\n<script type=\"application\/ld+json\" class=\"yoast-schema-graph\">{\"@context\":\"https:\/\/schema.org\",\"@graph\":[{\"@type\":\"WebPage\",\"@id\":\"https:\/\/periodicocentroccidente.com\/?p=5242\",\"url\":\"https:\/\/periodicocentroccidente.com\/?p=5242\",\"name\":\"Extraordinario compartir entre atletas y leyendas deportivas -\",\"isPartOf\":{\"@id\":\"https:\/\/periodicocentroccidente.com\/#website\"},\"primaryImageOfPage\":{\"@id\":\"https:\/\/periodicocentroccidente.com\/?p=5242#primaryimage\"},\"image\":{\"@id\":\"https:\/\/periodicocentroccidente.com\/?p=5242#primaryimage\"},\"thumbnailUrl\":\"https:\/\/periodicocentroccidente.com\/wp-content\/uploads\/2026\/01\/003-scaled.jpg\",\"datePublished\":\"2026-01-14T16:36:11+00:00\",\"author\":{\"@id\":\"https:\/\/periodicocentroccidente.com\/#\/schema\/person\/f4e4a651098f3db198244657b7130e7e\"},\"breadcrumb\":{\"@id\":\"https:\/\/periodicocentroccidente.com\/?p=5242#breadcrumb\"},\"inLanguage\":\"es\",\"potentialAction\":[{\"@type\":\"ReadAction\",\"target\":[\"https:\/\/periodicocentroccidente.com\/?p=5242\"]}]},{\"@type\":\"ImageObject\",\"inLanguage\":\"es\",\"@id\":\"https:\/\/periodicocentroccidente.com\/?p=5242#primaryimage\",\"url\":\"https:\/\/periodicocentroccidente.com\/wp-content\/uploads\/2026\/01\/003-scaled.jpg\",\"contentUrl\":\"https:\/\/periodicocentroccidente.com\/wp-content\/uploads\/2026\/01\/003-scaled.jpg\",\"width\":2560,\"height\":1606},{\"@type\":\"BreadcrumbList\",\"@id\":\"https:\/\/periodicocentroccidente.com\/?p=5242#breadcrumb\",\"itemListElement\":[{\"@type\":\"ListItem\",\"position\":1,\"name\":\"Portada\",\"item\":\"https:\/\/periodicocentroccidente.com\/\"},{\"@type\":\"ListItem\",\"position\":2,\"name\":\"Extraordinario compartir entre atletas y leyendas deportivas\"}]},{\"@type\":\"WebSite\",\"@id\":\"https:\/\/periodicocentroccidente.com\/#website\",\"url\":\"https:\/\/periodicocentroccidente.com\/\",\"name\":\"\",\"description\":\"Periodismo serio y responsable\",\"potentialAction\":[{\"@type\":\"SearchAction\",\"target\":{\"@type\":\"EntryPoint\",\"urlTemplate\":\"https:\/\/periodicocentroccidente.com\/?s={search_term_string}\"},\"query-input\":{\"@type\":\"PropertyValueSpecification\",\"valueRequired\":true,\"valueName\":\"search_term_string\"}}],\"inLanguage\":\"es\"},{\"@type\":\"Person\",\"@id\":\"https:\/\/periodicocentroccidente.com\/#\/schema\/person\/f4e4a651098f3db198244657b7130e7e\",\"name\":\"Ricardo\",\"image\":{\"@type\":\"ImageObject\",\"inLanguage\":\"es\",\"@id\":\"https:\/\/periodicocentroccidente.com\/#\/schema\/person\/image\/\",\"url\":\"https:\/\/secure.gravatar.com\/avatar\/402e6137108ec0fdaa7809184382fb1dd2f8b00264c1d945d341f2b8f90db429?s=96&d=mm&r=g\",\"contentUrl\":\"https:\/\/secure.gravatar.com\/avatar\/402e6137108ec0fdaa7809184382fb1dd2f8b00264c1d945d341f2b8f90db429?s=96&d=mm&r=g\",\"caption\":\"Ricardo\"},\"url\":\"https:\/\/periodicocentroccidente.com\/?author=2\"}]}<\/script>\n<!-- \/ Yoast SEO plugin. -->","yoast_head_json":{"title":"Extraordinario compartir entre atletas y leyendas deportivas -","robots":{"index":"index","follow":"follow","max-snippet":"max-snippet:-1","max-image-preview":"max-image-preview:large","max-video-preview":"max-video-preview:-1"},"canonical":"https:\/\/periodicocentroccidente.com\/?p=5242","og_locale":"es_ES","og_type":"article","og_title":"Extraordinario compartir entre atletas y leyendas deportivas -","og_description":"Especial.- Alegr&iacute;a contagiante y extraordinario ambiente rein&oacute; durante un reencuentro entre leyendas deportivas del municipio Guanare en el marco de las festividades de la semana del deporte. El emotivo brindis tuvo como sede el Complejo Eleoccidente de esta ciudad. Un agasajo inolvidable por parte del dirigente Javier Valladares para estos ilustres personajes. Representantes de los &hellip;","og_url":"https:\/\/periodicocentroccidente.com\/?p=5242","article_published_time":"2026-01-14T16:36:11+00:00","og_image":[{"width":2560,"height":1606,"url":"https:\/\/periodicocentroccidente.com\/wp-content\/uploads\/2026\/01\/003-scaled.jpg","type":"image\/jpeg"}],"author":"Ricardo","twitter_card":"summary_large_image","twitter_misc":{"Escrito por":"Ricardo","Tiempo de lectura":"2 minutos"},"schema":{"@context":"https:\/\/schema.org","@graph":[{"@type":"WebPage","@id":"https:\/\/periodicocentroccidente.com\/?p=5242","url":"https:\/\/periodicocentroccidente.com\/?p=5242","name":"Extraordinario compartir entre atletas y leyendas deportivas -","isPartOf":{"@id":"https:\/\/periodicocentroccidente.com\/#website"},"primaryImageOfPage":{"@id":"https:\/\/periodicocentroccidente.com\/?p=5242#primaryimage"},"image":{"@id":"https:\/\/periodicocentroccidente.com\/?p=5242#primaryimage"},"thumbnailUrl":"https:\/\/periodicocentroccidente.com\/wp-content\/uploads\/2026\/01\/003-scaled.jpg","datePublished":"2026-01-14T16:36:11+00:00","author":{"@id":"https:\/\/periodicocentroccidente.com\/#\/schema\/person\/f4e4a651098f3db198244657b7130e7e"},"breadcrumb":{"@id":"https:\/\/periodicocentroccidente.com\/?p=5242#breadcrumb"},"inLanguage":"es","potentialAction":[{"@type":"ReadAction","target":["https:\/\/periodicocentroccidente.com\/?p=5242"]}]},{"@type":"ImageObject","inLanguage":"es","@id":"https:\/\/periodicocentroccidente.com\/?p=5242#primaryimage","url":"https:\/\/periodicocentroccidente.com\/wp-content\/uploads\/2026\/01\/003-scaled.jpg","contentUrl":"https:\/\/periodicocentroccidente.com\/wp-content\/uploads\/2026\/01\/003-scaled.jpg","width":2560,"height":1606},{"@type":"BreadcrumbList","@id":"https:\/\/periodicocentroccidente.com\/?p=5242#breadcrumb","itemListElement":[{"@type":"ListItem","position":1,"name":"Portada","item":"https:\/\/periodicocentroccidente.com\/"},{"@type":"ListItem","position":2,"name":"Extraordinario compartir entre atletas y leyendas deportivas"}]},{"@type":"WebSite","@id":"https:\/\/periodicocentroccidente.com\/#website","url":"https:\/\/periodicocentroccidente.com\/","name":"","description":"Periodismo serio y responsable","potentialAction":[{"@type":"SearchAction","target":{"@type":"EntryPoint","urlTemplate":"https:\/\/periodicocentroccidente.com\/?s={search_term_string}"},"query-input":{"@type":"PropertyValueSpecification","valueRequired":true,"valueName":"search_term_string"}}],"inLanguage":"es"},{"@type":"Person","@id":"https:\/\/periodicocentroccidente.com\/#\/schema\/person\/f4e4a651098f3db198244657b7130e7e","name":"Ricardo","image":{"@type":"ImageObject","inLanguage":"es","@id":"https:\/\/periodicocentroccidente.com\/#\/schema\/person\/image\/","url":"https:\/\/secure.gravatar.com\/avatar\/402e6137108ec0fdaa7809184382fb1dd2f8b00264c1d945d341f2b8f90db429?s=96&d=mm&r=g","contentUrl":"https:\/\/secure.gravatar.com\/avatar\/402e6137108ec0fdaa7809184382fb1dd2f8b00264c1d945d341f2b8f90db429?s=96&d=mm&r=g","caption":"Ricardo"},"url":"https:\/\/periodicocentroccidente.com\/?author=2"}]}},"jetpack_featured_media_url":"https:\/\/periodicocentroccidente.com\/wp-content\/uploads\/2026\/01\/003-scaled.jpg","jetpack_sharing_enabled":true,"jetpack-related-posts":[],"_links":{"self":[{"href":"https:\/\/periodicocentroccidente.com\/index.php?rest_route=\/wp\/v2\/posts\/5242","targetHints":{"allow":["GET"]}}],"collection":[{"href":"https:\/\/periodicocentroccidente.com\/index.php?rest_route=\/wp\/v2\/posts"}],"about":[{"href":"https:\/\/periodicocentroccidente.com\/index.php?rest_route=\/wp\/v2\/types\/post"}],"author":[{"embeddable":true,"href":"https:\/\/periodicocentroccidente.com\/index.php?rest_route=\/wp\/v2\/users\/2"}],"replies":[{"embeddable":true,"href":"https:\/\/periodicocentroccidente.com\/index.php?rest_route=%2Fwp%2Fv2%2Fcomments&post=5242"}],"version-history":[{"count":1,"href":"https:\/\/periodicocentroccidente.com\/index.php?rest_route=\/wp\/v2\/posts\/5242\/revisions"}],"predecessor-version":[{"id":5246,"href":"https:\/\/periodicocentroccidente.com\/index.php?rest_route=\/wp\/v2\/posts\/5242\/revisions\/5246"}],"wp:featuredmedia":[{"embeddable":true,"href":"https:\/\/periodicocentroccidente.com\/index.php?rest_route=\/wp\/v2\/media\/5243"}],"wp:attachment":[{"href":"https:\/\/periodicocentroccidente.com\/index.php?rest_route=%2Fwp%2Fv2%2Fmedia&parent=5242"}],"wp:term":[{"taxonomy":"category","embeddable":true,"href":"https:\/\/periodicocentroccidente.com\/index.php?rest_route=%2Fwp%2Fv2%2Fcategories&post=5242"},{"taxonomy":"post_tag","embeddable":true,"href":"https:\/\/periodicocentroccidente.com\/index.php?rest_route=%2Fwp%2Fv2%2Ftags&post=5242"}],"curies":[{"name":"wp","href":"https:\/\/api.w.org\/{rel}","templated":true}]}}