{"id":5224,"date":"2026-01-13T20:57:55","date_gmt":"2026-01-13T20:57:55","guid":{"rendered":"https:\/\/periodicocentroccidente.com\/?p=5224"},"modified":"2026-01-13T20:57:55","modified_gmt":"2026-01-13T20:57:55","slug":"ratificada-junta-directiva-del-concejo-municipal-de-sucre-para-el-periodo-2026-2027","status":"publish","type":"post","link":"https:\/\/periodicocentroccidente.com\/?p=5224","title":{"rendered":"Ratificada Junta Directiva del Concejo Municipal de Sucre para el per\u00edodo 2026-2027"},"content":{"rendered":"<p><strong>Especial.-<\/strong><\/p>\n<p>En una sesi\u00f3n marcada por el compromiso institucional y el llamado a la soberan\u00eda, el Concejo Municipal Bolivariano de Sucre (Zulia) instal\u00f3 formalmente su nuevo per\u00edodo legislativo 2026-2027. Por mayor\u00eda absoluta, el cuerpo de ediles ratific\u00f3 a la directiva saliente para continuar al frente de la c\u00e1mara durante el nuevo ejercicio.<br \/>\nLa estructura legislativa se mantiene liderada por:<br \/>\n<strong>\u200bZulma Mu\u00f1oz: Presidenta.<\/strong><br \/>\n<strong>\u200bZenaida Gonz\u00e1lez: Vicepresidenta.<\/strong><br \/>\n<strong>\u200bLuis Manrique: Secretario de C\u00e1mara.<\/strong><br \/>\n<strong>\u200bStefan\u00eda Torres: Subsecretaria.<\/strong><\/p>\n<p><strong>Juramentaci\u00f3n y compromiso soberano<\/strong><br \/>\nTras ser juramentada por el alcalde Yonys Gonz\u00e1lez, la presidenta Zulma Mu\u00f1oz expres\u00f3 su agradecimiento a Dios y a su equipo de trabajo. Sin embargo, su discurso tom\u00f3 un tono firme al abordar la coyuntura pol\u00edtica nacional.<br \/>\nMu\u00f1oz, denunci\u00f3 lo que calific\u00f3 como una \u00abagresi\u00f3n militar sin precedentes\u00bb por parte de Estados Unidos, refiri\u00e9ndose a la situaci\u00f3n del presidente Nicol\u00e1s Maduro y la primera dama, Cilia Flores.<br \/>\n\u200b\u00bbNos corresponde defender la soberan\u00eda y la paz nacional. No olvidemos que somos un pueblo libre gracias a nuestro Libertador Sim\u00f3n Bol\u00edvar\u00bb, enfatiz\u00f3 la presidenta del ente legislativo.<\/p>\n<p><strong>Un llamado a la unidad<\/strong><br \/>\nDurante su intervenci\u00f3n, la titular del Concejo exhort\u00f3 a los concejales y a la ciudadan\u00eda a mantener la templanza frente a los desaf\u00edos actuales. Hizo un llamado directo a evitar la desesperanza y las provocaciones externas.<br \/>\n\u200b\u00bbMantengamos la unidad y la conciencia. Hoy m\u00e1s que nunca, el Zulia y toda Venezuela deben hablar con una sola voz: no al intervencionismo, s\u00ed a la paz con justicia\u00bb, sentenci\u00f3 Mu\u00f1oz ante la plenaria.<br \/>\nRespaldo institucional<br \/>\n\u200bLa sesi\u00f3n cont\u00f3 con la participaci\u00f3n de los ediles Sindy Borjas, Gustavo Romero, Teide Vivas, Gerardo Estrada y Germ\u00e1n Valbuena. Asimismo, estuvieron presentes autoridades civiles, representantes de las fuerzas vivas de la localidad, directivos de la Alcald\u00eda y el poder popular, quienes respaldaron la continuidad de la gesti\u00f3n legislativa en el municipio.<\/p>\n<p><strong>Luis Alonso Cede\u00f1o\/ zona panamericana y Sur del Lago \u00a0<\/strong><\/p>\n<p><img loading=\"lazy\" decoding=\"async\" class=\"alignnone size-medium wp-image-5226\" src=\"https:\/\/periodicocentroccidente.com\/wp-content\/uploads\/2026\/01\/1002651955-300x225.jpg\" alt=\"\" width=\"300\" height=\"225\" srcset=\"https:\/\/periodicocentroccidente.com\/wp-content\/uploads\/2026\/01\/1002651955-300x225.jpg 300w, https:\/\/periodicocentroccidente.com\/wp-content\/uploads\/2026\/01\/1002651955-1024x768.jpg 1024w, https:\/\/periodicocentroccidente.com\/wp-content\/uploads\/2026\/01\/1002651955-768x576.jpg 768w, https:\/\/periodicocentroccidente.com\/wp-content\/uploads\/2026\/01\/1002651955.jpg 1280w\" sizes=\"auto, (max-width: 300px) 100vw, 300px\" \/>\u00a0 \u00a0 \u00a0 <img loading=\"lazy\" decoding=\"async\" class=\"alignnone size-medium wp-image-5227\" src=\"https:\/\/periodicocentroccidente.com\/wp-content\/uploads\/2026\/01\/1002651956-300x225.jpg\" alt=\"\" width=\"300\" height=\"225\" srcset=\"https:\/\/periodicocentroccidente.com\/wp-content\/uploads\/2026\/01\/1002651956-300x225.jpg 300w, https:\/\/periodicocentroccidente.com\/wp-content\/uploads\/2026\/01\/1002651956-1024x768.jpg 1024w, https:\/\/periodicocentroccidente.com\/wp-content\/uploads\/2026\/01\/1002651956-768x576.jpg 768w, https:\/\/periodicocentroccidente.com\/wp-content\/uploads\/2026\/01\/1002651956.jpg 1280w\" sizes=\"auto, (max-width: 300px) 100vw, 300px\" \/><\/p>\n","protected":false},"excerpt":{"rendered":"<p>Especial.- En una sesi&oacute;n marcada por el compromiso institucional y el llamado a la soberan&iacute;a, el Concejo Municipal Bolivariano de Sucre (Zulia) instal&oacute; formalmente su nuevo per&iacute;odo legislativo 2026-2027. Por mayor&iacute;a absoluta, el cuerpo de ediles ratific&oacute; a la directiva saliente para continuar al frente de la c&aacute;mara durante el nuevo ejercicio. La estructura legislativa &hellip;<\/p>\n","protected":false},"author":2,"featured_media":5225,"comment_status":"open","ping_status":"open","sticky":false,"template":"","format":"standard","meta":{"_jetpack_memberships_contains_paid_content":false,"footnotes":""},"categories":[127],"tags":[],"class_list":["post-5224","post","type-post","status-publish","format-standard","has-post-thumbnail","hentry","category-noticias-recientes"],"yoast_head":"<!-- This site is optimized with the Yoast SEO plugin v24.8.1 - https:\/\/yoast.com\/wordpress\/plugins\/seo\/ -->\n<title>Ratificada Junta Directiva del Concejo Municipal de Sucre para el per\u00edodo 2026-2027 -<\/title>\n<meta name=\"robots\" content=\"index, follow, max-snippet:-1, max-image-preview:large, max-video-preview:-1\" \/>\n<link rel=\"canonical\" href=\"https:\/\/periodicocentroccidente.com\/?p=5224\" \/>\n<meta property=\"og:locale\" content=\"es_ES\" \/>\n<meta property=\"og:type\" content=\"article\" \/>\n<meta property=\"og:title\" content=\"Ratificada Junta Directiva del Concejo Municipal de Sucre para el per\u00edodo 2026-2027 -\" \/>\n<meta property=\"og:description\" content=\"Especial.- En una sesi&oacute;n marcada por el compromiso institucional y el llamado a la soberan&iacute;a, el Concejo Municipal Bolivariano de Sucre (Zulia) instal&oacute; formalmente su nuevo per&iacute;odo legislativo 2026-2027. Por mayor&iacute;a absoluta, el cuerpo de ediles ratific&oacute; a la directiva saliente para continuar al frente de la c&aacute;mara durante el nuevo ejercicio. La estructura legislativa &hellip;\" \/>\n<meta property=\"og:url\" content=\"https:\/\/periodicocentroccidente.com\/?p=5224\" \/>\n<meta property=\"article:published_time\" content=\"2026-01-13T20:57:55+00:00\" \/>\n<meta property=\"og:image\" content=\"https:\/\/periodicocentroccidente.com\/wp-content\/uploads\/2026\/01\/1002651954.jpg\" \/>\n\t<meta property=\"og:image:width\" content=\"1280\" \/>\n\t<meta property=\"og:image:height\" content=\"960\" \/>\n\t<meta property=\"og:image:type\" content=\"image\/jpeg\" \/>\n<meta name=\"author\" content=\"Ricardo\" \/>\n<meta name=\"twitter:card\" content=\"summary_large_image\" \/>\n<meta name=\"twitter:label1\" content=\"Escrito por\" \/>\n\t<meta name=\"twitter:data1\" content=\"Ricardo\" \/>\n\t<meta name=\"twitter:label2\" content=\"Tiempo de lectura\" \/>\n\t<meta name=\"twitter:data2\" content=\"3 minutos\" \/>\n<script type=\"application\/ld+json\" class=\"yoast-schema-graph\">{\"@context\":\"https:\/\/schema.org\",\"@graph\":[{\"@type\":\"WebPage\",\"@id\":\"https:\/\/periodicocentroccidente.com\/?p=5224\",\"url\":\"https:\/\/periodicocentroccidente.com\/?p=5224\",\"name\":\"Ratificada Junta Directiva del Concejo Municipal de Sucre para el per\u00edodo 2026-2027 -\",\"isPartOf\":{\"@id\":\"https:\/\/periodicocentroccidente.com\/#website\"},\"primaryImageOfPage\":{\"@id\":\"https:\/\/periodicocentroccidente.com\/?p=5224#primaryimage\"},\"image\":{\"@id\":\"https:\/\/periodicocentroccidente.com\/?p=5224#primaryimage\"},\"thumbnailUrl\":\"https:\/\/periodicocentroccidente.com\/wp-content\/uploads\/2026\/01\/1002651954.jpg\",\"datePublished\":\"2026-01-13T20:57:55+00:00\",\"author\":{\"@id\":\"https:\/\/periodicocentroccidente.com\/#\/schema\/person\/f4e4a651098f3db198244657b7130e7e\"},\"breadcrumb\":{\"@id\":\"https:\/\/periodicocentroccidente.com\/?p=5224#breadcrumb\"},\"inLanguage\":\"es\",\"potentialAction\":[{\"@type\":\"ReadAction\",\"target\":[\"https:\/\/periodicocentroccidente.com\/?p=5224\"]}]},{\"@type\":\"ImageObject\",\"inLanguage\":\"es\",\"@id\":\"https:\/\/periodicocentroccidente.com\/?p=5224#primaryimage\",\"url\":\"https:\/\/periodicocentroccidente.com\/wp-content\/uploads\/2026\/01\/1002651954.jpg\",\"contentUrl\":\"https:\/\/periodicocentroccidente.com\/wp-content\/uploads\/2026\/01\/1002651954.jpg\",\"width\":1280,\"height\":960},{\"@type\":\"BreadcrumbList\",\"@id\":\"https:\/\/periodicocentroccidente.com\/?p=5224#breadcrumb\",\"itemListElement\":[{\"@type\":\"ListItem\",\"position\":1,\"name\":\"Portada\",\"item\":\"https:\/\/periodicocentroccidente.com\/\"},{\"@type\":\"ListItem\",\"position\":2,\"name\":\"Ratificada Junta Directiva del Concejo Municipal de Sucre para el per\u00edodo 2026-2027\"}]},{\"@type\":\"WebSite\",\"@id\":\"https:\/\/periodicocentroccidente.com\/#website\",\"url\":\"https:\/\/periodicocentroccidente.com\/\",\"name\":\"\",\"description\":\"Periodismo serio y responsable\",\"potentialAction\":[{\"@type\":\"SearchAction\",\"target\":{\"@type\":\"EntryPoint\",\"urlTemplate\":\"https:\/\/periodicocentroccidente.com\/?s={search_term_string}\"},\"query-input\":{\"@type\":\"PropertyValueSpecification\",\"valueRequired\":true,\"valueName\":\"search_term_string\"}}],\"inLanguage\":\"es\"},{\"@type\":\"Person\",\"@id\":\"https:\/\/periodicocentroccidente.com\/#\/schema\/person\/f4e4a651098f3db198244657b7130e7e\",\"name\":\"Ricardo\",\"image\":{\"@type\":\"ImageObject\",\"inLanguage\":\"es\",\"@id\":\"https:\/\/periodicocentroccidente.com\/#\/schema\/person\/image\/\",\"url\":\"https:\/\/secure.gravatar.com\/avatar\/402e6137108ec0fdaa7809184382fb1dd2f8b00264c1d945d341f2b8f90db429?s=96&d=mm&r=g\",\"contentUrl\":\"https:\/\/secure.gravatar.com\/avatar\/402e6137108ec0fdaa7809184382fb1dd2f8b00264c1d945d341f2b8f90db429?s=96&d=mm&r=g\",\"caption\":\"Ricardo\"},\"url\":\"https:\/\/periodicocentroccidente.com\/?author=2\"}]}<\/script>\n<!-- \/ Yoast SEO plugin. -->","yoast_head_json":{"title":"Ratificada Junta Directiva del Concejo Municipal de Sucre para el per\u00edodo 2026-2027 -","robots":{"index":"index","follow":"follow","max-snippet":"max-snippet:-1","max-image-preview":"max-image-preview:large","max-video-preview":"max-video-preview:-1"},"canonical":"https:\/\/periodicocentroccidente.com\/?p=5224","og_locale":"es_ES","og_type":"article","og_title":"Ratificada Junta Directiva del Concejo Municipal de Sucre para el per\u00edodo 2026-2027 -","og_description":"Especial.- En una sesi&oacute;n marcada por el compromiso institucional y el llamado a la soberan&iacute;a, el Concejo Municipal Bolivariano de Sucre (Zulia) instal&oacute; formalmente su nuevo per&iacute;odo legislativo 2026-2027. Por mayor&iacute;a absoluta, el cuerpo de ediles ratific&oacute; a la directiva saliente para continuar al frente de la c&aacute;mara durante el nuevo ejercicio. La estructura legislativa &hellip;","og_url":"https:\/\/periodicocentroccidente.com\/?p=5224","article_published_time":"2026-01-13T20:57:55+00:00","og_image":[{"width":1280,"height":960,"url":"https:\/\/periodicocentroccidente.com\/wp-content\/uploads\/2026\/01\/1002651954.jpg","type":"image\/jpeg"}],"author":"Ricardo","twitter_card":"summary_large_image","twitter_misc":{"Escrito por":"Ricardo","Tiempo de lectura":"3 minutos"},"schema":{"@context":"https:\/\/schema.org","@graph":[{"@type":"WebPage","@id":"https:\/\/periodicocentroccidente.com\/?p=5224","url":"https:\/\/periodicocentroccidente.com\/?p=5224","name":"Ratificada Junta Directiva del Concejo Municipal de Sucre para el per\u00edodo 2026-2027 -","isPartOf":{"@id":"https:\/\/periodicocentroccidente.com\/#website"},"primaryImageOfPage":{"@id":"https:\/\/periodicocentroccidente.com\/?p=5224#primaryimage"},"image":{"@id":"https:\/\/periodicocentroccidente.com\/?p=5224#primaryimage"},"thumbnailUrl":"https:\/\/periodicocentroccidente.com\/wp-content\/uploads\/2026\/01\/1002651954.jpg","datePublished":"2026-01-13T20:57:55+00:00","author":{"@id":"https:\/\/periodicocentroccidente.com\/#\/schema\/person\/f4e4a651098f3db198244657b7130e7e"},"breadcrumb":{"@id":"https:\/\/periodicocentroccidente.com\/?p=5224#breadcrumb"},"inLanguage":"es","potentialAction":[{"@type":"ReadAction","target":["https:\/\/periodicocentroccidente.com\/?p=5224"]}]},{"@type":"ImageObject","inLanguage":"es","@id":"https:\/\/periodicocentroccidente.com\/?p=5224#primaryimage","url":"https:\/\/periodicocentroccidente.com\/wp-content\/uploads\/2026\/01\/1002651954.jpg","contentUrl":"https:\/\/periodicocentroccidente.com\/wp-content\/uploads\/2026\/01\/1002651954.jpg","width":1280,"height":960},{"@type":"BreadcrumbList","@id":"https:\/\/periodicocentroccidente.com\/?p=5224#breadcrumb","itemListElement":[{"@type":"ListItem","position":1,"name":"Portada","item":"https:\/\/periodicocentroccidente.com\/"},{"@type":"ListItem","position":2,"name":"Ratificada Junta Directiva del Concejo Municipal de Sucre para el per\u00edodo 2026-2027"}]},{"@type":"WebSite","@id":"https:\/\/periodicocentroccidente.com\/#website","url":"https:\/\/periodicocentroccidente.com\/","name":"","description":"Periodismo serio y responsable","potentialAction":[{"@type":"SearchAction","target":{"@type":"EntryPoint","urlTemplate":"https:\/\/periodicocentroccidente.com\/?s={search_term_string}"},"query-input":{"@type":"PropertyValueSpecification","valueRequired":true,"valueName":"search_term_string"}}],"inLanguage":"es"},{"@type":"Person","@id":"https:\/\/periodicocentroccidente.com\/#\/schema\/person\/f4e4a651098f3db198244657b7130e7e","name":"Ricardo","image":{"@type":"ImageObject","inLanguage":"es","@id":"https:\/\/periodicocentroccidente.com\/#\/schema\/person\/image\/","url":"https:\/\/secure.gravatar.com\/avatar\/402e6137108ec0fdaa7809184382fb1dd2f8b00264c1d945d341f2b8f90db429?s=96&d=mm&r=g","contentUrl":"https:\/\/secure.gravatar.com\/avatar\/402e6137108ec0fdaa7809184382fb1dd2f8b00264c1d945d341f2b8f90db429?s=96&d=mm&r=g","caption":"Ricardo"},"url":"https:\/\/periodicocentroccidente.com\/?author=2"}]}},"jetpack_featured_media_url":"https:\/\/periodicocentroccidente.com\/wp-content\/uploads\/2026\/01\/1002651954.jpg","jetpack_sharing_enabled":true,"jetpack-related-posts":[],"_links":{"self":[{"href":"https:\/\/periodicocentroccidente.com\/index.php?rest_route=\/wp\/v2\/posts\/5224","targetHints":{"allow":["GET"]}}],"collection":[{"href":"https:\/\/periodicocentroccidente.com\/index.php?rest_route=\/wp\/v2\/posts"}],"about":[{"href":"https:\/\/periodicocentroccidente.com\/index.php?rest_route=\/wp\/v2\/types\/post"}],"author":[{"embeddable":true,"href":"https:\/\/periodicocentroccidente.com\/index.php?rest_route=\/wp\/v2\/users\/2"}],"replies":[{"embeddable":true,"href":"https:\/\/periodicocentroccidente.com\/index.php?rest_route=%2Fwp%2Fv2%2Fcomments&post=5224"}],"version-history":[{"count":1,"href":"https:\/\/periodicocentroccidente.com\/index.php?rest_route=\/wp\/v2\/posts\/5224\/revisions"}],"predecessor-version":[{"id":5228,"href":"https:\/\/periodicocentroccidente.com\/index.php?rest_route=\/wp\/v2\/posts\/5224\/revisions\/5228"}],"wp:featuredmedia":[{"embeddable":true,"href":"https:\/\/periodicocentroccidente.com\/index.php?rest_route=\/wp\/v2\/media\/5225"}],"wp:attachment":[{"href":"https:\/\/periodicocentroccidente.com\/index.php?rest_route=%2Fwp%2Fv2%2Fmedia&parent=5224"}],"wp:term":[{"taxonomy":"category","embeddable":true,"href":"https:\/\/periodicocentroccidente.com\/index.php?rest_route=%2Fwp%2Fv2%2Fcategories&post=5224"},{"taxonomy":"post_tag","embeddable":true,"href":"https:\/\/periodicocentroccidente.com\/index.php?rest_route=%2Fwp%2Fv2%2Ftags&post=5224"}],"curies":[{"name":"wp","href":"https:\/\/api.w.org\/{rel}","templated":true}]}}