{"id":5008,"date":"2025-12-14T19:59:00","date_gmt":"2025-12-14T19:59:00","guid":{"rendered":"https:\/\/periodicocentroccidente.com\/?p=5008"},"modified":"2025-12-14T19:59:00","modified_gmt":"2025-12-14T19:59:00","slug":"doctorado-en-ciencias-de-la-educacion-recibe-en-caracas-gioskamary-karina-vargas-mendez","status":"publish","type":"post","link":"https:\/\/periodicocentroccidente.com\/?p=5008","title":{"rendered":"Doctorado en Ciencias de la Educaci\u00f3n recibe en Caracas Gioskamary Karina Vargas Mendez"},"content":{"rendered":"<p><strong>Especial.-<\/strong><\/p>\n<div dir=\"auto\">El Movimiento de Maestros y Maestras Urdanetista Luis Beltr\u00e1n Prieto Figueroa extiende la m\u00e1s sinceras y calurosas felicitaciones, no solo por la meta alcanzada, sino por la materializaci\u00f3n de un sue\u00f1o transformador.<\/div>\n<div dir=\"auto\"><\/div>\n<div dir=\"auto\">Felicitaciones a nuestra Coordinadora Pol\u00edtica del Movimiento de Maestros y Maestras Urdanetista \u00abLuis Beltr\u00e1n Prieto Figueroa\u00bb en Portuguesa Gioskamary Karina Vargas Mendez por la meta alcanzada al recibir el Titulo de Doctora en Ciencias de la Educaci\u00f3n otorgado por la Universidad Latinoamericana del Caribe. logro que va mucho m\u00e1s all\u00e1 de un objetivo cumplido; es la cristalizaci\u00f3n de un compromiso profundo con la excelencia educativa y la dignificaci\u00f3n de nuestra profesi\u00f3n docente.<\/div>\n<div dir=\"auto\"><\/div>\n<div dir=\"auto\">Hoy comienza la creaci\u00f3n de las Comunidades de Aprendizaje como herramienta de estudio de 4to nivel para nuestros docentes es un paso monumental.<\/div>\n<div dir=\"auto\"><\/div>\n<div dir=\"auto\">Esto significa:<\/div>\n<div dir=\"auto\">\u00b7 Inversi\u00f3n en nuestro capital m\u00e1s valioso: el conocimiento y las capacidades de los y las maestras.<\/div>\n<div dir=\"auto\">\u00b7 Concreci\u00f3n de la formaci\u00f3n continua: llevando la especializaci\u00f3n a un nivel colaborativo y enraizado en nuestras realidades.<\/div>\n<div dir=\"auto\">\u00b7 Fortalecimiento colectivo: estas comunidades son el espacio perfecto para compartir experiencias, innovar en pedagog\u00eda y construir soluciones conjuntas.<\/div>\n<div dir=\"auto\">\u00b7 Honra al legado de Prieto Figueroa: materializamos su visi\u00f3n de una educaci\u00f3n popular, democr\u00e1tica y de alta calidad, impulsada por docentes bien formados y cr\u00edticos.<\/div>\n<div dir=\"auto\"><\/div>\n<div dir=\"auto\">Este logro es un faro que ilumina el camino. No es solo un programa de estudios; es la construcci\u00f3n de una red viva de saberes, un ecosistema donde el magisterio de Portuguesa se fortalece, se renueva y se proyecta con mayor poder transformador.<\/div>\n<div dir=\"auto\"><\/div>\n<div dir=\"auto\">\u00a1Enhorabuena por esta victoria colectiva! Que estas Comunidades de Aprendizaje sean el semillero donde germinen las ideas que seguir\u00e1n elevando la educaci\u00f3n de nuestro estado y de Venezuela.<\/div>\n<div dir=\"auto\"><\/div>\n<div dir=\"auto\">Con profundo reconocimiento y alegr\u00eda,<\/div>\n<div dir=\"auto\">\u00a1Sigamos construyendo,formando y transformando!<\/div>\n<div dir=\"auto\"><\/div>\n<div dir=\"auto\"><img loading=\"lazy\" decoding=\"async\" class=\"alignnone size-medium wp-image-5009\" src=\"https:\/\/periodicocentroccidente.com\/wp-content\/uploads\/2025\/12\/1007118661-225x300.jpg\" alt=\"\" width=\"225\" height=\"300\" srcset=\"https:\/\/periodicocentroccidente.com\/wp-content\/uploads\/2025\/12\/1007118661-225x300.jpg 225w, https:\/\/periodicocentroccidente.com\/wp-content\/uploads\/2025\/12\/1007118661-768x1024.jpg 768w, https:\/\/periodicocentroccidente.com\/wp-content\/uploads\/2025\/12\/1007118661.jpg 960w\" sizes=\"auto, (max-width: 225px) 100vw, 225px\" \/><\/div>\n<div dir=\"auto\"><\/div>\n","protected":false},"excerpt":{"rendered":"<p>Especial.- El Movimiento de Maestros y Maestras Urdanetista Luis Beltr&aacute;n Prieto Figueroa extiende la m&aacute;s sinceras y calurosas felicitaciones, no solo por la meta alcanzada, sino por la materializaci&oacute;n de un sue&ntilde;o transformador. Felicitaciones a nuestra Coordinadora Pol&iacute;tica del Movimiento de Maestros y Maestras Urdanetista &laquo;Luis Beltr&aacute;n Prieto Figueroa&raquo; en Portuguesa Gioskamary Karina Vargas Mendez &hellip;<\/p>\n","protected":false},"author":2,"featured_media":5010,"comment_status":"open","ping_status":"open","sticky":false,"template":"","format":"standard","meta":{"_jetpack_memberships_contains_paid_content":false,"footnotes":""},"categories":[127],"tags":[],"class_list":["post-5008","post","type-post","status-publish","format-standard","has-post-thumbnail","hentry","category-noticias-recientes"],"yoast_head":"<!-- This site is optimized with the Yoast SEO plugin v24.8.1 - https:\/\/yoast.com\/wordpress\/plugins\/seo\/ -->\n<title>Doctorado en Ciencias de la Educaci\u00f3n recibe en Caracas Gioskamary Karina Vargas Mendez -<\/title>\n<meta name=\"robots\" content=\"index, follow, max-snippet:-1, max-image-preview:large, max-video-preview:-1\" \/>\n<link rel=\"canonical\" href=\"https:\/\/periodicocentroccidente.com\/?p=5008\" \/>\n<meta property=\"og:locale\" content=\"es_ES\" \/>\n<meta property=\"og:type\" content=\"article\" \/>\n<meta property=\"og:title\" content=\"Doctorado en Ciencias de la Educaci\u00f3n recibe en Caracas Gioskamary Karina Vargas Mendez -\" \/>\n<meta property=\"og:description\" content=\"Especial.- El Movimiento de Maestros y Maestras Urdanetista Luis Beltr&aacute;n Prieto Figueroa extiende la m&aacute;s sinceras y calurosas felicitaciones, no solo por la meta alcanzada, sino por la materializaci&oacute;n de un sue&ntilde;o transformador. Felicitaciones a nuestra Coordinadora Pol&iacute;tica del Movimiento de Maestros y Maestras Urdanetista &laquo;Luis Beltr&aacute;n Prieto Figueroa&raquo; en Portuguesa Gioskamary Karina Vargas Mendez &hellip;\" \/>\n<meta property=\"og:url\" content=\"https:\/\/periodicocentroccidente.com\/?p=5008\" \/>\n<meta property=\"article:published_time\" content=\"2025-12-14T19:59:00+00:00\" \/>\n<meta property=\"og:image\" content=\"https:\/\/periodicocentroccidente.com\/wp-content\/uploads\/2025\/12\/1007118662.jpg\" \/>\n\t<meta property=\"og:image:width\" content=\"1280\" \/>\n\t<meta property=\"og:image:height\" content=\"960\" \/>\n\t<meta property=\"og:image:type\" content=\"image\/jpeg\" \/>\n<meta name=\"author\" content=\"Ricardo\" \/>\n<meta name=\"twitter:card\" content=\"summary_large_image\" \/>\n<meta name=\"twitter:label1\" content=\"Escrito por\" \/>\n\t<meta name=\"twitter:data1\" content=\"Ricardo\" \/>\n\t<meta name=\"twitter:label2\" content=\"Tiempo de lectura\" \/>\n\t<meta name=\"twitter:data2\" content=\"2 minutos\" \/>\n<script type=\"application\/ld+json\" class=\"yoast-schema-graph\">{\"@context\":\"https:\/\/schema.org\",\"@graph\":[{\"@type\":\"WebPage\",\"@id\":\"https:\/\/periodicocentroccidente.com\/?p=5008\",\"url\":\"https:\/\/periodicocentroccidente.com\/?p=5008\",\"name\":\"Doctorado en Ciencias de la Educaci\u00f3n recibe en Caracas Gioskamary Karina Vargas Mendez -\",\"isPartOf\":{\"@id\":\"https:\/\/periodicocentroccidente.com\/#website\"},\"primaryImageOfPage\":{\"@id\":\"https:\/\/periodicocentroccidente.com\/?p=5008#primaryimage\"},\"image\":{\"@id\":\"https:\/\/periodicocentroccidente.com\/?p=5008#primaryimage\"},\"thumbnailUrl\":\"https:\/\/periodicocentroccidente.com\/wp-content\/uploads\/2025\/12\/1007118662.jpg\",\"datePublished\":\"2025-12-14T19:59:00+00:00\",\"author\":{\"@id\":\"https:\/\/periodicocentroccidente.com\/#\/schema\/person\/f4e4a651098f3db198244657b7130e7e\"},\"breadcrumb\":{\"@id\":\"https:\/\/periodicocentroccidente.com\/?p=5008#breadcrumb\"},\"inLanguage\":\"es\",\"potentialAction\":[{\"@type\":\"ReadAction\",\"target\":[\"https:\/\/periodicocentroccidente.com\/?p=5008\"]}]},{\"@type\":\"ImageObject\",\"inLanguage\":\"es\",\"@id\":\"https:\/\/periodicocentroccidente.com\/?p=5008#primaryimage\",\"url\":\"https:\/\/periodicocentroccidente.com\/wp-content\/uploads\/2025\/12\/1007118662.jpg\",\"contentUrl\":\"https:\/\/periodicocentroccidente.com\/wp-content\/uploads\/2025\/12\/1007118662.jpg\",\"width\":1280,\"height\":960},{\"@type\":\"BreadcrumbList\",\"@id\":\"https:\/\/periodicocentroccidente.com\/?p=5008#breadcrumb\",\"itemListElement\":[{\"@type\":\"ListItem\",\"position\":1,\"name\":\"Portada\",\"item\":\"https:\/\/periodicocentroccidente.com\/\"},{\"@type\":\"ListItem\",\"position\":2,\"name\":\"Doctorado en Ciencias de la Educaci\u00f3n recibe en Caracas Gioskamary Karina Vargas Mendez\"}]},{\"@type\":\"WebSite\",\"@id\":\"https:\/\/periodicocentroccidente.com\/#website\",\"url\":\"https:\/\/periodicocentroccidente.com\/\",\"name\":\"\",\"description\":\"Periodismo serio y responsable\",\"potentialAction\":[{\"@type\":\"SearchAction\",\"target\":{\"@type\":\"EntryPoint\",\"urlTemplate\":\"https:\/\/periodicocentroccidente.com\/?s={search_term_string}\"},\"query-input\":{\"@type\":\"PropertyValueSpecification\",\"valueRequired\":true,\"valueName\":\"search_term_string\"}}],\"inLanguage\":\"es\"},{\"@type\":\"Person\",\"@id\":\"https:\/\/periodicocentroccidente.com\/#\/schema\/person\/f4e4a651098f3db198244657b7130e7e\",\"name\":\"Ricardo\",\"image\":{\"@type\":\"ImageObject\",\"inLanguage\":\"es\",\"@id\":\"https:\/\/periodicocentroccidente.com\/#\/schema\/person\/image\/\",\"url\":\"https:\/\/secure.gravatar.com\/avatar\/402e6137108ec0fdaa7809184382fb1dd2f8b00264c1d945d341f2b8f90db429?s=96&d=mm&r=g\",\"contentUrl\":\"https:\/\/secure.gravatar.com\/avatar\/402e6137108ec0fdaa7809184382fb1dd2f8b00264c1d945d341f2b8f90db429?s=96&d=mm&r=g\",\"caption\":\"Ricardo\"},\"url\":\"https:\/\/periodicocentroccidente.com\/?author=2\"}]}<\/script>\n<!-- \/ Yoast SEO plugin. -->","yoast_head_json":{"title":"Doctorado en Ciencias de la Educaci\u00f3n recibe en Caracas Gioskamary Karina Vargas Mendez -","robots":{"index":"index","follow":"follow","max-snippet":"max-snippet:-1","max-image-preview":"max-image-preview:large","max-video-preview":"max-video-preview:-1"},"canonical":"https:\/\/periodicocentroccidente.com\/?p=5008","og_locale":"es_ES","og_type":"article","og_title":"Doctorado en Ciencias de la Educaci\u00f3n recibe en Caracas Gioskamary Karina Vargas Mendez -","og_description":"Especial.- El Movimiento de Maestros y Maestras Urdanetista Luis Beltr&aacute;n Prieto Figueroa extiende la m&aacute;s sinceras y calurosas felicitaciones, no solo por la meta alcanzada, sino por la materializaci&oacute;n de un sue&ntilde;o transformador. Felicitaciones a nuestra Coordinadora Pol&iacute;tica del Movimiento de Maestros y Maestras Urdanetista &laquo;Luis Beltr&aacute;n Prieto Figueroa&raquo; en Portuguesa Gioskamary Karina Vargas Mendez &hellip;","og_url":"https:\/\/periodicocentroccidente.com\/?p=5008","article_published_time":"2025-12-14T19:59:00+00:00","og_image":[{"width":1280,"height":960,"url":"https:\/\/periodicocentroccidente.com\/wp-content\/uploads\/2025\/12\/1007118662.jpg","type":"image\/jpeg"}],"author":"Ricardo","twitter_card":"summary_large_image","twitter_misc":{"Escrito por":"Ricardo","Tiempo de lectura":"2 minutos"},"schema":{"@context":"https:\/\/schema.org","@graph":[{"@type":"WebPage","@id":"https:\/\/periodicocentroccidente.com\/?p=5008","url":"https:\/\/periodicocentroccidente.com\/?p=5008","name":"Doctorado en Ciencias de la Educaci\u00f3n recibe en Caracas Gioskamary Karina Vargas Mendez -","isPartOf":{"@id":"https:\/\/periodicocentroccidente.com\/#website"},"primaryImageOfPage":{"@id":"https:\/\/periodicocentroccidente.com\/?p=5008#primaryimage"},"image":{"@id":"https:\/\/periodicocentroccidente.com\/?p=5008#primaryimage"},"thumbnailUrl":"https:\/\/periodicocentroccidente.com\/wp-content\/uploads\/2025\/12\/1007118662.jpg","datePublished":"2025-12-14T19:59:00+00:00","author":{"@id":"https:\/\/periodicocentroccidente.com\/#\/schema\/person\/f4e4a651098f3db198244657b7130e7e"},"breadcrumb":{"@id":"https:\/\/periodicocentroccidente.com\/?p=5008#breadcrumb"},"inLanguage":"es","potentialAction":[{"@type":"ReadAction","target":["https:\/\/periodicocentroccidente.com\/?p=5008"]}]},{"@type":"ImageObject","inLanguage":"es","@id":"https:\/\/periodicocentroccidente.com\/?p=5008#primaryimage","url":"https:\/\/periodicocentroccidente.com\/wp-content\/uploads\/2025\/12\/1007118662.jpg","contentUrl":"https:\/\/periodicocentroccidente.com\/wp-content\/uploads\/2025\/12\/1007118662.jpg","width":1280,"height":960},{"@type":"BreadcrumbList","@id":"https:\/\/periodicocentroccidente.com\/?p=5008#breadcrumb","itemListElement":[{"@type":"ListItem","position":1,"name":"Portada","item":"https:\/\/periodicocentroccidente.com\/"},{"@type":"ListItem","position":2,"name":"Doctorado en Ciencias de la Educaci\u00f3n recibe en Caracas Gioskamary Karina Vargas Mendez"}]},{"@type":"WebSite","@id":"https:\/\/periodicocentroccidente.com\/#website","url":"https:\/\/periodicocentroccidente.com\/","name":"","description":"Periodismo serio y responsable","potentialAction":[{"@type":"SearchAction","target":{"@type":"EntryPoint","urlTemplate":"https:\/\/periodicocentroccidente.com\/?s={search_term_string}"},"query-input":{"@type":"PropertyValueSpecification","valueRequired":true,"valueName":"search_term_string"}}],"inLanguage":"es"},{"@type":"Person","@id":"https:\/\/periodicocentroccidente.com\/#\/schema\/person\/f4e4a651098f3db198244657b7130e7e","name":"Ricardo","image":{"@type":"ImageObject","inLanguage":"es","@id":"https:\/\/periodicocentroccidente.com\/#\/schema\/person\/image\/","url":"https:\/\/secure.gravatar.com\/avatar\/402e6137108ec0fdaa7809184382fb1dd2f8b00264c1d945d341f2b8f90db429?s=96&d=mm&r=g","contentUrl":"https:\/\/secure.gravatar.com\/avatar\/402e6137108ec0fdaa7809184382fb1dd2f8b00264c1d945d341f2b8f90db429?s=96&d=mm&r=g","caption":"Ricardo"},"url":"https:\/\/periodicocentroccidente.com\/?author=2"}]}},"jetpack_featured_media_url":"https:\/\/periodicocentroccidente.com\/wp-content\/uploads\/2025\/12\/1007118662.jpg","jetpack_sharing_enabled":true,"jetpack-related-posts":[],"_links":{"self":[{"href":"https:\/\/periodicocentroccidente.com\/index.php?rest_route=\/wp\/v2\/posts\/5008","targetHints":{"allow":["GET"]}}],"collection":[{"href":"https:\/\/periodicocentroccidente.com\/index.php?rest_route=\/wp\/v2\/posts"}],"about":[{"href":"https:\/\/periodicocentroccidente.com\/index.php?rest_route=\/wp\/v2\/types\/post"}],"author":[{"embeddable":true,"href":"https:\/\/periodicocentroccidente.com\/index.php?rest_route=\/wp\/v2\/users\/2"}],"replies":[{"embeddable":true,"href":"https:\/\/periodicocentroccidente.com\/index.php?rest_route=%2Fwp%2Fv2%2Fcomments&post=5008"}],"version-history":[{"count":1,"href":"https:\/\/periodicocentroccidente.com\/index.php?rest_route=\/wp\/v2\/posts\/5008\/revisions"}],"predecessor-version":[{"id":5011,"href":"https:\/\/periodicocentroccidente.com\/index.php?rest_route=\/wp\/v2\/posts\/5008\/revisions\/5011"}],"wp:featuredmedia":[{"embeddable":true,"href":"https:\/\/periodicocentroccidente.com\/index.php?rest_route=\/wp\/v2\/media\/5010"}],"wp:attachment":[{"href":"https:\/\/periodicocentroccidente.com\/index.php?rest_route=%2Fwp%2Fv2%2Fmedia&parent=5008"}],"wp:term":[{"taxonomy":"category","embeddable":true,"href":"https:\/\/periodicocentroccidente.com\/index.php?rest_route=%2Fwp%2Fv2%2Fcategories&post=5008"},{"taxonomy":"post_tag","embeddable":true,"href":"https:\/\/periodicocentroccidente.com\/index.php?rest_route=%2Fwp%2Fv2%2Ftags&post=5008"}],"curies":[{"name":"wp","href":"https:\/\/api.w.org\/{rel}","templated":true}]}}