{"id":4950,"date":"2025-12-10T19:17:14","date_gmt":"2025-12-10T19:17:14","guid":{"rendered":"https:\/\/periodicocentroccidente.com\/?p=4950"},"modified":"2025-12-10T19:17:14","modified_gmt":"2025-12-10T19:17:14","slug":"el-sistema-de-orquestas-en-ospino-celebra-su-7mo-aniversario","status":"publish","type":"post","link":"https:\/\/periodicocentroccidente.com\/?p=4950","title":{"rendered":"El Sistema de Orquestas en Ospino celebra su 7mo Aniversario"},"content":{"rendered":"<p><strong>Especial.-<\/strong><\/p>\n<p>El Sistema Nacional de Orquestas y Coros Juveniles e Infantiles de Venezuela en Portuguesa, M\u00f3dulo Ospino, se prepara para celebrar su 7mo Aniversario con una nutrida agenda de actividades que destacan el talento y la dedicaci\u00f3n de sus j\u00f3venes m\u00fasicos. Desde su fundaci\u00f3n el 15 de diciembre de 2018, esta sede ha sembrado profundas ra\u00edces en el municipio mediante el Programa Alma Llanera, llevando a cabo la filosof\u00eda de \u00abtocar, cantar y luchar\u00bb.<\/p>\n<p>Bajo la direcci\u00f3n del profesor Francisco Garc\u00eda, y el apoyo fundamental de los docentes Jos\u00e9 Ramos (cuatro y mandolina), V\u00edctor Rivas (bandola), Miguel Parra (guitarra) y la secretaria Yaina Y\u00e9pez, el M\u00f3dulo Ospino ha crecido hasta alcanzar una matr\u00edcula de aproximadamente 90 ni\u00f1os, ni\u00f1as y j\u00f3venes a partir de los 6 a\u00f1os, quienes se forman en las c\u00e1tedras de cuatro, mandolina, guitarra, bandola, canto coral y lenguaje musical. Un logro significativo es la integraci\u00f3n de 9 de estos estudiantes a la prestigiosa Orquesta Regional Alma Llanera \u201cDon Antonio Torrealba\u201d.<\/p>\n<h3><strong>Tres d\u00edas de celebraci\u00f3n musical<\/strong><\/h3>\n<p>La programaci\u00f3n de aniversario se llevar\u00e1 a cabo en el Centro C\u00edvico Sim\u00f3n Bol\u00edvar del municipio, buscando acercar el arte y la m\u00fasica a toda la comunidad:<\/p>\n<ul>\n<li>Viernes, 12 de diciembre, 3:00 p.m., Clase magistral de instrumentos. Una invitaci\u00f3n abierta a todo p\u00fablico, desde los 7 a\u00f1os y sin l\u00edmites de edad, para conocer de cerca los instrumentos y el trabajo de la orquesta.<\/li>\n<li>Lunes, 15 de diciembre, 4:00 p.m., 1er Festival de J\u00f3venes Solistas. Debut del festival que mostrar\u00e1 el talento de siete estudiantes y tres profesores en sus respectivos instrumentos.<\/li>\n<li>Martes, 16 de diciembre, 4:00 p.m., Concierto Aniversario. El gran cierre de la celebraci\u00f3n integrada por todos los alumnos del Programa Alma Llanera, para conmemorar 7 a\u00f1os de m\u00fasica y aprendizaje.<\/li>\n<\/ul>\n<h3><strong>Talento en el escenario<\/strong><\/h3>\n<p>El 1er Festival de J\u00f3venes Solistas contar\u00e1 con la presentaci\u00f3n de los estudiantes: Franyana Rojas, Duilmer Camacaro, Manuel Gonz\u00e1lez, Noel P\u00e9rez, Neomar Herrera, Mar\u00eda Le\u00f3n y Pedro Angulo. A ellos se unir\u00e1n los profesores Jos\u00e9 Ramos, Miguel Parra y V\u00edctor Rivas, adem\u00e1s de la participaci\u00f3n especial de Paula Aranguren, proveniente del N\u00facleo Guanare.<\/p>\n<p>El M\u00f3dulo Ospino de El Sistema en Portuguesa invita a toda la comunidad a acompa\u00f1ar y celebrar estos siete a\u00f1os de trabajo incesante, que demuestran c\u00f3mo la m\u00fasica sigue siendo un pilar fundamental para el desarrollo social y cultural de la juventud venezolana. <strong>\/\/<\/strong><\/p>\n<p><strong>Jorveis Ortegano Valecillo<\/strong><\/p>\n<p><strong>Prensa &#8211; El Sistema Portuguesa<\/strong><\/p>\n","protected":false},"excerpt":{"rendered":"<p>Especial.- El Sistema Nacional de Orquestas y Coros Juveniles e Infantiles de Venezuela en Portuguesa, M&oacute;dulo Ospino, se prepara para celebrar su 7mo Aniversario con una nutrida agenda de actividades que destacan el talento y la dedicaci&oacute;n de sus j&oacute;venes m&uacute;sicos. Desde su fundaci&oacute;n el 15 de diciembre de 2018, esta sede ha sembrado profundas &hellip;<\/p>\n","protected":false},"author":2,"featured_media":4951,"comment_status":"open","ping_status":"open","sticky":false,"template":"","format":"standard","meta":{"_jetpack_memberships_contains_paid_content":false,"footnotes":""},"categories":[127],"tags":[],"class_list":["post-4950","post","type-post","status-publish","format-standard","has-post-thumbnail","hentry","category-noticias-recientes"],"yoast_head":"<!-- This site is optimized with the Yoast SEO plugin v24.8.1 - https:\/\/yoast.com\/wordpress\/plugins\/seo\/ -->\n<title>El Sistema de Orquestas en Ospino celebra su 7mo Aniversario -<\/title>\n<meta name=\"robots\" content=\"index, follow, max-snippet:-1, max-image-preview:large, max-video-preview:-1\" \/>\n<link rel=\"canonical\" href=\"https:\/\/periodicocentroccidente.com\/?p=4950\" \/>\n<meta property=\"og:locale\" content=\"es_ES\" \/>\n<meta property=\"og:type\" content=\"article\" \/>\n<meta property=\"og:title\" content=\"El Sistema de Orquestas en Ospino celebra su 7mo Aniversario -\" \/>\n<meta property=\"og:description\" content=\"Especial.- El Sistema Nacional de Orquestas y Coros Juveniles e Infantiles de Venezuela en Portuguesa, M&oacute;dulo Ospino, se prepara para celebrar su 7mo Aniversario con una nutrida agenda de actividades que destacan el talento y la dedicaci&oacute;n de sus j&oacute;venes m&uacute;sicos. Desde su fundaci&oacute;n el 15 de diciembre de 2018, esta sede ha sembrado profundas &hellip;\" \/>\n<meta property=\"og:url\" content=\"https:\/\/periodicocentroccidente.com\/?p=4950\" \/>\n<meta property=\"article:published_time\" content=\"2025-12-10T19:17:14+00:00\" \/>\n<meta property=\"og:image\" content=\"https:\/\/periodicocentroccidente.com\/wp-content\/uploads\/2025\/12\/1-3.jpg\" \/>\n\t<meta property=\"og:image:width\" content=\"1040\" \/>\n\t<meta property=\"og:image:height\" content=\"780\" \/>\n\t<meta property=\"og:image:type\" content=\"image\/jpeg\" \/>\n<meta name=\"author\" content=\"Ricardo\" \/>\n<meta name=\"twitter:card\" content=\"summary_large_image\" \/>\n<meta name=\"twitter:label1\" content=\"Escrito por\" \/>\n\t<meta name=\"twitter:data1\" content=\"Ricardo\" \/>\n\t<meta name=\"twitter:label2\" content=\"Tiempo de lectura\" \/>\n\t<meta name=\"twitter:data2\" content=\"3 minutos\" \/>\n<script type=\"application\/ld+json\" class=\"yoast-schema-graph\">{\"@context\":\"https:\/\/schema.org\",\"@graph\":[{\"@type\":\"WebPage\",\"@id\":\"https:\/\/periodicocentroccidente.com\/?p=4950\",\"url\":\"https:\/\/periodicocentroccidente.com\/?p=4950\",\"name\":\"El Sistema de Orquestas en Ospino celebra su 7mo Aniversario -\",\"isPartOf\":{\"@id\":\"https:\/\/periodicocentroccidente.com\/#website\"},\"primaryImageOfPage\":{\"@id\":\"https:\/\/periodicocentroccidente.com\/?p=4950#primaryimage\"},\"image\":{\"@id\":\"https:\/\/periodicocentroccidente.com\/?p=4950#primaryimage\"},\"thumbnailUrl\":\"https:\/\/periodicocentroccidente.com\/wp-content\/uploads\/2025\/12\/1-3.jpg\",\"datePublished\":\"2025-12-10T19:17:14+00:00\",\"author\":{\"@id\":\"https:\/\/periodicocentroccidente.com\/#\/schema\/person\/f4e4a651098f3db198244657b7130e7e\"},\"breadcrumb\":{\"@id\":\"https:\/\/periodicocentroccidente.com\/?p=4950#breadcrumb\"},\"inLanguage\":\"es\",\"potentialAction\":[{\"@type\":\"ReadAction\",\"target\":[\"https:\/\/periodicocentroccidente.com\/?p=4950\"]}]},{\"@type\":\"ImageObject\",\"inLanguage\":\"es\",\"@id\":\"https:\/\/periodicocentroccidente.com\/?p=4950#primaryimage\",\"url\":\"https:\/\/periodicocentroccidente.com\/wp-content\/uploads\/2025\/12\/1-3.jpg\",\"contentUrl\":\"https:\/\/periodicocentroccidente.com\/wp-content\/uploads\/2025\/12\/1-3.jpg\",\"width\":1040,\"height\":780},{\"@type\":\"BreadcrumbList\",\"@id\":\"https:\/\/periodicocentroccidente.com\/?p=4950#breadcrumb\",\"itemListElement\":[{\"@type\":\"ListItem\",\"position\":1,\"name\":\"Portada\",\"item\":\"https:\/\/periodicocentroccidente.com\/\"},{\"@type\":\"ListItem\",\"position\":2,\"name\":\"El Sistema de Orquestas en Ospino celebra su 7mo Aniversario\"}]},{\"@type\":\"WebSite\",\"@id\":\"https:\/\/periodicocentroccidente.com\/#website\",\"url\":\"https:\/\/periodicocentroccidente.com\/\",\"name\":\"\",\"description\":\"Periodismo serio y responsable\",\"potentialAction\":[{\"@type\":\"SearchAction\",\"target\":{\"@type\":\"EntryPoint\",\"urlTemplate\":\"https:\/\/periodicocentroccidente.com\/?s={search_term_string}\"},\"query-input\":{\"@type\":\"PropertyValueSpecification\",\"valueRequired\":true,\"valueName\":\"search_term_string\"}}],\"inLanguage\":\"es\"},{\"@type\":\"Person\",\"@id\":\"https:\/\/periodicocentroccidente.com\/#\/schema\/person\/f4e4a651098f3db198244657b7130e7e\",\"name\":\"Ricardo\",\"image\":{\"@type\":\"ImageObject\",\"inLanguage\":\"es\",\"@id\":\"https:\/\/periodicocentroccidente.com\/#\/schema\/person\/image\/\",\"url\":\"https:\/\/secure.gravatar.com\/avatar\/402e6137108ec0fdaa7809184382fb1dd2f8b00264c1d945d341f2b8f90db429?s=96&d=mm&r=g\",\"contentUrl\":\"https:\/\/secure.gravatar.com\/avatar\/402e6137108ec0fdaa7809184382fb1dd2f8b00264c1d945d341f2b8f90db429?s=96&d=mm&r=g\",\"caption\":\"Ricardo\"},\"url\":\"https:\/\/periodicocentroccidente.com\/?author=2\"}]}<\/script>\n<!-- \/ Yoast SEO plugin. -->","yoast_head_json":{"title":"El Sistema de Orquestas en Ospino celebra su 7mo Aniversario -","robots":{"index":"index","follow":"follow","max-snippet":"max-snippet:-1","max-image-preview":"max-image-preview:large","max-video-preview":"max-video-preview:-1"},"canonical":"https:\/\/periodicocentroccidente.com\/?p=4950","og_locale":"es_ES","og_type":"article","og_title":"El Sistema de Orquestas en Ospino celebra su 7mo Aniversario -","og_description":"Especial.- El Sistema Nacional de Orquestas y Coros Juveniles e Infantiles de Venezuela en Portuguesa, M&oacute;dulo Ospino, se prepara para celebrar su 7mo Aniversario con una nutrida agenda de actividades que destacan el talento y la dedicaci&oacute;n de sus j&oacute;venes m&uacute;sicos. Desde su fundaci&oacute;n el 15 de diciembre de 2018, esta sede ha sembrado profundas &hellip;","og_url":"https:\/\/periodicocentroccidente.com\/?p=4950","article_published_time":"2025-12-10T19:17:14+00:00","og_image":[{"width":1040,"height":780,"url":"https:\/\/periodicocentroccidente.com\/wp-content\/uploads\/2025\/12\/1-3.jpg","type":"image\/jpeg"}],"author":"Ricardo","twitter_card":"summary_large_image","twitter_misc":{"Escrito por":"Ricardo","Tiempo de lectura":"3 minutos"},"schema":{"@context":"https:\/\/schema.org","@graph":[{"@type":"WebPage","@id":"https:\/\/periodicocentroccidente.com\/?p=4950","url":"https:\/\/periodicocentroccidente.com\/?p=4950","name":"El Sistema de Orquestas en Ospino celebra su 7mo Aniversario -","isPartOf":{"@id":"https:\/\/periodicocentroccidente.com\/#website"},"primaryImageOfPage":{"@id":"https:\/\/periodicocentroccidente.com\/?p=4950#primaryimage"},"image":{"@id":"https:\/\/periodicocentroccidente.com\/?p=4950#primaryimage"},"thumbnailUrl":"https:\/\/periodicocentroccidente.com\/wp-content\/uploads\/2025\/12\/1-3.jpg","datePublished":"2025-12-10T19:17:14+00:00","author":{"@id":"https:\/\/periodicocentroccidente.com\/#\/schema\/person\/f4e4a651098f3db198244657b7130e7e"},"breadcrumb":{"@id":"https:\/\/periodicocentroccidente.com\/?p=4950#breadcrumb"},"inLanguage":"es","potentialAction":[{"@type":"ReadAction","target":["https:\/\/periodicocentroccidente.com\/?p=4950"]}]},{"@type":"ImageObject","inLanguage":"es","@id":"https:\/\/periodicocentroccidente.com\/?p=4950#primaryimage","url":"https:\/\/periodicocentroccidente.com\/wp-content\/uploads\/2025\/12\/1-3.jpg","contentUrl":"https:\/\/periodicocentroccidente.com\/wp-content\/uploads\/2025\/12\/1-3.jpg","width":1040,"height":780},{"@type":"BreadcrumbList","@id":"https:\/\/periodicocentroccidente.com\/?p=4950#breadcrumb","itemListElement":[{"@type":"ListItem","position":1,"name":"Portada","item":"https:\/\/periodicocentroccidente.com\/"},{"@type":"ListItem","position":2,"name":"El Sistema de Orquestas en Ospino celebra su 7mo Aniversario"}]},{"@type":"WebSite","@id":"https:\/\/periodicocentroccidente.com\/#website","url":"https:\/\/periodicocentroccidente.com\/","name":"","description":"Periodismo serio y responsable","potentialAction":[{"@type":"SearchAction","target":{"@type":"EntryPoint","urlTemplate":"https:\/\/periodicocentroccidente.com\/?s={search_term_string}"},"query-input":{"@type":"PropertyValueSpecification","valueRequired":true,"valueName":"search_term_string"}}],"inLanguage":"es"},{"@type":"Person","@id":"https:\/\/periodicocentroccidente.com\/#\/schema\/person\/f4e4a651098f3db198244657b7130e7e","name":"Ricardo","image":{"@type":"ImageObject","inLanguage":"es","@id":"https:\/\/periodicocentroccidente.com\/#\/schema\/person\/image\/","url":"https:\/\/secure.gravatar.com\/avatar\/402e6137108ec0fdaa7809184382fb1dd2f8b00264c1d945d341f2b8f90db429?s=96&d=mm&r=g","contentUrl":"https:\/\/secure.gravatar.com\/avatar\/402e6137108ec0fdaa7809184382fb1dd2f8b00264c1d945d341f2b8f90db429?s=96&d=mm&r=g","caption":"Ricardo"},"url":"https:\/\/periodicocentroccidente.com\/?author=2"}]}},"jetpack_featured_media_url":"https:\/\/periodicocentroccidente.com\/wp-content\/uploads\/2025\/12\/1-3.jpg","jetpack_sharing_enabled":true,"jetpack-related-posts":[],"_links":{"self":[{"href":"https:\/\/periodicocentroccidente.com\/index.php?rest_route=\/wp\/v2\/posts\/4950","targetHints":{"allow":["GET"]}}],"collection":[{"href":"https:\/\/periodicocentroccidente.com\/index.php?rest_route=\/wp\/v2\/posts"}],"about":[{"href":"https:\/\/periodicocentroccidente.com\/index.php?rest_route=\/wp\/v2\/types\/post"}],"author":[{"embeddable":true,"href":"https:\/\/periodicocentroccidente.com\/index.php?rest_route=\/wp\/v2\/users\/2"}],"replies":[{"embeddable":true,"href":"https:\/\/periodicocentroccidente.com\/index.php?rest_route=%2Fwp%2Fv2%2Fcomments&post=4950"}],"version-history":[{"count":1,"href":"https:\/\/periodicocentroccidente.com\/index.php?rest_route=\/wp\/v2\/posts\/4950\/revisions"}],"predecessor-version":[{"id":4952,"href":"https:\/\/periodicocentroccidente.com\/index.php?rest_route=\/wp\/v2\/posts\/4950\/revisions\/4952"}],"wp:featuredmedia":[{"embeddable":true,"href":"https:\/\/periodicocentroccidente.com\/index.php?rest_route=\/wp\/v2\/media\/4951"}],"wp:attachment":[{"href":"https:\/\/periodicocentroccidente.com\/index.php?rest_route=%2Fwp%2Fv2%2Fmedia&parent=4950"}],"wp:term":[{"taxonomy":"category","embeddable":true,"href":"https:\/\/periodicocentroccidente.com\/index.php?rest_route=%2Fwp%2Fv2%2Fcategories&post=4950"},{"taxonomy":"post_tag","embeddable":true,"href":"https:\/\/periodicocentroccidente.com\/index.php?rest_route=%2Fwp%2Fv2%2Ftags&post=4950"}],"curies":[{"name":"wp","href":"https:\/\/api.w.org\/{rel}","templated":true}]}}