{"id":4944,"date":"2025-12-09T21:02:09","date_gmt":"2025-12-09T21:02:09","guid":{"rendered":"https:\/\/periodicocentroccidente.com\/?p=4944"},"modified":"2025-12-09T21:02:09","modified_gmt":"2025-12-09T21:02:09","slug":"delegacion-andina-lidera-participacion-en-la-v-conferencia-clacso-venezuela","status":"publish","type":"post","link":"https:\/\/periodicocentroccidente.com\/?p=4944","title":{"rendered":"Delegaci\u00f3n Andina Lidera Participaci\u00f3n en la V Conferencia CLACSO Venezuela"},"content":{"rendered":"<p><strong>Especial.-<\/strong><\/p>\n<p>Un grupo significativo de investigadoras, profesoras y estudiantes de los estados M\u00e9rida, T\u00e1chira y Trujillo, pertenecientes a los programas del Centro de Estudios para la Participaci\u00f3n y el Desarrollo de la Comunidad. Centro de estudios\u00a0 y pedagog\u00eda cr\u00edtica (CEPEC).<\/p>\n<p>El evento se realiz\u00f3 en la ciudad de Caracas, d\u00f3nde se congregaron diversas personalidades., para llevar sus respectivas potencias.<br \/>\nEl Programa Nacional de Formaci\u00f3n Educativa (PNFE) y el Programa de Recreaci\u00f3n y Servicios (PRS) de la Universidad Bolivariana de Venezuela (UBV) y Misi\u00f3n Sucre, se prepara para participar activamente en la V Conferencia de la Red de Centros del Consejo latinoamericano de la ciencias sociales \u00abCLACSO\u00bb Venezuela.<br \/>\nEl encuentro, titulado \u00abPensamientos Cr\u00edticos desde el Sur Global\u00bb, se llevar\u00e1 a cabo en el CELARG, Caracas, del 1 al 5 de diciembre de 2025, en un horario comprendido entre las 9:00 a.m. y las 5:00 p.m.<\/p>\n<p>R\u00e9cord de Asistencia Andina<br \/>\nLa delegaci\u00f3n de la regi\u00f3n andina (M\u00e9rida, T\u00e1chira y Trujillo) destaca por ser la m\u00e1s grande en participar, contando con m\u00e1s de 500 ponentes y participantes de los programas CEPEC-PNFA-PRS UBV-Misi\u00f3n Sucre. Este hecho resalta el compromiso de la regi\u00f3n con la producci\u00f3n de conocimiento cr\u00edtico.<br \/>\nLa delegaci\u00f3n de M\u00e9rida fue la de mayor afluencia individual, subrayando la alta motivaci\u00f3n de la comunidad acad\u00e9mica del estado.<\/p>\n<p>Un Espacio para Tejer Redes de Conocimiento<br \/>\nLa V Conferencia CLACSO Venezuela es un evento de gran envergadura acad\u00e9mica, dise\u00f1ado para ser un espacio de encuentro y di\u00e1logo internacional. El programa incluye:<br \/>\n12 Ejes Tem\u00e1ticos centrales.<br \/>\nDiversidad de Mesas de Trabajo, Foros y Presentaciones de Libros.<br \/>\nParticipaci\u00f3n de m\u00e1s de 50 Centros de Investigaci\u00f3n de Venezuela y del mundo, as\u00ed como la presencia de todas las universidades del pa\u00eds.<br \/>\nSe extiende una felicitaci\u00f3n especial a todas las participantes que presentar\u00e1n sus ponencias, contribuyendo con el pensamiento cr\u00edtico venezolano en este foro internacional.<br \/>\nAgradecimiento a los Colaboradores<br \/>\nLa coordinaci\u00f3n y elaboraci\u00f3n de esta importante participaci\u00f3n cont\u00f3 con el apoyo fundamental de acad\u00e9micos y profesionales de la educaci\u00f3n, incluyendo a los Doctores David Sandoval, Minerva Manrique, Yajaira Rond\u00f3n, Mercedes Flores y Liliana Bautista.<\/p>\n<p><strong>Prensa CEPEC\/ Luis Alonso Cede\u00f1o\/ zona Panamericana y Sur del Lago.\u00a0<\/strong><\/p>\n<p><img loading=\"lazy\" decoding=\"async\" class=\"alignnone size-medium wp-image-4946\" src=\"https:\/\/periodicocentroccidente.com\/wp-content\/uploads\/2025\/12\/1002450353-300x169.jpg\" alt=\"\" width=\"300\" height=\"169\" srcset=\"https:\/\/periodicocentroccidente.com\/wp-content\/uploads\/2025\/12\/1002450353-300x169.jpg 300w, https:\/\/periodicocentroccidente.com\/wp-content\/uploads\/2025\/12\/1002450353-1024x576.jpg 1024w, https:\/\/periodicocentroccidente.com\/wp-content\/uploads\/2025\/12\/1002450353-768x432.jpg 768w, https:\/\/periodicocentroccidente.com\/wp-content\/uploads\/2025\/12\/1002450353-390x220.jpg 390w, https:\/\/periodicocentroccidente.com\/wp-content\/uploads\/2025\/12\/1002450353.jpg 1080w\" sizes=\"auto, (max-width: 300px) 100vw, 300px\" \/><\/p>\n","protected":false},"excerpt":{"rendered":"<p>Especial.- Un grupo significativo de investigadoras, profesoras y estudiantes de los estados M&eacute;rida, T&aacute;chira y Trujillo, pertenecientes a los programas del Centro de Estudios para la Participaci&oacute;n y el Desarrollo de la Comunidad. Centro de estudios&nbsp; y pedagog&iacute;a cr&iacute;tica (CEPEC). El evento se realiz&oacute; en la ciudad de Caracas, d&oacute;nde se congregaron diversas personalidades., para &hellip;<\/p>\n","protected":false},"author":2,"featured_media":4945,"comment_status":"open","ping_status":"open","sticky":false,"template":"","format":"standard","meta":{"_jetpack_memberships_contains_paid_content":false,"footnotes":""},"categories":[127],"tags":[],"class_list":["post-4944","post","type-post","status-publish","format-standard","has-post-thumbnail","hentry","category-noticias-recientes"],"yoast_head":"<!-- This site is optimized with the Yoast SEO plugin v24.8.1 - https:\/\/yoast.com\/wordpress\/plugins\/seo\/ -->\n<title>Delegaci\u00f3n Andina Lidera Participaci\u00f3n en la V Conferencia CLACSO Venezuela -<\/title>\n<meta name=\"robots\" content=\"index, follow, max-snippet:-1, max-image-preview:large, max-video-preview:-1\" \/>\n<link rel=\"canonical\" href=\"https:\/\/periodicocentroccidente.com\/?p=4944\" \/>\n<meta property=\"og:locale\" content=\"es_ES\" \/>\n<meta property=\"og:type\" content=\"article\" \/>\n<meta property=\"og:title\" content=\"Delegaci\u00f3n Andina Lidera Participaci\u00f3n en la V Conferencia CLACSO Venezuela -\" \/>\n<meta property=\"og:description\" content=\"Especial.- Un grupo significativo de investigadoras, profesoras y estudiantes de los estados M&eacute;rida, T&aacute;chira y Trujillo, pertenecientes a los programas del Centro de Estudios para la Participaci&oacute;n y el Desarrollo de la Comunidad. Centro de estudios&nbsp; y pedagog&iacute;a cr&iacute;tica (CEPEC). El evento se realiz&oacute; en la ciudad de Caracas, d&oacute;nde se congregaron diversas personalidades., para &hellip;\" \/>\n<meta property=\"og:url\" content=\"https:\/\/periodicocentroccidente.com\/?p=4944\" \/>\n<meta property=\"article:published_time\" content=\"2025-12-09T21:02:09+00:00\" \/>\n<meta property=\"og:image\" content=\"https:\/\/periodicocentroccidente.com\/wp-content\/uploads\/2025\/12\/1002450351.jpg\" \/>\n\t<meta property=\"og:image:width\" content=\"1020\" \/>\n\t<meta property=\"og:image:height\" content=\"768\" \/>\n\t<meta property=\"og:image:type\" content=\"image\/jpeg\" \/>\n<meta name=\"author\" content=\"Ricardo\" \/>\n<meta name=\"twitter:card\" content=\"summary_large_image\" \/>\n<meta name=\"twitter:label1\" content=\"Escrito por\" \/>\n\t<meta name=\"twitter:data1\" content=\"Ricardo\" \/>\n\t<meta name=\"twitter:label2\" content=\"Tiempo de lectura\" \/>\n\t<meta name=\"twitter:data2\" content=\"3 minutos\" \/>\n<script type=\"application\/ld+json\" class=\"yoast-schema-graph\">{\"@context\":\"https:\/\/schema.org\",\"@graph\":[{\"@type\":\"WebPage\",\"@id\":\"https:\/\/periodicocentroccidente.com\/?p=4944\",\"url\":\"https:\/\/periodicocentroccidente.com\/?p=4944\",\"name\":\"Delegaci\u00f3n Andina Lidera Participaci\u00f3n en la V Conferencia CLACSO Venezuela -\",\"isPartOf\":{\"@id\":\"https:\/\/periodicocentroccidente.com\/#website\"},\"primaryImageOfPage\":{\"@id\":\"https:\/\/periodicocentroccidente.com\/?p=4944#primaryimage\"},\"image\":{\"@id\":\"https:\/\/periodicocentroccidente.com\/?p=4944#primaryimage\"},\"thumbnailUrl\":\"https:\/\/periodicocentroccidente.com\/wp-content\/uploads\/2025\/12\/1002450351.jpg\",\"datePublished\":\"2025-12-09T21:02:09+00:00\",\"author\":{\"@id\":\"https:\/\/periodicocentroccidente.com\/#\/schema\/person\/f4e4a651098f3db198244657b7130e7e\"},\"breadcrumb\":{\"@id\":\"https:\/\/periodicocentroccidente.com\/?p=4944#breadcrumb\"},\"inLanguage\":\"es\",\"potentialAction\":[{\"@type\":\"ReadAction\",\"target\":[\"https:\/\/periodicocentroccidente.com\/?p=4944\"]}]},{\"@type\":\"ImageObject\",\"inLanguage\":\"es\",\"@id\":\"https:\/\/periodicocentroccidente.com\/?p=4944#primaryimage\",\"url\":\"https:\/\/periodicocentroccidente.com\/wp-content\/uploads\/2025\/12\/1002450351.jpg\",\"contentUrl\":\"https:\/\/periodicocentroccidente.com\/wp-content\/uploads\/2025\/12\/1002450351.jpg\",\"width\":1020,\"height\":768},{\"@type\":\"BreadcrumbList\",\"@id\":\"https:\/\/periodicocentroccidente.com\/?p=4944#breadcrumb\",\"itemListElement\":[{\"@type\":\"ListItem\",\"position\":1,\"name\":\"Portada\",\"item\":\"https:\/\/periodicocentroccidente.com\/\"},{\"@type\":\"ListItem\",\"position\":2,\"name\":\"Delegaci\u00f3n Andina Lidera Participaci\u00f3n en la V Conferencia CLACSO Venezuela\"}]},{\"@type\":\"WebSite\",\"@id\":\"https:\/\/periodicocentroccidente.com\/#website\",\"url\":\"https:\/\/periodicocentroccidente.com\/\",\"name\":\"\",\"description\":\"Periodismo serio y responsable\",\"potentialAction\":[{\"@type\":\"SearchAction\",\"target\":{\"@type\":\"EntryPoint\",\"urlTemplate\":\"https:\/\/periodicocentroccidente.com\/?s={search_term_string}\"},\"query-input\":{\"@type\":\"PropertyValueSpecification\",\"valueRequired\":true,\"valueName\":\"search_term_string\"}}],\"inLanguage\":\"es\"},{\"@type\":\"Person\",\"@id\":\"https:\/\/periodicocentroccidente.com\/#\/schema\/person\/f4e4a651098f3db198244657b7130e7e\",\"name\":\"Ricardo\",\"image\":{\"@type\":\"ImageObject\",\"inLanguage\":\"es\",\"@id\":\"https:\/\/periodicocentroccidente.com\/#\/schema\/person\/image\/\",\"url\":\"https:\/\/secure.gravatar.com\/avatar\/402e6137108ec0fdaa7809184382fb1dd2f8b00264c1d945d341f2b8f90db429?s=96&d=mm&r=g\",\"contentUrl\":\"https:\/\/secure.gravatar.com\/avatar\/402e6137108ec0fdaa7809184382fb1dd2f8b00264c1d945d341f2b8f90db429?s=96&d=mm&r=g\",\"caption\":\"Ricardo\"},\"url\":\"https:\/\/periodicocentroccidente.com\/?author=2\"}]}<\/script>\n<!-- \/ Yoast SEO plugin. -->","yoast_head_json":{"title":"Delegaci\u00f3n Andina Lidera Participaci\u00f3n en la V Conferencia CLACSO Venezuela -","robots":{"index":"index","follow":"follow","max-snippet":"max-snippet:-1","max-image-preview":"max-image-preview:large","max-video-preview":"max-video-preview:-1"},"canonical":"https:\/\/periodicocentroccidente.com\/?p=4944","og_locale":"es_ES","og_type":"article","og_title":"Delegaci\u00f3n Andina Lidera Participaci\u00f3n en la V Conferencia CLACSO Venezuela -","og_description":"Especial.- Un grupo significativo de investigadoras, profesoras y estudiantes de los estados M&eacute;rida, T&aacute;chira y Trujillo, pertenecientes a los programas del Centro de Estudios para la Participaci&oacute;n y el Desarrollo de la Comunidad. Centro de estudios&nbsp; y pedagog&iacute;a cr&iacute;tica (CEPEC). El evento se realiz&oacute; en la ciudad de Caracas, d&oacute;nde se congregaron diversas personalidades., para &hellip;","og_url":"https:\/\/periodicocentroccidente.com\/?p=4944","article_published_time":"2025-12-09T21:02:09+00:00","og_image":[{"width":1020,"height":768,"url":"https:\/\/periodicocentroccidente.com\/wp-content\/uploads\/2025\/12\/1002450351.jpg","type":"image\/jpeg"}],"author":"Ricardo","twitter_card":"summary_large_image","twitter_misc":{"Escrito por":"Ricardo","Tiempo de lectura":"3 minutos"},"schema":{"@context":"https:\/\/schema.org","@graph":[{"@type":"WebPage","@id":"https:\/\/periodicocentroccidente.com\/?p=4944","url":"https:\/\/periodicocentroccidente.com\/?p=4944","name":"Delegaci\u00f3n Andina Lidera Participaci\u00f3n en la V Conferencia CLACSO Venezuela -","isPartOf":{"@id":"https:\/\/periodicocentroccidente.com\/#website"},"primaryImageOfPage":{"@id":"https:\/\/periodicocentroccidente.com\/?p=4944#primaryimage"},"image":{"@id":"https:\/\/periodicocentroccidente.com\/?p=4944#primaryimage"},"thumbnailUrl":"https:\/\/periodicocentroccidente.com\/wp-content\/uploads\/2025\/12\/1002450351.jpg","datePublished":"2025-12-09T21:02:09+00:00","author":{"@id":"https:\/\/periodicocentroccidente.com\/#\/schema\/person\/f4e4a651098f3db198244657b7130e7e"},"breadcrumb":{"@id":"https:\/\/periodicocentroccidente.com\/?p=4944#breadcrumb"},"inLanguage":"es","potentialAction":[{"@type":"ReadAction","target":["https:\/\/periodicocentroccidente.com\/?p=4944"]}]},{"@type":"ImageObject","inLanguage":"es","@id":"https:\/\/periodicocentroccidente.com\/?p=4944#primaryimage","url":"https:\/\/periodicocentroccidente.com\/wp-content\/uploads\/2025\/12\/1002450351.jpg","contentUrl":"https:\/\/periodicocentroccidente.com\/wp-content\/uploads\/2025\/12\/1002450351.jpg","width":1020,"height":768},{"@type":"BreadcrumbList","@id":"https:\/\/periodicocentroccidente.com\/?p=4944#breadcrumb","itemListElement":[{"@type":"ListItem","position":1,"name":"Portada","item":"https:\/\/periodicocentroccidente.com\/"},{"@type":"ListItem","position":2,"name":"Delegaci\u00f3n Andina Lidera Participaci\u00f3n en la V Conferencia CLACSO Venezuela"}]},{"@type":"WebSite","@id":"https:\/\/periodicocentroccidente.com\/#website","url":"https:\/\/periodicocentroccidente.com\/","name":"","description":"Periodismo serio y responsable","potentialAction":[{"@type":"SearchAction","target":{"@type":"EntryPoint","urlTemplate":"https:\/\/periodicocentroccidente.com\/?s={search_term_string}"},"query-input":{"@type":"PropertyValueSpecification","valueRequired":true,"valueName":"search_term_string"}}],"inLanguage":"es"},{"@type":"Person","@id":"https:\/\/periodicocentroccidente.com\/#\/schema\/person\/f4e4a651098f3db198244657b7130e7e","name":"Ricardo","image":{"@type":"ImageObject","inLanguage":"es","@id":"https:\/\/periodicocentroccidente.com\/#\/schema\/person\/image\/","url":"https:\/\/secure.gravatar.com\/avatar\/402e6137108ec0fdaa7809184382fb1dd2f8b00264c1d945d341f2b8f90db429?s=96&d=mm&r=g","contentUrl":"https:\/\/secure.gravatar.com\/avatar\/402e6137108ec0fdaa7809184382fb1dd2f8b00264c1d945d341f2b8f90db429?s=96&d=mm&r=g","caption":"Ricardo"},"url":"https:\/\/periodicocentroccidente.com\/?author=2"}]}},"jetpack_featured_media_url":"https:\/\/periodicocentroccidente.com\/wp-content\/uploads\/2025\/12\/1002450351.jpg","jetpack_sharing_enabled":true,"jetpack-related-posts":[],"_links":{"self":[{"href":"https:\/\/periodicocentroccidente.com\/index.php?rest_route=\/wp\/v2\/posts\/4944","targetHints":{"allow":["GET"]}}],"collection":[{"href":"https:\/\/periodicocentroccidente.com\/index.php?rest_route=\/wp\/v2\/posts"}],"about":[{"href":"https:\/\/periodicocentroccidente.com\/index.php?rest_route=\/wp\/v2\/types\/post"}],"author":[{"embeddable":true,"href":"https:\/\/periodicocentroccidente.com\/index.php?rest_route=\/wp\/v2\/users\/2"}],"replies":[{"embeddable":true,"href":"https:\/\/periodicocentroccidente.com\/index.php?rest_route=%2Fwp%2Fv2%2Fcomments&post=4944"}],"version-history":[{"count":1,"href":"https:\/\/periodicocentroccidente.com\/index.php?rest_route=\/wp\/v2\/posts\/4944\/revisions"}],"predecessor-version":[{"id":4947,"href":"https:\/\/periodicocentroccidente.com\/index.php?rest_route=\/wp\/v2\/posts\/4944\/revisions\/4947"}],"wp:featuredmedia":[{"embeddable":true,"href":"https:\/\/periodicocentroccidente.com\/index.php?rest_route=\/wp\/v2\/media\/4945"}],"wp:attachment":[{"href":"https:\/\/periodicocentroccidente.com\/index.php?rest_route=%2Fwp%2Fv2%2Fmedia&parent=4944"}],"wp:term":[{"taxonomy":"category","embeddable":true,"href":"https:\/\/periodicocentroccidente.com\/index.php?rest_route=%2Fwp%2Fv2%2Fcategories&post=4944"},{"taxonomy":"post_tag","embeddable":true,"href":"https:\/\/periodicocentroccidente.com\/index.php?rest_route=%2Fwp%2Fv2%2Ftags&post=4944"}],"curies":[{"name":"wp","href":"https:\/\/api.w.org\/{rel}","templated":true}]}}