{"id":4737,"date":"2025-11-28T22:49:49","date_gmt":"2025-11-28T22:49:49","guid":{"rendered":"https:\/\/periodicocentroccidente.com\/?p=4737"},"modified":"2025-11-28T22:49:49","modified_gmt":"2025-11-28T22:49:49","slug":"estudiantes-del-5to-ano-participan-en-un-taller-de-sensibilizacion-con-enfasis-en-la-salud-espiritual-y-el-bienestar-educativo","status":"publish","type":"post","link":"https:\/\/periodicocentroccidente.com\/?p=4737","title":{"rendered":"\u200bEstudiantes del 5to A\u00f1o Participan en un Taller de Sensibilizaci\u00f3n con \u00c9nfasis en la Salud Espiritual y el Bienestar Educativo"},"content":{"rendered":"<p><strong>Especial.-<\/strong><\/p>\n<p>\u200bEl Complejo Educativo Nacional (C.E.N.) Ricardo Aguirre ha reforzado su compromiso con el desarrollo integral de sus estudiantes. Recientemente, las instalaciones del liceo sirvieron de escenario para un significativo taller de crecimiento personal dirigido a todas las secciones de 5to a\u00f1o de bachillerato.<br \/>\n\u200bEl taller, que cont\u00f3 con la participaci\u00f3n del Dr. Gustavo Romero, profesional de la psicolog\u00eda, tuvo como objetivo principal la exploraci\u00f3n de la sensibilidad de los j\u00f3venes, ofreci\u00e9ndoles un espacio seguro para la reflexi\u00f3n interna y la liberaci\u00f3n de tensiones acumuladas. \u200b\u00bbLa instituci\u00f3n hizo un gran esfuerzo al traer a un profesional de la psicolog\u00eda para brindarles a los estudiantes las herramientas necesarias para su crecimiento personal y lograr su desarrollo \u00f3ptimo,\u00bb expres\u00f3 Ana Mart\u00ednez de Rangel, subdirectora acad\u00e9mica del C.E.N. Ricardo Aguirre.<\/p>\n<p>\u200bInversi\u00f3n en Bienestar y Valores Fundamentales<br \/>\n\u200bLa jornada formativa se centr\u00f3 en la valoraci\u00f3n de la vida, la comprensi\u00f3n del estudio como herramienta fundamental para la consecuci\u00f3n de metas, y el valor incalculable de la amistad.<br \/>\n\u200bEl subdirector, Dixion Salas, destac\u00f3 el impacto positivo en el alumnado: \u200b\u00bbEstamos observando en los estudiantes una evidente motivaci\u00f3n y el cambio que se est\u00e1 generando. Estamos invirtiendo cada d\u00eda m\u00e1s para lograr un mejor bienestar en la salud espiritual de nuestros j\u00f3venes,\u00bb afirm\u00f3 Salas.<\/p>\n<p>\u200bPlan Integral de Formaci\u00f3n Psicol\u00f3gica<br \/>\n\u200bEl director del complejo educativo, Reinis Colina, subray\u00f3 que la atenci\u00f3n a los estudiantes es parte de una estrategia institucional m\u00e1s amplia.<br \/>\n\u200b\u00bbIniciamos primeramente con el personal de la instituci\u00f3n docentes, administrativos y obreros para su formaci\u00f3n psicol\u00f3gica. Ahora les toca a los estudiantes; comenzamos con 5to a\u00f1o, atendi\u00e9ndolos secci\u00f3n por secci\u00f3n,\u00bb explic\u00f3 Colina.<\/p>\n<p>\u200bEl director tambi\u00e9n enfatiz\u00f3 el enfoque personalizado de la iniciativa, asegurando la atenci\u00f3n individual cuando se requiera: \u00abCuando hay que puntualizar algo personal, se hace de manera individual. No estamos escatimando esfuerzos para mejorar la calidad educativa de nuestros educandos.\u00bb<br \/>\n\u200bLa iniciativa reafirma el compromiso del C.E.N. Ricardo Aguirre de ir m\u00e1s all\u00e1 del curr\u00edculo acad\u00e9mico, forjando individuos con una s\u00f3lida base emocional y \u00e9tica para enfrentar los desaf\u00edos de la vida.<\/p>\n<p><strong>Luis Alonso Cede\u00f1o\/ zona Panamericana y Sur del Lago.\u00a0<\/strong><\/p>\n<p><img loading=\"lazy\" decoding=\"async\" class=\"alignnone size-medium wp-image-4738\" src=\"https:\/\/periodicocentroccidente.com\/wp-content\/uploads\/2025\/11\/1002382581-300x225.jpg\" alt=\"\" width=\"300\" height=\"225\" srcset=\"https:\/\/periodicocentroccidente.com\/wp-content\/uploads\/2025\/11\/1002382581-300x225.jpg 300w, https:\/\/periodicocentroccidente.com\/wp-content\/uploads\/2025\/11\/1002382581-1024x768.jpg 1024w, https:\/\/periodicocentroccidente.com\/wp-content\/uploads\/2025\/11\/1002382581-768x576.jpg 768w, https:\/\/periodicocentroccidente.com\/wp-content\/uploads\/2025\/11\/1002382581.jpg 1040w\" sizes=\"auto, (max-width: 300px) 100vw, 300px\" \/>\u00a0 \u00a0 \u00a0 <img loading=\"lazy\" decoding=\"async\" class=\"alignnone size-medium wp-image-4739\" src=\"https:\/\/periodicocentroccidente.com\/wp-content\/uploads\/2025\/11\/1002382582-300x225.jpg\" alt=\"\" width=\"300\" height=\"225\" srcset=\"https:\/\/periodicocentroccidente.com\/wp-content\/uploads\/2025\/11\/1002382582-300x225.jpg 300w, https:\/\/periodicocentroccidente.com\/wp-content\/uploads\/2025\/11\/1002382582-1024x768.jpg 1024w, https:\/\/periodicocentroccidente.com\/wp-content\/uploads\/2025\/11\/1002382582-768x576.jpg 768w, https:\/\/periodicocentroccidente.com\/wp-content\/uploads\/2025\/11\/1002382582.jpg 1040w\" sizes=\"auto, (max-width: 300px) 100vw, 300px\" \/><\/p>\n","protected":false},"excerpt":{"rendered":"<p>Especial.- &#8203;El Complejo Educativo Nacional (C.E.N.) Ricardo Aguirre ha reforzado su compromiso con el desarrollo integral de sus estudiantes. Recientemente, las instalaciones del liceo sirvieron de escenario para un significativo taller de crecimiento personal dirigido a todas las secciones de 5to a&ntilde;o de bachillerato. &#8203;El taller, que cont&oacute; con la participaci&oacute;n del Dr. Gustavo Romero, &hellip;<\/p>\n","protected":false},"author":2,"featured_media":4740,"comment_status":"open","ping_status":"open","sticky":false,"template":"","format":"standard","meta":{"_jetpack_memberships_contains_paid_content":false,"footnotes":""},"categories":[127],"tags":[],"class_list":["post-4737","post","type-post","status-publish","format-standard","has-post-thumbnail","hentry","category-noticias-recientes"],"yoast_head":"<!-- This site is optimized with the Yoast SEO plugin v24.8.1 - https:\/\/yoast.com\/wordpress\/plugins\/seo\/ -->\n<title>\u200bEstudiantes del 5to A\u00f1o Participan en un Taller de Sensibilizaci\u00f3n con \u00c9nfasis en la Salud Espiritual y el Bienestar Educativo -<\/title>\n<meta name=\"robots\" content=\"index, follow, max-snippet:-1, max-image-preview:large, max-video-preview:-1\" \/>\n<link rel=\"canonical\" href=\"https:\/\/periodicocentroccidente.com\/?p=4737\" \/>\n<meta property=\"og:locale\" content=\"es_ES\" \/>\n<meta property=\"og:type\" content=\"article\" \/>\n<meta property=\"og:title\" content=\"\u200bEstudiantes del 5to A\u00f1o Participan en un Taller de Sensibilizaci\u00f3n con \u00c9nfasis en la Salud Espiritual y el Bienestar Educativo -\" \/>\n<meta property=\"og:description\" content=\"Especial.- &#8203;El Complejo Educativo Nacional (C.E.N.) Ricardo Aguirre ha reforzado su compromiso con el desarrollo integral de sus estudiantes. Recientemente, las instalaciones del liceo sirvieron de escenario para un significativo taller de crecimiento personal dirigido a todas las secciones de 5to a&ntilde;o de bachillerato. &#8203;El taller, que cont&oacute; con la participaci&oacute;n del Dr. Gustavo Romero, &hellip;\" \/>\n<meta property=\"og:url\" content=\"https:\/\/periodicocentroccidente.com\/?p=4737\" \/>\n<meta property=\"article:published_time\" content=\"2025-11-28T22:49:49+00:00\" \/>\n<meta property=\"og:image\" content=\"https:\/\/periodicocentroccidente.com\/wp-content\/uploads\/2025\/11\/1002382587.jpg\" \/>\n\t<meta property=\"og:image:width\" content=\"1040\" \/>\n\t<meta property=\"og:image:height\" content=\"780\" \/>\n\t<meta property=\"og:image:type\" content=\"image\/jpeg\" \/>\n<meta name=\"author\" content=\"Ricardo\" \/>\n<meta name=\"twitter:card\" content=\"summary_large_image\" \/>\n<meta name=\"twitter:label1\" content=\"Escrito por\" \/>\n\t<meta name=\"twitter:data1\" content=\"Ricardo\" \/>\n\t<meta name=\"twitter:label2\" content=\"Tiempo de lectura\" \/>\n\t<meta name=\"twitter:data2\" content=\"3 minutos\" \/>\n<script type=\"application\/ld+json\" class=\"yoast-schema-graph\">{\"@context\":\"https:\/\/schema.org\",\"@graph\":[{\"@type\":\"WebPage\",\"@id\":\"https:\/\/periodicocentroccidente.com\/?p=4737\",\"url\":\"https:\/\/periodicocentroccidente.com\/?p=4737\",\"name\":\"\u200bEstudiantes del 5to A\u00f1o Participan en un Taller de Sensibilizaci\u00f3n con \u00c9nfasis en la Salud Espiritual y el Bienestar Educativo -\",\"isPartOf\":{\"@id\":\"https:\/\/periodicocentroccidente.com\/#website\"},\"primaryImageOfPage\":{\"@id\":\"https:\/\/periodicocentroccidente.com\/?p=4737#primaryimage\"},\"image\":{\"@id\":\"https:\/\/periodicocentroccidente.com\/?p=4737#primaryimage\"},\"thumbnailUrl\":\"https:\/\/periodicocentroccidente.com\/wp-content\/uploads\/2025\/11\/1002382587.jpg\",\"datePublished\":\"2025-11-28T22:49:49+00:00\",\"author\":{\"@id\":\"https:\/\/periodicocentroccidente.com\/#\/schema\/person\/f4e4a651098f3db198244657b7130e7e\"},\"breadcrumb\":{\"@id\":\"https:\/\/periodicocentroccidente.com\/?p=4737#breadcrumb\"},\"inLanguage\":\"es\",\"potentialAction\":[{\"@type\":\"ReadAction\",\"target\":[\"https:\/\/periodicocentroccidente.com\/?p=4737\"]}]},{\"@type\":\"ImageObject\",\"inLanguage\":\"es\",\"@id\":\"https:\/\/periodicocentroccidente.com\/?p=4737#primaryimage\",\"url\":\"https:\/\/periodicocentroccidente.com\/wp-content\/uploads\/2025\/11\/1002382587.jpg\",\"contentUrl\":\"https:\/\/periodicocentroccidente.com\/wp-content\/uploads\/2025\/11\/1002382587.jpg\",\"width\":1040,\"height\":780},{\"@type\":\"BreadcrumbList\",\"@id\":\"https:\/\/periodicocentroccidente.com\/?p=4737#breadcrumb\",\"itemListElement\":[{\"@type\":\"ListItem\",\"position\":1,\"name\":\"Portada\",\"item\":\"https:\/\/periodicocentroccidente.com\/\"},{\"@type\":\"ListItem\",\"position\":2,\"name\":\"\u200bEstudiantes del 5to A\u00f1o Participan en un Taller de Sensibilizaci\u00f3n con \u00c9nfasis en la Salud Espiritual y el Bienestar Educativo\"}]},{\"@type\":\"WebSite\",\"@id\":\"https:\/\/periodicocentroccidente.com\/#website\",\"url\":\"https:\/\/periodicocentroccidente.com\/\",\"name\":\"\",\"description\":\"Periodismo serio y responsable\",\"potentialAction\":[{\"@type\":\"SearchAction\",\"target\":{\"@type\":\"EntryPoint\",\"urlTemplate\":\"https:\/\/periodicocentroccidente.com\/?s={search_term_string}\"},\"query-input\":{\"@type\":\"PropertyValueSpecification\",\"valueRequired\":true,\"valueName\":\"search_term_string\"}}],\"inLanguage\":\"es\"},{\"@type\":\"Person\",\"@id\":\"https:\/\/periodicocentroccidente.com\/#\/schema\/person\/f4e4a651098f3db198244657b7130e7e\",\"name\":\"Ricardo\",\"image\":{\"@type\":\"ImageObject\",\"inLanguage\":\"es\",\"@id\":\"https:\/\/periodicocentroccidente.com\/#\/schema\/person\/image\/\",\"url\":\"https:\/\/secure.gravatar.com\/avatar\/402e6137108ec0fdaa7809184382fb1dd2f8b00264c1d945d341f2b8f90db429?s=96&d=mm&r=g\",\"contentUrl\":\"https:\/\/secure.gravatar.com\/avatar\/402e6137108ec0fdaa7809184382fb1dd2f8b00264c1d945d341f2b8f90db429?s=96&d=mm&r=g\",\"caption\":\"Ricardo\"},\"url\":\"https:\/\/periodicocentroccidente.com\/?author=2\"}]}<\/script>\n<!-- \/ Yoast SEO plugin. -->","yoast_head_json":{"title":"\u200bEstudiantes del 5to A\u00f1o Participan en un Taller de Sensibilizaci\u00f3n con \u00c9nfasis en la Salud Espiritual y el Bienestar Educativo -","robots":{"index":"index","follow":"follow","max-snippet":"max-snippet:-1","max-image-preview":"max-image-preview:large","max-video-preview":"max-video-preview:-1"},"canonical":"https:\/\/periodicocentroccidente.com\/?p=4737","og_locale":"es_ES","og_type":"article","og_title":"\u200bEstudiantes del 5to A\u00f1o Participan en un Taller de Sensibilizaci\u00f3n con \u00c9nfasis en la Salud Espiritual y el Bienestar Educativo -","og_description":"Especial.- &#8203;El Complejo Educativo Nacional (C.E.N.) Ricardo Aguirre ha reforzado su compromiso con el desarrollo integral de sus estudiantes. Recientemente, las instalaciones del liceo sirvieron de escenario para un significativo taller de crecimiento personal dirigido a todas las secciones de 5to a&ntilde;o de bachillerato. &#8203;El taller, que cont&oacute; con la participaci&oacute;n del Dr. Gustavo Romero, &hellip;","og_url":"https:\/\/periodicocentroccidente.com\/?p=4737","article_published_time":"2025-11-28T22:49:49+00:00","og_image":[{"width":1040,"height":780,"url":"https:\/\/periodicocentroccidente.com\/wp-content\/uploads\/2025\/11\/1002382587.jpg","type":"image\/jpeg"}],"author":"Ricardo","twitter_card":"summary_large_image","twitter_misc":{"Escrito por":"Ricardo","Tiempo de lectura":"3 minutos"},"schema":{"@context":"https:\/\/schema.org","@graph":[{"@type":"WebPage","@id":"https:\/\/periodicocentroccidente.com\/?p=4737","url":"https:\/\/periodicocentroccidente.com\/?p=4737","name":"\u200bEstudiantes del 5to A\u00f1o Participan en un Taller de Sensibilizaci\u00f3n con \u00c9nfasis en la Salud Espiritual y el Bienestar Educativo -","isPartOf":{"@id":"https:\/\/periodicocentroccidente.com\/#website"},"primaryImageOfPage":{"@id":"https:\/\/periodicocentroccidente.com\/?p=4737#primaryimage"},"image":{"@id":"https:\/\/periodicocentroccidente.com\/?p=4737#primaryimage"},"thumbnailUrl":"https:\/\/periodicocentroccidente.com\/wp-content\/uploads\/2025\/11\/1002382587.jpg","datePublished":"2025-11-28T22:49:49+00:00","author":{"@id":"https:\/\/periodicocentroccidente.com\/#\/schema\/person\/f4e4a651098f3db198244657b7130e7e"},"breadcrumb":{"@id":"https:\/\/periodicocentroccidente.com\/?p=4737#breadcrumb"},"inLanguage":"es","potentialAction":[{"@type":"ReadAction","target":["https:\/\/periodicocentroccidente.com\/?p=4737"]}]},{"@type":"ImageObject","inLanguage":"es","@id":"https:\/\/periodicocentroccidente.com\/?p=4737#primaryimage","url":"https:\/\/periodicocentroccidente.com\/wp-content\/uploads\/2025\/11\/1002382587.jpg","contentUrl":"https:\/\/periodicocentroccidente.com\/wp-content\/uploads\/2025\/11\/1002382587.jpg","width":1040,"height":780},{"@type":"BreadcrumbList","@id":"https:\/\/periodicocentroccidente.com\/?p=4737#breadcrumb","itemListElement":[{"@type":"ListItem","position":1,"name":"Portada","item":"https:\/\/periodicocentroccidente.com\/"},{"@type":"ListItem","position":2,"name":"\u200bEstudiantes del 5to A\u00f1o Participan en un Taller de Sensibilizaci\u00f3n con \u00c9nfasis en la Salud Espiritual y el Bienestar Educativo"}]},{"@type":"WebSite","@id":"https:\/\/periodicocentroccidente.com\/#website","url":"https:\/\/periodicocentroccidente.com\/","name":"","description":"Periodismo serio y responsable","potentialAction":[{"@type":"SearchAction","target":{"@type":"EntryPoint","urlTemplate":"https:\/\/periodicocentroccidente.com\/?s={search_term_string}"},"query-input":{"@type":"PropertyValueSpecification","valueRequired":true,"valueName":"search_term_string"}}],"inLanguage":"es"},{"@type":"Person","@id":"https:\/\/periodicocentroccidente.com\/#\/schema\/person\/f4e4a651098f3db198244657b7130e7e","name":"Ricardo","image":{"@type":"ImageObject","inLanguage":"es","@id":"https:\/\/periodicocentroccidente.com\/#\/schema\/person\/image\/","url":"https:\/\/secure.gravatar.com\/avatar\/402e6137108ec0fdaa7809184382fb1dd2f8b00264c1d945d341f2b8f90db429?s=96&d=mm&r=g","contentUrl":"https:\/\/secure.gravatar.com\/avatar\/402e6137108ec0fdaa7809184382fb1dd2f8b00264c1d945d341f2b8f90db429?s=96&d=mm&r=g","caption":"Ricardo"},"url":"https:\/\/periodicocentroccidente.com\/?author=2"}]}},"jetpack_featured_media_url":"https:\/\/periodicocentroccidente.com\/wp-content\/uploads\/2025\/11\/1002382587.jpg","jetpack_sharing_enabled":true,"jetpack-related-posts":[],"_links":{"self":[{"href":"https:\/\/periodicocentroccidente.com\/index.php?rest_route=\/wp\/v2\/posts\/4737","targetHints":{"allow":["GET"]}}],"collection":[{"href":"https:\/\/periodicocentroccidente.com\/index.php?rest_route=\/wp\/v2\/posts"}],"about":[{"href":"https:\/\/periodicocentroccidente.com\/index.php?rest_route=\/wp\/v2\/types\/post"}],"author":[{"embeddable":true,"href":"https:\/\/periodicocentroccidente.com\/index.php?rest_route=\/wp\/v2\/users\/2"}],"replies":[{"embeddable":true,"href":"https:\/\/periodicocentroccidente.com\/index.php?rest_route=%2Fwp%2Fv2%2Fcomments&post=4737"}],"version-history":[{"count":1,"href":"https:\/\/periodicocentroccidente.com\/index.php?rest_route=\/wp\/v2\/posts\/4737\/revisions"}],"predecessor-version":[{"id":4741,"href":"https:\/\/periodicocentroccidente.com\/index.php?rest_route=\/wp\/v2\/posts\/4737\/revisions\/4741"}],"wp:featuredmedia":[{"embeddable":true,"href":"https:\/\/periodicocentroccidente.com\/index.php?rest_route=\/wp\/v2\/media\/4740"}],"wp:attachment":[{"href":"https:\/\/periodicocentroccidente.com\/index.php?rest_route=%2Fwp%2Fv2%2Fmedia&parent=4737"}],"wp:term":[{"taxonomy":"category","embeddable":true,"href":"https:\/\/periodicocentroccidente.com\/index.php?rest_route=%2Fwp%2Fv2%2Fcategories&post=4737"},{"taxonomy":"post_tag","embeddable":true,"href":"https:\/\/periodicocentroccidente.com\/index.php?rest_route=%2Fwp%2Fv2%2Ftags&post=4737"}],"curies":[{"name":"wp","href":"https:\/\/api.w.org\/{rel}","templated":true}]}}