{"id":4727,"date":"2025-11-27T19:57:14","date_gmt":"2025-11-27T19:57:14","guid":{"rendered":"https:\/\/periodicocentroccidente.com\/?p=4727"},"modified":"2025-11-27T19:57:14","modified_gmt":"2025-11-27T19:57:14","slug":"comisario-jorge-silva-es-el-nuevo-comandante-de-estacion-guanare","status":"publish","type":"post","link":"https:\/\/periodicocentroccidente.com\/?p=4727","title":{"rendered":"Comisario Jorge Silva es el nuevo Comandante de estaci\u00f3n Guanare"},"content":{"rendered":"<p><strong>Especial.-<\/strong><\/p>\n<p>El Comisario Jorge Silva ha sido designado nuevo Comandante de la Estaci\u00f3n Guanare, perteneciente a la Polic\u00eda Nacional Bolivariana sustituyendo al Comisionado Jefe Ender Mesa, quien pasa a ejercer otras funciones en dicha instituci\u00f3n.<\/p>\n<p>Durante sus primeras declaraciones manifest\u00f3 que trabajaran de manera conjunta con el resto de los organismos de seguridad de la entidad llanera, buscando siempre darle respuestas positivas a la poblaci\u00f3n, cumpliendo lineamientos del General Oscar Pacheco. \u201cNos debemos al pueblo y siempre contaran con nuestro firme respaldo. Haremos \u00e9nfasis en seguir bajando los \u00edndices delictivos, con constantes operativos de vigilancia. Siempre estaremos al servicio del colectivo y las puertas del comando est\u00e1n abiertas para que abordemos cualquier problem\u00e1tica\u201d, se\u00f1al\u00f3.<\/p>\n<p>Silva dijo que cuenta con un total de 205 funcionarios en el municipio capital. \u201cEstamos en toda la disposici\u00f3n de ser grandes aliados de los ciudadanos y trabajar duro ma\u00f1ana, tarde y noche. Daremos el m\u00e1ximo para combatir a los antisociales y a aquellas personas que quieran perturbar a la ciudadan\u00eda con hechos irregulares. En la uni\u00f3n esta la fuerza y como dice el Ministro Diosdado Cabello debemos ser implacables contra la delincuencia\u201d, subray\u00f3.<\/p>\n","protected":false},"excerpt":{"rendered":"<p>Especial.- El Comisario Jorge Silva ha sido designado nuevo Comandante de la Estaci&oacute;n Guanare, perteneciente a la Polic&iacute;a Nacional Bolivariana sustituyendo al Comisionado Jefe Ender Mesa, quien pasa a ejercer otras funciones en dicha instituci&oacute;n. Durante sus primeras declaraciones manifest&oacute; que trabajaran de manera conjunta con el resto de los organismos de seguridad de la &hellip;<\/p>\n","protected":false},"author":2,"featured_media":4728,"comment_status":"open","ping_status":"open","sticky":false,"template":"","format":"standard","meta":{"_jetpack_memberships_contains_paid_content":false,"footnotes":""},"categories":[127],"tags":[],"class_list":["post-4727","post","type-post","status-publish","format-standard","has-post-thumbnail","hentry","category-noticias-recientes"],"yoast_head":"<!-- This site is optimized with the Yoast SEO plugin v24.8.1 - https:\/\/yoast.com\/wordpress\/plugins\/seo\/ -->\n<title>Comisario Jorge Silva es el nuevo Comandante de estaci\u00f3n Guanare -<\/title>\n<meta name=\"robots\" content=\"index, follow, max-snippet:-1, max-image-preview:large, max-video-preview:-1\" \/>\n<link rel=\"canonical\" href=\"https:\/\/periodicocentroccidente.com\/?p=4727\" \/>\n<meta property=\"og:locale\" content=\"es_ES\" \/>\n<meta property=\"og:type\" content=\"article\" \/>\n<meta property=\"og:title\" content=\"Comisario Jorge Silva es el nuevo Comandante de estaci\u00f3n Guanare -\" \/>\n<meta property=\"og:description\" content=\"Especial.- El Comisario Jorge Silva ha sido designado nuevo Comandante de la Estaci&oacute;n Guanare, perteneciente a la Polic&iacute;a Nacional Bolivariana sustituyendo al Comisionado Jefe Ender Mesa, quien pasa a ejercer otras funciones en dicha instituci&oacute;n. Durante sus primeras declaraciones manifest&oacute; que trabajaran de manera conjunta con el resto de los organismos de seguridad de la &hellip;\" \/>\n<meta property=\"og:url\" content=\"https:\/\/periodicocentroccidente.com\/?p=4727\" \/>\n<meta property=\"article:published_time\" content=\"2025-11-27T19:57:14+00:00\" \/>\n<meta property=\"og:image\" content=\"https:\/\/periodicocentroccidente.com\/wp-content\/uploads\/2025\/11\/1-4-scaled.jpg\" \/>\n\t<meta property=\"og:image:width\" content=\"2560\" \/>\n\t<meta property=\"og:image:height\" content=\"1920\" \/>\n\t<meta property=\"og:image:type\" content=\"image\/jpeg\" \/>\n<meta name=\"author\" content=\"Ricardo\" \/>\n<meta name=\"twitter:card\" content=\"summary_large_image\" \/>\n<meta name=\"twitter:label1\" content=\"Escrito por\" \/>\n\t<meta name=\"twitter:data1\" content=\"Ricardo\" \/>\n\t<meta name=\"twitter:label2\" content=\"Tiempo de lectura\" \/>\n\t<meta name=\"twitter:data2\" content=\"2 minutos\" \/>\n<script type=\"application\/ld+json\" class=\"yoast-schema-graph\">{\"@context\":\"https:\/\/schema.org\",\"@graph\":[{\"@type\":\"WebPage\",\"@id\":\"https:\/\/periodicocentroccidente.com\/?p=4727\",\"url\":\"https:\/\/periodicocentroccidente.com\/?p=4727\",\"name\":\"Comisario Jorge Silva es el nuevo Comandante de estaci\u00f3n Guanare -\",\"isPartOf\":{\"@id\":\"https:\/\/periodicocentroccidente.com\/#website\"},\"primaryImageOfPage\":{\"@id\":\"https:\/\/periodicocentroccidente.com\/?p=4727#primaryimage\"},\"image\":{\"@id\":\"https:\/\/periodicocentroccidente.com\/?p=4727#primaryimage\"},\"thumbnailUrl\":\"https:\/\/periodicocentroccidente.com\/wp-content\/uploads\/2025\/11\/1-4-scaled.jpg\",\"datePublished\":\"2025-11-27T19:57:14+00:00\",\"author\":{\"@id\":\"https:\/\/periodicocentroccidente.com\/#\/schema\/person\/f4e4a651098f3db198244657b7130e7e\"},\"breadcrumb\":{\"@id\":\"https:\/\/periodicocentroccidente.com\/?p=4727#breadcrumb\"},\"inLanguage\":\"es\",\"potentialAction\":[{\"@type\":\"ReadAction\",\"target\":[\"https:\/\/periodicocentroccidente.com\/?p=4727\"]}]},{\"@type\":\"ImageObject\",\"inLanguage\":\"es\",\"@id\":\"https:\/\/periodicocentroccidente.com\/?p=4727#primaryimage\",\"url\":\"https:\/\/periodicocentroccidente.com\/wp-content\/uploads\/2025\/11\/1-4-scaled.jpg\",\"contentUrl\":\"https:\/\/periodicocentroccidente.com\/wp-content\/uploads\/2025\/11\/1-4-scaled.jpg\",\"width\":2560,\"height\":1920},{\"@type\":\"BreadcrumbList\",\"@id\":\"https:\/\/periodicocentroccidente.com\/?p=4727#breadcrumb\",\"itemListElement\":[{\"@type\":\"ListItem\",\"position\":1,\"name\":\"Portada\",\"item\":\"https:\/\/periodicocentroccidente.com\/\"},{\"@type\":\"ListItem\",\"position\":2,\"name\":\"Comisario Jorge Silva es el nuevo Comandante de estaci\u00f3n Guanare\"}]},{\"@type\":\"WebSite\",\"@id\":\"https:\/\/periodicocentroccidente.com\/#website\",\"url\":\"https:\/\/periodicocentroccidente.com\/\",\"name\":\"\",\"description\":\"Periodismo serio y responsable\",\"potentialAction\":[{\"@type\":\"SearchAction\",\"target\":{\"@type\":\"EntryPoint\",\"urlTemplate\":\"https:\/\/periodicocentroccidente.com\/?s={search_term_string}\"},\"query-input\":{\"@type\":\"PropertyValueSpecification\",\"valueRequired\":true,\"valueName\":\"search_term_string\"}}],\"inLanguage\":\"es\"},{\"@type\":\"Person\",\"@id\":\"https:\/\/periodicocentroccidente.com\/#\/schema\/person\/f4e4a651098f3db198244657b7130e7e\",\"name\":\"Ricardo\",\"image\":{\"@type\":\"ImageObject\",\"inLanguage\":\"es\",\"@id\":\"https:\/\/periodicocentroccidente.com\/#\/schema\/person\/image\/\",\"url\":\"https:\/\/secure.gravatar.com\/avatar\/402e6137108ec0fdaa7809184382fb1dd2f8b00264c1d945d341f2b8f90db429?s=96&d=mm&r=g\",\"contentUrl\":\"https:\/\/secure.gravatar.com\/avatar\/402e6137108ec0fdaa7809184382fb1dd2f8b00264c1d945d341f2b8f90db429?s=96&d=mm&r=g\",\"caption\":\"Ricardo\"},\"url\":\"https:\/\/periodicocentroccidente.com\/?author=2\"}]}<\/script>\n<!-- \/ Yoast SEO plugin. -->","yoast_head_json":{"title":"Comisario Jorge Silva es el nuevo Comandante de estaci\u00f3n Guanare -","robots":{"index":"index","follow":"follow","max-snippet":"max-snippet:-1","max-image-preview":"max-image-preview:large","max-video-preview":"max-video-preview:-1"},"canonical":"https:\/\/periodicocentroccidente.com\/?p=4727","og_locale":"es_ES","og_type":"article","og_title":"Comisario Jorge Silva es el nuevo Comandante de estaci\u00f3n Guanare -","og_description":"Especial.- El Comisario Jorge Silva ha sido designado nuevo Comandante de la Estaci&oacute;n Guanare, perteneciente a la Polic&iacute;a Nacional Bolivariana sustituyendo al Comisionado Jefe Ender Mesa, quien pasa a ejercer otras funciones en dicha instituci&oacute;n. Durante sus primeras declaraciones manifest&oacute; que trabajaran de manera conjunta con el resto de los organismos de seguridad de la &hellip;","og_url":"https:\/\/periodicocentroccidente.com\/?p=4727","article_published_time":"2025-11-27T19:57:14+00:00","og_image":[{"width":2560,"height":1920,"url":"https:\/\/periodicocentroccidente.com\/wp-content\/uploads\/2025\/11\/1-4-scaled.jpg","type":"image\/jpeg"}],"author":"Ricardo","twitter_card":"summary_large_image","twitter_misc":{"Escrito por":"Ricardo","Tiempo de lectura":"2 minutos"},"schema":{"@context":"https:\/\/schema.org","@graph":[{"@type":"WebPage","@id":"https:\/\/periodicocentroccidente.com\/?p=4727","url":"https:\/\/periodicocentroccidente.com\/?p=4727","name":"Comisario Jorge Silva es el nuevo Comandante de estaci\u00f3n Guanare -","isPartOf":{"@id":"https:\/\/periodicocentroccidente.com\/#website"},"primaryImageOfPage":{"@id":"https:\/\/periodicocentroccidente.com\/?p=4727#primaryimage"},"image":{"@id":"https:\/\/periodicocentroccidente.com\/?p=4727#primaryimage"},"thumbnailUrl":"https:\/\/periodicocentroccidente.com\/wp-content\/uploads\/2025\/11\/1-4-scaled.jpg","datePublished":"2025-11-27T19:57:14+00:00","author":{"@id":"https:\/\/periodicocentroccidente.com\/#\/schema\/person\/f4e4a651098f3db198244657b7130e7e"},"breadcrumb":{"@id":"https:\/\/periodicocentroccidente.com\/?p=4727#breadcrumb"},"inLanguage":"es","potentialAction":[{"@type":"ReadAction","target":["https:\/\/periodicocentroccidente.com\/?p=4727"]}]},{"@type":"ImageObject","inLanguage":"es","@id":"https:\/\/periodicocentroccidente.com\/?p=4727#primaryimage","url":"https:\/\/periodicocentroccidente.com\/wp-content\/uploads\/2025\/11\/1-4-scaled.jpg","contentUrl":"https:\/\/periodicocentroccidente.com\/wp-content\/uploads\/2025\/11\/1-4-scaled.jpg","width":2560,"height":1920},{"@type":"BreadcrumbList","@id":"https:\/\/periodicocentroccidente.com\/?p=4727#breadcrumb","itemListElement":[{"@type":"ListItem","position":1,"name":"Portada","item":"https:\/\/periodicocentroccidente.com\/"},{"@type":"ListItem","position":2,"name":"Comisario Jorge Silva es el nuevo Comandante de estaci\u00f3n Guanare"}]},{"@type":"WebSite","@id":"https:\/\/periodicocentroccidente.com\/#website","url":"https:\/\/periodicocentroccidente.com\/","name":"","description":"Periodismo serio y responsable","potentialAction":[{"@type":"SearchAction","target":{"@type":"EntryPoint","urlTemplate":"https:\/\/periodicocentroccidente.com\/?s={search_term_string}"},"query-input":{"@type":"PropertyValueSpecification","valueRequired":true,"valueName":"search_term_string"}}],"inLanguage":"es"},{"@type":"Person","@id":"https:\/\/periodicocentroccidente.com\/#\/schema\/person\/f4e4a651098f3db198244657b7130e7e","name":"Ricardo","image":{"@type":"ImageObject","inLanguage":"es","@id":"https:\/\/periodicocentroccidente.com\/#\/schema\/person\/image\/","url":"https:\/\/secure.gravatar.com\/avatar\/402e6137108ec0fdaa7809184382fb1dd2f8b00264c1d945d341f2b8f90db429?s=96&d=mm&r=g","contentUrl":"https:\/\/secure.gravatar.com\/avatar\/402e6137108ec0fdaa7809184382fb1dd2f8b00264c1d945d341f2b8f90db429?s=96&d=mm&r=g","caption":"Ricardo"},"url":"https:\/\/periodicocentroccidente.com\/?author=2"}]}},"jetpack_featured_media_url":"https:\/\/periodicocentroccidente.com\/wp-content\/uploads\/2025\/11\/1-4-scaled.jpg","jetpack_sharing_enabled":true,"jetpack-related-posts":[],"_links":{"self":[{"href":"https:\/\/periodicocentroccidente.com\/index.php?rest_route=\/wp\/v2\/posts\/4727","targetHints":{"allow":["GET"]}}],"collection":[{"href":"https:\/\/periodicocentroccidente.com\/index.php?rest_route=\/wp\/v2\/posts"}],"about":[{"href":"https:\/\/periodicocentroccidente.com\/index.php?rest_route=\/wp\/v2\/types\/post"}],"author":[{"embeddable":true,"href":"https:\/\/periodicocentroccidente.com\/index.php?rest_route=\/wp\/v2\/users\/2"}],"replies":[{"embeddable":true,"href":"https:\/\/periodicocentroccidente.com\/index.php?rest_route=%2Fwp%2Fv2%2Fcomments&post=4727"}],"version-history":[{"count":1,"href":"https:\/\/periodicocentroccidente.com\/index.php?rest_route=\/wp\/v2\/posts\/4727\/revisions"}],"predecessor-version":[{"id":4729,"href":"https:\/\/periodicocentroccidente.com\/index.php?rest_route=\/wp\/v2\/posts\/4727\/revisions\/4729"}],"wp:featuredmedia":[{"embeddable":true,"href":"https:\/\/periodicocentroccidente.com\/index.php?rest_route=\/wp\/v2\/media\/4728"}],"wp:attachment":[{"href":"https:\/\/periodicocentroccidente.com\/index.php?rest_route=%2Fwp%2Fv2%2Fmedia&parent=4727"}],"wp:term":[{"taxonomy":"category","embeddable":true,"href":"https:\/\/periodicocentroccidente.com\/index.php?rest_route=%2Fwp%2Fv2%2Fcategories&post=4727"},{"taxonomy":"post_tag","embeddable":true,"href":"https:\/\/periodicocentroccidente.com\/index.php?rest_route=%2Fwp%2Fv2%2Ftags&post=4727"}],"curies":[{"name":"wp","href":"https:\/\/api.w.org\/{rel}","templated":true}]}}