{"id":4712,"date":"2025-11-27T14:35:56","date_gmt":"2025-11-27T14:35:56","guid":{"rendered":"https:\/\/periodicocentroccidente.com\/?p=4712"},"modified":"2025-11-27T14:35:56","modified_gmt":"2025-11-27T14:35:56","slug":"futbol-portugueseno-volvera-al-sitial-de-honor-que-se-merece","status":"publish","type":"post","link":"https:\/\/periodicocentroccidente.com\/?p=4712","title":{"rendered":"\u201cF\u00fatbol portuguese\u00f1o volver\u00e1 al  sitial de honor que se merece\u201d"},"content":{"rendered":"<p><strong>Especial.-<\/strong><\/p>\n<p>\u201cTrabajo y m\u00e1s trabajo ser\u00e1n nuestras herramientas principales para que Portuguesa vuelta a estar en la cima. El balompi\u00e9 portuguese\u00f1o volver\u00e1 al sitial que se merece porque hay mucho talento y potencial, as\u00ed que manos a la obra\u201d, declaraciones del se\u00f1or Jorge Pulido nuevo presidente de la asociaci\u00f3n de f\u00fatbol de esta entidad llanera quien ha venido recorriendo los diferentes municipios escuchando propuestas de la dirigencia, observando las instalaciones y ateniendo peticiones de directivos de las diferentes ligas y clubes de la regi\u00f3n.<\/p>\n<p>En el equipo de trabajo del destacado comentarista de las televisoras nacionales destacan nombres como Francisco \u201cPancho\u201d Garc\u00eda, Carlos Molina, Miguel Bonito y Kleiber Colmenares. Apunt\u00f3 que esta tierra es leyenda en este deporte por los logros que obtuvo el pentacampe\u00f3n Portuguesa FC.<\/p>\n<p>Subrayo que por instrucciones del presidente de la Federaci\u00f3n Jorge Gim\u00e9nez se tiene previsto la construcci\u00f3n de varias sedes de dicha organizaci\u00f3n en Guanare, Acarigua, Araure y Tur\u00e8n. \u201cLa masificaci\u00f3n es de suma importancia para impulsar a los nuevos talentos. Esta es una regi\u00f3n futbolera por excelencia y con una cantera de alto nivel. La labor de los entrenadores ser\u00e1 clave y uno de los primeros pasos ser\u00e1 brillar en los torneos nacionales de las diferentes categor\u00edas\u201d, prosigui\u00f3 diciendo.<\/p>\n<p><strong>Una entidad de donde han salido grandes jugadores <\/strong><\/p>\n<p>Finalmente destaco que este es uno de los estados que m\u00e1s jugadores profesionales ha producido a nivel nacional, destacando nombres Gilberto Angelucci, Luis Romero, William y Juan Carlos Pacheco, Amletto Bonacorso, Pedro Camacho, Giacomo Di Giorgi, pedro Gallardo, Jos\u00e9 Dudamel, Rafael Romo, Henry y Miguel Pern\u00eda, Jos\u00e9 Luis Marrufo, Pablo Bonilla, V\u00edctor Valera Orozco, Walter Colina, Germ\u00e1n Ceballos, Luis Palma, \u00a0Yeferson Soteldo, Luis Garc\u00eda, Davis Rodr\u00edguez, \u00a0Juan Falc\u00f3n, Inmer Gonz\u00e1lez, Luis Camacaro,John Marchan, Richard Bol\u00edvar, Jos\u00e9 Mar\u00eda Morr, Laydeker Navas, Jos\u00e9 Jim\u00e9nez,\u00a0\u00a0 Jiovanny Bol\u00edvar, Daniel Linares, Esly Garc\u00eda, Gilbert Guerra, Norberto Riascos, Sergio Sulbar\u00e0n, Jos\u00e9 Sequera, Wilfredo Alvarado,\u00a0 Gilbert Silva, Ram\u00f3n \u201cPapi\u201d Montilla, Ad\u00e1n S\u00e1nchez\u00a0 Frank Piedrahita, Anderson Orozco, la dinast\u00eda de Pedro, Ronaldo, Franklin, Johnny y \u00c1ngelo \u00a0Lucena , entre otros.<\/p>\n","protected":false},"excerpt":{"rendered":"<p>Especial.- &ldquo;Trabajo y m&aacute;s trabajo ser&aacute;n nuestras herramientas principales para que Portuguesa vuelta a estar en la cima. El balompi&eacute; portuguese&ntilde;o volver&aacute; al sitial que se merece porque hay mucho talento y potencial, as&iacute; que manos a la obra&rdquo;, declaraciones del se&ntilde;or Jorge Pulido nuevo presidente de la asociaci&oacute;n de f&uacute;tbol de esta entidad llanera &hellip;<\/p>\n","protected":false},"author":2,"featured_media":4713,"comment_status":"open","ping_status":"open","sticky":false,"template":"","format":"standard","meta":{"_jetpack_memberships_contains_paid_content":false,"footnotes":""},"categories":[127],"tags":[],"class_list":["post-4712","post","type-post","status-publish","format-standard","has-post-thumbnail","hentry","category-noticias-recientes"],"yoast_head":"<!-- This site is optimized with the Yoast SEO plugin v24.8.1 - https:\/\/yoast.com\/wordpress\/plugins\/seo\/ -->\n<title>\u201cF\u00fatbol portuguese\u00f1o volver\u00e1 al sitial de honor que se merece\u201d -<\/title>\n<meta name=\"robots\" content=\"index, follow, max-snippet:-1, max-image-preview:large, max-video-preview:-1\" \/>\n<link rel=\"canonical\" href=\"https:\/\/periodicocentroccidente.com\/?p=4712\" \/>\n<meta property=\"og:locale\" content=\"es_ES\" \/>\n<meta property=\"og:type\" content=\"article\" \/>\n<meta property=\"og:title\" content=\"\u201cF\u00fatbol portuguese\u00f1o volver\u00e1 al sitial de honor que se merece\u201d -\" \/>\n<meta property=\"og:description\" content=\"Especial.- &ldquo;Trabajo y m&aacute;s trabajo ser&aacute;n nuestras herramientas principales para que Portuguesa vuelta a estar en la cima. El balompi&eacute; portuguese&ntilde;o volver&aacute; al sitial que se merece porque hay mucho talento y potencial, as&iacute; que manos a la obra&rdquo;, declaraciones del se&ntilde;or Jorge Pulido nuevo presidente de la asociaci&oacute;n de f&uacute;tbol de esta entidad llanera &hellip;\" \/>\n<meta property=\"og:url\" content=\"https:\/\/periodicocentroccidente.com\/?p=4712\" \/>\n<meta property=\"article:published_time\" content=\"2025-11-27T14:35:56+00:00\" \/>\n<meta property=\"og:image\" content=\"https:\/\/periodicocentroccidente.com\/wp-content\/uploads\/2025\/11\/1-3.jpg\" \/>\n\t<meta property=\"og:image:width\" content=\"675\" \/>\n\t<meta property=\"og:image:height\" content=\"726\" \/>\n\t<meta property=\"og:image:type\" content=\"image\/jpeg\" \/>\n<meta name=\"author\" content=\"Ricardo\" \/>\n<meta name=\"twitter:card\" content=\"summary_large_image\" \/>\n<meta name=\"twitter:label1\" content=\"Escrito por\" \/>\n\t<meta name=\"twitter:data1\" content=\"Ricardo\" \/>\n\t<meta name=\"twitter:label2\" content=\"Tiempo de lectura\" \/>\n\t<meta name=\"twitter:data2\" content=\"2 minutos\" \/>\n<script type=\"application\/ld+json\" class=\"yoast-schema-graph\">{\"@context\":\"https:\/\/schema.org\",\"@graph\":[{\"@type\":\"WebPage\",\"@id\":\"https:\/\/periodicocentroccidente.com\/?p=4712\",\"url\":\"https:\/\/periodicocentroccidente.com\/?p=4712\",\"name\":\"\u201cF\u00fatbol portuguese\u00f1o volver\u00e1 al sitial de honor que se merece\u201d -\",\"isPartOf\":{\"@id\":\"https:\/\/periodicocentroccidente.com\/#website\"},\"primaryImageOfPage\":{\"@id\":\"https:\/\/periodicocentroccidente.com\/?p=4712#primaryimage\"},\"image\":{\"@id\":\"https:\/\/periodicocentroccidente.com\/?p=4712#primaryimage\"},\"thumbnailUrl\":\"https:\/\/periodicocentroccidente.com\/wp-content\/uploads\/2025\/11\/1-3.jpg\",\"datePublished\":\"2025-11-27T14:35:56+00:00\",\"author\":{\"@id\":\"https:\/\/periodicocentroccidente.com\/#\/schema\/person\/f4e4a651098f3db198244657b7130e7e\"},\"breadcrumb\":{\"@id\":\"https:\/\/periodicocentroccidente.com\/?p=4712#breadcrumb\"},\"inLanguage\":\"es\",\"potentialAction\":[{\"@type\":\"ReadAction\",\"target\":[\"https:\/\/periodicocentroccidente.com\/?p=4712\"]}]},{\"@type\":\"ImageObject\",\"inLanguage\":\"es\",\"@id\":\"https:\/\/periodicocentroccidente.com\/?p=4712#primaryimage\",\"url\":\"https:\/\/periodicocentroccidente.com\/wp-content\/uploads\/2025\/11\/1-3.jpg\",\"contentUrl\":\"https:\/\/periodicocentroccidente.com\/wp-content\/uploads\/2025\/11\/1-3.jpg\",\"width\":675,\"height\":726},{\"@type\":\"BreadcrumbList\",\"@id\":\"https:\/\/periodicocentroccidente.com\/?p=4712#breadcrumb\",\"itemListElement\":[{\"@type\":\"ListItem\",\"position\":1,\"name\":\"Portada\",\"item\":\"https:\/\/periodicocentroccidente.com\/\"},{\"@type\":\"ListItem\",\"position\":2,\"name\":\"\u201cF\u00fatbol portuguese\u00f1o volver\u00e1 al sitial de honor que se merece\u201d\"}]},{\"@type\":\"WebSite\",\"@id\":\"https:\/\/periodicocentroccidente.com\/#website\",\"url\":\"https:\/\/periodicocentroccidente.com\/\",\"name\":\"\",\"description\":\"Periodismo serio y responsable\",\"potentialAction\":[{\"@type\":\"SearchAction\",\"target\":{\"@type\":\"EntryPoint\",\"urlTemplate\":\"https:\/\/periodicocentroccidente.com\/?s={search_term_string}\"},\"query-input\":{\"@type\":\"PropertyValueSpecification\",\"valueRequired\":true,\"valueName\":\"search_term_string\"}}],\"inLanguage\":\"es\"},{\"@type\":\"Person\",\"@id\":\"https:\/\/periodicocentroccidente.com\/#\/schema\/person\/f4e4a651098f3db198244657b7130e7e\",\"name\":\"Ricardo\",\"image\":{\"@type\":\"ImageObject\",\"inLanguage\":\"es\",\"@id\":\"https:\/\/periodicocentroccidente.com\/#\/schema\/person\/image\/\",\"url\":\"https:\/\/secure.gravatar.com\/avatar\/402e6137108ec0fdaa7809184382fb1dd2f8b00264c1d945d341f2b8f90db429?s=96&d=mm&r=g\",\"contentUrl\":\"https:\/\/secure.gravatar.com\/avatar\/402e6137108ec0fdaa7809184382fb1dd2f8b00264c1d945d341f2b8f90db429?s=96&d=mm&r=g\",\"caption\":\"Ricardo\"},\"url\":\"https:\/\/periodicocentroccidente.com\/?author=2\"}]}<\/script>\n<!-- \/ Yoast SEO plugin. -->","yoast_head_json":{"title":"\u201cF\u00fatbol portuguese\u00f1o volver\u00e1 al sitial de honor que se merece\u201d -","robots":{"index":"index","follow":"follow","max-snippet":"max-snippet:-1","max-image-preview":"max-image-preview:large","max-video-preview":"max-video-preview:-1"},"canonical":"https:\/\/periodicocentroccidente.com\/?p=4712","og_locale":"es_ES","og_type":"article","og_title":"\u201cF\u00fatbol portuguese\u00f1o volver\u00e1 al sitial de honor que se merece\u201d -","og_description":"Especial.- &ldquo;Trabajo y m&aacute;s trabajo ser&aacute;n nuestras herramientas principales para que Portuguesa vuelta a estar en la cima. El balompi&eacute; portuguese&ntilde;o volver&aacute; al sitial que se merece porque hay mucho talento y potencial, as&iacute; que manos a la obra&rdquo;, declaraciones del se&ntilde;or Jorge Pulido nuevo presidente de la asociaci&oacute;n de f&uacute;tbol de esta entidad llanera &hellip;","og_url":"https:\/\/periodicocentroccidente.com\/?p=4712","article_published_time":"2025-11-27T14:35:56+00:00","og_image":[{"width":675,"height":726,"url":"https:\/\/periodicocentroccidente.com\/wp-content\/uploads\/2025\/11\/1-3.jpg","type":"image\/jpeg"}],"author":"Ricardo","twitter_card":"summary_large_image","twitter_misc":{"Escrito por":"Ricardo","Tiempo de lectura":"2 minutos"},"schema":{"@context":"https:\/\/schema.org","@graph":[{"@type":"WebPage","@id":"https:\/\/periodicocentroccidente.com\/?p=4712","url":"https:\/\/periodicocentroccidente.com\/?p=4712","name":"\u201cF\u00fatbol portuguese\u00f1o volver\u00e1 al sitial de honor que se merece\u201d -","isPartOf":{"@id":"https:\/\/periodicocentroccidente.com\/#website"},"primaryImageOfPage":{"@id":"https:\/\/periodicocentroccidente.com\/?p=4712#primaryimage"},"image":{"@id":"https:\/\/periodicocentroccidente.com\/?p=4712#primaryimage"},"thumbnailUrl":"https:\/\/periodicocentroccidente.com\/wp-content\/uploads\/2025\/11\/1-3.jpg","datePublished":"2025-11-27T14:35:56+00:00","author":{"@id":"https:\/\/periodicocentroccidente.com\/#\/schema\/person\/f4e4a651098f3db198244657b7130e7e"},"breadcrumb":{"@id":"https:\/\/periodicocentroccidente.com\/?p=4712#breadcrumb"},"inLanguage":"es","potentialAction":[{"@type":"ReadAction","target":["https:\/\/periodicocentroccidente.com\/?p=4712"]}]},{"@type":"ImageObject","inLanguage":"es","@id":"https:\/\/periodicocentroccidente.com\/?p=4712#primaryimage","url":"https:\/\/periodicocentroccidente.com\/wp-content\/uploads\/2025\/11\/1-3.jpg","contentUrl":"https:\/\/periodicocentroccidente.com\/wp-content\/uploads\/2025\/11\/1-3.jpg","width":675,"height":726},{"@type":"BreadcrumbList","@id":"https:\/\/periodicocentroccidente.com\/?p=4712#breadcrumb","itemListElement":[{"@type":"ListItem","position":1,"name":"Portada","item":"https:\/\/periodicocentroccidente.com\/"},{"@type":"ListItem","position":2,"name":"\u201cF\u00fatbol portuguese\u00f1o volver\u00e1 al sitial de honor que se merece\u201d"}]},{"@type":"WebSite","@id":"https:\/\/periodicocentroccidente.com\/#website","url":"https:\/\/periodicocentroccidente.com\/","name":"","description":"Periodismo serio y responsable","potentialAction":[{"@type":"SearchAction","target":{"@type":"EntryPoint","urlTemplate":"https:\/\/periodicocentroccidente.com\/?s={search_term_string}"},"query-input":{"@type":"PropertyValueSpecification","valueRequired":true,"valueName":"search_term_string"}}],"inLanguage":"es"},{"@type":"Person","@id":"https:\/\/periodicocentroccidente.com\/#\/schema\/person\/f4e4a651098f3db198244657b7130e7e","name":"Ricardo","image":{"@type":"ImageObject","inLanguage":"es","@id":"https:\/\/periodicocentroccidente.com\/#\/schema\/person\/image\/","url":"https:\/\/secure.gravatar.com\/avatar\/402e6137108ec0fdaa7809184382fb1dd2f8b00264c1d945d341f2b8f90db429?s=96&d=mm&r=g","contentUrl":"https:\/\/secure.gravatar.com\/avatar\/402e6137108ec0fdaa7809184382fb1dd2f8b00264c1d945d341f2b8f90db429?s=96&d=mm&r=g","caption":"Ricardo"},"url":"https:\/\/periodicocentroccidente.com\/?author=2"}]}},"jetpack_featured_media_url":"https:\/\/periodicocentroccidente.com\/wp-content\/uploads\/2025\/11\/1-3.jpg","jetpack_sharing_enabled":true,"jetpack-related-posts":[],"_links":{"self":[{"href":"https:\/\/periodicocentroccidente.com\/index.php?rest_route=\/wp\/v2\/posts\/4712","targetHints":{"allow":["GET"]}}],"collection":[{"href":"https:\/\/periodicocentroccidente.com\/index.php?rest_route=\/wp\/v2\/posts"}],"about":[{"href":"https:\/\/periodicocentroccidente.com\/index.php?rest_route=\/wp\/v2\/types\/post"}],"author":[{"embeddable":true,"href":"https:\/\/periodicocentroccidente.com\/index.php?rest_route=\/wp\/v2\/users\/2"}],"replies":[{"embeddable":true,"href":"https:\/\/periodicocentroccidente.com\/index.php?rest_route=%2Fwp%2Fv2%2Fcomments&post=4712"}],"version-history":[{"count":1,"href":"https:\/\/periodicocentroccidente.com\/index.php?rest_route=\/wp\/v2\/posts\/4712\/revisions"}],"predecessor-version":[{"id":4714,"href":"https:\/\/periodicocentroccidente.com\/index.php?rest_route=\/wp\/v2\/posts\/4712\/revisions\/4714"}],"wp:featuredmedia":[{"embeddable":true,"href":"https:\/\/periodicocentroccidente.com\/index.php?rest_route=\/wp\/v2\/media\/4713"}],"wp:attachment":[{"href":"https:\/\/periodicocentroccidente.com\/index.php?rest_route=%2Fwp%2Fv2%2Fmedia&parent=4712"}],"wp:term":[{"taxonomy":"category","embeddable":true,"href":"https:\/\/periodicocentroccidente.com\/index.php?rest_route=%2Fwp%2Fv2%2Fcategories&post=4712"},{"taxonomy":"post_tag","embeddable":true,"href":"https:\/\/periodicocentroccidente.com\/index.php?rest_route=%2Fwp%2Fv2%2Ftags&post=4712"}],"curies":[{"name":"wp","href":"https:\/\/api.w.org\/{rel}","templated":true}]}}