{"id":4684,"date":"2025-11-24T17:21:51","date_gmt":"2025-11-24T17:21:51","guid":{"rendered":"https:\/\/periodicocentroccidente.com\/?p=4684"},"modified":"2025-11-24T17:21:51","modified_gmt":"2025-11-24T17:21:51","slug":"consulta-popular-demostro-un-gran-compromiso-del-pueblo-con-la-democracia","status":"publish","type":"post","link":"https:\/\/periodicocentroccidente.com\/?p=4684","title":{"rendered":"Consulta Popular demostr\u00f3 un gran compromiso del pueblo con la democracia"},"content":{"rendered":"<p><strong>Especial.-<\/strong><\/p>\n<p>El gobernador Primitivo Cede\u00f1o celebr\u00f3 este domingo lo que calific\u00f3 como demostraci\u00f3n del compromiso del pueblo con la democracia al participar masivamente en la IV Consulta Popular Nacional.<\/p>\n<p>Cede\u00f1o resalt\u00f3 la importancia de que \u00abentre todos, comunidades y familias, elijamos los proyectos que nos llevar\u00e1n a la victoria popular y a la paz\u00bb.<\/p>\n<p>En sus redes sociales, el mandatario regional asegur\u00f3 que desde temprano y con alegr\u00eda el pueblo de los 14 municipios acudi\u00f3 a sus centros de votaci\u00f3n.<\/p>\n<p><img loading=\"lazy\" decoding=\"async\" class=\"alignnone size-medium wp-image-4686\" src=\"https:\/\/periodicocentroccidente.com\/wp-content\/uploads\/2025\/11\/Screenshot_20251124_041730_Instagram-840x716-1-300x256.jpg\" alt=\"\" width=\"300\" height=\"256\" srcset=\"https:\/\/periodicocentroccidente.com\/wp-content\/uploads\/2025\/11\/Screenshot_20251124_041730_Instagram-840x716-1-300x256.jpg 300w, https:\/\/periodicocentroccidente.com\/wp-content\/uploads\/2025\/11\/Screenshot_20251124_041730_Instagram-840x716-1-768x655.jpg 768w, https:\/\/periodicocentroccidente.com\/wp-content\/uploads\/2025\/11\/Screenshot_20251124_041730_Instagram-840x716-1.jpg 840w\" sizes=\"auto, (max-width: 300px) 100vw, 300px\" \/><\/p>\n","protected":false},"excerpt":{"rendered":"<p>Especial.- El gobernador Primitivo Cede&ntilde;o celebr&oacute; este domingo lo que calific&oacute; como demostraci&oacute;n del compromiso del pueblo con la democracia al participar masivamente en la IV Consulta Popular Nacional. Cede&ntilde;o resalt&oacute; la importancia de que &laquo;entre todos, comunidades y familias, elijamos los proyectos que nos llevar&aacute;n a la victoria popular y a la paz&raquo;. En &hellip;<\/p>\n","protected":false},"author":2,"featured_media":4685,"comment_status":"open","ping_status":"open","sticky":false,"template":"","format":"standard","meta":{"_jetpack_memberships_contains_paid_content":false,"footnotes":""},"categories":[127],"tags":[],"class_list":["post-4684","post","type-post","status-publish","format-standard","has-post-thumbnail","hentry","category-noticias-recientes"],"yoast_head":"<!-- This site is optimized with the Yoast SEO plugin v24.8.1 - https:\/\/yoast.com\/wordpress\/plugins\/seo\/ -->\n<title>Consulta Popular demostr\u00f3 un gran compromiso del pueblo con la democracia -<\/title>\n<meta name=\"robots\" content=\"index, follow, max-snippet:-1, max-image-preview:large, max-video-preview:-1\" \/>\n<link rel=\"canonical\" href=\"https:\/\/periodicocentroccidente.com\/?p=4684\" \/>\n<meta property=\"og:locale\" content=\"es_ES\" \/>\n<meta property=\"og:type\" content=\"article\" \/>\n<meta property=\"og:title\" content=\"Consulta Popular demostr\u00f3 un gran compromiso del pueblo con la democracia -\" \/>\n<meta property=\"og:description\" content=\"Especial.- El gobernador Primitivo Cede&ntilde;o celebr&oacute; este domingo lo que calific&oacute; como demostraci&oacute;n del compromiso del pueblo con la democracia al participar masivamente en la IV Consulta Popular Nacional. Cede&ntilde;o resalt&oacute; la importancia de que &laquo;entre todos, comunidades y familias, elijamos los proyectos que nos llevar&aacute;n a la victoria popular y a la paz&raquo;. En &hellip;\" \/>\n<meta property=\"og:url\" content=\"https:\/\/periodicocentroccidente.com\/?p=4684\" \/>\n<meta property=\"article:published_time\" content=\"2025-11-24T17:21:51+00:00\" \/>\n<meta property=\"og:image\" content=\"https:\/\/periodicocentroccidente.com\/wp-content\/uploads\/2025\/11\/Screenshot_20251124-125327.jpg\" \/>\n\t<meta property=\"og:image:width\" content=\"1080\" \/>\n\t<meta property=\"og:image:height\" content=\"1303\" \/>\n\t<meta property=\"og:image:type\" content=\"image\/jpeg\" \/>\n<meta name=\"author\" content=\"Ricardo\" \/>\n<meta name=\"twitter:card\" content=\"summary_large_image\" \/>\n<meta name=\"twitter:label1\" content=\"Escrito por\" \/>\n\t<meta name=\"twitter:data1\" content=\"Ricardo\" \/>\n\t<meta name=\"twitter:label2\" content=\"Tiempo de lectura\" \/>\n\t<meta name=\"twitter:data2\" content=\"1 minuto\" \/>\n<script type=\"application\/ld+json\" class=\"yoast-schema-graph\">{\"@context\":\"https:\/\/schema.org\",\"@graph\":[{\"@type\":\"WebPage\",\"@id\":\"https:\/\/periodicocentroccidente.com\/?p=4684\",\"url\":\"https:\/\/periodicocentroccidente.com\/?p=4684\",\"name\":\"Consulta Popular demostr\u00f3 un gran compromiso del pueblo con la democracia -\",\"isPartOf\":{\"@id\":\"https:\/\/periodicocentroccidente.com\/#website\"},\"primaryImageOfPage\":{\"@id\":\"https:\/\/periodicocentroccidente.com\/?p=4684#primaryimage\"},\"image\":{\"@id\":\"https:\/\/periodicocentroccidente.com\/?p=4684#primaryimage\"},\"thumbnailUrl\":\"https:\/\/periodicocentroccidente.com\/wp-content\/uploads\/2025\/11\/Screenshot_20251124-125327.jpg\",\"datePublished\":\"2025-11-24T17:21:51+00:00\",\"author\":{\"@id\":\"https:\/\/periodicocentroccidente.com\/#\/schema\/person\/f4e4a651098f3db198244657b7130e7e\"},\"breadcrumb\":{\"@id\":\"https:\/\/periodicocentroccidente.com\/?p=4684#breadcrumb\"},\"inLanguage\":\"es\",\"potentialAction\":[{\"@type\":\"ReadAction\",\"target\":[\"https:\/\/periodicocentroccidente.com\/?p=4684\"]}]},{\"@type\":\"ImageObject\",\"inLanguage\":\"es\",\"@id\":\"https:\/\/periodicocentroccidente.com\/?p=4684#primaryimage\",\"url\":\"https:\/\/periodicocentroccidente.com\/wp-content\/uploads\/2025\/11\/Screenshot_20251124-125327.jpg\",\"contentUrl\":\"https:\/\/periodicocentroccidente.com\/wp-content\/uploads\/2025\/11\/Screenshot_20251124-125327.jpg\",\"width\":1080,\"height\":1303},{\"@type\":\"BreadcrumbList\",\"@id\":\"https:\/\/periodicocentroccidente.com\/?p=4684#breadcrumb\",\"itemListElement\":[{\"@type\":\"ListItem\",\"position\":1,\"name\":\"Portada\",\"item\":\"https:\/\/periodicocentroccidente.com\/\"},{\"@type\":\"ListItem\",\"position\":2,\"name\":\"Consulta Popular demostr\u00f3 un gran compromiso del pueblo con la democracia\"}]},{\"@type\":\"WebSite\",\"@id\":\"https:\/\/periodicocentroccidente.com\/#website\",\"url\":\"https:\/\/periodicocentroccidente.com\/\",\"name\":\"\",\"description\":\"Periodismo serio y responsable\",\"potentialAction\":[{\"@type\":\"SearchAction\",\"target\":{\"@type\":\"EntryPoint\",\"urlTemplate\":\"https:\/\/periodicocentroccidente.com\/?s={search_term_string}\"},\"query-input\":{\"@type\":\"PropertyValueSpecification\",\"valueRequired\":true,\"valueName\":\"search_term_string\"}}],\"inLanguage\":\"es\"},{\"@type\":\"Person\",\"@id\":\"https:\/\/periodicocentroccidente.com\/#\/schema\/person\/f4e4a651098f3db198244657b7130e7e\",\"name\":\"Ricardo\",\"image\":{\"@type\":\"ImageObject\",\"inLanguage\":\"es\",\"@id\":\"https:\/\/periodicocentroccidente.com\/#\/schema\/person\/image\/\",\"url\":\"https:\/\/secure.gravatar.com\/avatar\/402e6137108ec0fdaa7809184382fb1dd2f8b00264c1d945d341f2b8f90db429?s=96&d=mm&r=g\",\"contentUrl\":\"https:\/\/secure.gravatar.com\/avatar\/402e6137108ec0fdaa7809184382fb1dd2f8b00264c1d945d341f2b8f90db429?s=96&d=mm&r=g\",\"caption\":\"Ricardo\"},\"url\":\"https:\/\/periodicocentroccidente.com\/?author=2\"}]}<\/script>\n<!-- \/ Yoast SEO plugin. -->","yoast_head_json":{"title":"Consulta Popular demostr\u00f3 un gran compromiso del pueblo con la democracia -","robots":{"index":"index","follow":"follow","max-snippet":"max-snippet:-1","max-image-preview":"max-image-preview:large","max-video-preview":"max-video-preview:-1"},"canonical":"https:\/\/periodicocentroccidente.com\/?p=4684","og_locale":"es_ES","og_type":"article","og_title":"Consulta Popular demostr\u00f3 un gran compromiso del pueblo con la democracia -","og_description":"Especial.- El gobernador Primitivo Cede&ntilde;o celebr&oacute; este domingo lo que calific&oacute; como demostraci&oacute;n del compromiso del pueblo con la democracia al participar masivamente en la IV Consulta Popular Nacional. Cede&ntilde;o resalt&oacute; la importancia de que &laquo;entre todos, comunidades y familias, elijamos los proyectos que nos llevar&aacute;n a la victoria popular y a la paz&raquo;. En &hellip;","og_url":"https:\/\/periodicocentroccidente.com\/?p=4684","article_published_time":"2025-11-24T17:21:51+00:00","og_image":[{"width":1080,"height":1303,"url":"https:\/\/periodicocentroccidente.com\/wp-content\/uploads\/2025\/11\/Screenshot_20251124-125327.jpg","type":"image\/jpeg"}],"author":"Ricardo","twitter_card":"summary_large_image","twitter_misc":{"Escrito por":"Ricardo","Tiempo de lectura":"1 minuto"},"schema":{"@context":"https:\/\/schema.org","@graph":[{"@type":"WebPage","@id":"https:\/\/periodicocentroccidente.com\/?p=4684","url":"https:\/\/periodicocentroccidente.com\/?p=4684","name":"Consulta Popular demostr\u00f3 un gran compromiso del pueblo con la democracia -","isPartOf":{"@id":"https:\/\/periodicocentroccidente.com\/#website"},"primaryImageOfPage":{"@id":"https:\/\/periodicocentroccidente.com\/?p=4684#primaryimage"},"image":{"@id":"https:\/\/periodicocentroccidente.com\/?p=4684#primaryimage"},"thumbnailUrl":"https:\/\/periodicocentroccidente.com\/wp-content\/uploads\/2025\/11\/Screenshot_20251124-125327.jpg","datePublished":"2025-11-24T17:21:51+00:00","author":{"@id":"https:\/\/periodicocentroccidente.com\/#\/schema\/person\/f4e4a651098f3db198244657b7130e7e"},"breadcrumb":{"@id":"https:\/\/periodicocentroccidente.com\/?p=4684#breadcrumb"},"inLanguage":"es","potentialAction":[{"@type":"ReadAction","target":["https:\/\/periodicocentroccidente.com\/?p=4684"]}]},{"@type":"ImageObject","inLanguage":"es","@id":"https:\/\/periodicocentroccidente.com\/?p=4684#primaryimage","url":"https:\/\/periodicocentroccidente.com\/wp-content\/uploads\/2025\/11\/Screenshot_20251124-125327.jpg","contentUrl":"https:\/\/periodicocentroccidente.com\/wp-content\/uploads\/2025\/11\/Screenshot_20251124-125327.jpg","width":1080,"height":1303},{"@type":"BreadcrumbList","@id":"https:\/\/periodicocentroccidente.com\/?p=4684#breadcrumb","itemListElement":[{"@type":"ListItem","position":1,"name":"Portada","item":"https:\/\/periodicocentroccidente.com\/"},{"@type":"ListItem","position":2,"name":"Consulta Popular demostr\u00f3 un gran compromiso del pueblo con la democracia"}]},{"@type":"WebSite","@id":"https:\/\/periodicocentroccidente.com\/#website","url":"https:\/\/periodicocentroccidente.com\/","name":"","description":"Periodismo serio y responsable","potentialAction":[{"@type":"SearchAction","target":{"@type":"EntryPoint","urlTemplate":"https:\/\/periodicocentroccidente.com\/?s={search_term_string}"},"query-input":{"@type":"PropertyValueSpecification","valueRequired":true,"valueName":"search_term_string"}}],"inLanguage":"es"},{"@type":"Person","@id":"https:\/\/periodicocentroccidente.com\/#\/schema\/person\/f4e4a651098f3db198244657b7130e7e","name":"Ricardo","image":{"@type":"ImageObject","inLanguage":"es","@id":"https:\/\/periodicocentroccidente.com\/#\/schema\/person\/image\/","url":"https:\/\/secure.gravatar.com\/avatar\/402e6137108ec0fdaa7809184382fb1dd2f8b00264c1d945d341f2b8f90db429?s=96&d=mm&r=g","contentUrl":"https:\/\/secure.gravatar.com\/avatar\/402e6137108ec0fdaa7809184382fb1dd2f8b00264c1d945d341f2b8f90db429?s=96&d=mm&r=g","caption":"Ricardo"},"url":"https:\/\/periodicocentroccidente.com\/?author=2"}]}},"jetpack_featured_media_url":"https:\/\/periodicocentroccidente.com\/wp-content\/uploads\/2025\/11\/Screenshot_20251124-125327.jpg","jetpack_sharing_enabled":true,"jetpack-related-posts":[],"_links":{"self":[{"href":"https:\/\/periodicocentroccidente.com\/index.php?rest_route=\/wp\/v2\/posts\/4684","targetHints":{"allow":["GET"]}}],"collection":[{"href":"https:\/\/periodicocentroccidente.com\/index.php?rest_route=\/wp\/v2\/posts"}],"about":[{"href":"https:\/\/periodicocentroccidente.com\/index.php?rest_route=\/wp\/v2\/types\/post"}],"author":[{"embeddable":true,"href":"https:\/\/periodicocentroccidente.com\/index.php?rest_route=\/wp\/v2\/users\/2"}],"replies":[{"embeddable":true,"href":"https:\/\/periodicocentroccidente.com\/index.php?rest_route=%2Fwp%2Fv2%2Fcomments&post=4684"}],"version-history":[{"count":1,"href":"https:\/\/periodicocentroccidente.com\/index.php?rest_route=\/wp\/v2\/posts\/4684\/revisions"}],"predecessor-version":[{"id":4687,"href":"https:\/\/periodicocentroccidente.com\/index.php?rest_route=\/wp\/v2\/posts\/4684\/revisions\/4687"}],"wp:featuredmedia":[{"embeddable":true,"href":"https:\/\/periodicocentroccidente.com\/index.php?rest_route=\/wp\/v2\/media\/4685"}],"wp:attachment":[{"href":"https:\/\/periodicocentroccidente.com\/index.php?rest_route=%2Fwp%2Fv2%2Fmedia&parent=4684"}],"wp:term":[{"taxonomy":"category","embeddable":true,"href":"https:\/\/periodicocentroccidente.com\/index.php?rest_route=%2Fwp%2Fv2%2Fcategories&post=4684"},{"taxonomy":"post_tag","embeddable":true,"href":"https:\/\/periodicocentroccidente.com\/index.php?rest_route=%2Fwp%2Fv2%2Ftags&post=4684"}],"curies":[{"name":"wp","href":"https:\/\/api.w.org\/{rel}","templated":true}]}}