{"id":4592,"date":"2025-11-17T19:56:00","date_gmt":"2025-11-17T19:56:00","guid":{"rendered":"https:\/\/periodicocentroccidente.com\/?p=4592"},"modified":"2025-11-17T19:56:00","modified_gmt":"2025-11-17T19:56:00","slug":"nina-ramos-resulto-electa-como-delegada-estudiantil-nacional-de-la-ubv","status":"publish","type":"post","link":"https:\/\/periodicocentroccidente.com\/?p=4592","title":{"rendered":"Nina Ramos result\u00f3 electa como delegada estudiantil nacional de la UBV"},"content":{"rendered":"<div dir=\"auto\"><strong>(Cruz Mario Silva \/ Foto Jos\u00e9 Domingo Falc\u00f3n).-<\/strong><\/div>\n<div dir=\"auto\"><\/div>\n<div dir=\"auto\">La estudiante del sexto semestre de sicolog\u00eda de la Universidad Bolivariana de Venezuela: Nina Ramos, result\u00f3 electa como delegada nacional, durante la consulta llevada a cabo recientemente en esa casa de estudios.<\/div>\n<div dir=\"auto\">La ganadora se midi\u00f3 en una consulta en la que participaron m\u00e1s 350 estudiantes de los diferentes ejes que conforman la UBV Portuguesa.<\/div>\n<div dir=\"auto\"><\/div>\n<div dir=\"auto\">La jornada electoral dijo Ramos, reafirma el car\u00e1cter democr\u00e1tico que vive la UBV y toda Venezuela.<\/div>\n<div dir=\"auto\">La sede de la Aldea Universitaria Las Tres Raices, Acarigua, fue el escenario para llevar acabo esta consulta, dijo.<\/div>\n<div dir=\"auto\">\u00abDesde horas de la ma\u00f1ana se inici\u00f3 este proceso que culmin\u00f3 en horas de la tarde con buen \u00e1nimo y concientes de la importancia del proceso electoral, en que se apreci\u00f3 que los compa\u00f1eros de la UBV, especialmente del Eje Cacique Coromoto, tienen con que y vamos por m\u00e1s\u00bb, reiter\u00f3.<\/div>\n<div dir=\"auto\"><\/div>\n<div dir=\"auto\">En ese orden de ideas, el equipo encabezado por el coordinador del eje: Gerardo Varela, el personal administrativo, obreros, estudiantes y movimiento social Paz y Vida, garantizaron el \u00e9xito de los comicios ejecutados por el\u00a0Consejo Nacional Electoral, CNE.<\/div>\n<div dir=\"auto\"><\/div>\n<div dir=\"auto\"><img loading=\"lazy\" decoding=\"async\" class=\"alignnone size-medium wp-image-4594\" src=\"https:\/\/periodicocentroccidente.com\/wp-content\/uploads\/2025\/11\/IMG-20251116-WA0378-300x252.jpg\" alt=\"\" width=\"300\" height=\"252\" srcset=\"https:\/\/periodicocentroccidente.com\/wp-content\/uploads\/2025\/11\/IMG-20251116-WA0378-300x252.jpg 300w, https:\/\/periodicocentroccidente.com\/wp-content\/uploads\/2025\/11\/IMG-20251116-WA0378-1024x859.jpg 1024w, https:\/\/periodicocentroccidente.com\/wp-content\/uploads\/2025\/11\/IMG-20251116-WA0378-768x644.jpg 768w, https:\/\/periodicocentroccidente.com\/wp-content\/uploads\/2025\/11\/IMG-20251116-WA0378.jpg 1280w\" sizes=\"auto, (max-width: 300px) 100vw, 300px\" \/><\/div>\n","protected":false},"excerpt":{"rendered":"<p>(Cruz Mario Silva \/ Foto Jos&eacute; Domingo Falc&oacute;n).- La estudiante del sexto semestre de sicolog&iacute;a de la Universidad Bolivariana de Venezuela: Nina Ramos, result&oacute; electa como delegada nacional, durante la consulta llevada a cabo recientemente en esa casa de estudios. La ganadora se midi&oacute; en una consulta en la que participaron m&aacute;s 350 estudiantes de &hellip;<\/p>\n","protected":false},"author":2,"featured_media":4593,"comment_status":"open","ping_status":"open","sticky":false,"template":"","format":"standard","meta":{"_jetpack_memberships_contains_paid_content":false,"footnotes":""},"categories":[128],"tags":[],"class_list":["post-4592","post","type-post","status-publish","format-standard","has-post-thumbnail","hentry","category-noticias-del-cono-norte"],"yoast_head":"<!-- This site is optimized with the Yoast SEO plugin v24.8.1 - https:\/\/yoast.com\/wordpress\/plugins\/seo\/ -->\n<title>Nina Ramos result\u00f3 electa como delegada estudiantil nacional de la UBV -<\/title>\n<meta name=\"robots\" content=\"index, follow, max-snippet:-1, max-image-preview:large, max-video-preview:-1\" \/>\n<link rel=\"canonical\" href=\"https:\/\/periodicocentroccidente.com\/?p=4592\" \/>\n<meta property=\"og:locale\" content=\"es_ES\" \/>\n<meta property=\"og:type\" content=\"article\" \/>\n<meta property=\"og:title\" content=\"Nina Ramos result\u00f3 electa como delegada estudiantil nacional de la UBV -\" \/>\n<meta property=\"og:description\" content=\"(Cruz Mario Silva \/ Foto Jos&eacute; Domingo Falc&oacute;n).- La estudiante del sexto semestre de sicolog&iacute;a de la Universidad Bolivariana de Venezuela: Nina Ramos, result&oacute; electa como delegada nacional, durante la consulta llevada a cabo recientemente en esa casa de estudios. La ganadora se midi&oacute; en una consulta en la que participaron m&aacute;s 350 estudiantes de &hellip;\" \/>\n<meta property=\"og:url\" content=\"https:\/\/periodicocentroccidente.com\/?p=4592\" \/>\n<meta property=\"article:published_time\" content=\"2025-11-17T19:56:00+00:00\" \/>\n<meta property=\"og:image\" content=\"https:\/\/periodicocentroccidente.com\/wp-content\/uploads\/2025\/11\/unnamed-2.jpg\" \/>\n\t<meta property=\"og:image:width\" content=\"1080\" \/>\n\t<meta property=\"og:image:height\" content=\"634\" \/>\n\t<meta property=\"og:image:type\" content=\"image\/jpeg\" \/>\n<meta name=\"author\" content=\"Ricardo\" \/>\n<meta name=\"twitter:card\" content=\"summary_large_image\" \/>\n<meta name=\"twitter:label1\" content=\"Escrito por\" \/>\n\t<meta name=\"twitter:data1\" content=\"Ricardo\" \/>\n\t<meta name=\"twitter:label2\" content=\"Tiempo de lectura\" \/>\n\t<meta name=\"twitter:data2\" content=\"2 minutos\" \/>\n<script type=\"application\/ld+json\" class=\"yoast-schema-graph\">{\"@context\":\"https:\/\/schema.org\",\"@graph\":[{\"@type\":\"WebPage\",\"@id\":\"https:\/\/periodicocentroccidente.com\/?p=4592\",\"url\":\"https:\/\/periodicocentroccidente.com\/?p=4592\",\"name\":\"Nina Ramos result\u00f3 electa como delegada estudiantil nacional de la UBV -\",\"isPartOf\":{\"@id\":\"https:\/\/periodicocentroccidente.com\/#website\"},\"primaryImageOfPage\":{\"@id\":\"https:\/\/periodicocentroccidente.com\/?p=4592#primaryimage\"},\"image\":{\"@id\":\"https:\/\/periodicocentroccidente.com\/?p=4592#primaryimage\"},\"thumbnailUrl\":\"https:\/\/periodicocentroccidente.com\/wp-content\/uploads\/2025\/11\/unnamed-2.jpg\",\"datePublished\":\"2025-11-17T19:56:00+00:00\",\"author\":{\"@id\":\"https:\/\/periodicocentroccidente.com\/#\/schema\/person\/f4e4a651098f3db198244657b7130e7e\"},\"breadcrumb\":{\"@id\":\"https:\/\/periodicocentroccidente.com\/?p=4592#breadcrumb\"},\"inLanguage\":\"es\",\"potentialAction\":[{\"@type\":\"ReadAction\",\"target\":[\"https:\/\/periodicocentroccidente.com\/?p=4592\"]}]},{\"@type\":\"ImageObject\",\"inLanguage\":\"es\",\"@id\":\"https:\/\/periodicocentroccidente.com\/?p=4592#primaryimage\",\"url\":\"https:\/\/periodicocentroccidente.com\/wp-content\/uploads\/2025\/11\/unnamed-2.jpg\",\"contentUrl\":\"https:\/\/periodicocentroccidente.com\/wp-content\/uploads\/2025\/11\/unnamed-2.jpg\",\"width\":1080,\"height\":634},{\"@type\":\"BreadcrumbList\",\"@id\":\"https:\/\/periodicocentroccidente.com\/?p=4592#breadcrumb\",\"itemListElement\":[{\"@type\":\"ListItem\",\"position\":1,\"name\":\"Portada\",\"item\":\"https:\/\/periodicocentroccidente.com\/\"},{\"@type\":\"ListItem\",\"position\":2,\"name\":\"Nina Ramos result\u00f3 electa como delegada estudiantil nacional de la UBV\"}]},{\"@type\":\"WebSite\",\"@id\":\"https:\/\/periodicocentroccidente.com\/#website\",\"url\":\"https:\/\/periodicocentroccidente.com\/\",\"name\":\"\",\"description\":\"Periodismo serio y responsable\",\"potentialAction\":[{\"@type\":\"SearchAction\",\"target\":{\"@type\":\"EntryPoint\",\"urlTemplate\":\"https:\/\/periodicocentroccidente.com\/?s={search_term_string}\"},\"query-input\":{\"@type\":\"PropertyValueSpecification\",\"valueRequired\":true,\"valueName\":\"search_term_string\"}}],\"inLanguage\":\"es\"},{\"@type\":\"Person\",\"@id\":\"https:\/\/periodicocentroccidente.com\/#\/schema\/person\/f4e4a651098f3db198244657b7130e7e\",\"name\":\"Ricardo\",\"image\":{\"@type\":\"ImageObject\",\"inLanguage\":\"es\",\"@id\":\"https:\/\/periodicocentroccidente.com\/#\/schema\/person\/image\/\",\"url\":\"https:\/\/secure.gravatar.com\/avatar\/402e6137108ec0fdaa7809184382fb1dd2f8b00264c1d945d341f2b8f90db429?s=96&d=mm&r=g\",\"contentUrl\":\"https:\/\/secure.gravatar.com\/avatar\/402e6137108ec0fdaa7809184382fb1dd2f8b00264c1d945d341f2b8f90db429?s=96&d=mm&r=g\",\"caption\":\"Ricardo\"},\"url\":\"https:\/\/periodicocentroccidente.com\/?author=2\"}]}<\/script>\n<!-- \/ Yoast SEO plugin. -->","yoast_head_json":{"title":"Nina Ramos result\u00f3 electa como delegada estudiantil nacional de la UBV -","robots":{"index":"index","follow":"follow","max-snippet":"max-snippet:-1","max-image-preview":"max-image-preview:large","max-video-preview":"max-video-preview:-1"},"canonical":"https:\/\/periodicocentroccidente.com\/?p=4592","og_locale":"es_ES","og_type":"article","og_title":"Nina Ramos result\u00f3 electa como delegada estudiantil nacional de la UBV -","og_description":"(Cruz Mario Silva \/ Foto Jos&eacute; Domingo Falc&oacute;n).- La estudiante del sexto semestre de sicolog&iacute;a de la Universidad Bolivariana de Venezuela: Nina Ramos, result&oacute; electa como delegada nacional, durante la consulta llevada a cabo recientemente en esa casa de estudios. La ganadora se midi&oacute; en una consulta en la que participaron m&aacute;s 350 estudiantes de &hellip;","og_url":"https:\/\/periodicocentroccidente.com\/?p=4592","article_published_time":"2025-11-17T19:56:00+00:00","og_image":[{"width":1080,"height":634,"url":"https:\/\/periodicocentroccidente.com\/wp-content\/uploads\/2025\/11\/unnamed-2.jpg","type":"image\/jpeg"}],"author":"Ricardo","twitter_card":"summary_large_image","twitter_misc":{"Escrito por":"Ricardo","Tiempo de lectura":"2 minutos"},"schema":{"@context":"https:\/\/schema.org","@graph":[{"@type":"WebPage","@id":"https:\/\/periodicocentroccidente.com\/?p=4592","url":"https:\/\/periodicocentroccidente.com\/?p=4592","name":"Nina Ramos result\u00f3 electa como delegada estudiantil nacional de la UBV -","isPartOf":{"@id":"https:\/\/periodicocentroccidente.com\/#website"},"primaryImageOfPage":{"@id":"https:\/\/periodicocentroccidente.com\/?p=4592#primaryimage"},"image":{"@id":"https:\/\/periodicocentroccidente.com\/?p=4592#primaryimage"},"thumbnailUrl":"https:\/\/periodicocentroccidente.com\/wp-content\/uploads\/2025\/11\/unnamed-2.jpg","datePublished":"2025-11-17T19:56:00+00:00","author":{"@id":"https:\/\/periodicocentroccidente.com\/#\/schema\/person\/f4e4a651098f3db198244657b7130e7e"},"breadcrumb":{"@id":"https:\/\/periodicocentroccidente.com\/?p=4592#breadcrumb"},"inLanguage":"es","potentialAction":[{"@type":"ReadAction","target":["https:\/\/periodicocentroccidente.com\/?p=4592"]}]},{"@type":"ImageObject","inLanguage":"es","@id":"https:\/\/periodicocentroccidente.com\/?p=4592#primaryimage","url":"https:\/\/periodicocentroccidente.com\/wp-content\/uploads\/2025\/11\/unnamed-2.jpg","contentUrl":"https:\/\/periodicocentroccidente.com\/wp-content\/uploads\/2025\/11\/unnamed-2.jpg","width":1080,"height":634},{"@type":"BreadcrumbList","@id":"https:\/\/periodicocentroccidente.com\/?p=4592#breadcrumb","itemListElement":[{"@type":"ListItem","position":1,"name":"Portada","item":"https:\/\/periodicocentroccidente.com\/"},{"@type":"ListItem","position":2,"name":"Nina Ramos result\u00f3 electa como delegada estudiantil nacional de la UBV"}]},{"@type":"WebSite","@id":"https:\/\/periodicocentroccidente.com\/#website","url":"https:\/\/periodicocentroccidente.com\/","name":"","description":"Periodismo serio y responsable","potentialAction":[{"@type":"SearchAction","target":{"@type":"EntryPoint","urlTemplate":"https:\/\/periodicocentroccidente.com\/?s={search_term_string}"},"query-input":{"@type":"PropertyValueSpecification","valueRequired":true,"valueName":"search_term_string"}}],"inLanguage":"es"},{"@type":"Person","@id":"https:\/\/periodicocentroccidente.com\/#\/schema\/person\/f4e4a651098f3db198244657b7130e7e","name":"Ricardo","image":{"@type":"ImageObject","inLanguage":"es","@id":"https:\/\/periodicocentroccidente.com\/#\/schema\/person\/image\/","url":"https:\/\/secure.gravatar.com\/avatar\/402e6137108ec0fdaa7809184382fb1dd2f8b00264c1d945d341f2b8f90db429?s=96&d=mm&r=g","contentUrl":"https:\/\/secure.gravatar.com\/avatar\/402e6137108ec0fdaa7809184382fb1dd2f8b00264c1d945d341f2b8f90db429?s=96&d=mm&r=g","caption":"Ricardo"},"url":"https:\/\/periodicocentroccidente.com\/?author=2"}]}},"jetpack_featured_media_url":"https:\/\/periodicocentroccidente.com\/wp-content\/uploads\/2025\/11\/unnamed-2.jpg","jetpack_sharing_enabled":true,"jetpack-related-posts":[],"_links":{"self":[{"href":"https:\/\/periodicocentroccidente.com\/index.php?rest_route=\/wp\/v2\/posts\/4592","targetHints":{"allow":["GET"]}}],"collection":[{"href":"https:\/\/periodicocentroccidente.com\/index.php?rest_route=\/wp\/v2\/posts"}],"about":[{"href":"https:\/\/periodicocentroccidente.com\/index.php?rest_route=\/wp\/v2\/types\/post"}],"author":[{"embeddable":true,"href":"https:\/\/periodicocentroccidente.com\/index.php?rest_route=\/wp\/v2\/users\/2"}],"replies":[{"embeddable":true,"href":"https:\/\/periodicocentroccidente.com\/index.php?rest_route=%2Fwp%2Fv2%2Fcomments&post=4592"}],"version-history":[{"count":1,"href":"https:\/\/periodicocentroccidente.com\/index.php?rest_route=\/wp\/v2\/posts\/4592\/revisions"}],"predecessor-version":[{"id":4595,"href":"https:\/\/periodicocentroccidente.com\/index.php?rest_route=\/wp\/v2\/posts\/4592\/revisions\/4595"}],"wp:featuredmedia":[{"embeddable":true,"href":"https:\/\/periodicocentroccidente.com\/index.php?rest_route=\/wp\/v2\/media\/4593"}],"wp:attachment":[{"href":"https:\/\/periodicocentroccidente.com\/index.php?rest_route=%2Fwp%2Fv2%2Fmedia&parent=4592"}],"wp:term":[{"taxonomy":"category","embeddable":true,"href":"https:\/\/periodicocentroccidente.com\/index.php?rest_route=%2Fwp%2Fv2%2Fcategories&post=4592"},{"taxonomy":"post_tag","embeddable":true,"href":"https:\/\/periodicocentroccidente.com\/index.php?rest_route=%2Fwp%2Fv2%2Ftags&post=4592"}],"curies":[{"name":"wp","href":"https:\/\/api.w.org\/{rel}","templated":true}]}}