{"id":4373,"date":"2025-11-03T20:15:46","date_gmt":"2025-11-03T20:15:46","guid":{"rendered":"https:\/\/periodicocentroccidente.com\/?p=4373"},"modified":"2025-11-03T20:15:46","modified_gmt":"2025-11-03T20:15:46","slug":"la-antena-del-cono-sur-11","status":"publish","type":"post","link":"https:\/\/periodicocentroccidente.com\/?p=4373","title":{"rendered":"La Antena del Cono Sur"},"content":{"rendered":"<p><strong>Mateo 7\/15.. \u201cPOR SUS FRUTOS LOS CONOCEREIS\u201d.<\/strong><\/p>\n<p><strong>ESTE SABADO 01 DE NOVIEMBRE<\/strong> tuve la oportunidad de compartir un emotivo acto en Guanare, gracias a la invitaci\u00f3n del j\u00f3ven odont\u00f3logo Carlos Lu\u00eds P\u00e9rez, quien, dentro de su humildad caracter\u00edstica, me contaba que ese acto era el mejor regalo que \u00e9l le pod\u00eda dar a la capital del estado Portuguesa, que este lunes cumple 434 a\u00f1os de su fundaci\u00f3n.<\/p>\n<p><strong>CARLOS LUIS DURANTE<\/strong> muchos a\u00f1os ha tenido su consultorio odontol\u00f3gico en un peque\u00f1o local de su familia, pero a eso se le debe agregar que tambi\u00e9n durante todo este tiempo ha salido a la zona rural a organizar operativo popular de manera gratuita, lo que le ha valido, no\u00a0 solo la popularidad de la que hicimo9s menci\u00f3n en el p\u00e1rrafo anterior, si no que se ha ganado la gratitud de aquellos que reciben sus buenos oficios. Sigan leyendo.<\/p>\n<p><strong>EN ESE RINCON FAMILIAR<\/strong>, a precios bastante justos, se aglomeran diariamente decenas de personas,\u00a0 lo que hace insuficiente el mismo, por lo que, luego de varios a\u00f1os de trabajo y tes\u00f3n, logr\u00f3 instalar e inaugurar este s\u00e1bado\u00a0 un moderno consultorio, no muy grande, pero que irradia la misma humildad de Carlos Lu\u00eds, y eso se evidenci\u00f3 en la masiva asistencia de personas de todos los sectores, lo cual exterioriz\u00f3 con sabias palabras el presb\u00edtero Pablo Aguilar, sacerdote\u00a0 encargado de la bendici\u00f3n de \u201ceste nuevo santuario de la salud\u201d, como calific\u00f3 este inmueble ubicado frente a la gradas en la urbanizaci\u00f3n La Comunidad. Sigan leyendo.<\/p>\n<p><strong>PERSONAS,<\/strong> pacientes o no, de todos los sectores, se presentaron para\u00a0 abrazar al doctor P\u00e9rez, quien no se atrev\u00eda a pronunciar palabra alguna, ante la visible emoci\u00f3n que le embargaba. \u201cese muchacho merece el reconocimiento de todos\u201d me coment\u00f3 Juan Ernesto Gonz\u00e1lez, quien viaj\u00f3 de Acarigua para estar presente para acompa\u00f1ar a su amigo en ese sencillo acto, pero, repito, lleno de humildad y semcillez para quien se ha ganado el cari\u00f1o\u00a0 de los guanare\u00f1os y zonas vecinas.,\u00a0 como se evidenci\u00f3 en los comentarios que vertieron la totalidad de los entrevistados por la masiva presencia de los medios de comunicaci\u00f3n social presentes en ese evento., donde igualmente se mostr\u00f3 el orgullo de sus padres, Hern\u00e1n y Dora, y otros familiares.<\/p>\n<p><strong>\u00a0 \u201cESPECIALIDADES ODONTOLOGICAS\u201d<\/strong> no es un emprcio gigante ubicado frente a Las Gradas en la avenida Los Ilustres de nuestra capital, sino un acogedor y humilde consultoio dental con el cual Carlos Lu\u00eds quiso honrar el aniversario de la ciudad que le vi\u00f3 nacer, crecer y triunfar, y de all\u00ed mi reconocimiento a Carlos Lu\u00eds con estas sencillas palabras, pues como lo dijo Mateo: \u201cpor sus frutos los conocere\u00eds\u201d.<\/p>\n<p><strong>CIEGOS, SORDOS Y MUDO<\/strong>S se encuentran quienes dicen gobernar a Portuguesa, pues nadie abre la boca para dar alguna explicaci\u00f3n, as\u00ed sea una mentira, ante la aguda escasez de gasolina en Portuguesa. Silencio del Gobernador, silencio de los alcaldes, silencio de los concejales, si es que existen, silencio de la alta dirigencia roja rojita.\u00a0 \u00bf Y los becados, perd\u00f3n, legisladores? .- Ja ja ja\/ Je je je\/ Ji ji ji\/ Jo jo njo\/ Ju ju ju. Po9r cierto, estos becados deben estar molestos debido a que el\u00a0 Gobernador tiene varias semanas sin enviarles cr\u00e9ditos adicionales para su aprobaci\u00f3n, \u00fanica raz\u00f3n por la cual sesionan y de esa forma justificar sus jugosos bonos\u00a0 y sus millonarias dietas. Ya tengo cuatro nombres de los once becados, perd\u00f3n, legisladores, y espero que en pocos d\u00edas tenga los nombres de los dem\u00e1s para que de esa forma los portuguese\u00f1os sepan quienes son esos desconocidos que solo fueron electos para aprobar c r\u00e9ditos adicionales..<\/p>\n<p><strong>\u00a0 EN LAS ULTIMAS SEMANA<\/strong>S he comentado la paralizaci\u00f3n ejecutivo estadal, pero parece que la cosa es m\u00e1s seria de lo que se piensa, pues a estas alturas ni siquiera han pagado la segunda quincena de octubre a los trabajadores de la administraci\u00f3n p\u00fablica.<\/p>\n<p><strong> SOBRE LA CELEBRACION<\/strong>, este lunes 03 de noviembre, del aniversario de Guanare, no comento nada, pues nada se, ya que ni siquiera han anunciado el tradicional templete con artistas nacionales y extranjeros que cobran millonaias cantidades en d\u00f3lares, por lo que voy a dejar esta Antena hasta aqu\u00ed antes de que llegue un apag\u00f3n que nosha amenazado durante todo el d\u00eda y\u00a0 para reiterar mi felicitaci\u00f3n al doctor Carlos Lu\u00eds P\u00e9rez por ese emotivo regalo que le hizo a la ciudad cumplea\u00f1era.<\/p>\n<p><img loading=\"lazy\" decoding=\"async\" class=\"alignnone size-medium wp-image-4374\" src=\"https:\/\/periodicocentroccidente.com\/wp-content\/uploads\/2025\/11\/IMG_20251101_101821-300x225.jpg\" alt=\"\" width=\"300\" height=\"225\" srcset=\"https:\/\/periodicocentroccidente.com\/wp-content\/uploads\/2025\/11\/IMG_20251101_101821-300x225.jpg 300w, https:\/\/periodicocentroccidente.com\/wp-content\/uploads\/2025\/11\/IMG_20251101_101821-1024x768.jpg 1024w, https:\/\/periodicocentroccidente.com\/wp-content\/uploads\/2025\/11\/IMG_20251101_101821-768x576.jpg 768w, https:\/\/periodicocentroccidente.com\/wp-content\/uploads\/2025\/11\/IMG_20251101_101821-1536x1152.jpg 1536w, https:\/\/periodicocentroccidente.com\/wp-content\/uploads\/2025\/11\/IMG_20251101_101821-2048x1536.jpg 2048w\" sizes=\"auto, (max-width: 300px) 100vw, 300px\" \/> <img loading=\"lazy\" decoding=\"async\" class=\"alignnone size-medium wp-image-4375\" src=\"https:\/\/periodicocentroccidente.com\/wp-content\/uploads\/2025\/11\/IMG_20251101_110039-225x300.jpg\" alt=\"\" width=\"225\" height=\"300\" srcset=\"https:\/\/periodicocentroccidente.com\/wp-content\/uploads\/2025\/11\/IMG_20251101_110039-225x300.jpg 225w, https:\/\/periodicocentroccidente.com\/wp-content\/uploads\/2025\/11\/IMG_20251101_110039-768x1024.jpg 768w, https:\/\/periodicocentroccidente.com\/wp-content\/uploads\/2025\/11\/IMG_20251101_110039-1152x1536.jpg 1152w, https:\/\/periodicocentroccidente.com\/wp-content\/uploads\/2025\/11\/IMG_20251101_110039-1536x2048.jpg 1536w, https:\/\/periodicocentroccidente.com\/wp-content\/uploads\/2025\/11\/IMG_20251101_110039-scaled.jpg 1920w\" sizes=\"auto, (max-width: 225px) 100vw, 225px\" \/><\/p>\n","protected":false},"excerpt":{"rendered":"<p>Mateo 7\/15.. &ldquo;POR SUS FRUTOS LOS CONOCEREIS&rdquo;. ESTE SABADO 01 DE NOVIEMBRE tuve la oportunidad de compartir un emotivo acto en Guanare, gracias a la invitaci&oacute;n del j&oacute;ven odont&oacute;logo Carlos Lu&iacute;s P&eacute;rez, quien, dentro de su humildad caracter&iacute;stica, me contaba que ese acto era el mejor regalo que &eacute;l le pod&iacute;a dar a la capital &hellip;<\/p>\n","protected":false},"author":2,"featured_media":3229,"comment_status":"open","ping_status":"open","sticky":false,"template":"","format":"standard","meta":{"_jetpack_memberships_contains_paid_content":false,"footnotes":""},"categories":[127],"tags":[],"class_list":["post-4373","post","type-post","status-publish","format-standard","has-post-thumbnail","hentry","category-noticias-recientes"],"yoast_head":"<!-- This site is optimized with the Yoast SEO plugin v24.8.1 - https:\/\/yoast.com\/wordpress\/plugins\/seo\/ -->\n<title>La Antena del Cono Sur -<\/title>\n<meta name=\"robots\" content=\"index, follow, max-snippet:-1, max-image-preview:large, max-video-preview:-1\" \/>\n<link rel=\"canonical\" href=\"https:\/\/periodicocentroccidente.com\/?p=4373\" \/>\n<meta property=\"og:locale\" content=\"es_ES\" \/>\n<meta property=\"og:type\" content=\"article\" \/>\n<meta property=\"og:title\" content=\"La Antena del Cono Sur -\" \/>\n<meta property=\"og:description\" content=\"Mateo 7\/15.. &ldquo;POR SUS FRUTOS LOS CONOCEREIS&rdquo;. ESTE SABADO 01 DE NOVIEMBRE tuve la oportunidad de compartir un emotivo acto en Guanare, gracias a la invitaci&oacute;n del j&oacute;ven odont&oacute;logo Carlos Lu&iacute;s P&eacute;rez, quien, dentro de su humildad caracter&iacute;stica, me contaba que ese acto era el mejor regalo que &eacute;l le pod&iacute;a dar a la capital &hellip;\" \/>\n<meta property=\"og:url\" content=\"https:\/\/periodicocentroccidente.com\/?p=4373\" \/>\n<meta property=\"article:published_time\" content=\"2025-11-03T20:15:46+00:00\" \/>\n<meta property=\"og:image\" content=\"https:\/\/periodicocentroccidente.com\/wp-content\/uploads\/2025\/08\/cono-sur.jpg\" \/>\n\t<meta property=\"og:image:width\" content=\"601\" \/>\n\t<meta property=\"og:image:height\" content=\"258\" \/>\n\t<meta property=\"og:image:type\" content=\"image\/jpeg\" \/>\n<meta name=\"author\" content=\"Ricardo\" \/>\n<meta name=\"twitter:card\" content=\"summary_large_image\" \/>\n<meta name=\"twitter:label1\" content=\"Escrito por\" \/>\n\t<meta name=\"twitter:data1\" content=\"Ricardo\" \/>\n\t<meta name=\"twitter:label2\" content=\"Tiempo de lectura\" \/>\n\t<meta name=\"twitter:data2\" content=\"4 minutos\" \/>\n<script type=\"application\/ld+json\" class=\"yoast-schema-graph\">{\"@context\":\"https:\/\/schema.org\",\"@graph\":[{\"@type\":\"WebPage\",\"@id\":\"https:\/\/periodicocentroccidente.com\/?p=4373\",\"url\":\"https:\/\/periodicocentroccidente.com\/?p=4373\",\"name\":\"La Antena del Cono Sur -\",\"isPartOf\":{\"@id\":\"https:\/\/periodicocentroccidente.com\/#website\"},\"primaryImageOfPage\":{\"@id\":\"https:\/\/periodicocentroccidente.com\/?p=4373#primaryimage\"},\"image\":{\"@id\":\"https:\/\/periodicocentroccidente.com\/?p=4373#primaryimage\"},\"thumbnailUrl\":\"https:\/\/periodicocentroccidente.com\/wp-content\/uploads\/2025\/08\/cono-sur.jpg\",\"datePublished\":\"2025-11-03T20:15:46+00:00\",\"author\":{\"@id\":\"https:\/\/periodicocentroccidente.com\/#\/schema\/person\/f4e4a651098f3db198244657b7130e7e\"},\"breadcrumb\":{\"@id\":\"https:\/\/periodicocentroccidente.com\/?p=4373#breadcrumb\"},\"inLanguage\":\"es\",\"potentialAction\":[{\"@type\":\"ReadAction\",\"target\":[\"https:\/\/periodicocentroccidente.com\/?p=4373\"]}]},{\"@type\":\"ImageObject\",\"inLanguage\":\"es\",\"@id\":\"https:\/\/periodicocentroccidente.com\/?p=4373#primaryimage\",\"url\":\"https:\/\/periodicocentroccidente.com\/wp-content\/uploads\/2025\/08\/cono-sur.jpg\",\"contentUrl\":\"https:\/\/periodicocentroccidente.com\/wp-content\/uploads\/2025\/08\/cono-sur.jpg\",\"width\":601,\"height\":258},{\"@type\":\"BreadcrumbList\",\"@id\":\"https:\/\/periodicocentroccidente.com\/?p=4373#breadcrumb\",\"itemListElement\":[{\"@type\":\"ListItem\",\"position\":1,\"name\":\"Portada\",\"item\":\"https:\/\/periodicocentroccidente.com\/\"},{\"@type\":\"ListItem\",\"position\":2,\"name\":\"La Antena del Cono Sur\"}]},{\"@type\":\"WebSite\",\"@id\":\"https:\/\/periodicocentroccidente.com\/#website\",\"url\":\"https:\/\/periodicocentroccidente.com\/\",\"name\":\"\",\"description\":\"Periodismo serio y responsable\",\"potentialAction\":[{\"@type\":\"SearchAction\",\"target\":{\"@type\":\"EntryPoint\",\"urlTemplate\":\"https:\/\/periodicocentroccidente.com\/?s={search_term_string}\"},\"query-input\":{\"@type\":\"PropertyValueSpecification\",\"valueRequired\":true,\"valueName\":\"search_term_string\"}}],\"inLanguage\":\"es\"},{\"@type\":\"Person\",\"@id\":\"https:\/\/periodicocentroccidente.com\/#\/schema\/person\/f4e4a651098f3db198244657b7130e7e\",\"name\":\"Ricardo\",\"image\":{\"@type\":\"ImageObject\",\"inLanguage\":\"es\",\"@id\":\"https:\/\/periodicocentroccidente.com\/#\/schema\/person\/image\/\",\"url\":\"https:\/\/secure.gravatar.com\/avatar\/402e6137108ec0fdaa7809184382fb1dd2f8b00264c1d945d341f2b8f90db429?s=96&d=mm&r=g\",\"contentUrl\":\"https:\/\/secure.gravatar.com\/avatar\/402e6137108ec0fdaa7809184382fb1dd2f8b00264c1d945d341f2b8f90db429?s=96&d=mm&r=g\",\"caption\":\"Ricardo\"},\"url\":\"https:\/\/periodicocentroccidente.com\/?author=2\"}]}<\/script>\n<!-- \/ Yoast SEO plugin. -->","yoast_head_json":{"title":"La Antena del Cono Sur -","robots":{"index":"index","follow":"follow","max-snippet":"max-snippet:-1","max-image-preview":"max-image-preview:large","max-video-preview":"max-video-preview:-1"},"canonical":"https:\/\/periodicocentroccidente.com\/?p=4373","og_locale":"es_ES","og_type":"article","og_title":"La Antena del Cono Sur -","og_description":"Mateo 7\/15.. &ldquo;POR SUS FRUTOS LOS CONOCEREIS&rdquo;. ESTE SABADO 01 DE NOVIEMBRE tuve la oportunidad de compartir un emotivo acto en Guanare, gracias a la invitaci&oacute;n del j&oacute;ven odont&oacute;logo Carlos Lu&iacute;s P&eacute;rez, quien, dentro de su humildad caracter&iacute;stica, me contaba que ese acto era el mejor regalo que &eacute;l le pod&iacute;a dar a la capital &hellip;","og_url":"https:\/\/periodicocentroccidente.com\/?p=4373","article_published_time":"2025-11-03T20:15:46+00:00","og_image":[{"width":601,"height":258,"url":"https:\/\/periodicocentroccidente.com\/wp-content\/uploads\/2025\/08\/cono-sur.jpg","type":"image\/jpeg"}],"author":"Ricardo","twitter_card":"summary_large_image","twitter_misc":{"Escrito por":"Ricardo","Tiempo de lectura":"4 minutos"},"schema":{"@context":"https:\/\/schema.org","@graph":[{"@type":"WebPage","@id":"https:\/\/periodicocentroccidente.com\/?p=4373","url":"https:\/\/periodicocentroccidente.com\/?p=4373","name":"La Antena del Cono Sur -","isPartOf":{"@id":"https:\/\/periodicocentroccidente.com\/#website"},"primaryImageOfPage":{"@id":"https:\/\/periodicocentroccidente.com\/?p=4373#primaryimage"},"image":{"@id":"https:\/\/periodicocentroccidente.com\/?p=4373#primaryimage"},"thumbnailUrl":"https:\/\/periodicocentroccidente.com\/wp-content\/uploads\/2025\/08\/cono-sur.jpg","datePublished":"2025-11-03T20:15:46+00:00","author":{"@id":"https:\/\/periodicocentroccidente.com\/#\/schema\/person\/f4e4a651098f3db198244657b7130e7e"},"breadcrumb":{"@id":"https:\/\/periodicocentroccidente.com\/?p=4373#breadcrumb"},"inLanguage":"es","potentialAction":[{"@type":"ReadAction","target":["https:\/\/periodicocentroccidente.com\/?p=4373"]}]},{"@type":"ImageObject","inLanguage":"es","@id":"https:\/\/periodicocentroccidente.com\/?p=4373#primaryimage","url":"https:\/\/periodicocentroccidente.com\/wp-content\/uploads\/2025\/08\/cono-sur.jpg","contentUrl":"https:\/\/periodicocentroccidente.com\/wp-content\/uploads\/2025\/08\/cono-sur.jpg","width":601,"height":258},{"@type":"BreadcrumbList","@id":"https:\/\/periodicocentroccidente.com\/?p=4373#breadcrumb","itemListElement":[{"@type":"ListItem","position":1,"name":"Portada","item":"https:\/\/periodicocentroccidente.com\/"},{"@type":"ListItem","position":2,"name":"La Antena del Cono Sur"}]},{"@type":"WebSite","@id":"https:\/\/periodicocentroccidente.com\/#website","url":"https:\/\/periodicocentroccidente.com\/","name":"","description":"Periodismo serio y responsable","potentialAction":[{"@type":"SearchAction","target":{"@type":"EntryPoint","urlTemplate":"https:\/\/periodicocentroccidente.com\/?s={search_term_string}"},"query-input":{"@type":"PropertyValueSpecification","valueRequired":true,"valueName":"search_term_string"}}],"inLanguage":"es"},{"@type":"Person","@id":"https:\/\/periodicocentroccidente.com\/#\/schema\/person\/f4e4a651098f3db198244657b7130e7e","name":"Ricardo","image":{"@type":"ImageObject","inLanguage":"es","@id":"https:\/\/periodicocentroccidente.com\/#\/schema\/person\/image\/","url":"https:\/\/secure.gravatar.com\/avatar\/402e6137108ec0fdaa7809184382fb1dd2f8b00264c1d945d341f2b8f90db429?s=96&d=mm&r=g","contentUrl":"https:\/\/secure.gravatar.com\/avatar\/402e6137108ec0fdaa7809184382fb1dd2f8b00264c1d945d341f2b8f90db429?s=96&d=mm&r=g","caption":"Ricardo"},"url":"https:\/\/periodicocentroccidente.com\/?author=2"}]}},"jetpack_featured_media_url":"https:\/\/periodicocentroccidente.com\/wp-content\/uploads\/2025\/08\/cono-sur.jpg","jetpack_sharing_enabled":true,"jetpack-related-posts":[],"_links":{"self":[{"href":"https:\/\/periodicocentroccidente.com\/index.php?rest_route=\/wp\/v2\/posts\/4373","targetHints":{"allow":["GET"]}}],"collection":[{"href":"https:\/\/periodicocentroccidente.com\/index.php?rest_route=\/wp\/v2\/posts"}],"about":[{"href":"https:\/\/periodicocentroccidente.com\/index.php?rest_route=\/wp\/v2\/types\/post"}],"author":[{"embeddable":true,"href":"https:\/\/periodicocentroccidente.com\/index.php?rest_route=\/wp\/v2\/users\/2"}],"replies":[{"embeddable":true,"href":"https:\/\/periodicocentroccidente.com\/index.php?rest_route=%2Fwp%2Fv2%2Fcomments&post=4373"}],"version-history":[{"count":1,"href":"https:\/\/periodicocentroccidente.com\/index.php?rest_route=\/wp\/v2\/posts\/4373\/revisions"}],"predecessor-version":[{"id":4376,"href":"https:\/\/periodicocentroccidente.com\/index.php?rest_route=\/wp\/v2\/posts\/4373\/revisions\/4376"}],"wp:featuredmedia":[{"embeddable":true,"href":"https:\/\/periodicocentroccidente.com\/index.php?rest_route=\/wp\/v2\/media\/3229"}],"wp:attachment":[{"href":"https:\/\/periodicocentroccidente.com\/index.php?rest_route=%2Fwp%2Fv2%2Fmedia&parent=4373"}],"wp:term":[{"taxonomy":"category","embeddable":true,"href":"https:\/\/periodicocentroccidente.com\/index.php?rest_route=%2Fwp%2Fv2%2Fcategories&post=4373"},{"taxonomy":"post_tag","embeddable":true,"href":"https:\/\/periodicocentroccidente.com\/index.php?rest_route=%2Fwp%2Fv2%2Ftags&post=4373"}],"curies":[{"name":"wp","href":"https:\/\/api.w.org\/{rel}","templated":true}]}}