{"id":4321,"date":"2025-10-29T20:04:43","date_gmt":"2025-10-29T20:04:43","guid":{"rendered":"https:\/\/periodicocentroccidente.com\/?p=4321"},"modified":"2025-10-29T20:04:43","modified_gmt":"2025-10-29T20:04:43","slug":"guanarena-claudia-nunez-dira-presente-en-el-panamericano-de-kickboxing-wkf-2025","status":"publish","type":"post","link":"https:\/\/periodicocentroccidente.com\/?p=4321","title":{"rendered":"Guanare\u00f1a Claudia N\u00fa\u00f1ez dir\u00e1 presente en el Panamericano de Kickboxing WKF 2025"},"content":{"rendered":"<p><strong>Especial.-<\/strong><\/p>\n<p>Todo Listo, para que nuestra Atleta Paral\u00edmpico Guanare\u00f1a, CLAUDIA N\u00da\u00d1EZ, nos represente bajo la Bandera Venezolana, en el PANAMERICANO DE KICKBOXING WKF BUCARAMANGA 2025. Luego de arduos y largos meses de entrenamiento nuestra Campeona Mundial de KickBoxing 2024, se encuentra lista y optimista para partir a Tierras Colombianas y as\u00ed competir desde el 10 al 15 de Noviembre en el PANAMERICANO de KickBoxing organizado por la Federaci\u00f3n Mundial de KickBoxing WKF. Nuestra to\u00f1eca Claudia Nu\u00f1ez, alumna del Dojo Cobra y entrenada por el Maestro Luis Pacheco viaja con la F\u00e9 y Plena seguridad de traer un Nuevo T\u00edtulo para Venezuela y Guanare<\/p>\n<p><img loading=\"lazy\" decoding=\"async\" class=\"alignnone size-medium wp-image-4323\" src=\"https:\/\/periodicocentroccidente.com\/wp-content\/uploads\/2025\/10\/1006516964-229x300.jpg\" alt=\"\" width=\"229\" height=\"300\" srcset=\"https:\/\/periodicocentroccidente.com\/wp-content\/uploads\/2025\/10\/1006516964-229x300.jpg 229w, https:\/\/periodicocentroccidente.com\/wp-content\/uploads\/2025\/10\/1006516964-780x1024.jpg 780w, https:\/\/periodicocentroccidente.com\/wp-content\/uploads\/2025\/10\/1006516964-768x1008.jpg 768w, https:\/\/periodicocentroccidente.com\/wp-content\/uploads\/2025\/10\/1006516964.jpg 823w\" sizes=\"auto, (max-width: 229px) 100vw, 229px\" \/><\/p>\n","protected":false},"excerpt":{"rendered":"<p>Especial.- Todo Listo, para que nuestra Atleta Paral&iacute;mpico Guanare&ntilde;a, CLAUDIA N&Uacute;&Ntilde;EZ, nos represente bajo la Bandera Venezolana, en el PANAMERICANO DE KICKBOXING WKF BUCARAMANGA 2025. Luego de arduos y largos meses de entrenamiento nuestra Campeona Mundial de KickBoxing 2024, se encuentra lista y optimista para partir a Tierras Colombianas y as&iacute; competir desde el 10 &hellip;<\/p>\n","protected":false},"author":2,"featured_media":4322,"comment_status":"open","ping_status":"open","sticky":false,"template":"","format":"standard","meta":{"_jetpack_memberships_contains_paid_content":false,"footnotes":""},"categories":[127],"tags":[],"class_list":["post-4321","post","type-post","status-publish","format-standard","has-post-thumbnail","hentry","category-noticias-recientes"],"yoast_head":"<!-- This site is optimized with the Yoast SEO plugin v24.8.1 - https:\/\/yoast.com\/wordpress\/plugins\/seo\/ -->\n<title>Guanare\u00f1a Claudia N\u00fa\u00f1ez dir\u00e1 presente en el Panamericano de Kickboxing WKF 2025 -<\/title>\n<meta name=\"robots\" content=\"index, follow, max-snippet:-1, max-image-preview:large, max-video-preview:-1\" \/>\n<link rel=\"canonical\" href=\"https:\/\/periodicocentroccidente.com\/?p=4321\" \/>\n<meta property=\"og:locale\" content=\"es_ES\" \/>\n<meta property=\"og:type\" content=\"article\" \/>\n<meta property=\"og:title\" content=\"Guanare\u00f1a Claudia N\u00fa\u00f1ez dir\u00e1 presente en el Panamericano de Kickboxing WKF 2025 -\" \/>\n<meta property=\"og:description\" content=\"Especial.- Todo Listo, para que nuestra Atleta Paral&iacute;mpico Guanare&ntilde;a, CLAUDIA N&Uacute;&Ntilde;EZ, nos represente bajo la Bandera Venezolana, en el PANAMERICANO DE KICKBOXING WKF BUCARAMANGA 2025. Luego de arduos y largos meses de entrenamiento nuestra Campeona Mundial de KickBoxing 2024, se encuentra lista y optimista para partir a Tierras Colombianas y as&iacute; competir desde el 10 &hellip;\" \/>\n<meta property=\"og:url\" content=\"https:\/\/periodicocentroccidente.com\/?p=4321\" \/>\n<meta property=\"article:published_time\" content=\"2025-10-29T20:04:43+00:00\" \/>\n<meta property=\"og:image\" content=\"https:\/\/periodicocentroccidente.com\/wp-content\/uploads\/2025\/10\/1006516963.jpg\" \/>\n\t<meta property=\"og:image:width\" content=\"1080\" \/>\n\t<meta property=\"og:image:height\" content=\"907\" \/>\n\t<meta property=\"og:image:type\" content=\"image\/jpeg\" \/>\n<meta name=\"author\" content=\"Ricardo\" \/>\n<meta name=\"twitter:card\" content=\"summary_large_image\" \/>\n<meta name=\"twitter:label1\" content=\"Escrito por\" \/>\n\t<meta name=\"twitter:data1\" content=\"Ricardo\" \/>\n\t<meta name=\"twitter:label2\" content=\"Tiempo de lectura\" \/>\n\t<meta name=\"twitter:data2\" content=\"1 minuto\" \/>\n<script type=\"application\/ld+json\" class=\"yoast-schema-graph\">{\"@context\":\"https:\/\/schema.org\",\"@graph\":[{\"@type\":\"WebPage\",\"@id\":\"https:\/\/periodicocentroccidente.com\/?p=4321\",\"url\":\"https:\/\/periodicocentroccidente.com\/?p=4321\",\"name\":\"Guanare\u00f1a Claudia N\u00fa\u00f1ez dir\u00e1 presente en el Panamericano de Kickboxing WKF 2025 -\",\"isPartOf\":{\"@id\":\"https:\/\/periodicocentroccidente.com\/#website\"},\"primaryImageOfPage\":{\"@id\":\"https:\/\/periodicocentroccidente.com\/?p=4321#primaryimage\"},\"image\":{\"@id\":\"https:\/\/periodicocentroccidente.com\/?p=4321#primaryimage\"},\"thumbnailUrl\":\"https:\/\/periodicocentroccidente.com\/wp-content\/uploads\/2025\/10\/1006516963.jpg\",\"datePublished\":\"2025-10-29T20:04:43+00:00\",\"author\":{\"@id\":\"https:\/\/periodicocentroccidente.com\/#\/schema\/person\/f4e4a651098f3db198244657b7130e7e\"},\"breadcrumb\":{\"@id\":\"https:\/\/periodicocentroccidente.com\/?p=4321#breadcrumb\"},\"inLanguage\":\"es\",\"potentialAction\":[{\"@type\":\"ReadAction\",\"target\":[\"https:\/\/periodicocentroccidente.com\/?p=4321\"]}]},{\"@type\":\"ImageObject\",\"inLanguage\":\"es\",\"@id\":\"https:\/\/periodicocentroccidente.com\/?p=4321#primaryimage\",\"url\":\"https:\/\/periodicocentroccidente.com\/wp-content\/uploads\/2025\/10\/1006516963.jpg\",\"contentUrl\":\"https:\/\/periodicocentroccidente.com\/wp-content\/uploads\/2025\/10\/1006516963.jpg\",\"width\":1080,\"height\":907},{\"@type\":\"BreadcrumbList\",\"@id\":\"https:\/\/periodicocentroccidente.com\/?p=4321#breadcrumb\",\"itemListElement\":[{\"@type\":\"ListItem\",\"position\":1,\"name\":\"Portada\",\"item\":\"https:\/\/periodicocentroccidente.com\/\"},{\"@type\":\"ListItem\",\"position\":2,\"name\":\"Guanare\u00f1a Claudia N\u00fa\u00f1ez dir\u00e1 presente en el Panamericano de Kickboxing WKF 2025\"}]},{\"@type\":\"WebSite\",\"@id\":\"https:\/\/periodicocentroccidente.com\/#website\",\"url\":\"https:\/\/periodicocentroccidente.com\/\",\"name\":\"\",\"description\":\"Periodismo serio y responsable\",\"potentialAction\":[{\"@type\":\"SearchAction\",\"target\":{\"@type\":\"EntryPoint\",\"urlTemplate\":\"https:\/\/periodicocentroccidente.com\/?s={search_term_string}\"},\"query-input\":{\"@type\":\"PropertyValueSpecification\",\"valueRequired\":true,\"valueName\":\"search_term_string\"}}],\"inLanguage\":\"es\"},{\"@type\":\"Person\",\"@id\":\"https:\/\/periodicocentroccidente.com\/#\/schema\/person\/f4e4a651098f3db198244657b7130e7e\",\"name\":\"Ricardo\",\"image\":{\"@type\":\"ImageObject\",\"inLanguage\":\"es\",\"@id\":\"https:\/\/periodicocentroccidente.com\/#\/schema\/person\/image\/\",\"url\":\"https:\/\/secure.gravatar.com\/avatar\/402e6137108ec0fdaa7809184382fb1dd2f8b00264c1d945d341f2b8f90db429?s=96&d=mm&r=g\",\"contentUrl\":\"https:\/\/secure.gravatar.com\/avatar\/402e6137108ec0fdaa7809184382fb1dd2f8b00264c1d945d341f2b8f90db429?s=96&d=mm&r=g\",\"caption\":\"Ricardo\"},\"url\":\"https:\/\/periodicocentroccidente.com\/?author=2\"}]}<\/script>\n<!-- \/ Yoast SEO plugin. -->","yoast_head_json":{"title":"Guanare\u00f1a Claudia N\u00fa\u00f1ez dir\u00e1 presente en el Panamericano de Kickboxing WKF 2025 -","robots":{"index":"index","follow":"follow","max-snippet":"max-snippet:-1","max-image-preview":"max-image-preview:large","max-video-preview":"max-video-preview:-1"},"canonical":"https:\/\/periodicocentroccidente.com\/?p=4321","og_locale":"es_ES","og_type":"article","og_title":"Guanare\u00f1a Claudia N\u00fa\u00f1ez dir\u00e1 presente en el Panamericano de Kickboxing WKF 2025 -","og_description":"Especial.- Todo Listo, para que nuestra Atleta Paral&iacute;mpico Guanare&ntilde;a, CLAUDIA N&Uacute;&Ntilde;EZ, nos represente bajo la Bandera Venezolana, en el PANAMERICANO DE KICKBOXING WKF BUCARAMANGA 2025. Luego de arduos y largos meses de entrenamiento nuestra Campeona Mundial de KickBoxing 2024, se encuentra lista y optimista para partir a Tierras Colombianas y as&iacute; competir desde el 10 &hellip;","og_url":"https:\/\/periodicocentroccidente.com\/?p=4321","article_published_time":"2025-10-29T20:04:43+00:00","og_image":[{"width":1080,"height":907,"url":"https:\/\/periodicocentroccidente.com\/wp-content\/uploads\/2025\/10\/1006516963.jpg","type":"image\/jpeg"}],"author":"Ricardo","twitter_card":"summary_large_image","twitter_misc":{"Escrito por":"Ricardo","Tiempo de lectura":"1 minuto"},"schema":{"@context":"https:\/\/schema.org","@graph":[{"@type":"WebPage","@id":"https:\/\/periodicocentroccidente.com\/?p=4321","url":"https:\/\/periodicocentroccidente.com\/?p=4321","name":"Guanare\u00f1a Claudia N\u00fa\u00f1ez dir\u00e1 presente en el Panamericano de Kickboxing WKF 2025 -","isPartOf":{"@id":"https:\/\/periodicocentroccidente.com\/#website"},"primaryImageOfPage":{"@id":"https:\/\/periodicocentroccidente.com\/?p=4321#primaryimage"},"image":{"@id":"https:\/\/periodicocentroccidente.com\/?p=4321#primaryimage"},"thumbnailUrl":"https:\/\/periodicocentroccidente.com\/wp-content\/uploads\/2025\/10\/1006516963.jpg","datePublished":"2025-10-29T20:04:43+00:00","author":{"@id":"https:\/\/periodicocentroccidente.com\/#\/schema\/person\/f4e4a651098f3db198244657b7130e7e"},"breadcrumb":{"@id":"https:\/\/periodicocentroccidente.com\/?p=4321#breadcrumb"},"inLanguage":"es","potentialAction":[{"@type":"ReadAction","target":["https:\/\/periodicocentroccidente.com\/?p=4321"]}]},{"@type":"ImageObject","inLanguage":"es","@id":"https:\/\/periodicocentroccidente.com\/?p=4321#primaryimage","url":"https:\/\/periodicocentroccidente.com\/wp-content\/uploads\/2025\/10\/1006516963.jpg","contentUrl":"https:\/\/periodicocentroccidente.com\/wp-content\/uploads\/2025\/10\/1006516963.jpg","width":1080,"height":907},{"@type":"BreadcrumbList","@id":"https:\/\/periodicocentroccidente.com\/?p=4321#breadcrumb","itemListElement":[{"@type":"ListItem","position":1,"name":"Portada","item":"https:\/\/periodicocentroccidente.com\/"},{"@type":"ListItem","position":2,"name":"Guanare\u00f1a Claudia N\u00fa\u00f1ez dir\u00e1 presente en el Panamericano de Kickboxing WKF 2025"}]},{"@type":"WebSite","@id":"https:\/\/periodicocentroccidente.com\/#website","url":"https:\/\/periodicocentroccidente.com\/","name":"","description":"Periodismo serio y responsable","potentialAction":[{"@type":"SearchAction","target":{"@type":"EntryPoint","urlTemplate":"https:\/\/periodicocentroccidente.com\/?s={search_term_string}"},"query-input":{"@type":"PropertyValueSpecification","valueRequired":true,"valueName":"search_term_string"}}],"inLanguage":"es"},{"@type":"Person","@id":"https:\/\/periodicocentroccidente.com\/#\/schema\/person\/f4e4a651098f3db198244657b7130e7e","name":"Ricardo","image":{"@type":"ImageObject","inLanguage":"es","@id":"https:\/\/periodicocentroccidente.com\/#\/schema\/person\/image\/","url":"https:\/\/secure.gravatar.com\/avatar\/402e6137108ec0fdaa7809184382fb1dd2f8b00264c1d945d341f2b8f90db429?s=96&d=mm&r=g","contentUrl":"https:\/\/secure.gravatar.com\/avatar\/402e6137108ec0fdaa7809184382fb1dd2f8b00264c1d945d341f2b8f90db429?s=96&d=mm&r=g","caption":"Ricardo"},"url":"https:\/\/periodicocentroccidente.com\/?author=2"}]}},"jetpack_featured_media_url":"https:\/\/periodicocentroccidente.com\/wp-content\/uploads\/2025\/10\/1006516963.jpg","jetpack_sharing_enabled":true,"jetpack-related-posts":[],"_links":{"self":[{"href":"https:\/\/periodicocentroccidente.com\/index.php?rest_route=\/wp\/v2\/posts\/4321","targetHints":{"allow":["GET"]}}],"collection":[{"href":"https:\/\/periodicocentroccidente.com\/index.php?rest_route=\/wp\/v2\/posts"}],"about":[{"href":"https:\/\/periodicocentroccidente.com\/index.php?rest_route=\/wp\/v2\/types\/post"}],"author":[{"embeddable":true,"href":"https:\/\/periodicocentroccidente.com\/index.php?rest_route=\/wp\/v2\/users\/2"}],"replies":[{"embeddable":true,"href":"https:\/\/periodicocentroccidente.com\/index.php?rest_route=%2Fwp%2Fv2%2Fcomments&post=4321"}],"version-history":[{"count":1,"href":"https:\/\/periodicocentroccidente.com\/index.php?rest_route=\/wp\/v2\/posts\/4321\/revisions"}],"predecessor-version":[{"id":4324,"href":"https:\/\/periodicocentroccidente.com\/index.php?rest_route=\/wp\/v2\/posts\/4321\/revisions\/4324"}],"wp:featuredmedia":[{"embeddable":true,"href":"https:\/\/periodicocentroccidente.com\/index.php?rest_route=\/wp\/v2\/media\/4322"}],"wp:attachment":[{"href":"https:\/\/periodicocentroccidente.com\/index.php?rest_route=%2Fwp%2Fv2%2Fmedia&parent=4321"}],"wp:term":[{"taxonomy":"category","embeddable":true,"href":"https:\/\/periodicocentroccidente.com\/index.php?rest_route=%2Fwp%2Fv2%2Fcategories&post=4321"},{"taxonomy":"post_tag","embeddable":true,"href":"https:\/\/periodicocentroccidente.com\/index.php?rest_route=%2Fwp%2Fv2%2Ftags&post=4321"}],"curies":[{"name":"wp","href":"https:\/\/api.w.org\/{rel}","templated":true}]}}