{"id":4298,"date":"2025-10-27T19:44:33","date_gmt":"2025-10-27T19:44:33","guid":{"rendered":"https:\/\/periodicocentroccidente.com\/?p=4298"},"modified":"2025-10-27T19:44:33","modified_gmt":"2025-10-27T19:44:33","slug":"hacen-efectivo-transferencia-de-peajes-en-portuguesa-al-ministerio-de-transporte","status":"publish","type":"post","link":"https:\/\/periodicocentroccidente.com\/?p=4298","title":{"rendered":"Hacen efectivo transferencia de peajes en Portuguesa al Ministerio de Transporte"},"content":{"rendered":"<p><strong>Especial.-<\/strong><\/p>\n<p>Tras el reciente anuncio del Gobierno nacional sobre asumir la administraci\u00f3n y operaci\u00f3n de las estaciones de peaje del pa\u00eds, y donde van a reintegrar el 25% de los ingresos a las gobernaciones (o gobiernos regionales), en Portuguesa ya inici\u00f3 la transferencia.<\/p>\n<p>El gobernador Primitivo Cede\u00f1o inform\u00f3 a trav\u00e9s de las redes sociales que sostuvo reuni\u00f3n con el enlace del Ministerio de Transporte, para la transferencia de los peajes que existen en la regi\u00f3n.<\/p>\n<p>\u201cComo lo orient\u00f3 nuestro hermano Presidente Nicol\u00e1s Maduro, hicimos el enlace efectivo, para avanzar y vencer\u201d, acot\u00f3.<\/p>\n<p>Como se recordar\u00e1 la medida fue publicada mediante Decreto de Gaceta Oficial N\u00b0 6.934 Extraordinario, establece la transferencia de la gesti\u00f3n al Servicio Desconcentrado Fondo Nacional de Transporte, ente adscrito al Ministerio del Poder Popular para el Transporte.<\/p>\n<p>Esta acci\u00f3n busca centralizar y optimizar la administraci\u00f3n de los peajes, asegurando la reinversi\u00f3n de los recursos obtenidos en la mejora y el mantenimiento de la red vial nacional y local, en un esfuerzo coordinado entre el Ejecutivo Nacional y las Gobernaciones.<\/p>\n<p>VIA Guayoyo24<\/p>\n","protected":false},"excerpt":{"rendered":"<p>Especial.- Tras el reciente anuncio del Gobierno nacional sobre asumir la administraci&oacute;n y operaci&oacute;n de las estaciones de peaje del pa&iacute;s, y donde van a reintegrar el 25% de los ingresos a las gobernaciones (o gobiernos regionales), en Portuguesa ya inici&oacute; la transferencia. El gobernador Primitivo Cede&ntilde;o inform&oacute; a trav&eacute;s de las redes sociales que &hellip;<\/p>\n","protected":false},"author":2,"featured_media":4299,"comment_status":"open","ping_status":"open","sticky":false,"template":"","format":"standard","meta":{"_jetpack_memberships_contains_paid_content":false,"footnotes":""},"categories":[127],"tags":[],"class_list":["post-4298","post","type-post","status-publish","format-standard","has-post-thumbnail","hentry","category-noticias-recientes"],"yoast_head":"<!-- This site is optimized with the Yoast SEO plugin v24.8.1 - https:\/\/yoast.com\/wordpress\/plugins\/seo\/ -->\n<title>Hacen efectivo transferencia de peajes en Portuguesa al Ministerio de Transporte -<\/title>\n<meta name=\"robots\" content=\"index, follow, max-snippet:-1, max-image-preview:large, max-video-preview:-1\" \/>\n<link rel=\"canonical\" href=\"https:\/\/periodicocentroccidente.com\/?p=4298\" \/>\n<meta property=\"og:locale\" content=\"es_ES\" \/>\n<meta property=\"og:type\" content=\"article\" \/>\n<meta property=\"og:title\" content=\"Hacen efectivo transferencia de peajes en Portuguesa al Ministerio de Transporte -\" \/>\n<meta property=\"og:description\" content=\"Especial.- Tras el reciente anuncio del Gobierno nacional sobre asumir la administraci&oacute;n y operaci&oacute;n de las estaciones de peaje del pa&iacute;s, y donde van a reintegrar el 25% de los ingresos a las gobernaciones (o gobiernos regionales), en Portuguesa ya inici&oacute; la transferencia. El gobernador Primitivo Cede&ntilde;o inform&oacute; a trav&eacute;s de las redes sociales que &hellip;\" \/>\n<meta property=\"og:url\" content=\"https:\/\/periodicocentroccidente.com\/?p=4298\" \/>\n<meta property=\"article:published_time\" content=\"2025-10-27T19:44:33+00:00\" \/>\n<meta property=\"og:image\" content=\"https:\/\/periodicocentroccidente.com\/wp-content\/uploads\/2025\/10\/WhatsApp-Image-2025-10-26-at-11.03.49-AM-780x470-1.jpeg\" \/>\n\t<meta property=\"og:image:width\" content=\"780\" \/>\n\t<meta property=\"og:image:height\" content=\"470\" \/>\n\t<meta property=\"og:image:type\" content=\"image\/jpeg\" \/>\n<meta name=\"author\" content=\"Ricardo\" \/>\n<meta name=\"twitter:card\" content=\"summary_large_image\" \/>\n<meta name=\"twitter:label1\" content=\"Escrito por\" \/>\n\t<meta name=\"twitter:data1\" content=\"Ricardo\" \/>\n\t<meta name=\"twitter:label2\" content=\"Tiempo de lectura\" \/>\n\t<meta name=\"twitter:data2\" content=\"1 minuto\" \/>\n<script type=\"application\/ld+json\" class=\"yoast-schema-graph\">{\"@context\":\"https:\/\/schema.org\",\"@graph\":[{\"@type\":\"WebPage\",\"@id\":\"https:\/\/periodicocentroccidente.com\/?p=4298\",\"url\":\"https:\/\/periodicocentroccidente.com\/?p=4298\",\"name\":\"Hacen efectivo transferencia de peajes en Portuguesa al Ministerio de Transporte -\",\"isPartOf\":{\"@id\":\"https:\/\/periodicocentroccidente.com\/#website\"},\"primaryImageOfPage\":{\"@id\":\"https:\/\/periodicocentroccidente.com\/?p=4298#primaryimage\"},\"image\":{\"@id\":\"https:\/\/periodicocentroccidente.com\/?p=4298#primaryimage\"},\"thumbnailUrl\":\"https:\/\/periodicocentroccidente.com\/wp-content\/uploads\/2025\/10\/WhatsApp-Image-2025-10-26-at-11.03.49-AM-780x470-1.jpeg\",\"datePublished\":\"2025-10-27T19:44:33+00:00\",\"author\":{\"@id\":\"https:\/\/periodicocentroccidente.com\/#\/schema\/person\/f4e4a651098f3db198244657b7130e7e\"},\"breadcrumb\":{\"@id\":\"https:\/\/periodicocentroccidente.com\/?p=4298#breadcrumb\"},\"inLanguage\":\"es\",\"potentialAction\":[{\"@type\":\"ReadAction\",\"target\":[\"https:\/\/periodicocentroccidente.com\/?p=4298\"]}]},{\"@type\":\"ImageObject\",\"inLanguage\":\"es\",\"@id\":\"https:\/\/periodicocentroccidente.com\/?p=4298#primaryimage\",\"url\":\"https:\/\/periodicocentroccidente.com\/wp-content\/uploads\/2025\/10\/WhatsApp-Image-2025-10-26-at-11.03.49-AM-780x470-1.jpeg\",\"contentUrl\":\"https:\/\/periodicocentroccidente.com\/wp-content\/uploads\/2025\/10\/WhatsApp-Image-2025-10-26-at-11.03.49-AM-780x470-1.jpeg\",\"width\":780,\"height\":470},{\"@type\":\"BreadcrumbList\",\"@id\":\"https:\/\/periodicocentroccidente.com\/?p=4298#breadcrumb\",\"itemListElement\":[{\"@type\":\"ListItem\",\"position\":1,\"name\":\"Portada\",\"item\":\"https:\/\/periodicocentroccidente.com\/\"},{\"@type\":\"ListItem\",\"position\":2,\"name\":\"Hacen efectivo transferencia de peajes en Portuguesa al Ministerio de Transporte\"}]},{\"@type\":\"WebSite\",\"@id\":\"https:\/\/periodicocentroccidente.com\/#website\",\"url\":\"https:\/\/periodicocentroccidente.com\/\",\"name\":\"\",\"description\":\"Periodismo serio y responsable\",\"potentialAction\":[{\"@type\":\"SearchAction\",\"target\":{\"@type\":\"EntryPoint\",\"urlTemplate\":\"https:\/\/periodicocentroccidente.com\/?s={search_term_string}\"},\"query-input\":{\"@type\":\"PropertyValueSpecification\",\"valueRequired\":true,\"valueName\":\"search_term_string\"}}],\"inLanguage\":\"es\"},{\"@type\":\"Person\",\"@id\":\"https:\/\/periodicocentroccidente.com\/#\/schema\/person\/f4e4a651098f3db198244657b7130e7e\",\"name\":\"Ricardo\",\"image\":{\"@type\":\"ImageObject\",\"inLanguage\":\"es\",\"@id\":\"https:\/\/periodicocentroccidente.com\/#\/schema\/person\/image\/\",\"url\":\"https:\/\/secure.gravatar.com\/avatar\/402e6137108ec0fdaa7809184382fb1dd2f8b00264c1d945d341f2b8f90db429?s=96&d=mm&r=g\",\"contentUrl\":\"https:\/\/secure.gravatar.com\/avatar\/402e6137108ec0fdaa7809184382fb1dd2f8b00264c1d945d341f2b8f90db429?s=96&d=mm&r=g\",\"caption\":\"Ricardo\"},\"url\":\"https:\/\/periodicocentroccidente.com\/?author=2\"}]}<\/script>\n<!-- \/ Yoast SEO plugin. -->","yoast_head_json":{"title":"Hacen efectivo transferencia de peajes en Portuguesa al Ministerio de Transporte -","robots":{"index":"index","follow":"follow","max-snippet":"max-snippet:-1","max-image-preview":"max-image-preview:large","max-video-preview":"max-video-preview:-1"},"canonical":"https:\/\/periodicocentroccidente.com\/?p=4298","og_locale":"es_ES","og_type":"article","og_title":"Hacen efectivo transferencia de peajes en Portuguesa al Ministerio de Transporte -","og_description":"Especial.- Tras el reciente anuncio del Gobierno nacional sobre asumir la administraci&oacute;n y operaci&oacute;n de las estaciones de peaje del pa&iacute;s, y donde van a reintegrar el 25% de los ingresos a las gobernaciones (o gobiernos regionales), en Portuguesa ya inici&oacute; la transferencia. El gobernador Primitivo Cede&ntilde;o inform&oacute; a trav&eacute;s de las redes sociales que &hellip;","og_url":"https:\/\/periodicocentroccidente.com\/?p=4298","article_published_time":"2025-10-27T19:44:33+00:00","og_image":[{"width":780,"height":470,"url":"https:\/\/periodicocentroccidente.com\/wp-content\/uploads\/2025\/10\/WhatsApp-Image-2025-10-26-at-11.03.49-AM-780x470-1.jpeg","type":"image\/jpeg"}],"author":"Ricardo","twitter_card":"summary_large_image","twitter_misc":{"Escrito por":"Ricardo","Tiempo de lectura":"1 minuto"},"schema":{"@context":"https:\/\/schema.org","@graph":[{"@type":"WebPage","@id":"https:\/\/periodicocentroccidente.com\/?p=4298","url":"https:\/\/periodicocentroccidente.com\/?p=4298","name":"Hacen efectivo transferencia de peajes en Portuguesa al Ministerio de Transporte -","isPartOf":{"@id":"https:\/\/periodicocentroccidente.com\/#website"},"primaryImageOfPage":{"@id":"https:\/\/periodicocentroccidente.com\/?p=4298#primaryimage"},"image":{"@id":"https:\/\/periodicocentroccidente.com\/?p=4298#primaryimage"},"thumbnailUrl":"https:\/\/periodicocentroccidente.com\/wp-content\/uploads\/2025\/10\/WhatsApp-Image-2025-10-26-at-11.03.49-AM-780x470-1.jpeg","datePublished":"2025-10-27T19:44:33+00:00","author":{"@id":"https:\/\/periodicocentroccidente.com\/#\/schema\/person\/f4e4a651098f3db198244657b7130e7e"},"breadcrumb":{"@id":"https:\/\/periodicocentroccidente.com\/?p=4298#breadcrumb"},"inLanguage":"es","potentialAction":[{"@type":"ReadAction","target":["https:\/\/periodicocentroccidente.com\/?p=4298"]}]},{"@type":"ImageObject","inLanguage":"es","@id":"https:\/\/periodicocentroccidente.com\/?p=4298#primaryimage","url":"https:\/\/periodicocentroccidente.com\/wp-content\/uploads\/2025\/10\/WhatsApp-Image-2025-10-26-at-11.03.49-AM-780x470-1.jpeg","contentUrl":"https:\/\/periodicocentroccidente.com\/wp-content\/uploads\/2025\/10\/WhatsApp-Image-2025-10-26-at-11.03.49-AM-780x470-1.jpeg","width":780,"height":470},{"@type":"BreadcrumbList","@id":"https:\/\/periodicocentroccidente.com\/?p=4298#breadcrumb","itemListElement":[{"@type":"ListItem","position":1,"name":"Portada","item":"https:\/\/periodicocentroccidente.com\/"},{"@type":"ListItem","position":2,"name":"Hacen efectivo transferencia de peajes en Portuguesa al Ministerio de Transporte"}]},{"@type":"WebSite","@id":"https:\/\/periodicocentroccidente.com\/#website","url":"https:\/\/periodicocentroccidente.com\/","name":"","description":"Periodismo serio y responsable","potentialAction":[{"@type":"SearchAction","target":{"@type":"EntryPoint","urlTemplate":"https:\/\/periodicocentroccidente.com\/?s={search_term_string}"},"query-input":{"@type":"PropertyValueSpecification","valueRequired":true,"valueName":"search_term_string"}}],"inLanguage":"es"},{"@type":"Person","@id":"https:\/\/periodicocentroccidente.com\/#\/schema\/person\/f4e4a651098f3db198244657b7130e7e","name":"Ricardo","image":{"@type":"ImageObject","inLanguage":"es","@id":"https:\/\/periodicocentroccidente.com\/#\/schema\/person\/image\/","url":"https:\/\/secure.gravatar.com\/avatar\/402e6137108ec0fdaa7809184382fb1dd2f8b00264c1d945d341f2b8f90db429?s=96&d=mm&r=g","contentUrl":"https:\/\/secure.gravatar.com\/avatar\/402e6137108ec0fdaa7809184382fb1dd2f8b00264c1d945d341f2b8f90db429?s=96&d=mm&r=g","caption":"Ricardo"},"url":"https:\/\/periodicocentroccidente.com\/?author=2"}]}},"jetpack_featured_media_url":"https:\/\/periodicocentroccidente.com\/wp-content\/uploads\/2025\/10\/WhatsApp-Image-2025-10-26-at-11.03.49-AM-780x470-1.jpeg","jetpack_sharing_enabled":true,"jetpack-related-posts":[],"_links":{"self":[{"href":"https:\/\/periodicocentroccidente.com\/index.php?rest_route=\/wp\/v2\/posts\/4298","targetHints":{"allow":["GET"]}}],"collection":[{"href":"https:\/\/periodicocentroccidente.com\/index.php?rest_route=\/wp\/v2\/posts"}],"about":[{"href":"https:\/\/periodicocentroccidente.com\/index.php?rest_route=\/wp\/v2\/types\/post"}],"author":[{"embeddable":true,"href":"https:\/\/periodicocentroccidente.com\/index.php?rest_route=\/wp\/v2\/users\/2"}],"replies":[{"embeddable":true,"href":"https:\/\/periodicocentroccidente.com\/index.php?rest_route=%2Fwp%2Fv2%2Fcomments&post=4298"}],"version-history":[{"count":1,"href":"https:\/\/periodicocentroccidente.com\/index.php?rest_route=\/wp\/v2\/posts\/4298\/revisions"}],"predecessor-version":[{"id":4300,"href":"https:\/\/periodicocentroccidente.com\/index.php?rest_route=\/wp\/v2\/posts\/4298\/revisions\/4300"}],"wp:featuredmedia":[{"embeddable":true,"href":"https:\/\/periodicocentroccidente.com\/index.php?rest_route=\/wp\/v2\/media\/4299"}],"wp:attachment":[{"href":"https:\/\/periodicocentroccidente.com\/index.php?rest_route=%2Fwp%2Fv2%2Fmedia&parent=4298"}],"wp:term":[{"taxonomy":"category","embeddable":true,"href":"https:\/\/periodicocentroccidente.com\/index.php?rest_route=%2Fwp%2Fv2%2Fcategories&post=4298"},{"taxonomy":"post_tag","embeddable":true,"href":"https:\/\/periodicocentroccidente.com\/index.php?rest_route=%2Fwp%2Fv2%2Ftags&post=4298"}],"curies":[{"name":"wp","href":"https:\/\/api.w.org\/{rel}","templated":true}]}}