{"id":4293,"date":"2025-10-27T19:35:06","date_gmt":"2025-10-27T19:35:06","guid":{"rendered":"https:\/\/periodicocentroccidente.com\/?p=4293"},"modified":"2025-10-27T19:35:06","modified_gmt":"2025-10-27T19:35:06","slug":"guanarito-culmino-jornada-de-actualizacion-bovina-2025","status":"publish","type":"post","link":"https:\/\/periodicocentroccidente.com\/?p=4293","title":{"rendered":"Guanarito: Culmin\u00f3 Jornada de Actualizaci\u00f3n Bovina 2025"},"content":{"rendered":"<p><strong>Especial.-<\/strong><\/p>\n<p>Con la entrega de certificados acad\u00e9micos culmin\u00f3 la Jornada de Actualizaci\u00f3n Bovina 2025 y el Taller de Morfometria y Valoraci\u00f3n Lineal del B\u00fafalo; luego de una clase te\u00f3rico pr\u00e1ctica, efectuada en la Finca Eva Rey (propiedad del Ingeniero Miguel Bravo), la tarde del viernes 24 de octubre; cuya actividad se desarrollo\u2019 desde el 21 al 23, en los espacios de la Asociaci\u00f3n de Productores Agropecuarios de Guanarito del estado Portuguesa.<\/p>\n<p>Este acto fue presidido por Sharon Rivero, coordinadora del Taller; Jos\u00e9 Atilio Aranguren y Luis Pacheco D\u00edaz, catedr\u00e1ticos de la Facultad de Ciencias Veterinarias de la Universidad del Zulia; Elizabeth Hilb, presidenta de AsoGuanarito, Juan Betancourt, presidente de ASCRIBU y Miguel Moreno, directivo de AsoGuanarito.<\/p>\n<p>Elizabeth Hilb, agradeci\u00f3 la disposici\u00f3n de empresas privadas e instituciones p\u00fablicas de la regi\u00f3n, as\u00ed como a los expertos de LUZ, que impartieron sus valiosos conocimientos a los treinta participantes del Taller, entre estudiantes universitarios, productores agropecuarios y profesionales del campo de los estados Barinas y Portuguesa.<\/p>\n<p>El Profesor Aranguren, manifest\u00f3 su satisfacci\u00f3n por el deber cumplido, llevando la Universidad al campo, donde los participantes se fueron alegres y capacitados con una nueva visi\u00f3n (el bufalero aprende y crece), de c\u00f3mo van a manejar sus reba\u00f1os, para garantizarle al pa\u00eds ir creciendo en la producci\u00f3n y calidad gen\u00e9tica de esta noble especie en Venezuela.<\/p>\n<p>Por su parte el catedr\u00e1tico Pacheco D\u00edaz, se\u00f1al\u00f3 que dirigieron ese Taller muy importante e interesante por la cantidad y calidad de los participantes; motivados en capacitar productores que se inician en la ganaderia bufalina, entendiendo lo resaltante que significa aprender de esta productiva raza de animales, dijo para concluir.<\/p>\n<p>\/Foto: Anibal Garcia Soteldo<\/p>\n","protected":false},"excerpt":{"rendered":"<p>Especial.- Con la entrega de certificados acad&eacute;micos culmin&oacute; la Jornada de Actualizaci&oacute;n Bovina 2025 y el Taller de Morfometria y Valoraci&oacute;n Lineal del B&uacute;falo; luego de una clase te&oacute;rico pr&aacute;ctica, efectuada en la Finca Eva Rey (propiedad del Ingeniero Miguel Bravo), la tarde del viernes 24 de octubre; cuya actividad se desarrollo&rsquo; desde el 21 &hellip;<\/p>\n","protected":false},"author":2,"featured_media":4294,"comment_status":"open","ping_status":"open","sticky":false,"template":"","format":"standard","meta":{"_jetpack_memberships_contains_paid_content":false,"footnotes":""},"categories":[127],"tags":[],"class_list":["post-4293","post","type-post","status-publish","format-standard","has-post-thumbnail","hentry","category-noticias-recientes"],"yoast_head":"<!-- This site is optimized with the Yoast SEO plugin v24.8.1 - https:\/\/yoast.com\/wordpress\/plugins\/seo\/ -->\n<title>Guanarito: Culmin\u00f3 Jornada de Actualizaci\u00f3n Bovina 2025 -<\/title>\n<meta name=\"robots\" content=\"index, follow, max-snippet:-1, max-image-preview:large, max-video-preview:-1\" \/>\n<link rel=\"canonical\" href=\"https:\/\/periodicocentroccidente.com\/?p=4293\" \/>\n<meta property=\"og:locale\" content=\"es_ES\" \/>\n<meta property=\"og:type\" content=\"article\" \/>\n<meta property=\"og:title\" content=\"Guanarito: Culmin\u00f3 Jornada de Actualizaci\u00f3n Bovina 2025 -\" \/>\n<meta property=\"og:description\" content=\"Especial.- Con la entrega de certificados acad&eacute;micos culmin&oacute; la Jornada de Actualizaci&oacute;n Bovina 2025 y el Taller de Morfometria y Valoraci&oacute;n Lineal del B&uacute;falo; luego de una clase te&oacute;rico pr&aacute;ctica, efectuada en la Finca Eva Rey (propiedad del Ingeniero Miguel Bravo), la tarde del viernes 24 de octubre; cuya actividad se desarrollo&rsquo; desde el 21 &hellip;\" \/>\n<meta property=\"og:url\" content=\"https:\/\/periodicocentroccidente.com\/?p=4293\" \/>\n<meta property=\"article:published_time\" content=\"2025-10-27T19:35:06+00:00\" \/>\n<meta property=\"og:image\" content=\"https:\/\/periodicocentroccidente.com\/wp-content\/uploads\/2025\/10\/Screenshot_20251027_055750_Gmail.jpg\" \/>\n\t<meta property=\"og:image:width\" content=\"1080\" \/>\n\t<meta property=\"og:image:height\" content=\"629\" \/>\n\t<meta property=\"og:image:type\" content=\"image\/jpeg\" \/>\n<meta name=\"author\" content=\"Ricardo\" \/>\n<meta name=\"twitter:card\" content=\"summary_large_image\" \/>\n<meta name=\"twitter:label1\" content=\"Escrito por\" \/>\n\t<meta name=\"twitter:data1\" content=\"Ricardo\" \/>\n\t<meta name=\"twitter:label2\" content=\"Tiempo de lectura\" \/>\n\t<meta name=\"twitter:data2\" content=\"2 minutos\" \/>\n<script type=\"application\/ld+json\" class=\"yoast-schema-graph\">{\"@context\":\"https:\/\/schema.org\",\"@graph\":[{\"@type\":\"WebPage\",\"@id\":\"https:\/\/periodicocentroccidente.com\/?p=4293\",\"url\":\"https:\/\/periodicocentroccidente.com\/?p=4293\",\"name\":\"Guanarito: Culmin\u00f3 Jornada de Actualizaci\u00f3n Bovina 2025 -\",\"isPartOf\":{\"@id\":\"https:\/\/periodicocentroccidente.com\/#website\"},\"primaryImageOfPage\":{\"@id\":\"https:\/\/periodicocentroccidente.com\/?p=4293#primaryimage\"},\"image\":{\"@id\":\"https:\/\/periodicocentroccidente.com\/?p=4293#primaryimage\"},\"thumbnailUrl\":\"https:\/\/periodicocentroccidente.com\/wp-content\/uploads\/2025\/10\/Screenshot_20251027_055750_Gmail.jpg\",\"datePublished\":\"2025-10-27T19:35:06+00:00\",\"author\":{\"@id\":\"https:\/\/periodicocentroccidente.com\/#\/schema\/person\/f4e4a651098f3db198244657b7130e7e\"},\"breadcrumb\":{\"@id\":\"https:\/\/periodicocentroccidente.com\/?p=4293#breadcrumb\"},\"inLanguage\":\"es\",\"potentialAction\":[{\"@type\":\"ReadAction\",\"target\":[\"https:\/\/periodicocentroccidente.com\/?p=4293\"]}]},{\"@type\":\"ImageObject\",\"inLanguage\":\"es\",\"@id\":\"https:\/\/periodicocentroccidente.com\/?p=4293#primaryimage\",\"url\":\"https:\/\/periodicocentroccidente.com\/wp-content\/uploads\/2025\/10\/Screenshot_20251027_055750_Gmail.jpg\",\"contentUrl\":\"https:\/\/periodicocentroccidente.com\/wp-content\/uploads\/2025\/10\/Screenshot_20251027_055750_Gmail.jpg\",\"width\":1080,\"height\":629},{\"@type\":\"BreadcrumbList\",\"@id\":\"https:\/\/periodicocentroccidente.com\/?p=4293#breadcrumb\",\"itemListElement\":[{\"@type\":\"ListItem\",\"position\":1,\"name\":\"Portada\",\"item\":\"https:\/\/periodicocentroccidente.com\/\"},{\"@type\":\"ListItem\",\"position\":2,\"name\":\"Guanarito: Culmin\u00f3 Jornada de Actualizaci\u00f3n Bovina 2025\"}]},{\"@type\":\"WebSite\",\"@id\":\"https:\/\/periodicocentroccidente.com\/#website\",\"url\":\"https:\/\/periodicocentroccidente.com\/\",\"name\":\"\",\"description\":\"Periodismo serio y responsable\",\"potentialAction\":[{\"@type\":\"SearchAction\",\"target\":{\"@type\":\"EntryPoint\",\"urlTemplate\":\"https:\/\/periodicocentroccidente.com\/?s={search_term_string}\"},\"query-input\":{\"@type\":\"PropertyValueSpecification\",\"valueRequired\":true,\"valueName\":\"search_term_string\"}}],\"inLanguage\":\"es\"},{\"@type\":\"Person\",\"@id\":\"https:\/\/periodicocentroccidente.com\/#\/schema\/person\/f4e4a651098f3db198244657b7130e7e\",\"name\":\"Ricardo\",\"image\":{\"@type\":\"ImageObject\",\"inLanguage\":\"es\",\"@id\":\"https:\/\/periodicocentroccidente.com\/#\/schema\/person\/image\/\",\"url\":\"https:\/\/secure.gravatar.com\/avatar\/402e6137108ec0fdaa7809184382fb1dd2f8b00264c1d945d341f2b8f90db429?s=96&d=mm&r=g\",\"contentUrl\":\"https:\/\/secure.gravatar.com\/avatar\/402e6137108ec0fdaa7809184382fb1dd2f8b00264c1d945d341f2b8f90db429?s=96&d=mm&r=g\",\"caption\":\"Ricardo\"},\"url\":\"https:\/\/periodicocentroccidente.com\/?author=2\"}]}<\/script>\n<!-- \/ Yoast SEO plugin. -->","yoast_head_json":{"title":"Guanarito: Culmin\u00f3 Jornada de Actualizaci\u00f3n Bovina 2025 -","robots":{"index":"index","follow":"follow","max-snippet":"max-snippet:-1","max-image-preview":"max-image-preview:large","max-video-preview":"max-video-preview:-1"},"canonical":"https:\/\/periodicocentroccidente.com\/?p=4293","og_locale":"es_ES","og_type":"article","og_title":"Guanarito: Culmin\u00f3 Jornada de Actualizaci\u00f3n Bovina 2025 -","og_description":"Especial.- Con la entrega de certificados acad&eacute;micos culmin&oacute; la Jornada de Actualizaci&oacute;n Bovina 2025 y el Taller de Morfometria y Valoraci&oacute;n Lineal del B&uacute;falo; luego de una clase te&oacute;rico pr&aacute;ctica, efectuada en la Finca Eva Rey (propiedad del Ingeniero Miguel Bravo), la tarde del viernes 24 de octubre; cuya actividad se desarrollo&rsquo; desde el 21 &hellip;","og_url":"https:\/\/periodicocentroccidente.com\/?p=4293","article_published_time":"2025-10-27T19:35:06+00:00","og_image":[{"width":1080,"height":629,"url":"https:\/\/periodicocentroccidente.com\/wp-content\/uploads\/2025\/10\/Screenshot_20251027_055750_Gmail.jpg","type":"image\/jpeg"}],"author":"Ricardo","twitter_card":"summary_large_image","twitter_misc":{"Escrito por":"Ricardo","Tiempo de lectura":"2 minutos"},"schema":{"@context":"https:\/\/schema.org","@graph":[{"@type":"WebPage","@id":"https:\/\/periodicocentroccidente.com\/?p=4293","url":"https:\/\/periodicocentroccidente.com\/?p=4293","name":"Guanarito: Culmin\u00f3 Jornada de Actualizaci\u00f3n Bovina 2025 -","isPartOf":{"@id":"https:\/\/periodicocentroccidente.com\/#website"},"primaryImageOfPage":{"@id":"https:\/\/periodicocentroccidente.com\/?p=4293#primaryimage"},"image":{"@id":"https:\/\/periodicocentroccidente.com\/?p=4293#primaryimage"},"thumbnailUrl":"https:\/\/periodicocentroccidente.com\/wp-content\/uploads\/2025\/10\/Screenshot_20251027_055750_Gmail.jpg","datePublished":"2025-10-27T19:35:06+00:00","author":{"@id":"https:\/\/periodicocentroccidente.com\/#\/schema\/person\/f4e4a651098f3db198244657b7130e7e"},"breadcrumb":{"@id":"https:\/\/periodicocentroccidente.com\/?p=4293#breadcrumb"},"inLanguage":"es","potentialAction":[{"@type":"ReadAction","target":["https:\/\/periodicocentroccidente.com\/?p=4293"]}]},{"@type":"ImageObject","inLanguage":"es","@id":"https:\/\/periodicocentroccidente.com\/?p=4293#primaryimage","url":"https:\/\/periodicocentroccidente.com\/wp-content\/uploads\/2025\/10\/Screenshot_20251027_055750_Gmail.jpg","contentUrl":"https:\/\/periodicocentroccidente.com\/wp-content\/uploads\/2025\/10\/Screenshot_20251027_055750_Gmail.jpg","width":1080,"height":629},{"@type":"BreadcrumbList","@id":"https:\/\/periodicocentroccidente.com\/?p=4293#breadcrumb","itemListElement":[{"@type":"ListItem","position":1,"name":"Portada","item":"https:\/\/periodicocentroccidente.com\/"},{"@type":"ListItem","position":2,"name":"Guanarito: Culmin\u00f3 Jornada de Actualizaci\u00f3n Bovina 2025"}]},{"@type":"WebSite","@id":"https:\/\/periodicocentroccidente.com\/#website","url":"https:\/\/periodicocentroccidente.com\/","name":"","description":"Periodismo serio y responsable","potentialAction":[{"@type":"SearchAction","target":{"@type":"EntryPoint","urlTemplate":"https:\/\/periodicocentroccidente.com\/?s={search_term_string}"},"query-input":{"@type":"PropertyValueSpecification","valueRequired":true,"valueName":"search_term_string"}}],"inLanguage":"es"},{"@type":"Person","@id":"https:\/\/periodicocentroccidente.com\/#\/schema\/person\/f4e4a651098f3db198244657b7130e7e","name":"Ricardo","image":{"@type":"ImageObject","inLanguage":"es","@id":"https:\/\/periodicocentroccidente.com\/#\/schema\/person\/image\/","url":"https:\/\/secure.gravatar.com\/avatar\/402e6137108ec0fdaa7809184382fb1dd2f8b00264c1d945d341f2b8f90db429?s=96&d=mm&r=g","contentUrl":"https:\/\/secure.gravatar.com\/avatar\/402e6137108ec0fdaa7809184382fb1dd2f8b00264c1d945d341f2b8f90db429?s=96&d=mm&r=g","caption":"Ricardo"},"url":"https:\/\/periodicocentroccidente.com\/?author=2"}]}},"jetpack_featured_media_url":"https:\/\/periodicocentroccidente.com\/wp-content\/uploads\/2025\/10\/Screenshot_20251027_055750_Gmail.jpg","jetpack_sharing_enabled":true,"jetpack-related-posts":[],"_links":{"self":[{"href":"https:\/\/periodicocentroccidente.com\/index.php?rest_route=\/wp\/v2\/posts\/4293","targetHints":{"allow":["GET"]}}],"collection":[{"href":"https:\/\/periodicocentroccidente.com\/index.php?rest_route=\/wp\/v2\/posts"}],"about":[{"href":"https:\/\/periodicocentroccidente.com\/index.php?rest_route=\/wp\/v2\/types\/post"}],"author":[{"embeddable":true,"href":"https:\/\/periodicocentroccidente.com\/index.php?rest_route=\/wp\/v2\/users\/2"}],"replies":[{"embeddable":true,"href":"https:\/\/periodicocentroccidente.com\/index.php?rest_route=%2Fwp%2Fv2%2Fcomments&post=4293"}],"version-history":[{"count":1,"href":"https:\/\/periodicocentroccidente.com\/index.php?rest_route=\/wp\/v2\/posts\/4293\/revisions"}],"predecessor-version":[{"id":4295,"href":"https:\/\/periodicocentroccidente.com\/index.php?rest_route=\/wp\/v2\/posts\/4293\/revisions\/4295"}],"wp:featuredmedia":[{"embeddable":true,"href":"https:\/\/periodicocentroccidente.com\/index.php?rest_route=\/wp\/v2\/media\/4294"}],"wp:attachment":[{"href":"https:\/\/periodicocentroccidente.com\/index.php?rest_route=%2Fwp%2Fv2%2Fmedia&parent=4293"}],"wp:term":[{"taxonomy":"category","embeddable":true,"href":"https:\/\/periodicocentroccidente.com\/index.php?rest_route=%2Fwp%2Fv2%2Fcategories&post=4293"},{"taxonomy":"post_tag","embeddable":true,"href":"https:\/\/periodicocentroccidente.com\/index.php?rest_route=%2Fwp%2Fv2%2Ftags&post=4293"}],"curies":[{"name":"wp","href":"https:\/\/api.w.org\/{rel}","templated":true}]}}