{"id":4229,"date":"2025-10-25T21:14:22","date_gmt":"2025-10-25T21:14:22","guid":{"rendered":"https:\/\/periodicocentroccidente.com\/?p=4229"},"modified":"2025-10-25T21:14:22","modified_gmt":"2025-10-25T21:14:22","slug":"otorgado-ii-galardon-urdanetista-por-parte-del-movimiento-de-maestros-y-maestras-urdanetista-luis-beltran-prieto-figueroa","status":"publish","type":"post","link":"https:\/\/periodicocentroccidente.com\/?p=4229","title":{"rendered":"Otorgado \u00abII Galard\u00f3n Urdanetista\u00bb por parte del Movimiento de Maestros y Maestras Urdanetista Luis Beltr\u00e1n Prieto Figueroa"},"content":{"rendered":"<p><strong>Especial.-<\/strong><\/p>\n<div dir=\"auto\">Expresa Mgsc Gioskamary Karina Vargas Mendez Coordinadora Pol\u00edtica: \u00abEl Galard\u00f3n tiene como objetivo el Reconocimiento P\u00fablico Otorgado por sus destacados trabajos emprendedor y su compromiso con Valores Humanista, como la defensa del Medio Ambiente y los Valores familiares especialmente en la Educaci\u00f3n Venezolana\u00bb.<\/div>\n<div dir=\"auto\"><\/div>\n<div dir=\"auto\">En este a\u00f1o 2025 quisimos hacerlo en las Instalaciones del Instituto Nacional de Capacitaci\u00f3n y Educaci\u00f3n Socialista (INCES) se estar\u00e1 realizando una secci\u00f3n solemne a cargo como Presentadora Mgsc Yesenia Rivero Educadora Jubilada y como Orador de Orden Ing Robert Carmona responsable del Inces del Municipio Guanare y entrega de reconocimiento a formadores.<\/div>\n<div dir=\"auto\"><\/div>\n<div dir=\"auto\">Intalaciones creada por Luis Beltr\u00e1n Prieto Figueroa, quien en ese momento (1959) era el Ministro de Educaci\u00f3n de Venezuela.\u00a0Fundado de manera oficial el 22 de agosto de 1959, durante el gobierno del presidente R\u00f3mulo Betancourt, al inicio de la democracia venezolana despu\u00e9s de la ca\u00edda del dictador Marcos P\u00e9rez Jim\u00e9nez.<\/div>\n<div dir=\"auto\"><\/div>\n<div dir=\"auto\">La creaci\u00f3n del INCE respondi\u00f3 a una necesidad urgente del pa\u00eds en varios frentes. Prieto Figueroa, fiel a su filosof\u00eda \u00aburdanetista\u00bb y de \u00abeducaci\u00f3n para la democracia\u00bb, visualiz\u00f3 una instituci\u00f3n que atacara los siguientes problemas:<\/div>\n<div dir=\"auto\"><\/div>\n<div dir=\"auto\">1. La Brecha entre la Educaci\u00f3n Formal y el Mundo Laboral:<\/div>\n<div dir=\"auto\"><\/div>\n<div dir=\"auto\">\u00b7 El sistema educativo tradicional (liceos) preparaba a los estudiantes para ser bachilleres y, en el mejor de los casos, seguir carreras universitarias.<\/div>\n<div dir=\"auto\">\u00b7 Exist\u00eda una enorme falta de formaci\u00f3n pr\u00e1ctica para oficios, t\u00e9cnicas industriales, agricultura, comercio y servicios que el pa\u00eds en desarrollo necesitaba con urgencia.<\/div>\n<div dir=\"auto\"><\/div>\n<div dir=\"auto\">2. La Dependencia de Mano de Obra Extranjera:<\/div>\n<div dir=\"auto\"><\/div>\n<div dir=\"auto\">\u00b7 Con la expansi\u00f3n de la industria petrolera y el inicio de un proceso de industrializaci\u00f3n, Venezuela depend\u00eda en gran medida de t\u00e9cnicos y especialistas extranjeros para tareas que los venezolanos no estaban capacitados para realizar.<\/div>\n<div dir=\"auto\">\u00b7 El INCE naci\u00f3 con el lema \u00abFormar hombres para una industria nacional\u00bb, con el objetivo claro de sustituir esa mano de obra importada por trabajadores venezolanos calificados.<\/div>\n<div dir=\"auto\"><\/div>\n<div dir=\"auto\">3. La Necesidad de Incorporar a los J\u00f3venes al Trabajo Productivo:<\/div>\n<div dir=\"auto\"><\/div>\n<div dir=\"auto\">\u00b7 Muchos j\u00f3venes abandonaban la escuela sin una profesi\u00f3n u oficio, engrosando las filas del desempleo y la econom\u00eda informal.<\/div>\n<div dir=\"auto\">\u00b7 El INCE ofrecer\u00eda una salida laboral r\u00e1pida y efectiva, capacitando a miles de j\u00f3venes y adultos para que pudieran insertarse de manera productiva en la econom\u00eda nacional.<\/div>\n<div dir=\"auto\"><\/div>\n<div dir=\"auto\">4. Cumplir con un Mandato Legal y una Visi\u00f3n de Pa\u00eds:<\/div>\n<div dir=\"auto\"><\/div>\n<div dir=\"auto\"><strong>Ing Robert Carmona explic\u00f3:\u00a0<\/strong><\/div>\n<div dir=\"auto\"><\/div>\n<div dir=\"auto\">La creaci\u00f3n del INCE se bas\u00f3 en el Art\u00edculo 85 de la Ley de Educaci\u00f3n de 1955, que establec\u00eda la obligatoriedad de la formaci\u00f3n profesional.<\/div>\n<div dir=\"auto\">\u00b7 Prieto Figueroa y Betancourt ve\u00edan en la educaci\u00f3n t\u00e9cnica la clave para diversificar la econom\u00eda, reducir la dependencia del petr\u00f3leo y construir una sociedad m\u00e1s justa y equitativa, donde todo ciudadano tuviera la oportunidad de aprender un oficio digno.<\/div>\n<div dir=\"auto\"><\/div>\n<div dir=\"auto\">Una de las caracter\u00edsticas m\u00e1s destacadas del INCE fue su modelo de financiamiento y corresponsabilidad:<\/div>\n<div dir=\"auto\"><\/div>\n<div dir=\"auto\">\u00b7 Financiamiento Tripartito: Se cre\u00f3 con aportes obligatorios del:<\/div>\n<div dir=\"auto\">\u00a0 \u00b7 Estado (Gobierno Nacional)<\/div>\n<div dir=\"auto\">\u00a0 \u00b7 Empresarios (1.5% del total de los sueldos pagados)<\/div>\n<div dir=\"auto\">\u00a0 \u00b7 Trabajadores (0.5% de su sueldo)<\/div>\n<div dir=\"auto\">\u00b7 Este modelo garantizaba que los principales actores de la producci\u00f3n (empresas y trabajadores) invirtieran directamente en la capacitaci\u00f3n del talento humano que el pa\u00eds necesitaba.<\/div>\n<div dir=\"auto\"><\/div>\n<div dir=\"auto\"><strong>En Resumen<\/strong><\/div>\n<div dir=\"auto\"><\/div>\n<div dir=\"auto\">Luis Beltr\u00e1n Prieto Figueroa cre\u00f3 el INCE porque visualiz\u00f3 una Venezuela moderna que necesitaba con urgencia t\u00e9cnicos y obreros calificados venezolanos. Su creaci\u00f3n fue un acto profundamente \u00aburdanetista\u00bb, ya que buscaba usar la educaci\u00f3n (en este caso, la formaci\u00f3n para el trabajo) como herramienta para la liberaci\u00f3n econ\u00f3mica, la soberan\u00eda tecnol\u00f3gica y la construcci\u00f3n de una democracia estable y pr\u00f3spera, donde todo ciudadano tuviera un oficio que le permitiera vivir con dignidad.<\/div>\n<div dir=\"auto\"><\/div>\n<div dir=\"auto\">Nota importante: En 2008, durante el gobierno del presidente Hugo Ch\u00e1vez, el INCE fue transformado en el INCES (Instituto Nacional de Capacitaci\u00f3n y Educaci\u00f3n Socialista), ampliando su misi\u00f3n bajo la doctrina del \u00abSocialismo del Siglo XXI\u00bb, pero manteniendo su esencia original como la principal instituci\u00f3n de formaci\u00f3n t\u00e9cnica y profesional del pa\u00eds.<\/div>\n<div dir=\"auto\"><\/div>\n<div dir=\"auto\">Actividad que tuvo la participaci\u00f3n de UNEARTE que gracias a los estudiantes de esta prestigiosa casa de estudio se realizo Galer\u00eda de Luis Beltr\u00e1n Prieto Figueroa. C\u00f3mo invitados a recibir los reconocimientos los maestros y Maestras del Circuito 180401013 y\u00a0los formadores del Inces.<\/div>\n<div dir=\"auto\"><\/div>\n<div dir=\"auto\"><img loading=\"lazy\" decoding=\"async\" class=\"alignnone size-medium wp-image-4234\" src=\"https:\/\/periodicocentroccidente.com\/wp-content\/uploads\/2025\/10\/1003716243-225x300.jpg\" alt=\"\" width=\"225\" height=\"300\" srcset=\"https:\/\/periodicocentroccidente.com\/wp-content\/uploads\/2025\/10\/1003716243-225x300.jpg 225w, https:\/\/periodicocentroccidente.com\/wp-content\/uploads\/2025\/10\/1003716243-768x1024.jpg 768w, https:\/\/periodicocentroccidente.com\/wp-content\/uploads\/2025\/10\/1003716243-1152x1536.jpg 1152w, https:\/\/periodicocentroccidente.com\/wp-content\/uploads\/2025\/10\/1003716243-1536x2048.jpg 1536w, https:\/\/periodicocentroccidente.com\/wp-content\/uploads\/2025\/10\/1003716243-scaled.jpg 1920w\" sizes=\"auto, (max-width: 225px) 100vw, 225px\" \/>\u00a0 \u00a0 \u00a0 <img loading=\"lazy\" decoding=\"async\" class=\"alignnone size-medium wp-image-4233\" src=\"https:\/\/periodicocentroccidente.com\/wp-content\/uploads\/2025\/10\/1003716234-225x300.jpg\" alt=\"\" width=\"225\" height=\"300\" srcset=\"https:\/\/periodicocentroccidente.com\/wp-content\/uploads\/2025\/10\/1003716234-225x300.jpg 225w, https:\/\/periodicocentroccidente.com\/wp-content\/uploads\/2025\/10\/1003716234-768x1024.jpg 768w, https:\/\/periodicocentroccidente.com\/wp-content\/uploads\/2025\/10\/1003716234-1152x1536.jpg 1152w, https:\/\/periodicocentroccidente.com\/wp-content\/uploads\/2025\/10\/1003716234-1536x2048.jpg 1536w, https:\/\/periodicocentroccidente.com\/wp-content\/uploads\/2025\/10\/1003716234-scaled.jpg 1920w\" sizes=\"auto, (max-width: 225px) 100vw, 225px\" \/><\/div>\n<div dir=\"auto\"><\/div>\n<div dir=\"auto\"><img loading=\"lazy\" decoding=\"async\" class=\"alignnone size-medium wp-image-4231\" src=\"https:\/\/periodicocentroccidente.com\/wp-content\/uploads\/2025\/10\/1003716006-300x225.jpg\" alt=\"\" width=\"300\" height=\"225\" srcset=\"https:\/\/periodicocentroccidente.com\/wp-content\/uploads\/2025\/10\/1003716006-300x225.jpg 300w, https:\/\/periodicocentroccidente.com\/wp-content\/uploads\/2025\/10\/1003716006-1024x768.jpg 1024w, https:\/\/periodicocentroccidente.com\/wp-content\/uploads\/2025\/10\/1003716006-768x576.jpg 768w, https:\/\/periodicocentroccidente.com\/wp-content\/uploads\/2025\/10\/1003716006-1536x1152.jpg 1536w, https:\/\/periodicocentroccidente.com\/wp-content\/uploads\/2025\/10\/1003716006-2048x1536.jpg 2048w\" sizes=\"auto, (max-width: 300px) 100vw, 300px\" \/>\u00a0 \u00a0 \u00a0 <img loading=\"lazy\" decoding=\"async\" class=\"alignnone size-medium wp-image-4230\" src=\"https:\/\/periodicocentroccidente.com\/wp-content\/uploads\/2025\/10\/1003716001-300x225.jpg\" alt=\"\" width=\"300\" height=\"225\" srcset=\"https:\/\/periodicocentroccidente.com\/wp-content\/uploads\/2025\/10\/1003716001-300x225.jpg 300w, https:\/\/periodicocentroccidente.com\/wp-content\/uploads\/2025\/10\/1003716001-1024x768.jpg 1024w, https:\/\/periodicocentroccidente.com\/wp-content\/uploads\/2025\/10\/1003716001-768x576.jpg 768w, https:\/\/periodicocentroccidente.com\/wp-content\/uploads\/2025\/10\/1003716001-1536x1152.jpg 1536w, https:\/\/periodicocentroccidente.com\/wp-content\/uploads\/2025\/10\/1003716001-2048x1536.jpg 2048w\" sizes=\"auto, (max-width: 300px) 100vw, 300px\" \/><\/div>\n","protected":false},"excerpt":{"rendered":"<p>Especial.- Expresa Mgsc Gioskamary Karina Vargas Mendez Coordinadora Pol&iacute;tica: &laquo;El Galard&oacute;n tiene como objetivo el Reconocimiento P&uacute;blico Otorgado por sus destacados trabajos emprendedor y su compromiso con Valores Humanista, como la defensa del Medio Ambiente y los Valores familiares especialmente en la Educaci&oacute;n Venezolana&raquo;. En este a&ntilde;o 2025 quisimos hacerlo en las Instalaciones del Instituto &hellip;<\/p>\n","protected":false},"author":2,"featured_media":4232,"comment_status":"open","ping_status":"open","sticky":false,"template":"","format":"standard","meta":{"_jetpack_memberships_contains_paid_content":false,"footnotes":""},"categories":[127],"tags":[],"class_list":["post-4229","post","type-post","status-publish","format-standard","has-post-thumbnail","hentry","category-noticias-recientes"],"yoast_head":"<!-- This site is optimized with the Yoast SEO plugin v24.8.1 - https:\/\/yoast.com\/wordpress\/plugins\/seo\/ -->\n<title>Otorgado &quot;II Galard\u00f3n Urdanetista&quot; por parte del Movimiento de Maestros y Maestras Urdanetista Luis Beltr\u00e1n Prieto Figueroa -<\/title>\n<meta name=\"robots\" content=\"index, follow, max-snippet:-1, max-image-preview:large, max-video-preview:-1\" \/>\n<link rel=\"canonical\" href=\"https:\/\/periodicocentroccidente.com\/?p=4229\" \/>\n<meta property=\"og:locale\" content=\"es_ES\" \/>\n<meta property=\"og:type\" content=\"article\" \/>\n<meta property=\"og:title\" content=\"Otorgado &quot;II Galard\u00f3n Urdanetista&quot; por parte del Movimiento de Maestros y Maestras Urdanetista Luis Beltr\u00e1n Prieto Figueroa -\" \/>\n<meta property=\"og:description\" content=\"Especial.- Expresa Mgsc Gioskamary Karina Vargas Mendez Coordinadora Pol&iacute;tica: &laquo;El Galard&oacute;n tiene como objetivo el Reconocimiento P&uacute;blico Otorgado por sus destacados trabajos emprendedor y su compromiso con Valores Humanista, como la defensa del Medio Ambiente y los Valores familiares especialmente en la Educaci&oacute;n Venezolana&raquo;. En este a&ntilde;o 2025 quisimos hacerlo en las Instalaciones del Instituto &hellip;\" \/>\n<meta property=\"og:url\" content=\"https:\/\/periodicocentroccidente.com\/?p=4229\" \/>\n<meta property=\"article:published_time\" content=\"2025-10-25T21:14:22+00:00\" \/>\n<meta property=\"og:image\" content=\"https:\/\/periodicocentroccidente.com\/wp-content\/uploads\/2025\/10\/1003716192-scaled.jpg\" \/>\n\t<meta property=\"og:image:width\" content=\"2560\" \/>\n\t<meta property=\"og:image:height\" content=\"1920\" \/>\n\t<meta property=\"og:image:type\" content=\"image\/jpeg\" \/>\n<meta name=\"author\" content=\"Ricardo\" \/>\n<meta name=\"twitter:card\" content=\"summary_large_image\" \/>\n<meta name=\"twitter:label1\" content=\"Escrito por\" \/>\n\t<meta name=\"twitter:data1\" content=\"Ricardo\" \/>\n\t<meta name=\"twitter:label2\" content=\"Tiempo de lectura\" \/>\n\t<meta name=\"twitter:data2\" content=\"5 minutos\" \/>\n<script type=\"application\/ld+json\" class=\"yoast-schema-graph\">{\"@context\":\"https:\/\/schema.org\",\"@graph\":[{\"@type\":\"WebPage\",\"@id\":\"https:\/\/periodicocentroccidente.com\/?p=4229\",\"url\":\"https:\/\/periodicocentroccidente.com\/?p=4229\",\"name\":\"Otorgado \\\"II Galard\u00f3n Urdanetista\\\" por parte del Movimiento de Maestros y Maestras Urdanetista Luis Beltr\u00e1n Prieto Figueroa -\",\"isPartOf\":{\"@id\":\"https:\/\/periodicocentroccidente.com\/#website\"},\"primaryImageOfPage\":{\"@id\":\"https:\/\/periodicocentroccidente.com\/?p=4229#primaryimage\"},\"image\":{\"@id\":\"https:\/\/periodicocentroccidente.com\/?p=4229#primaryimage\"},\"thumbnailUrl\":\"https:\/\/periodicocentroccidente.com\/wp-content\/uploads\/2025\/10\/1003716192-scaled.jpg\",\"datePublished\":\"2025-10-25T21:14:22+00:00\",\"author\":{\"@id\":\"https:\/\/periodicocentroccidente.com\/#\/schema\/person\/f4e4a651098f3db198244657b7130e7e\"},\"breadcrumb\":{\"@id\":\"https:\/\/periodicocentroccidente.com\/?p=4229#breadcrumb\"},\"inLanguage\":\"es\",\"potentialAction\":[{\"@type\":\"ReadAction\",\"target\":[\"https:\/\/periodicocentroccidente.com\/?p=4229\"]}]},{\"@type\":\"ImageObject\",\"inLanguage\":\"es\",\"@id\":\"https:\/\/periodicocentroccidente.com\/?p=4229#primaryimage\",\"url\":\"https:\/\/periodicocentroccidente.com\/wp-content\/uploads\/2025\/10\/1003716192-scaled.jpg\",\"contentUrl\":\"https:\/\/periodicocentroccidente.com\/wp-content\/uploads\/2025\/10\/1003716192-scaled.jpg\",\"width\":2560,\"height\":1920},{\"@type\":\"BreadcrumbList\",\"@id\":\"https:\/\/periodicocentroccidente.com\/?p=4229#breadcrumb\",\"itemListElement\":[{\"@type\":\"ListItem\",\"position\":1,\"name\":\"Portada\",\"item\":\"https:\/\/periodicocentroccidente.com\/\"},{\"@type\":\"ListItem\",\"position\":2,\"name\":\"Otorgado \u00abII Galard\u00f3n Urdanetista\u00bb por parte del Movimiento de Maestros y Maestras Urdanetista Luis Beltr\u00e1n Prieto Figueroa\"}]},{\"@type\":\"WebSite\",\"@id\":\"https:\/\/periodicocentroccidente.com\/#website\",\"url\":\"https:\/\/periodicocentroccidente.com\/\",\"name\":\"\",\"description\":\"Periodismo serio y responsable\",\"potentialAction\":[{\"@type\":\"SearchAction\",\"target\":{\"@type\":\"EntryPoint\",\"urlTemplate\":\"https:\/\/periodicocentroccidente.com\/?s={search_term_string}\"},\"query-input\":{\"@type\":\"PropertyValueSpecification\",\"valueRequired\":true,\"valueName\":\"search_term_string\"}}],\"inLanguage\":\"es\"},{\"@type\":\"Person\",\"@id\":\"https:\/\/periodicocentroccidente.com\/#\/schema\/person\/f4e4a651098f3db198244657b7130e7e\",\"name\":\"Ricardo\",\"image\":{\"@type\":\"ImageObject\",\"inLanguage\":\"es\",\"@id\":\"https:\/\/periodicocentroccidente.com\/#\/schema\/person\/image\/\",\"url\":\"https:\/\/secure.gravatar.com\/avatar\/402e6137108ec0fdaa7809184382fb1dd2f8b00264c1d945d341f2b8f90db429?s=96&d=mm&r=g\",\"contentUrl\":\"https:\/\/secure.gravatar.com\/avatar\/402e6137108ec0fdaa7809184382fb1dd2f8b00264c1d945d341f2b8f90db429?s=96&d=mm&r=g\",\"caption\":\"Ricardo\"},\"url\":\"https:\/\/periodicocentroccidente.com\/?author=2\"}]}<\/script>\n<!-- \/ Yoast SEO plugin. -->","yoast_head_json":{"title":"Otorgado \"II Galard\u00f3n Urdanetista\" por parte del Movimiento de Maestros y Maestras Urdanetista Luis Beltr\u00e1n Prieto Figueroa -","robots":{"index":"index","follow":"follow","max-snippet":"max-snippet:-1","max-image-preview":"max-image-preview:large","max-video-preview":"max-video-preview:-1"},"canonical":"https:\/\/periodicocentroccidente.com\/?p=4229","og_locale":"es_ES","og_type":"article","og_title":"Otorgado \"II Galard\u00f3n Urdanetista\" por parte del Movimiento de Maestros y Maestras Urdanetista Luis Beltr\u00e1n Prieto Figueroa -","og_description":"Especial.- Expresa Mgsc Gioskamary Karina Vargas Mendez Coordinadora Pol&iacute;tica: &laquo;El Galard&oacute;n tiene como objetivo el Reconocimiento P&uacute;blico Otorgado por sus destacados trabajos emprendedor y su compromiso con Valores Humanista, como la defensa del Medio Ambiente y los Valores familiares especialmente en la Educaci&oacute;n Venezolana&raquo;. En este a&ntilde;o 2025 quisimos hacerlo en las Instalaciones del Instituto &hellip;","og_url":"https:\/\/periodicocentroccidente.com\/?p=4229","article_published_time":"2025-10-25T21:14:22+00:00","og_image":[{"width":2560,"height":1920,"url":"https:\/\/periodicocentroccidente.com\/wp-content\/uploads\/2025\/10\/1003716192-scaled.jpg","type":"image\/jpeg"}],"author":"Ricardo","twitter_card":"summary_large_image","twitter_misc":{"Escrito por":"Ricardo","Tiempo de lectura":"5 minutos"},"schema":{"@context":"https:\/\/schema.org","@graph":[{"@type":"WebPage","@id":"https:\/\/periodicocentroccidente.com\/?p=4229","url":"https:\/\/periodicocentroccidente.com\/?p=4229","name":"Otorgado \"II Galard\u00f3n Urdanetista\" por parte del Movimiento de Maestros y Maestras Urdanetista Luis Beltr\u00e1n Prieto Figueroa -","isPartOf":{"@id":"https:\/\/periodicocentroccidente.com\/#website"},"primaryImageOfPage":{"@id":"https:\/\/periodicocentroccidente.com\/?p=4229#primaryimage"},"image":{"@id":"https:\/\/periodicocentroccidente.com\/?p=4229#primaryimage"},"thumbnailUrl":"https:\/\/periodicocentroccidente.com\/wp-content\/uploads\/2025\/10\/1003716192-scaled.jpg","datePublished":"2025-10-25T21:14:22+00:00","author":{"@id":"https:\/\/periodicocentroccidente.com\/#\/schema\/person\/f4e4a651098f3db198244657b7130e7e"},"breadcrumb":{"@id":"https:\/\/periodicocentroccidente.com\/?p=4229#breadcrumb"},"inLanguage":"es","potentialAction":[{"@type":"ReadAction","target":["https:\/\/periodicocentroccidente.com\/?p=4229"]}]},{"@type":"ImageObject","inLanguage":"es","@id":"https:\/\/periodicocentroccidente.com\/?p=4229#primaryimage","url":"https:\/\/periodicocentroccidente.com\/wp-content\/uploads\/2025\/10\/1003716192-scaled.jpg","contentUrl":"https:\/\/periodicocentroccidente.com\/wp-content\/uploads\/2025\/10\/1003716192-scaled.jpg","width":2560,"height":1920},{"@type":"BreadcrumbList","@id":"https:\/\/periodicocentroccidente.com\/?p=4229#breadcrumb","itemListElement":[{"@type":"ListItem","position":1,"name":"Portada","item":"https:\/\/periodicocentroccidente.com\/"},{"@type":"ListItem","position":2,"name":"Otorgado \u00abII Galard\u00f3n Urdanetista\u00bb por parte del Movimiento de Maestros y Maestras Urdanetista Luis Beltr\u00e1n Prieto Figueroa"}]},{"@type":"WebSite","@id":"https:\/\/periodicocentroccidente.com\/#website","url":"https:\/\/periodicocentroccidente.com\/","name":"","description":"Periodismo serio y responsable","potentialAction":[{"@type":"SearchAction","target":{"@type":"EntryPoint","urlTemplate":"https:\/\/periodicocentroccidente.com\/?s={search_term_string}"},"query-input":{"@type":"PropertyValueSpecification","valueRequired":true,"valueName":"search_term_string"}}],"inLanguage":"es"},{"@type":"Person","@id":"https:\/\/periodicocentroccidente.com\/#\/schema\/person\/f4e4a651098f3db198244657b7130e7e","name":"Ricardo","image":{"@type":"ImageObject","inLanguage":"es","@id":"https:\/\/periodicocentroccidente.com\/#\/schema\/person\/image\/","url":"https:\/\/secure.gravatar.com\/avatar\/402e6137108ec0fdaa7809184382fb1dd2f8b00264c1d945d341f2b8f90db429?s=96&d=mm&r=g","contentUrl":"https:\/\/secure.gravatar.com\/avatar\/402e6137108ec0fdaa7809184382fb1dd2f8b00264c1d945d341f2b8f90db429?s=96&d=mm&r=g","caption":"Ricardo"},"url":"https:\/\/periodicocentroccidente.com\/?author=2"}]}},"jetpack_featured_media_url":"https:\/\/periodicocentroccidente.com\/wp-content\/uploads\/2025\/10\/1003716192-scaled.jpg","jetpack_sharing_enabled":true,"jetpack-related-posts":[],"_links":{"self":[{"href":"https:\/\/periodicocentroccidente.com\/index.php?rest_route=\/wp\/v2\/posts\/4229","targetHints":{"allow":["GET"]}}],"collection":[{"href":"https:\/\/periodicocentroccidente.com\/index.php?rest_route=\/wp\/v2\/posts"}],"about":[{"href":"https:\/\/periodicocentroccidente.com\/index.php?rest_route=\/wp\/v2\/types\/post"}],"author":[{"embeddable":true,"href":"https:\/\/periodicocentroccidente.com\/index.php?rest_route=\/wp\/v2\/users\/2"}],"replies":[{"embeddable":true,"href":"https:\/\/periodicocentroccidente.com\/index.php?rest_route=%2Fwp%2Fv2%2Fcomments&post=4229"}],"version-history":[{"count":1,"href":"https:\/\/periodicocentroccidente.com\/index.php?rest_route=\/wp\/v2\/posts\/4229\/revisions"}],"predecessor-version":[{"id":4236,"href":"https:\/\/periodicocentroccidente.com\/index.php?rest_route=\/wp\/v2\/posts\/4229\/revisions\/4236"}],"wp:featuredmedia":[{"embeddable":true,"href":"https:\/\/periodicocentroccidente.com\/index.php?rest_route=\/wp\/v2\/media\/4232"}],"wp:attachment":[{"href":"https:\/\/periodicocentroccidente.com\/index.php?rest_route=%2Fwp%2Fv2%2Fmedia&parent=4229"}],"wp:term":[{"taxonomy":"category","embeddable":true,"href":"https:\/\/periodicocentroccidente.com\/index.php?rest_route=%2Fwp%2Fv2%2Fcategories&post=4229"},{"taxonomy":"post_tag","embeddable":true,"href":"https:\/\/periodicocentroccidente.com\/index.php?rest_route=%2Fwp%2Fv2%2Ftags&post=4229"}],"curies":[{"name":"wp","href":"https:\/\/api.w.org\/{rel}","templated":true}]}}