{"id":4107,"date":"2025-10-16T17:44:00","date_gmt":"2025-10-16T17:44:00","guid":{"rendered":"https:\/\/periodicocentroccidente.com\/?p=4107"},"modified":"2025-10-16T17:44:00","modified_gmt":"2025-10-16T17:44:00","slug":"libreria-del-sur-guanare-celebrara-50o-aniversario-de-la-unellez","status":"publish","type":"post","link":"https:\/\/periodicocentroccidente.com\/?p=4107","title":{"rendered":"Librer\u00eda del Sur Guanare celebrar\u00e1 50\u00ba Aniversario de la Unellez"},"content":{"rendered":"<div dir=\"auto\"><strong>Especial.-<\/strong><\/div>\n<div dir=\"auto\"><\/div>\n<div dir=\"auto\">La Librer\u00eda del Sur Guanare, ente adscrito al Ministerio del Poder Popular para la Cultura se une a la celebraci\u00f3n del 50.\u00ba aniversario de la Universidad Nacional Experimental de los Llanos Ezequiel Zamora (Unellez), este jueves 16 de octubre con el programa Tinta, Papel y un Caf\u00e9, a trav\u00e9s del cual se presentar\u00e1 el libro Ezequiel Zamora y la tierra de los hombres libres, con el mag\u00edster y docente Elvis Montilla, quien tambi\u00e9n ha sido coordinador de la Unellez en Guanare, estado Portuguesa<\/div>\n<div dir=\"auto\"><\/div>\n<div dir=\"auto\">La Unellez, semillero de innumerables profesionales y pilar del desarrollo regional, ha desplegado un amplio calendario con m\u00e1s de 50 actividades de \u00edndole acad\u00e9mica, formativa, cultural y deportiva, en articulaci\u00f3n con las instituciones que hacen vida en la ciudad, es por ello, que Librer\u00eda del Sur Guanare, dedica un espacio a este aniversario.<\/div>\n<div dir=\"auto\"><\/div>\n<div dir=\"auto\">En este contexto de celebraci\u00f3n, participar\u00e1n las agrupaciones musicales, En tres tiempos, Son y parranda con buena m\u00fasica para festejar 50 a\u00f1os de historia.<\/div>\n<div dir=\"auto\"><\/div>\n<div dir=\"auto\">El evento se tiene previsto en un espacio abierto, en la calle 17 entre carreras 3 y 4 a las 6:00 p.m.\u00a0 La invitaci\u00f3n queda abierta para quienes deseen disfrutar de una gran velada.<\/div>\n<div dir=\"auto\"><\/div>\n<div dir=\"auto\"><strong>Periodista Rosairys P\u00e9rez<\/strong><\/div>\n<div dir=\"auto\"><\/div>\n<div dir=\"auto\"><img loading=\"lazy\" decoding=\"async\" class=\"alignnone size-medium wp-image-4108\" src=\"https:\/\/periodicocentroccidente.com\/wp-content\/uploads\/2025\/10\/1006356415-169x300.jpg\" alt=\"\" width=\"169\" height=\"300\" srcset=\"https:\/\/periodicocentroccidente.com\/wp-content\/uploads\/2025\/10\/1006356415-169x300.jpg 169w, https:\/\/periodicocentroccidente.com\/wp-content\/uploads\/2025\/10\/1006356415-576x1024.jpg 576w, https:\/\/periodicocentroccidente.com\/wp-content\/uploads\/2025\/10\/1006356415.jpg 608w\" sizes=\"auto, (max-width: 169px) 100vw, 169px\" \/><\/div>\n","protected":false},"excerpt":{"rendered":"<p>Especial.- La Librer&iacute;a del Sur Guanare, ente adscrito al Ministerio del Poder Popular para la Cultura se une a la celebraci&oacute;n del 50.&ordm; aniversario de la Universidad Nacional Experimental de los Llanos Ezequiel Zamora (Unellez), este jueves 16 de octubre con el programa Tinta, Papel y un Caf&eacute;, a trav&eacute;s del cual se presentar&aacute; el &hellip;<\/p>\n","protected":false},"author":2,"featured_media":4109,"comment_status":"open","ping_status":"open","sticky":false,"template":"","format":"standard","meta":{"_jetpack_memberships_contains_paid_content":false,"footnotes":""},"categories":[127],"tags":[],"class_list":["post-4107","post","type-post","status-publish","format-standard","has-post-thumbnail","hentry","category-noticias-recientes"],"yoast_head":"<!-- This site is optimized with the Yoast SEO plugin v24.8.1 - https:\/\/yoast.com\/wordpress\/plugins\/seo\/ -->\n<title>Librer\u00eda del Sur Guanare celebrar\u00e1 50\u00ba Aniversario de la Unellez -<\/title>\n<meta name=\"robots\" content=\"index, follow, max-snippet:-1, max-image-preview:large, max-video-preview:-1\" \/>\n<link rel=\"canonical\" href=\"https:\/\/periodicocentroccidente.com\/?p=4107\" \/>\n<meta property=\"og:locale\" content=\"es_ES\" \/>\n<meta property=\"og:type\" content=\"article\" \/>\n<meta property=\"og:title\" content=\"Librer\u00eda del Sur Guanare celebrar\u00e1 50\u00ba Aniversario de la Unellez -\" \/>\n<meta property=\"og:description\" content=\"Especial.- La Librer&iacute;a del Sur Guanare, ente adscrito al Ministerio del Poder Popular para la Cultura se une a la celebraci&oacute;n del 50.&ordm; aniversario de la Universidad Nacional Experimental de los Llanos Ezequiel Zamora (Unellez), este jueves 16 de octubre con el programa Tinta, Papel y un Caf&eacute;, a trav&eacute;s del cual se presentar&aacute; el &hellip;\" \/>\n<meta property=\"og:url\" content=\"https:\/\/periodicocentroccidente.com\/?p=4107\" \/>\n<meta property=\"article:published_time\" content=\"2025-10-16T17:44:00+00:00\" \/>\n<meta property=\"og:image\" content=\"https:\/\/periodicocentroccidente.com\/wp-content\/uploads\/2025\/10\/1006356416-1.jpg\" \/>\n\t<meta property=\"og:image:width\" content=\"640\" \/>\n\t<meta property=\"og:image:height\" content=\"640\" \/>\n\t<meta property=\"og:image:type\" content=\"image\/jpeg\" \/>\n<meta name=\"author\" content=\"Ricardo\" \/>\n<meta name=\"twitter:card\" content=\"summary_large_image\" \/>\n<meta name=\"twitter:label1\" content=\"Escrito por\" \/>\n\t<meta name=\"twitter:data1\" content=\"Ricardo\" \/>\n\t<meta name=\"twitter:label2\" content=\"Tiempo de lectura\" \/>\n\t<meta name=\"twitter:data2\" content=\"2 minutos\" \/>\n<script type=\"application\/ld+json\" class=\"yoast-schema-graph\">{\"@context\":\"https:\/\/schema.org\",\"@graph\":[{\"@type\":\"WebPage\",\"@id\":\"https:\/\/periodicocentroccidente.com\/?p=4107\",\"url\":\"https:\/\/periodicocentroccidente.com\/?p=4107\",\"name\":\"Librer\u00eda del Sur Guanare celebrar\u00e1 50\u00ba Aniversario de la Unellez -\",\"isPartOf\":{\"@id\":\"https:\/\/periodicocentroccidente.com\/#website\"},\"primaryImageOfPage\":{\"@id\":\"https:\/\/periodicocentroccidente.com\/?p=4107#primaryimage\"},\"image\":{\"@id\":\"https:\/\/periodicocentroccidente.com\/?p=4107#primaryimage\"},\"thumbnailUrl\":\"https:\/\/periodicocentroccidente.com\/wp-content\/uploads\/2025\/10\/1006356416-1.jpg\",\"datePublished\":\"2025-10-16T17:44:00+00:00\",\"author\":{\"@id\":\"https:\/\/periodicocentroccidente.com\/#\/schema\/person\/f4e4a651098f3db198244657b7130e7e\"},\"breadcrumb\":{\"@id\":\"https:\/\/periodicocentroccidente.com\/?p=4107#breadcrumb\"},\"inLanguage\":\"es\",\"potentialAction\":[{\"@type\":\"ReadAction\",\"target\":[\"https:\/\/periodicocentroccidente.com\/?p=4107\"]}]},{\"@type\":\"ImageObject\",\"inLanguage\":\"es\",\"@id\":\"https:\/\/periodicocentroccidente.com\/?p=4107#primaryimage\",\"url\":\"https:\/\/periodicocentroccidente.com\/wp-content\/uploads\/2025\/10\/1006356416-1.jpg\",\"contentUrl\":\"https:\/\/periodicocentroccidente.com\/wp-content\/uploads\/2025\/10\/1006356416-1.jpg\",\"width\":640,\"height\":640},{\"@type\":\"BreadcrumbList\",\"@id\":\"https:\/\/periodicocentroccidente.com\/?p=4107#breadcrumb\",\"itemListElement\":[{\"@type\":\"ListItem\",\"position\":1,\"name\":\"Portada\",\"item\":\"https:\/\/periodicocentroccidente.com\/\"},{\"@type\":\"ListItem\",\"position\":2,\"name\":\"Librer\u00eda del Sur Guanare celebrar\u00e1 50\u00ba Aniversario de la Unellez\"}]},{\"@type\":\"WebSite\",\"@id\":\"https:\/\/periodicocentroccidente.com\/#website\",\"url\":\"https:\/\/periodicocentroccidente.com\/\",\"name\":\"\",\"description\":\"Periodismo serio y responsable\",\"potentialAction\":[{\"@type\":\"SearchAction\",\"target\":{\"@type\":\"EntryPoint\",\"urlTemplate\":\"https:\/\/periodicocentroccidente.com\/?s={search_term_string}\"},\"query-input\":{\"@type\":\"PropertyValueSpecification\",\"valueRequired\":true,\"valueName\":\"search_term_string\"}}],\"inLanguage\":\"es\"},{\"@type\":\"Person\",\"@id\":\"https:\/\/periodicocentroccidente.com\/#\/schema\/person\/f4e4a651098f3db198244657b7130e7e\",\"name\":\"Ricardo\",\"image\":{\"@type\":\"ImageObject\",\"inLanguage\":\"es\",\"@id\":\"https:\/\/periodicocentroccidente.com\/#\/schema\/person\/image\/\",\"url\":\"https:\/\/secure.gravatar.com\/avatar\/402e6137108ec0fdaa7809184382fb1dd2f8b00264c1d945d341f2b8f90db429?s=96&d=mm&r=g\",\"contentUrl\":\"https:\/\/secure.gravatar.com\/avatar\/402e6137108ec0fdaa7809184382fb1dd2f8b00264c1d945d341f2b8f90db429?s=96&d=mm&r=g\",\"caption\":\"Ricardo\"},\"url\":\"https:\/\/periodicocentroccidente.com\/?author=2\"}]}<\/script>\n<!-- \/ Yoast SEO plugin. -->","yoast_head_json":{"title":"Librer\u00eda del Sur Guanare celebrar\u00e1 50\u00ba Aniversario de la Unellez -","robots":{"index":"index","follow":"follow","max-snippet":"max-snippet:-1","max-image-preview":"max-image-preview:large","max-video-preview":"max-video-preview:-1"},"canonical":"https:\/\/periodicocentroccidente.com\/?p=4107","og_locale":"es_ES","og_type":"article","og_title":"Librer\u00eda del Sur Guanare celebrar\u00e1 50\u00ba Aniversario de la Unellez -","og_description":"Especial.- La Librer&iacute;a del Sur Guanare, ente adscrito al Ministerio del Poder Popular para la Cultura se une a la celebraci&oacute;n del 50.&ordm; aniversario de la Universidad Nacional Experimental de los Llanos Ezequiel Zamora (Unellez), este jueves 16 de octubre con el programa Tinta, Papel y un Caf&eacute;, a trav&eacute;s del cual se presentar&aacute; el &hellip;","og_url":"https:\/\/periodicocentroccidente.com\/?p=4107","article_published_time":"2025-10-16T17:44:00+00:00","og_image":[{"width":640,"height":640,"url":"https:\/\/periodicocentroccidente.com\/wp-content\/uploads\/2025\/10\/1006356416-1.jpg","type":"image\/jpeg"}],"author":"Ricardo","twitter_card":"summary_large_image","twitter_misc":{"Escrito por":"Ricardo","Tiempo de lectura":"2 minutos"},"schema":{"@context":"https:\/\/schema.org","@graph":[{"@type":"WebPage","@id":"https:\/\/periodicocentroccidente.com\/?p=4107","url":"https:\/\/periodicocentroccidente.com\/?p=4107","name":"Librer\u00eda del Sur Guanare celebrar\u00e1 50\u00ba Aniversario de la Unellez -","isPartOf":{"@id":"https:\/\/periodicocentroccidente.com\/#website"},"primaryImageOfPage":{"@id":"https:\/\/periodicocentroccidente.com\/?p=4107#primaryimage"},"image":{"@id":"https:\/\/periodicocentroccidente.com\/?p=4107#primaryimage"},"thumbnailUrl":"https:\/\/periodicocentroccidente.com\/wp-content\/uploads\/2025\/10\/1006356416-1.jpg","datePublished":"2025-10-16T17:44:00+00:00","author":{"@id":"https:\/\/periodicocentroccidente.com\/#\/schema\/person\/f4e4a651098f3db198244657b7130e7e"},"breadcrumb":{"@id":"https:\/\/periodicocentroccidente.com\/?p=4107#breadcrumb"},"inLanguage":"es","potentialAction":[{"@type":"ReadAction","target":["https:\/\/periodicocentroccidente.com\/?p=4107"]}]},{"@type":"ImageObject","inLanguage":"es","@id":"https:\/\/periodicocentroccidente.com\/?p=4107#primaryimage","url":"https:\/\/periodicocentroccidente.com\/wp-content\/uploads\/2025\/10\/1006356416-1.jpg","contentUrl":"https:\/\/periodicocentroccidente.com\/wp-content\/uploads\/2025\/10\/1006356416-1.jpg","width":640,"height":640},{"@type":"BreadcrumbList","@id":"https:\/\/periodicocentroccidente.com\/?p=4107#breadcrumb","itemListElement":[{"@type":"ListItem","position":1,"name":"Portada","item":"https:\/\/periodicocentroccidente.com\/"},{"@type":"ListItem","position":2,"name":"Librer\u00eda del Sur Guanare celebrar\u00e1 50\u00ba Aniversario de la Unellez"}]},{"@type":"WebSite","@id":"https:\/\/periodicocentroccidente.com\/#website","url":"https:\/\/periodicocentroccidente.com\/","name":"","description":"Periodismo serio y responsable","potentialAction":[{"@type":"SearchAction","target":{"@type":"EntryPoint","urlTemplate":"https:\/\/periodicocentroccidente.com\/?s={search_term_string}"},"query-input":{"@type":"PropertyValueSpecification","valueRequired":true,"valueName":"search_term_string"}}],"inLanguage":"es"},{"@type":"Person","@id":"https:\/\/periodicocentroccidente.com\/#\/schema\/person\/f4e4a651098f3db198244657b7130e7e","name":"Ricardo","image":{"@type":"ImageObject","inLanguage":"es","@id":"https:\/\/periodicocentroccidente.com\/#\/schema\/person\/image\/","url":"https:\/\/secure.gravatar.com\/avatar\/402e6137108ec0fdaa7809184382fb1dd2f8b00264c1d945d341f2b8f90db429?s=96&d=mm&r=g","contentUrl":"https:\/\/secure.gravatar.com\/avatar\/402e6137108ec0fdaa7809184382fb1dd2f8b00264c1d945d341f2b8f90db429?s=96&d=mm&r=g","caption":"Ricardo"},"url":"https:\/\/periodicocentroccidente.com\/?author=2"}]}},"jetpack_featured_media_url":"https:\/\/periodicocentroccidente.com\/wp-content\/uploads\/2025\/10\/1006356416-1.jpg","jetpack_sharing_enabled":true,"jetpack-related-posts":[],"_links":{"self":[{"href":"https:\/\/periodicocentroccidente.com\/index.php?rest_route=\/wp\/v2\/posts\/4107","targetHints":{"allow":["GET"]}}],"collection":[{"href":"https:\/\/periodicocentroccidente.com\/index.php?rest_route=\/wp\/v2\/posts"}],"about":[{"href":"https:\/\/periodicocentroccidente.com\/index.php?rest_route=\/wp\/v2\/types\/post"}],"author":[{"embeddable":true,"href":"https:\/\/periodicocentroccidente.com\/index.php?rest_route=\/wp\/v2\/users\/2"}],"replies":[{"embeddable":true,"href":"https:\/\/periodicocentroccidente.com\/index.php?rest_route=%2Fwp%2Fv2%2Fcomments&post=4107"}],"version-history":[{"count":1,"href":"https:\/\/periodicocentroccidente.com\/index.php?rest_route=\/wp\/v2\/posts\/4107\/revisions"}],"predecessor-version":[{"id":4110,"href":"https:\/\/periodicocentroccidente.com\/index.php?rest_route=\/wp\/v2\/posts\/4107\/revisions\/4110"}],"wp:featuredmedia":[{"embeddable":true,"href":"https:\/\/periodicocentroccidente.com\/index.php?rest_route=\/wp\/v2\/media\/4109"}],"wp:attachment":[{"href":"https:\/\/periodicocentroccidente.com\/index.php?rest_route=%2Fwp%2Fv2%2Fmedia&parent=4107"}],"wp:term":[{"taxonomy":"category","embeddable":true,"href":"https:\/\/periodicocentroccidente.com\/index.php?rest_route=%2Fwp%2Fv2%2Fcategories&post=4107"},{"taxonomy":"post_tag","embeddable":true,"href":"https:\/\/periodicocentroccidente.com\/index.php?rest_route=%2Fwp%2Fv2%2Ftags&post=4107"}],"curies":[{"name":"wp","href":"https:\/\/api.w.org\/{rel}","templated":true}]}}