{"id":4083,"date":"2025-10-10T21:23:07","date_gmt":"2025-10-10T21:23:07","guid":{"rendered":"https:\/\/periodicocentroccidente.com\/?p=4083"},"modified":"2025-10-10T21:23:07","modified_gmt":"2025-10-10T21:23:07","slug":"la-paz-de-venezuela-se-defiende-con-hechos-fomentando-acciones-para-el-bienestar-pueblo","status":"publish","type":"post","link":"https:\/\/periodicocentroccidente.com\/?p=4083","title":{"rendered":"La paz de Venezuela se defiende con hechos, fomentando acciones para el bienestar pueblo"},"content":{"rendered":"<p><strong>Especial.-<\/strong><\/p>\n<p>Luego de una jornada patri\u00f3tica en la Plaza Bol\u00edvar de Guanare, una concentraci\u00f3n por la paz que reson\u00f3 con fuerza en todo el pueblo portuguese\u00f1o, quienes enviaron un mensaje claro al mundo, de continuar defendiendo la patria y la soberan\u00eda nacional, el gobernador de la entidad, Primitivo Cede\u00f1o, realiz\u00f3 un productiva reuni\u00f3n con el equipo pol\u00edtico adulto mayor, juventud y consejo pol\u00edtico del Partido Socialista Unido de Venezuela de Portuguesa, para analizar las propuestas y avances de las nuevas acciones para seguir llevando bienestar a cada rinc\u00f3n del estado.<\/p>\n<p>El Gobierno Regional, bajo el liderazgo del presidente Nicol\u00e1s Maduro y el gobernador Cede\u00f1o, fortalecen la unidad y el trabajo en equipo, para mantener a Portuguesa unida y avanzando hacia un estado potencia y garantizar la mayor suma de felicidad al pueblo portuguese\u00f1o.<\/p>\n<p>\u200eFinalmente, el Gobernador indic\u00f3 que \u00abla paz de Venezuela se defiende con hechos, esos que a\u00f1oran que venga una invas\u00ef\u00f3n se van a quedar con las ganas, la revoluci\u00f3n est\u00e1 m\u00e1s unida que nunca, y junto al pueblo defenderemos cada territorio nacional\u00bb.<\/p>\n<p>Noticias24hrs\/Con informaci\u00f3n de Gobernaci\u00f3n de Portuguesa<\/p>\n","protected":false},"excerpt":{"rendered":"<p>Especial.- Luego de una jornada patri&oacute;tica en la Plaza Bol&iacute;var de Guanare, una concentraci&oacute;n por la paz que reson&oacute; con fuerza en todo el pueblo portuguese&ntilde;o, quienes enviaron un mensaje claro al mundo, de continuar defendiendo la patria y la soberan&iacute;a nacional, el gobernador de la entidad, Primitivo Cede&ntilde;o, realiz&oacute; un productiva reuni&oacute;n con el &hellip;<\/p>\n","protected":false},"author":2,"featured_media":4084,"comment_status":"open","ping_status":"open","sticky":false,"template":"","format":"standard","meta":{"_jetpack_memberships_contains_paid_content":false,"footnotes":""},"categories":[127],"tags":[],"class_list":["post-4083","post","type-post","status-publish","format-standard","has-post-thumbnail","hentry","category-noticias-recientes"],"yoast_head":"<!-- This site is optimized with the Yoast SEO plugin v24.8.1 - https:\/\/yoast.com\/wordpress\/plugins\/seo\/ -->\n<title>La paz de Venezuela se defiende con hechos, fomentando acciones para el bienestar pueblo -<\/title>\n<meta name=\"robots\" content=\"index, follow, max-snippet:-1, max-image-preview:large, max-video-preview:-1\" \/>\n<link rel=\"canonical\" href=\"https:\/\/periodicocentroccidente.com\/?p=4083\" \/>\n<meta property=\"og:locale\" content=\"es_ES\" \/>\n<meta property=\"og:type\" content=\"article\" \/>\n<meta property=\"og:title\" content=\"La paz de Venezuela se defiende con hechos, fomentando acciones para el bienestar pueblo -\" \/>\n<meta property=\"og:description\" content=\"Especial.- Luego de una jornada patri&oacute;tica en la Plaza Bol&iacute;var de Guanare, una concentraci&oacute;n por la paz que reson&oacute; con fuerza en todo el pueblo portuguese&ntilde;o, quienes enviaron un mensaje claro al mundo, de continuar defendiendo la patria y la soberan&iacute;a nacional, el gobernador de la entidad, Primitivo Cede&ntilde;o, realiz&oacute; un productiva reuni&oacute;n con el &hellip;\" \/>\n<meta property=\"og:url\" content=\"https:\/\/periodicocentroccidente.com\/?p=4083\" \/>\n<meta property=\"article:published_time\" content=\"2025-10-10T21:23:07+00:00\" \/>\n<meta property=\"og:image\" content=\"https:\/\/periodicocentroccidente.com\/wp-content\/uploads\/2025\/10\/IMG_20251007_183738.jpg\" \/>\n\t<meta property=\"og:image:width\" content=\"1280\" \/>\n\t<meta property=\"og:image:height\" content=\"650\" \/>\n\t<meta property=\"og:image:type\" content=\"image\/jpeg\" \/>\n<meta name=\"author\" content=\"Ricardo\" \/>\n<meta name=\"twitter:card\" content=\"summary_large_image\" \/>\n<meta name=\"twitter:label1\" content=\"Escrito por\" \/>\n\t<meta name=\"twitter:data1\" content=\"Ricardo\" \/>\n\t<meta name=\"twitter:label2\" content=\"Tiempo de lectura\" \/>\n\t<meta name=\"twitter:data2\" content=\"2 minutos\" \/>\n<script type=\"application\/ld+json\" class=\"yoast-schema-graph\">{\"@context\":\"https:\/\/schema.org\",\"@graph\":[{\"@type\":\"WebPage\",\"@id\":\"https:\/\/periodicocentroccidente.com\/?p=4083\",\"url\":\"https:\/\/periodicocentroccidente.com\/?p=4083\",\"name\":\"La paz de Venezuela se defiende con hechos, fomentando acciones para el bienestar pueblo -\",\"isPartOf\":{\"@id\":\"https:\/\/periodicocentroccidente.com\/#website\"},\"primaryImageOfPage\":{\"@id\":\"https:\/\/periodicocentroccidente.com\/?p=4083#primaryimage\"},\"image\":{\"@id\":\"https:\/\/periodicocentroccidente.com\/?p=4083#primaryimage\"},\"thumbnailUrl\":\"https:\/\/periodicocentroccidente.com\/wp-content\/uploads\/2025\/10\/IMG_20251007_183738.jpg\",\"datePublished\":\"2025-10-10T21:23:07+00:00\",\"author\":{\"@id\":\"https:\/\/periodicocentroccidente.com\/#\/schema\/person\/f4e4a651098f3db198244657b7130e7e\"},\"breadcrumb\":{\"@id\":\"https:\/\/periodicocentroccidente.com\/?p=4083#breadcrumb\"},\"inLanguage\":\"es\",\"potentialAction\":[{\"@type\":\"ReadAction\",\"target\":[\"https:\/\/periodicocentroccidente.com\/?p=4083\"]}]},{\"@type\":\"ImageObject\",\"inLanguage\":\"es\",\"@id\":\"https:\/\/periodicocentroccidente.com\/?p=4083#primaryimage\",\"url\":\"https:\/\/periodicocentroccidente.com\/wp-content\/uploads\/2025\/10\/IMG_20251007_183738.jpg\",\"contentUrl\":\"https:\/\/periodicocentroccidente.com\/wp-content\/uploads\/2025\/10\/IMG_20251007_183738.jpg\",\"width\":1280,\"height\":650},{\"@type\":\"BreadcrumbList\",\"@id\":\"https:\/\/periodicocentroccidente.com\/?p=4083#breadcrumb\",\"itemListElement\":[{\"@type\":\"ListItem\",\"position\":1,\"name\":\"Portada\",\"item\":\"https:\/\/periodicocentroccidente.com\/\"},{\"@type\":\"ListItem\",\"position\":2,\"name\":\"La paz de Venezuela se defiende con hechos, fomentando acciones para el bienestar pueblo\"}]},{\"@type\":\"WebSite\",\"@id\":\"https:\/\/periodicocentroccidente.com\/#website\",\"url\":\"https:\/\/periodicocentroccidente.com\/\",\"name\":\"\",\"description\":\"Periodismo serio y responsable\",\"potentialAction\":[{\"@type\":\"SearchAction\",\"target\":{\"@type\":\"EntryPoint\",\"urlTemplate\":\"https:\/\/periodicocentroccidente.com\/?s={search_term_string}\"},\"query-input\":{\"@type\":\"PropertyValueSpecification\",\"valueRequired\":true,\"valueName\":\"search_term_string\"}}],\"inLanguage\":\"es\"},{\"@type\":\"Person\",\"@id\":\"https:\/\/periodicocentroccidente.com\/#\/schema\/person\/f4e4a651098f3db198244657b7130e7e\",\"name\":\"Ricardo\",\"image\":{\"@type\":\"ImageObject\",\"inLanguage\":\"es\",\"@id\":\"https:\/\/periodicocentroccidente.com\/#\/schema\/person\/image\/\",\"url\":\"https:\/\/secure.gravatar.com\/avatar\/402e6137108ec0fdaa7809184382fb1dd2f8b00264c1d945d341f2b8f90db429?s=96&d=mm&r=g\",\"contentUrl\":\"https:\/\/secure.gravatar.com\/avatar\/402e6137108ec0fdaa7809184382fb1dd2f8b00264c1d945d341f2b8f90db429?s=96&d=mm&r=g\",\"caption\":\"Ricardo\"},\"url\":\"https:\/\/periodicocentroccidente.com\/?author=2\"}]}<\/script>\n<!-- \/ Yoast SEO plugin. -->","yoast_head_json":{"title":"La paz de Venezuela se defiende con hechos, fomentando acciones para el bienestar pueblo -","robots":{"index":"index","follow":"follow","max-snippet":"max-snippet:-1","max-image-preview":"max-image-preview:large","max-video-preview":"max-video-preview:-1"},"canonical":"https:\/\/periodicocentroccidente.com\/?p=4083","og_locale":"es_ES","og_type":"article","og_title":"La paz de Venezuela se defiende con hechos, fomentando acciones para el bienestar pueblo -","og_description":"Especial.- Luego de una jornada patri&oacute;tica en la Plaza Bol&iacute;var de Guanare, una concentraci&oacute;n por la paz que reson&oacute; con fuerza en todo el pueblo portuguese&ntilde;o, quienes enviaron un mensaje claro al mundo, de continuar defendiendo la patria y la soberan&iacute;a nacional, el gobernador de la entidad, Primitivo Cede&ntilde;o, realiz&oacute; un productiva reuni&oacute;n con el &hellip;","og_url":"https:\/\/periodicocentroccidente.com\/?p=4083","article_published_time":"2025-10-10T21:23:07+00:00","og_image":[{"width":1280,"height":650,"url":"https:\/\/periodicocentroccidente.com\/wp-content\/uploads\/2025\/10\/IMG_20251007_183738.jpg","type":"image\/jpeg"}],"author":"Ricardo","twitter_card":"summary_large_image","twitter_misc":{"Escrito por":"Ricardo","Tiempo de lectura":"2 minutos"},"schema":{"@context":"https:\/\/schema.org","@graph":[{"@type":"WebPage","@id":"https:\/\/periodicocentroccidente.com\/?p=4083","url":"https:\/\/periodicocentroccidente.com\/?p=4083","name":"La paz de Venezuela se defiende con hechos, fomentando acciones para el bienestar pueblo -","isPartOf":{"@id":"https:\/\/periodicocentroccidente.com\/#website"},"primaryImageOfPage":{"@id":"https:\/\/periodicocentroccidente.com\/?p=4083#primaryimage"},"image":{"@id":"https:\/\/periodicocentroccidente.com\/?p=4083#primaryimage"},"thumbnailUrl":"https:\/\/periodicocentroccidente.com\/wp-content\/uploads\/2025\/10\/IMG_20251007_183738.jpg","datePublished":"2025-10-10T21:23:07+00:00","author":{"@id":"https:\/\/periodicocentroccidente.com\/#\/schema\/person\/f4e4a651098f3db198244657b7130e7e"},"breadcrumb":{"@id":"https:\/\/periodicocentroccidente.com\/?p=4083#breadcrumb"},"inLanguage":"es","potentialAction":[{"@type":"ReadAction","target":["https:\/\/periodicocentroccidente.com\/?p=4083"]}]},{"@type":"ImageObject","inLanguage":"es","@id":"https:\/\/periodicocentroccidente.com\/?p=4083#primaryimage","url":"https:\/\/periodicocentroccidente.com\/wp-content\/uploads\/2025\/10\/IMG_20251007_183738.jpg","contentUrl":"https:\/\/periodicocentroccidente.com\/wp-content\/uploads\/2025\/10\/IMG_20251007_183738.jpg","width":1280,"height":650},{"@type":"BreadcrumbList","@id":"https:\/\/periodicocentroccidente.com\/?p=4083#breadcrumb","itemListElement":[{"@type":"ListItem","position":1,"name":"Portada","item":"https:\/\/periodicocentroccidente.com\/"},{"@type":"ListItem","position":2,"name":"La paz de Venezuela se defiende con hechos, fomentando acciones para el bienestar pueblo"}]},{"@type":"WebSite","@id":"https:\/\/periodicocentroccidente.com\/#website","url":"https:\/\/periodicocentroccidente.com\/","name":"","description":"Periodismo serio y responsable","potentialAction":[{"@type":"SearchAction","target":{"@type":"EntryPoint","urlTemplate":"https:\/\/periodicocentroccidente.com\/?s={search_term_string}"},"query-input":{"@type":"PropertyValueSpecification","valueRequired":true,"valueName":"search_term_string"}}],"inLanguage":"es"},{"@type":"Person","@id":"https:\/\/periodicocentroccidente.com\/#\/schema\/person\/f4e4a651098f3db198244657b7130e7e","name":"Ricardo","image":{"@type":"ImageObject","inLanguage":"es","@id":"https:\/\/periodicocentroccidente.com\/#\/schema\/person\/image\/","url":"https:\/\/secure.gravatar.com\/avatar\/402e6137108ec0fdaa7809184382fb1dd2f8b00264c1d945d341f2b8f90db429?s=96&d=mm&r=g","contentUrl":"https:\/\/secure.gravatar.com\/avatar\/402e6137108ec0fdaa7809184382fb1dd2f8b00264c1d945d341f2b8f90db429?s=96&d=mm&r=g","caption":"Ricardo"},"url":"https:\/\/periodicocentroccidente.com\/?author=2"}]}},"jetpack_featured_media_url":"https:\/\/periodicocentroccidente.com\/wp-content\/uploads\/2025\/10\/IMG_20251007_183738.jpg","jetpack_sharing_enabled":true,"jetpack-related-posts":[],"_links":{"self":[{"href":"https:\/\/periodicocentroccidente.com\/index.php?rest_route=\/wp\/v2\/posts\/4083","targetHints":{"allow":["GET"]}}],"collection":[{"href":"https:\/\/periodicocentroccidente.com\/index.php?rest_route=\/wp\/v2\/posts"}],"about":[{"href":"https:\/\/periodicocentroccidente.com\/index.php?rest_route=\/wp\/v2\/types\/post"}],"author":[{"embeddable":true,"href":"https:\/\/periodicocentroccidente.com\/index.php?rest_route=\/wp\/v2\/users\/2"}],"replies":[{"embeddable":true,"href":"https:\/\/periodicocentroccidente.com\/index.php?rest_route=%2Fwp%2Fv2%2Fcomments&post=4083"}],"version-history":[{"count":1,"href":"https:\/\/periodicocentroccidente.com\/index.php?rest_route=\/wp\/v2\/posts\/4083\/revisions"}],"predecessor-version":[{"id":4085,"href":"https:\/\/periodicocentroccidente.com\/index.php?rest_route=\/wp\/v2\/posts\/4083\/revisions\/4085"}],"wp:featuredmedia":[{"embeddable":true,"href":"https:\/\/periodicocentroccidente.com\/index.php?rest_route=\/wp\/v2\/media\/4084"}],"wp:attachment":[{"href":"https:\/\/periodicocentroccidente.com\/index.php?rest_route=%2Fwp%2Fv2%2Fmedia&parent=4083"}],"wp:term":[{"taxonomy":"category","embeddable":true,"href":"https:\/\/periodicocentroccidente.com\/index.php?rest_route=%2Fwp%2Fv2%2Fcategories&post=4083"},{"taxonomy":"post_tag","embeddable":true,"href":"https:\/\/periodicocentroccidente.com\/index.php?rest_route=%2Fwp%2Fv2%2Ftags&post=4083"}],"curies":[{"name":"wp","href":"https:\/\/api.w.org\/{rel}","templated":true}]}}