{"id":4021,"date":"2025-10-07T16:41:54","date_gmt":"2025-10-07T16:41:54","guid":{"rendered":"https:\/\/periodicocentroccidente.com\/?p=4021"},"modified":"2025-10-07T16:43:40","modified_gmt":"2025-10-07T16:43:40","slug":"unellez-celebra-50-anos-de-historia-con-actividades-academicas-culturales-y-deportivas","status":"publish","type":"post","link":"https:\/\/periodicocentroccidente.com\/?p=4021","title":{"rendered":"Unellez celebra 50 a\u00f1os de historia con actividades acad\u00e9micas, culturales y deportivas"},"content":{"rendered":"<p><strong>Especial.-<\/strong><\/p>\n<p>La Universidad Nacional Experimental de los Llanos Occidentales \u00abEzequiel Zamora\u00bb (Unellez) celebra por todo lo alto su quincuag\u00e9simo aniversario y extiende una cordial invitaci\u00f3n a toda la comunidad portuguese\u00f1a a sumarse a la extensa programaci\u00f3n de actividades conmemorativas.<\/p>\n<p>Desde el pasado 29 de septiembre y hasta el 3 de noviembre, el Vicerrectorado de Producci\u00f3n Agr\u00edcola (VPA) se convierte en un epicentro de celebraci\u00f3n, conocimiento y cultura, en el marco de sus primeros 50 a\u00f1os formando profesionales en la regi\u00f3n.<\/p>\n<p>El amplio calendario comprende m\u00e1s de 50 actividades de \u00edndole acad\u00e9mica, formativa, cultural y deportiva, desarrolladas, tanto en la sede en Guanare como en las extensiones territoriales, conforme a las directrices del rector Pedro Grima y bajo la direcci\u00f3n del vicerrector de \u00e1rea, Jos\u00e9 Baudo, contando adem\u00e1s con el apoyo del gobernador Primitivo Cede\u00f1o.<\/p>\n<p><em>D\u00eda Central: 7 de Octubre, Corredor Hist\u00f3rico-Cultural: Huellas de medio siglo de la Unellez.<\/em><\/p>\n<p>El pr\u00f3ximo martes 7 de octubre, fecha que marca la fundaci\u00f3n de la Unellez, ser\u00e1 el d\u00eda central de la celebraci\u00f3n. Para la ocasi\u00f3n, se ha dise\u00f1ado el \u00abCorredor Hist\u00f3rico-Cultural: Huellas de medio siglo de la Unellez\u00bb, una agenda especial que unir\u00e1 a la comunidad universitaria con la ciudadan\u00eda, gracias a la articulaci\u00f3n con las instituciones adyacentes al antiguo Convento de San Francisco, tales como la Orquesta Sinf\u00f3nica de los Llanos, Ateneo Popular de Guanare, Corporaci\u00f3n Portuguese\u00f1a de Turismo, Museo In\u00e9s Mercedes G\u00f3mez \u00c1lvarez, Instituto de Cultura del estado Portuguesa, Ministerio de Cultura, Teatro Tempo, entre otras.<\/p>\n<p>Las actividades protocolares iniciar\u00e1n a las 8:00 de la ma\u00f1ana con una Ofrenda Ecol\u00f3gica en la Plaza Bol\u00edvar de la capital. Posteriormente, la sede del Vicerrectorado de Producci\u00f3n Agr\u00edcola (VPA) se convertir\u00e1 en el escenario de una jornada memorable que se extender\u00e1 durante todo el d\u00eda.<\/p>\n<p>El componente cultural promete ser un verdadero deleite, con la participaci\u00f3n estelar del ejecutante del cuatro Stalin Novoa y la Banda Oficial de Conciertos del Estado Portuguesa \u00abGeneral Jos\u00e9 Antonio P\u00e1ez\u00bb. La jornada tambi\u00e9n incluir\u00e1 la presentaci\u00f3n del libro \u00abU, U, U, Unellez\u00bb de la profesora Yurima Albarr\u00e1n, una obra que recoge an\u00e9cdotas y vivencias de exalumnos de la \u00abUniversidad que Siembra\u00bb.<\/p>\n<p>El talento guanare\u00f1o brillar\u00e1 con las presentaciones de Danzas Tricolor, Danzas Ateneo Popular de Guanare y el Movimiento de Narraci\u00f3n Oral del estado Portuguesa. El broche de oro para un festejo inolvidable, estar\u00e1 a cargo de la Orquesta Sinf\u00f3nica de los Llanos.<\/p>\n<p>La Unellez, semillero de innumerables profesionales y pilar del desarrollo regional, invita a toda la colectividad a unirse y celebrar estos 50 a\u00f1os de historia.<\/p>\n<p>Para m\u00e1s informaci\u00f3n sobre el cronograma completo de actividades, se invita a consultar las plataformas oficiales de la universidad @vpaunellez en Instagram y @unellez.vpa en Tiktok.<\/p>\n<p>Via Cecap VPA, Yanira D\u00edaz<\/p>\n<p><img loading=\"lazy\" decoding=\"async\" class=\"alignnone size-medium wp-image-4023\" src=\"https:\/\/periodicocentroccidente.com\/wp-content\/uploads\/2025\/10\/1001226870-300x224.jpg\" alt=\"\" width=\"300\" height=\"224\" srcset=\"https:\/\/periodicocentroccidente.com\/wp-content\/uploads\/2025\/10\/1001226870-300x224.jpg 300w, https:\/\/periodicocentroccidente.com\/wp-content\/uploads\/2025\/10\/1001226870.jpg 500w\" sizes=\"auto, (max-width: 300px) 100vw, 300px\" \/><\/p>\n<p>&nbsp;<\/p>\n","protected":false},"excerpt":{"rendered":"<p>Especial.- La Universidad Nacional Experimental de los Llanos Occidentales &laquo;Ezequiel Zamora&raquo; (Unellez) celebra por todo lo alto su quincuag&eacute;simo aniversario y extiende una cordial invitaci&oacute;n a toda la comunidad portuguese&ntilde;a a sumarse a la extensa programaci&oacute;n de actividades conmemorativas. Desde el pasado 29 de septiembre y hasta el 3 de noviembre, el Vicerrectorado de Producci&oacute;n &hellip;<\/p>\n","protected":false},"author":2,"featured_media":4022,"comment_status":"open","ping_status":"open","sticky":false,"template":"","format":"standard","meta":{"_jetpack_memberships_contains_paid_content":false,"footnotes":""},"categories":[127],"tags":[],"class_list":["post-4021","post","type-post","status-publish","format-standard","has-post-thumbnail","hentry","category-noticias-recientes"],"yoast_head":"<!-- This site is optimized with the Yoast SEO plugin v24.8.1 - https:\/\/yoast.com\/wordpress\/plugins\/seo\/ -->\n<title>Unellez celebra 50 a\u00f1os de historia con actividades acad\u00e9micas, culturales y deportivas -<\/title>\n<meta name=\"robots\" content=\"index, follow, max-snippet:-1, max-image-preview:large, max-video-preview:-1\" \/>\n<link rel=\"canonical\" href=\"https:\/\/periodicocentroccidente.com\/?p=4021\" \/>\n<meta property=\"og:locale\" content=\"es_ES\" \/>\n<meta property=\"og:type\" content=\"article\" \/>\n<meta property=\"og:title\" content=\"Unellez celebra 50 a\u00f1os de historia con actividades acad\u00e9micas, culturales y deportivas -\" \/>\n<meta property=\"og:description\" content=\"Especial.- La Universidad Nacional Experimental de los Llanos Occidentales &laquo;Ezequiel Zamora&raquo; (Unellez) celebra por todo lo alto su quincuag&eacute;simo aniversario y extiende una cordial invitaci&oacute;n a toda la comunidad portuguese&ntilde;a a sumarse a la extensa programaci&oacute;n de actividades conmemorativas. Desde el pasado 29 de septiembre y hasta el 3 de noviembre, el Vicerrectorado de Producci&oacute;n &hellip;\" \/>\n<meta property=\"og:url\" content=\"https:\/\/periodicocentroccidente.com\/?p=4021\" \/>\n<meta property=\"article:published_time\" content=\"2025-10-07T16:41:54+00:00\" \/>\n<meta property=\"article:modified_time\" content=\"2025-10-07T16:43:40+00:00\" \/>\n<meta property=\"og:image\" content=\"https:\/\/periodicocentroccidente.com\/wp-content\/uploads\/2025\/10\/vice.jpg\" \/>\n\t<meta property=\"og:image:width\" content=\"723\" \/>\n\t<meta property=\"og:image:height\" content=\"416\" \/>\n\t<meta property=\"og:image:type\" content=\"image\/jpeg\" \/>\n<meta name=\"author\" content=\"Ricardo\" \/>\n<meta name=\"twitter:card\" content=\"summary_large_image\" \/>\n<meta name=\"twitter:label1\" content=\"Escrito por\" \/>\n\t<meta name=\"twitter:data1\" content=\"Ricardo\" \/>\n\t<meta name=\"twitter:label2\" content=\"Tiempo de lectura\" \/>\n\t<meta name=\"twitter:data2\" content=\"3 minutos\" \/>\n<script type=\"application\/ld+json\" class=\"yoast-schema-graph\">{\"@context\":\"https:\/\/schema.org\",\"@graph\":[{\"@type\":\"WebPage\",\"@id\":\"https:\/\/periodicocentroccidente.com\/?p=4021\",\"url\":\"https:\/\/periodicocentroccidente.com\/?p=4021\",\"name\":\"Unellez celebra 50 a\u00f1os de historia con actividades acad\u00e9micas, culturales y deportivas -\",\"isPartOf\":{\"@id\":\"https:\/\/periodicocentroccidente.com\/#website\"},\"primaryImageOfPage\":{\"@id\":\"https:\/\/periodicocentroccidente.com\/?p=4021#primaryimage\"},\"image\":{\"@id\":\"https:\/\/periodicocentroccidente.com\/?p=4021#primaryimage\"},\"thumbnailUrl\":\"https:\/\/periodicocentroccidente.com\/wp-content\/uploads\/2025\/10\/vice.jpg\",\"datePublished\":\"2025-10-07T16:41:54+00:00\",\"dateModified\":\"2025-10-07T16:43:40+00:00\",\"author\":{\"@id\":\"https:\/\/periodicocentroccidente.com\/#\/schema\/person\/f4e4a651098f3db198244657b7130e7e\"},\"breadcrumb\":{\"@id\":\"https:\/\/periodicocentroccidente.com\/?p=4021#breadcrumb\"},\"inLanguage\":\"es\",\"potentialAction\":[{\"@type\":\"ReadAction\",\"target\":[\"https:\/\/periodicocentroccidente.com\/?p=4021\"]}]},{\"@type\":\"ImageObject\",\"inLanguage\":\"es\",\"@id\":\"https:\/\/periodicocentroccidente.com\/?p=4021#primaryimage\",\"url\":\"https:\/\/periodicocentroccidente.com\/wp-content\/uploads\/2025\/10\/vice.jpg\",\"contentUrl\":\"https:\/\/periodicocentroccidente.com\/wp-content\/uploads\/2025\/10\/vice.jpg\",\"width\":723,\"height\":416},{\"@type\":\"BreadcrumbList\",\"@id\":\"https:\/\/periodicocentroccidente.com\/?p=4021#breadcrumb\",\"itemListElement\":[{\"@type\":\"ListItem\",\"position\":1,\"name\":\"Portada\",\"item\":\"https:\/\/periodicocentroccidente.com\/\"},{\"@type\":\"ListItem\",\"position\":2,\"name\":\"Unellez celebra 50 a\u00f1os de historia con actividades acad\u00e9micas, culturales y deportivas\"}]},{\"@type\":\"WebSite\",\"@id\":\"https:\/\/periodicocentroccidente.com\/#website\",\"url\":\"https:\/\/periodicocentroccidente.com\/\",\"name\":\"\",\"description\":\"Periodismo serio y responsable\",\"potentialAction\":[{\"@type\":\"SearchAction\",\"target\":{\"@type\":\"EntryPoint\",\"urlTemplate\":\"https:\/\/periodicocentroccidente.com\/?s={search_term_string}\"},\"query-input\":{\"@type\":\"PropertyValueSpecification\",\"valueRequired\":true,\"valueName\":\"search_term_string\"}}],\"inLanguage\":\"es\"},{\"@type\":\"Person\",\"@id\":\"https:\/\/periodicocentroccidente.com\/#\/schema\/person\/f4e4a651098f3db198244657b7130e7e\",\"name\":\"Ricardo\",\"image\":{\"@type\":\"ImageObject\",\"inLanguage\":\"es\",\"@id\":\"https:\/\/periodicocentroccidente.com\/#\/schema\/person\/image\/\",\"url\":\"https:\/\/secure.gravatar.com\/avatar\/402e6137108ec0fdaa7809184382fb1dd2f8b00264c1d945d341f2b8f90db429?s=96&d=mm&r=g\",\"contentUrl\":\"https:\/\/secure.gravatar.com\/avatar\/402e6137108ec0fdaa7809184382fb1dd2f8b00264c1d945d341f2b8f90db429?s=96&d=mm&r=g\",\"caption\":\"Ricardo\"},\"url\":\"https:\/\/periodicocentroccidente.com\/?author=2\"}]}<\/script>\n<!-- \/ Yoast SEO plugin. -->","yoast_head_json":{"title":"Unellez celebra 50 a\u00f1os de historia con actividades acad\u00e9micas, culturales y deportivas -","robots":{"index":"index","follow":"follow","max-snippet":"max-snippet:-1","max-image-preview":"max-image-preview:large","max-video-preview":"max-video-preview:-1"},"canonical":"https:\/\/periodicocentroccidente.com\/?p=4021","og_locale":"es_ES","og_type":"article","og_title":"Unellez celebra 50 a\u00f1os de historia con actividades acad\u00e9micas, culturales y deportivas -","og_description":"Especial.- La Universidad Nacional Experimental de los Llanos Occidentales &laquo;Ezequiel Zamora&raquo; (Unellez) celebra por todo lo alto su quincuag&eacute;simo aniversario y extiende una cordial invitaci&oacute;n a toda la comunidad portuguese&ntilde;a a sumarse a la extensa programaci&oacute;n de actividades conmemorativas. Desde el pasado 29 de septiembre y hasta el 3 de noviembre, el Vicerrectorado de Producci&oacute;n &hellip;","og_url":"https:\/\/periodicocentroccidente.com\/?p=4021","article_published_time":"2025-10-07T16:41:54+00:00","article_modified_time":"2025-10-07T16:43:40+00:00","og_image":[{"width":723,"height":416,"url":"https:\/\/periodicocentroccidente.com\/wp-content\/uploads\/2025\/10\/vice.jpg","type":"image\/jpeg"}],"author":"Ricardo","twitter_card":"summary_large_image","twitter_misc":{"Escrito por":"Ricardo","Tiempo de lectura":"3 minutos"},"schema":{"@context":"https:\/\/schema.org","@graph":[{"@type":"WebPage","@id":"https:\/\/periodicocentroccidente.com\/?p=4021","url":"https:\/\/periodicocentroccidente.com\/?p=4021","name":"Unellez celebra 50 a\u00f1os de historia con actividades acad\u00e9micas, culturales y deportivas -","isPartOf":{"@id":"https:\/\/periodicocentroccidente.com\/#website"},"primaryImageOfPage":{"@id":"https:\/\/periodicocentroccidente.com\/?p=4021#primaryimage"},"image":{"@id":"https:\/\/periodicocentroccidente.com\/?p=4021#primaryimage"},"thumbnailUrl":"https:\/\/periodicocentroccidente.com\/wp-content\/uploads\/2025\/10\/vice.jpg","datePublished":"2025-10-07T16:41:54+00:00","dateModified":"2025-10-07T16:43:40+00:00","author":{"@id":"https:\/\/periodicocentroccidente.com\/#\/schema\/person\/f4e4a651098f3db198244657b7130e7e"},"breadcrumb":{"@id":"https:\/\/periodicocentroccidente.com\/?p=4021#breadcrumb"},"inLanguage":"es","potentialAction":[{"@type":"ReadAction","target":["https:\/\/periodicocentroccidente.com\/?p=4021"]}]},{"@type":"ImageObject","inLanguage":"es","@id":"https:\/\/periodicocentroccidente.com\/?p=4021#primaryimage","url":"https:\/\/periodicocentroccidente.com\/wp-content\/uploads\/2025\/10\/vice.jpg","contentUrl":"https:\/\/periodicocentroccidente.com\/wp-content\/uploads\/2025\/10\/vice.jpg","width":723,"height":416},{"@type":"BreadcrumbList","@id":"https:\/\/periodicocentroccidente.com\/?p=4021#breadcrumb","itemListElement":[{"@type":"ListItem","position":1,"name":"Portada","item":"https:\/\/periodicocentroccidente.com\/"},{"@type":"ListItem","position":2,"name":"Unellez celebra 50 a\u00f1os de historia con actividades acad\u00e9micas, culturales y deportivas"}]},{"@type":"WebSite","@id":"https:\/\/periodicocentroccidente.com\/#website","url":"https:\/\/periodicocentroccidente.com\/","name":"","description":"Periodismo serio y responsable","potentialAction":[{"@type":"SearchAction","target":{"@type":"EntryPoint","urlTemplate":"https:\/\/periodicocentroccidente.com\/?s={search_term_string}"},"query-input":{"@type":"PropertyValueSpecification","valueRequired":true,"valueName":"search_term_string"}}],"inLanguage":"es"},{"@type":"Person","@id":"https:\/\/periodicocentroccidente.com\/#\/schema\/person\/f4e4a651098f3db198244657b7130e7e","name":"Ricardo","image":{"@type":"ImageObject","inLanguage":"es","@id":"https:\/\/periodicocentroccidente.com\/#\/schema\/person\/image\/","url":"https:\/\/secure.gravatar.com\/avatar\/402e6137108ec0fdaa7809184382fb1dd2f8b00264c1d945d341f2b8f90db429?s=96&d=mm&r=g","contentUrl":"https:\/\/secure.gravatar.com\/avatar\/402e6137108ec0fdaa7809184382fb1dd2f8b00264c1d945d341f2b8f90db429?s=96&d=mm&r=g","caption":"Ricardo"},"url":"https:\/\/periodicocentroccidente.com\/?author=2"}]}},"jetpack_featured_media_url":"https:\/\/periodicocentroccidente.com\/wp-content\/uploads\/2025\/10\/vice.jpg","jetpack_sharing_enabled":true,"jetpack-related-posts":[],"_links":{"self":[{"href":"https:\/\/periodicocentroccidente.com\/index.php?rest_route=\/wp\/v2\/posts\/4021","targetHints":{"allow":["GET"]}}],"collection":[{"href":"https:\/\/periodicocentroccidente.com\/index.php?rest_route=\/wp\/v2\/posts"}],"about":[{"href":"https:\/\/periodicocentroccidente.com\/index.php?rest_route=\/wp\/v2\/types\/post"}],"author":[{"embeddable":true,"href":"https:\/\/periodicocentroccidente.com\/index.php?rest_route=\/wp\/v2\/users\/2"}],"replies":[{"embeddable":true,"href":"https:\/\/periodicocentroccidente.com\/index.php?rest_route=%2Fwp%2Fv2%2Fcomments&post=4021"}],"version-history":[{"count":1,"href":"https:\/\/periodicocentroccidente.com\/index.php?rest_route=\/wp\/v2\/posts\/4021\/revisions"}],"predecessor-version":[{"id":4024,"href":"https:\/\/periodicocentroccidente.com\/index.php?rest_route=\/wp\/v2\/posts\/4021\/revisions\/4024"}],"wp:featuredmedia":[{"embeddable":true,"href":"https:\/\/periodicocentroccidente.com\/index.php?rest_route=\/wp\/v2\/media\/4022"}],"wp:attachment":[{"href":"https:\/\/periodicocentroccidente.com\/index.php?rest_route=%2Fwp%2Fv2%2Fmedia&parent=4021"}],"wp:term":[{"taxonomy":"category","embeddable":true,"href":"https:\/\/periodicocentroccidente.com\/index.php?rest_route=%2Fwp%2Fv2%2Fcategories&post=4021"},{"taxonomy":"post_tag","embeddable":true,"href":"https:\/\/periodicocentroccidente.com\/index.php?rest_route=%2Fwp%2Fv2%2Ftags&post=4021"}],"curies":[{"name":"wp","href":"https:\/\/api.w.org\/{rel}","templated":true}]}}