{"id":3968,"date":"2025-10-01T23:18:26","date_gmt":"2025-10-01T23:18:26","guid":{"rendered":"https:\/\/periodicocentroccidente.com\/?p=3968"},"modified":"2025-10-01T23:18:26","modified_gmt":"2025-10-01T23:18:26","slug":"alertan-sobre-llegada-a-portuguesa-de-la-onda-tropical-41","status":"publish","type":"post","link":"https:\/\/periodicocentroccidente.com\/?p=3968","title":{"rendered":"Alertan sobre llegada a Portuguesa de la Onda Tropical 41"},"content":{"rendered":"<p><strong>Especial.-<\/strong><\/p>\n<p>El Instituto Nacional de Meteorolog\u00eda e Hidrolog\u00eda (Inameh), inform\u00f3 que la onda tropical n\u00famero 41 podr\u00eda llegar al territorio nacional este mi\u00e9rcoles, actualmente se encuentra en sobre el Atl\u00e1ntico Central Tropical, mientras que la 42 est\u00e1 al este de las islas de Cabo Verde.<\/p>\n<p>El organismo indica que en horas de la madrugada y la ma\u00f1ana , se visualizar\u00e1 nubosidad parcial en gran parte del territorio nacional; exceptuando, en Bol\u00edvar, Monagas, Sucre, Anzo\u00e1tegui, Miranda, La Guaira, Distrito Capital, este de Falc\u00f3n, Gu\u00e1rico, Cojedes, Apure, Barinas, Portuguesa, Andes y Zulia, donde zonas nubladas ser\u00e1n acompa\u00f1adas de precipitaciones.<\/p>\n<p>Durante la tarde y noche, se prev\u00e9 desarrollo nuboso con lluvias o chubascos y descargas el\u00e9ctricas ocasionales en Bol\u00edvar, Amazonas, Nororiente, Centro Norte Costero, Llanos Centrales, Occidentales, Centro Occidente, los Andes y Zulia.<\/p>\n<p>A\u00f1ade que prevalecen el Hurac\u00e1n Humberto y la Tormenta Tropical Imelda, cerca de las costas este de Estados Unidos. En el Atl\u00e1ntico Central Tropical, la Zona de Convergencia Intertropical al noreste de pa\u00eds, y la Vaguada Monz\u00f3nica modulada por; La Baja Presi\u00f3n sobre la Colombia.<\/p>\n<p>El Universal\/ Con informaci\u00f3n de Uni\u00f3n Radio<\/p>\n","protected":false},"excerpt":{"rendered":"<p>Especial.- El Instituto Nacional de Meteorolog&iacute;a e Hidrolog&iacute;a (Inameh), inform&oacute; que la onda tropical n&uacute;mero 41 podr&iacute;a llegar al territorio nacional este mi&eacute;rcoles, actualmente se encuentra en sobre el Atl&aacute;ntico Central Tropical, mientras que la 42 est&aacute; al este de las islas de Cabo Verde. El organismo indica que en horas de la madrugada y &hellip;<\/p>\n","protected":false},"author":2,"featured_media":3969,"comment_status":"open","ping_status":"open","sticky":false,"template":"","format":"standard","meta":{"_jetpack_memberships_contains_paid_content":false,"footnotes":""},"categories":[127],"tags":[],"class_list":["post-3968","post","type-post","status-publish","format-standard","has-post-thumbnail","hentry","category-noticias-recientes"],"yoast_head":"<!-- This site is optimized with the Yoast SEO plugin v24.8.1 - https:\/\/yoast.com\/wordpress\/plugins\/seo\/ -->\n<title>Alertan sobre llegada a Portuguesa de la Onda Tropical 41 -<\/title>\n<meta name=\"robots\" content=\"index, follow, max-snippet:-1, max-image-preview:large, max-video-preview:-1\" \/>\n<link rel=\"canonical\" href=\"https:\/\/periodicocentroccidente.com\/?p=3968\" \/>\n<meta property=\"og:locale\" content=\"es_ES\" \/>\n<meta property=\"og:type\" content=\"article\" \/>\n<meta property=\"og:title\" content=\"Alertan sobre llegada a Portuguesa de la Onda Tropical 41 -\" \/>\n<meta property=\"og:description\" content=\"Especial.- El Instituto Nacional de Meteorolog&iacute;a e Hidrolog&iacute;a (Inameh), inform&oacute; que la onda tropical n&uacute;mero 41 podr&iacute;a llegar al territorio nacional este mi&eacute;rcoles, actualmente se encuentra en sobre el Atl&aacute;ntico Central Tropical, mientras que la 42 est&aacute; al este de las islas de Cabo Verde. El organismo indica que en horas de la madrugada y &hellip;\" \/>\n<meta property=\"og:url\" content=\"https:\/\/periodicocentroccidente.com\/?p=3968\" \/>\n<meta property=\"article:published_time\" content=\"2025-10-01T23:18:26+00:00\" \/>\n<meta property=\"og:image\" content=\"https:\/\/periodicocentroccidente.com\/wp-content\/uploads\/2025\/10\/mas-lluvias-con-la-llegada-de-la-onda-tropical-numero-45-al-pais-laverdaddemonagas.com-la-verdad-de-monagas-100-860x484-1.webp\" \/>\n\t<meta property=\"og:image:width\" content=\"860\" \/>\n\t<meta property=\"og:image:height\" content=\"484\" \/>\n\t<meta property=\"og:image:type\" content=\"image\/webp\" \/>\n<meta name=\"author\" content=\"Ricardo\" \/>\n<meta name=\"twitter:card\" content=\"summary_large_image\" \/>\n<meta name=\"twitter:label1\" content=\"Escrito por\" \/>\n\t<meta name=\"twitter:data1\" content=\"Ricardo\" \/>\n\t<meta name=\"twitter:label2\" content=\"Tiempo de lectura\" \/>\n\t<meta name=\"twitter:data2\" content=\"2 minutos\" \/>\n<script type=\"application\/ld+json\" class=\"yoast-schema-graph\">{\"@context\":\"https:\/\/schema.org\",\"@graph\":[{\"@type\":\"WebPage\",\"@id\":\"https:\/\/periodicocentroccidente.com\/?p=3968\",\"url\":\"https:\/\/periodicocentroccidente.com\/?p=3968\",\"name\":\"Alertan sobre llegada a Portuguesa de la Onda Tropical 41 -\",\"isPartOf\":{\"@id\":\"https:\/\/periodicocentroccidente.com\/#website\"},\"primaryImageOfPage\":{\"@id\":\"https:\/\/periodicocentroccidente.com\/?p=3968#primaryimage\"},\"image\":{\"@id\":\"https:\/\/periodicocentroccidente.com\/?p=3968#primaryimage\"},\"thumbnailUrl\":\"https:\/\/periodicocentroccidente.com\/wp-content\/uploads\/2025\/10\/mas-lluvias-con-la-llegada-de-la-onda-tropical-numero-45-al-pais-laverdaddemonagas.com-la-verdad-de-monagas-100-860x484-1.webp\",\"datePublished\":\"2025-10-01T23:18:26+00:00\",\"author\":{\"@id\":\"https:\/\/periodicocentroccidente.com\/#\/schema\/person\/f4e4a651098f3db198244657b7130e7e\"},\"breadcrumb\":{\"@id\":\"https:\/\/periodicocentroccidente.com\/?p=3968#breadcrumb\"},\"inLanguage\":\"es\",\"potentialAction\":[{\"@type\":\"ReadAction\",\"target\":[\"https:\/\/periodicocentroccidente.com\/?p=3968\"]}]},{\"@type\":\"ImageObject\",\"inLanguage\":\"es\",\"@id\":\"https:\/\/periodicocentroccidente.com\/?p=3968#primaryimage\",\"url\":\"https:\/\/periodicocentroccidente.com\/wp-content\/uploads\/2025\/10\/mas-lluvias-con-la-llegada-de-la-onda-tropical-numero-45-al-pais-laverdaddemonagas.com-la-verdad-de-monagas-100-860x484-1.webp\",\"contentUrl\":\"https:\/\/periodicocentroccidente.com\/wp-content\/uploads\/2025\/10\/mas-lluvias-con-la-llegada-de-la-onda-tropical-numero-45-al-pais-laverdaddemonagas.com-la-verdad-de-monagas-100-860x484-1.webp\",\"width\":860,\"height\":484},{\"@type\":\"BreadcrumbList\",\"@id\":\"https:\/\/periodicocentroccidente.com\/?p=3968#breadcrumb\",\"itemListElement\":[{\"@type\":\"ListItem\",\"position\":1,\"name\":\"Portada\",\"item\":\"https:\/\/periodicocentroccidente.com\/\"},{\"@type\":\"ListItem\",\"position\":2,\"name\":\"Alertan sobre llegada a Portuguesa de la Onda Tropical 41\"}]},{\"@type\":\"WebSite\",\"@id\":\"https:\/\/periodicocentroccidente.com\/#website\",\"url\":\"https:\/\/periodicocentroccidente.com\/\",\"name\":\"\",\"description\":\"Periodismo serio y responsable\",\"potentialAction\":[{\"@type\":\"SearchAction\",\"target\":{\"@type\":\"EntryPoint\",\"urlTemplate\":\"https:\/\/periodicocentroccidente.com\/?s={search_term_string}\"},\"query-input\":{\"@type\":\"PropertyValueSpecification\",\"valueRequired\":true,\"valueName\":\"search_term_string\"}}],\"inLanguage\":\"es\"},{\"@type\":\"Person\",\"@id\":\"https:\/\/periodicocentroccidente.com\/#\/schema\/person\/f4e4a651098f3db198244657b7130e7e\",\"name\":\"Ricardo\",\"image\":{\"@type\":\"ImageObject\",\"inLanguage\":\"es\",\"@id\":\"https:\/\/periodicocentroccidente.com\/#\/schema\/person\/image\/\",\"url\":\"https:\/\/secure.gravatar.com\/avatar\/402e6137108ec0fdaa7809184382fb1dd2f8b00264c1d945d341f2b8f90db429?s=96&d=mm&r=g\",\"contentUrl\":\"https:\/\/secure.gravatar.com\/avatar\/402e6137108ec0fdaa7809184382fb1dd2f8b00264c1d945d341f2b8f90db429?s=96&d=mm&r=g\",\"caption\":\"Ricardo\"},\"url\":\"https:\/\/periodicocentroccidente.com\/?author=2\"}]}<\/script>\n<!-- \/ Yoast SEO plugin. -->","yoast_head_json":{"title":"Alertan sobre llegada a Portuguesa de la Onda Tropical 41 -","robots":{"index":"index","follow":"follow","max-snippet":"max-snippet:-1","max-image-preview":"max-image-preview:large","max-video-preview":"max-video-preview:-1"},"canonical":"https:\/\/periodicocentroccidente.com\/?p=3968","og_locale":"es_ES","og_type":"article","og_title":"Alertan sobre llegada a Portuguesa de la Onda Tropical 41 -","og_description":"Especial.- El Instituto Nacional de Meteorolog&iacute;a e Hidrolog&iacute;a (Inameh), inform&oacute; que la onda tropical n&uacute;mero 41 podr&iacute;a llegar al territorio nacional este mi&eacute;rcoles, actualmente se encuentra en sobre el Atl&aacute;ntico Central Tropical, mientras que la 42 est&aacute; al este de las islas de Cabo Verde. El organismo indica que en horas de la madrugada y &hellip;","og_url":"https:\/\/periodicocentroccidente.com\/?p=3968","article_published_time":"2025-10-01T23:18:26+00:00","og_image":[{"width":860,"height":484,"url":"https:\/\/periodicocentroccidente.com\/wp-content\/uploads\/2025\/10\/mas-lluvias-con-la-llegada-de-la-onda-tropical-numero-45-al-pais-laverdaddemonagas.com-la-verdad-de-monagas-100-860x484-1.webp","type":"image\/webp"}],"author":"Ricardo","twitter_card":"summary_large_image","twitter_misc":{"Escrito por":"Ricardo","Tiempo de lectura":"2 minutos"},"schema":{"@context":"https:\/\/schema.org","@graph":[{"@type":"WebPage","@id":"https:\/\/periodicocentroccidente.com\/?p=3968","url":"https:\/\/periodicocentroccidente.com\/?p=3968","name":"Alertan sobre llegada a Portuguesa de la Onda Tropical 41 -","isPartOf":{"@id":"https:\/\/periodicocentroccidente.com\/#website"},"primaryImageOfPage":{"@id":"https:\/\/periodicocentroccidente.com\/?p=3968#primaryimage"},"image":{"@id":"https:\/\/periodicocentroccidente.com\/?p=3968#primaryimage"},"thumbnailUrl":"https:\/\/periodicocentroccidente.com\/wp-content\/uploads\/2025\/10\/mas-lluvias-con-la-llegada-de-la-onda-tropical-numero-45-al-pais-laverdaddemonagas.com-la-verdad-de-monagas-100-860x484-1.webp","datePublished":"2025-10-01T23:18:26+00:00","author":{"@id":"https:\/\/periodicocentroccidente.com\/#\/schema\/person\/f4e4a651098f3db198244657b7130e7e"},"breadcrumb":{"@id":"https:\/\/periodicocentroccidente.com\/?p=3968#breadcrumb"},"inLanguage":"es","potentialAction":[{"@type":"ReadAction","target":["https:\/\/periodicocentroccidente.com\/?p=3968"]}]},{"@type":"ImageObject","inLanguage":"es","@id":"https:\/\/periodicocentroccidente.com\/?p=3968#primaryimage","url":"https:\/\/periodicocentroccidente.com\/wp-content\/uploads\/2025\/10\/mas-lluvias-con-la-llegada-de-la-onda-tropical-numero-45-al-pais-laverdaddemonagas.com-la-verdad-de-monagas-100-860x484-1.webp","contentUrl":"https:\/\/periodicocentroccidente.com\/wp-content\/uploads\/2025\/10\/mas-lluvias-con-la-llegada-de-la-onda-tropical-numero-45-al-pais-laverdaddemonagas.com-la-verdad-de-monagas-100-860x484-1.webp","width":860,"height":484},{"@type":"BreadcrumbList","@id":"https:\/\/periodicocentroccidente.com\/?p=3968#breadcrumb","itemListElement":[{"@type":"ListItem","position":1,"name":"Portada","item":"https:\/\/periodicocentroccidente.com\/"},{"@type":"ListItem","position":2,"name":"Alertan sobre llegada a Portuguesa de la Onda Tropical 41"}]},{"@type":"WebSite","@id":"https:\/\/periodicocentroccidente.com\/#website","url":"https:\/\/periodicocentroccidente.com\/","name":"","description":"Periodismo serio y responsable","potentialAction":[{"@type":"SearchAction","target":{"@type":"EntryPoint","urlTemplate":"https:\/\/periodicocentroccidente.com\/?s={search_term_string}"},"query-input":{"@type":"PropertyValueSpecification","valueRequired":true,"valueName":"search_term_string"}}],"inLanguage":"es"},{"@type":"Person","@id":"https:\/\/periodicocentroccidente.com\/#\/schema\/person\/f4e4a651098f3db198244657b7130e7e","name":"Ricardo","image":{"@type":"ImageObject","inLanguage":"es","@id":"https:\/\/periodicocentroccidente.com\/#\/schema\/person\/image\/","url":"https:\/\/secure.gravatar.com\/avatar\/402e6137108ec0fdaa7809184382fb1dd2f8b00264c1d945d341f2b8f90db429?s=96&d=mm&r=g","contentUrl":"https:\/\/secure.gravatar.com\/avatar\/402e6137108ec0fdaa7809184382fb1dd2f8b00264c1d945d341f2b8f90db429?s=96&d=mm&r=g","caption":"Ricardo"},"url":"https:\/\/periodicocentroccidente.com\/?author=2"}]}},"jetpack_featured_media_url":"https:\/\/periodicocentroccidente.com\/wp-content\/uploads\/2025\/10\/mas-lluvias-con-la-llegada-de-la-onda-tropical-numero-45-al-pais-laverdaddemonagas.com-la-verdad-de-monagas-100-860x484-1.webp","jetpack_sharing_enabled":true,"jetpack-related-posts":[],"_links":{"self":[{"href":"https:\/\/periodicocentroccidente.com\/index.php?rest_route=\/wp\/v2\/posts\/3968","targetHints":{"allow":["GET"]}}],"collection":[{"href":"https:\/\/periodicocentroccidente.com\/index.php?rest_route=\/wp\/v2\/posts"}],"about":[{"href":"https:\/\/periodicocentroccidente.com\/index.php?rest_route=\/wp\/v2\/types\/post"}],"author":[{"embeddable":true,"href":"https:\/\/periodicocentroccidente.com\/index.php?rest_route=\/wp\/v2\/users\/2"}],"replies":[{"embeddable":true,"href":"https:\/\/periodicocentroccidente.com\/index.php?rest_route=%2Fwp%2Fv2%2Fcomments&post=3968"}],"version-history":[{"count":1,"href":"https:\/\/periodicocentroccidente.com\/index.php?rest_route=\/wp\/v2\/posts\/3968\/revisions"}],"predecessor-version":[{"id":3970,"href":"https:\/\/periodicocentroccidente.com\/index.php?rest_route=\/wp\/v2\/posts\/3968\/revisions\/3970"}],"wp:featuredmedia":[{"embeddable":true,"href":"https:\/\/periodicocentroccidente.com\/index.php?rest_route=\/wp\/v2\/media\/3969"}],"wp:attachment":[{"href":"https:\/\/periodicocentroccidente.com\/index.php?rest_route=%2Fwp%2Fv2%2Fmedia&parent=3968"}],"wp:term":[{"taxonomy":"category","embeddable":true,"href":"https:\/\/periodicocentroccidente.com\/index.php?rest_route=%2Fwp%2Fv2%2Fcategories&post=3968"},{"taxonomy":"post_tag","embeddable":true,"href":"https:\/\/periodicocentroccidente.com\/index.php?rest_route=%2Fwp%2Fv2%2Ftags&post=3968"}],"curies":[{"name":"wp","href":"https:\/\/api.w.org\/{rel}","templated":true}]}}