{"id":3951,"date":"2025-10-01T19:33:44","date_gmt":"2025-10-01T19:33:44","guid":{"rendered":"https:\/\/periodicocentroccidente.com\/?p=3951"},"modified":"2025-10-01T19:33:44","modified_gmt":"2025-10-01T19:33:44","slug":"realizada-campana-un-pulmon-de-vida-en-portuguesa-con-la-finalidad-de-mitigar-el-cambio-climatico","status":"publish","type":"post","link":"https:\/\/periodicocentroccidente.com\/?p=3951","title":{"rendered":"Realizada campa\u00f1a \u00abUn pulm\u00f3n de Vida en Portuguesa\u00bb con la finalidad de mitigar el cambio climatico"},"content":{"rendered":"<p><strong>Especial.-<\/strong><\/p>\n<p>En un gran trabajo mancomunado y articulado por el Movimiento de Maestros y Maestras Urdanetista \u00abLuis Beltran Prieto Figueroa\u00bb, el DAOT, MINEC, Secretaria de la Juventud, IMPARQUES, INDEPORT, Misi\u00f3n \u00c1rbol y los integrantes del \u00c1rea de Defensa Integral 3301 \u00abCacique Coromoto\u00bb. realizaron una siembra de 100 arboles en las adyacencias al Coliseo de Guanare bajo\u00a0 la campa\u00f1a \u00abUn pulm\u00f3n de vida en Portuguesa\u00bb con la finalidad de mitigar de forma contundente el cambio clim\u00e1tico.<\/p>\n<p>El Coronel Jhonny Alberto Avenda\u00f1o Gonzalez Comandante de la ADI 3301 \u00abCacique Coromoto\u00bb se sinti\u00f3 complacido al formar parte junto al personal a su cargo de esta importante actividad en beneficio de la ecolog\u00eda todo enmarcado en el 6ta Transformaci\u00f3n que implica el eco socialismo, la ciencia y la tecnolog\u00eda. Por su parte Gioskarina Vargas dio una importante charla sobre la actividad en la cual tambi\u00e9n hizo hincapi\u00e9 en la sustentabilidad de aprovechamiento de los espacios para el fortalecimiento de esta actividad en beneficio de todos y a su vez hizo una invitaci\u00f3n al cuidado de estos nuevos arboles.<\/p>\n<p>Por su parte el Prof Ivan Chavez explico en detalle la formula para crear de manera artesanal m\u00e9todos para el cuidado de las plantas a trav\u00e9s de un novedoso proceso de fertilizaci\u00f3n<\/p>\n<p><img loading=\"lazy\" decoding=\"async\" class=\"alignnone size-medium wp-image-3958\" src=\"https:\/\/periodicocentroccidente.com\/wp-content\/uploads\/2025\/10\/IMG-20251001-WA0555-300x169.jpg\" alt=\"\" width=\"300\" height=\"169\" srcset=\"https:\/\/periodicocentroccidente.com\/wp-content\/uploads\/2025\/10\/IMG-20251001-WA0555-300x169.jpg 300w, https:\/\/periodicocentroccidente.com\/wp-content\/uploads\/2025\/10\/IMG-20251001-WA0555-1024x576.jpg 1024w, https:\/\/periodicocentroccidente.com\/wp-content\/uploads\/2025\/10\/IMG-20251001-WA0555-768x432.jpg 768w, https:\/\/periodicocentroccidente.com\/wp-content\/uploads\/2025\/10\/IMG-20251001-WA0555-390x220.jpg 390w, https:\/\/periodicocentroccidente.com\/wp-content\/uploads\/2025\/10\/IMG-20251001-WA0555.jpg 1080w\" sizes=\"auto, (max-width: 300px) 100vw, 300px\" \/><\/p>\n<p><img loading=\"lazy\" decoding=\"async\" class=\"alignnone size-medium wp-image-3952\" src=\"https:\/\/periodicocentroccidente.com\/wp-content\/uploads\/2025\/10\/IMG-20251001-WA0535-300x169.jpg\" alt=\"\" width=\"300\" height=\"169\" srcset=\"https:\/\/periodicocentroccidente.com\/wp-content\/uploads\/2025\/10\/IMG-20251001-WA0535-300x169.jpg 300w, https:\/\/periodicocentroccidente.com\/wp-content\/uploads\/2025\/10\/IMG-20251001-WA0535-1024x576.jpg 1024w, https:\/\/periodicocentroccidente.com\/wp-content\/uploads\/2025\/10\/IMG-20251001-WA0535-768x432.jpg 768w, https:\/\/periodicocentroccidente.com\/wp-content\/uploads\/2025\/10\/IMG-20251001-WA0535-390x220.jpg 390w, https:\/\/periodicocentroccidente.com\/wp-content\/uploads\/2025\/10\/IMG-20251001-WA0535.jpg 1080w\" sizes=\"auto, (max-width: 300px) 100vw, 300px\" \/><\/p>\n<p><img loading=\"lazy\" decoding=\"async\" class=\"alignnone size-medium wp-image-3953\" src=\"https:\/\/periodicocentroccidente.com\/wp-content\/uploads\/2025\/10\/IMG-20251001-WA0536-300x169.jpg\" alt=\"\" width=\"300\" height=\"169\" srcset=\"https:\/\/periodicocentroccidente.com\/wp-content\/uploads\/2025\/10\/IMG-20251001-WA0536-300x169.jpg 300w, https:\/\/periodicocentroccidente.com\/wp-content\/uploads\/2025\/10\/IMG-20251001-WA0536-1024x576.jpg 1024w, https:\/\/periodicocentroccidente.com\/wp-content\/uploads\/2025\/10\/IMG-20251001-WA0536-768x432.jpg 768w, https:\/\/periodicocentroccidente.com\/wp-content\/uploads\/2025\/10\/IMG-20251001-WA0536-390x220.jpg 390w, https:\/\/periodicocentroccidente.com\/wp-content\/uploads\/2025\/10\/IMG-20251001-WA0536.jpg 1080w\" sizes=\"auto, (max-width: 300px) 100vw, 300px\" \/><\/p>\n<p><img loading=\"lazy\" decoding=\"async\" class=\"alignnone size-medium wp-image-3956\" src=\"https:\/\/periodicocentroccidente.com\/wp-content\/uploads\/2025\/10\/IMG-20251001-WA0550-300x169.jpg\" alt=\"\" width=\"300\" height=\"169\" srcset=\"https:\/\/periodicocentroccidente.com\/wp-content\/uploads\/2025\/10\/IMG-20251001-WA0550-300x169.jpg 300w, https:\/\/periodicocentroccidente.com\/wp-content\/uploads\/2025\/10\/IMG-20251001-WA0550-1024x576.jpg 1024w, https:\/\/periodicocentroccidente.com\/wp-content\/uploads\/2025\/10\/IMG-20251001-WA0550-768x432.jpg 768w, https:\/\/periodicocentroccidente.com\/wp-content\/uploads\/2025\/10\/IMG-20251001-WA0550-390x220.jpg 390w, https:\/\/periodicocentroccidente.com\/wp-content\/uploads\/2025\/10\/IMG-20251001-WA0550.jpg 1080w\" sizes=\"auto, (max-width: 300px) 100vw, 300px\" \/><\/p>\n<p><img loading=\"lazy\" decoding=\"async\" class=\"alignnone size-medium wp-image-3959\" src=\"https:\/\/periodicocentroccidente.com\/wp-content\/uploads\/2025\/10\/Screenshot_20251001-151851-300x271.jpg\" alt=\"\" width=\"300\" height=\"271\" srcset=\"https:\/\/periodicocentroccidente.com\/wp-content\/uploads\/2025\/10\/Screenshot_20251001-151851-300x271.jpg 300w, https:\/\/periodicocentroccidente.com\/wp-content\/uploads\/2025\/10\/Screenshot_20251001-151851.jpg 611w\" sizes=\"auto, (max-width: 300px) 100vw, 300px\" \/><\/p>\n<p>&nbsp;<\/p>\n","protected":false},"excerpt":{"rendered":"<p>Especial.- En un gran trabajo mancomunado y articulado por el Movimiento de Maestros y Maestras Urdanetista &laquo;Luis Beltran Prieto Figueroa&raquo;, el DAOT, MINEC, Secretaria de la Juventud, IMPARQUES, INDEPORT, Misi&oacute;n &Aacute;rbol y los integrantes del &Aacute;rea de Defensa Integral 3301 &laquo;Cacique Coromoto&raquo;. realizaron una siembra de 100 arboles en las adyacencias al Coliseo de Guanare &hellip;<\/p>\n","protected":false},"author":2,"featured_media":3957,"comment_status":"open","ping_status":"open","sticky":false,"template":"","format":"standard","meta":{"_jetpack_memberships_contains_paid_content":false,"footnotes":""},"categories":[127],"tags":[],"class_list":["post-3951","post","type-post","status-publish","format-standard","has-post-thumbnail","hentry","category-noticias-recientes"],"yoast_head":"<!-- This site is optimized with the Yoast SEO plugin v24.8.1 - https:\/\/yoast.com\/wordpress\/plugins\/seo\/ -->\n<title>Realizada campa\u00f1a &quot;Un pulm\u00f3n de Vida en Portuguesa&quot; con la finalidad de mitigar el cambio climatico -<\/title>\n<meta name=\"robots\" content=\"index, follow, max-snippet:-1, max-image-preview:large, max-video-preview:-1\" \/>\n<link rel=\"canonical\" href=\"https:\/\/periodicocentroccidente.com\/?p=3951\" \/>\n<meta property=\"og:locale\" content=\"es_ES\" \/>\n<meta property=\"og:type\" content=\"article\" \/>\n<meta property=\"og:title\" content=\"Realizada campa\u00f1a &quot;Un pulm\u00f3n de Vida en Portuguesa&quot; con la finalidad de mitigar el cambio climatico -\" \/>\n<meta property=\"og:description\" content=\"Especial.- En un gran trabajo mancomunado y articulado por el Movimiento de Maestros y Maestras Urdanetista &laquo;Luis Beltran Prieto Figueroa&raquo;, el DAOT, MINEC, Secretaria de la Juventud, IMPARQUES, INDEPORT, Misi&oacute;n &Aacute;rbol y los integrantes del &Aacute;rea de Defensa Integral 3301 &laquo;Cacique Coromoto&raquo;. realizaron una siembra de 100 arboles en las adyacencias al Coliseo de Guanare &hellip;\" \/>\n<meta property=\"og:url\" content=\"https:\/\/periodicocentroccidente.com\/?p=3951\" \/>\n<meta property=\"article:published_time\" content=\"2025-10-01T19:33:44+00:00\" \/>\n<meta property=\"og:image\" content=\"https:\/\/periodicocentroccidente.com\/wp-content\/uploads\/2025\/10\/IMG-20251001-WA0551.jpg\" \/>\n\t<meta property=\"og:image:width\" content=\"1080\" \/>\n\t<meta property=\"og:image:height\" content=\"607\" \/>\n\t<meta property=\"og:image:type\" content=\"image\/jpeg\" \/>\n<meta name=\"author\" content=\"Ricardo\" \/>\n<meta name=\"twitter:card\" content=\"summary_large_image\" \/>\n<meta name=\"twitter:label1\" content=\"Escrito por\" \/>\n\t<meta name=\"twitter:data1\" content=\"Ricardo\" \/>\n\t<meta name=\"twitter:label2\" content=\"Tiempo de lectura\" \/>\n\t<meta name=\"twitter:data2\" content=\"3 minutos\" \/>\n<script type=\"application\/ld+json\" class=\"yoast-schema-graph\">{\"@context\":\"https:\/\/schema.org\",\"@graph\":[{\"@type\":\"WebPage\",\"@id\":\"https:\/\/periodicocentroccidente.com\/?p=3951\",\"url\":\"https:\/\/periodicocentroccidente.com\/?p=3951\",\"name\":\"Realizada campa\u00f1a \\\"Un pulm\u00f3n de Vida en Portuguesa\\\" con la finalidad de mitigar el cambio climatico -\",\"isPartOf\":{\"@id\":\"https:\/\/periodicocentroccidente.com\/#website\"},\"primaryImageOfPage\":{\"@id\":\"https:\/\/periodicocentroccidente.com\/?p=3951#primaryimage\"},\"image\":{\"@id\":\"https:\/\/periodicocentroccidente.com\/?p=3951#primaryimage\"},\"thumbnailUrl\":\"https:\/\/periodicocentroccidente.com\/wp-content\/uploads\/2025\/10\/IMG-20251001-WA0551.jpg\",\"datePublished\":\"2025-10-01T19:33:44+00:00\",\"author\":{\"@id\":\"https:\/\/periodicocentroccidente.com\/#\/schema\/person\/f4e4a651098f3db198244657b7130e7e\"},\"breadcrumb\":{\"@id\":\"https:\/\/periodicocentroccidente.com\/?p=3951#breadcrumb\"},\"inLanguage\":\"es\",\"potentialAction\":[{\"@type\":\"ReadAction\",\"target\":[\"https:\/\/periodicocentroccidente.com\/?p=3951\"]}]},{\"@type\":\"ImageObject\",\"inLanguage\":\"es\",\"@id\":\"https:\/\/periodicocentroccidente.com\/?p=3951#primaryimage\",\"url\":\"https:\/\/periodicocentroccidente.com\/wp-content\/uploads\/2025\/10\/IMG-20251001-WA0551.jpg\",\"contentUrl\":\"https:\/\/periodicocentroccidente.com\/wp-content\/uploads\/2025\/10\/IMG-20251001-WA0551.jpg\",\"width\":1080,\"height\":607},{\"@type\":\"BreadcrumbList\",\"@id\":\"https:\/\/periodicocentroccidente.com\/?p=3951#breadcrumb\",\"itemListElement\":[{\"@type\":\"ListItem\",\"position\":1,\"name\":\"Portada\",\"item\":\"https:\/\/periodicocentroccidente.com\/\"},{\"@type\":\"ListItem\",\"position\":2,\"name\":\"Realizada campa\u00f1a \u00abUn pulm\u00f3n de Vida en Portuguesa\u00bb con la finalidad de mitigar el cambio climatico\"}]},{\"@type\":\"WebSite\",\"@id\":\"https:\/\/periodicocentroccidente.com\/#website\",\"url\":\"https:\/\/periodicocentroccidente.com\/\",\"name\":\"\",\"description\":\"Periodismo serio y responsable\",\"potentialAction\":[{\"@type\":\"SearchAction\",\"target\":{\"@type\":\"EntryPoint\",\"urlTemplate\":\"https:\/\/periodicocentroccidente.com\/?s={search_term_string}\"},\"query-input\":{\"@type\":\"PropertyValueSpecification\",\"valueRequired\":true,\"valueName\":\"search_term_string\"}}],\"inLanguage\":\"es\"},{\"@type\":\"Person\",\"@id\":\"https:\/\/periodicocentroccidente.com\/#\/schema\/person\/f4e4a651098f3db198244657b7130e7e\",\"name\":\"Ricardo\",\"image\":{\"@type\":\"ImageObject\",\"inLanguage\":\"es\",\"@id\":\"https:\/\/periodicocentroccidente.com\/#\/schema\/person\/image\/\",\"url\":\"https:\/\/secure.gravatar.com\/avatar\/402e6137108ec0fdaa7809184382fb1dd2f8b00264c1d945d341f2b8f90db429?s=96&d=mm&r=g\",\"contentUrl\":\"https:\/\/secure.gravatar.com\/avatar\/402e6137108ec0fdaa7809184382fb1dd2f8b00264c1d945d341f2b8f90db429?s=96&d=mm&r=g\",\"caption\":\"Ricardo\"},\"url\":\"https:\/\/periodicocentroccidente.com\/?author=2\"}]}<\/script>\n<!-- \/ Yoast SEO plugin. -->","yoast_head_json":{"title":"Realizada campa\u00f1a \"Un pulm\u00f3n de Vida en Portuguesa\" con la finalidad de mitigar el cambio climatico -","robots":{"index":"index","follow":"follow","max-snippet":"max-snippet:-1","max-image-preview":"max-image-preview:large","max-video-preview":"max-video-preview:-1"},"canonical":"https:\/\/periodicocentroccidente.com\/?p=3951","og_locale":"es_ES","og_type":"article","og_title":"Realizada campa\u00f1a \"Un pulm\u00f3n de Vida en Portuguesa\" con la finalidad de mitigar el cambio climatico -","og_description":"Especial.- En un gran trabajo mancomunado y articulado por el Movimiento de Maestros y Maestras Urdanetista &laquo;Luis Beltran Prieto Figueroa&raquo;, el DAOT, MINEC, Secretaria de la Juventud, IMPARQUES, INDEPORT, Misi&oacute;n &Aacute;rbol y los integrantes del &Aacute;rea de Defensa Integral 3301 &laquo;Cacique Coromoto&raquo;. realizaron una siembra de 100 arboles en las adyacencias al Coliseo de Guanare &hellip;","og_url":"https:\/\/periodicocentroccidente.com\/?p=3951","article_published_time":"2025-10-01T19:33:44+00:00","og_image":[{"width":1080,"height":607,"url":"https:\/\/periodicocentroccidente.com\/wp-content\/uploads\/2025\/10\/IMG-20251001-WA0551.jpg","type":"image\/jpeg"}],"author":"Ricardo","twitter_card":"summary_large_image","twitter_misc":{"Escrito por":"Ricardo","Tiempo de lectura":"3 minutos"},"schema":{"@context":"https:\/\/schema.org","@graph":[{"@type":"WebPage","@id":"https:\/\/periodicocentroccidente.com\/?p=3951","url":"https:\/\/periodicocentroccidente.com\/?p=3951","name":"Realizada campa\u00f1a \"Un pulm\u00f3n de Vida en Portuguesa\" con la finalidad de mitigar el cambio climatico -","isPartOf":{"@id":"https:\/\/periodicocentroccidente.com\/#website"},"primaryImageOfPage":{"@id":"https:\/\/periodicocentroccidente.com\/?p=3951#primaryimage"},"image":{"@id":"https:\/\/periodicocentroccidente.com\/?p=3951#primaryimage"},"thumbnailUrl":"https:\/\/periodicocentroccidente.com\/wp-content\/uploads\/2025\/10\/IMG-20251001-WA0551.jpg","datePublished":"2025-10-01T19:33:44+00:00","author":{"@id":"https:\/\/periodicocentroccidente.com\/#\/schema\/person\/f4e4a651098f3db198244657b7130e7e"},"breadcrumb":{"@id":"https:\/\/periodicocentroccidente.com\/?p=3951#breadcrumb"},"inLanguage":"es","potentialAction":[{"@type":"ReadAction","target":["https:\/\/periodicocentroccidente.com\/?p=3951"]}]},{"@type":"ImageObject","inLanguage":"es","@id":"https:\/\/periodicocentroccidente.com\/?p=3951#primaryimage","url":"https:\/\/periodicocentroccidente.com\/wp-content\/uploads\/2025\/10\/IMG-20251001-WA0551.jpg","contentUrl":"https:\/\/periodicocentroccidente.com\/wp-content\/uploads\/2025\/10\/IMG-20251001-WA0551.jpg","width":1080,"height":607},{"@type":"BreadcrumbList","@id":"https:\/\/periodicocentroccidente.com\/?p=3951#breadcrumb","itemListElement":[{"@type":"ListItem","position":1,"name":"Portada","item":"https:\/\/periodicocentroccidente.com\/"},{"@type":"ListItem","position":2,"name":"Realizada campa\u00f1a \u00abUn pulm\u00f3n de Vida en Portuguesa\u00bb con la finalidad de mitigar el cambio climatico"}]},{"@type":"WebSite","@id":"https:\/\/periodicocentroccidente.com\/#website","url":"https:\/\/periodicocentroccidente.com\/","name":"","description":"Periodismo serio y responsable","potentialAction":[{"@type":"SearchAction","target":{"@type":"EntryPoint","urlTemplate":"https:\/\/periodicocentroccidente.com\/?s={search_term_string}"},"query-input":{"@type":"PropertyValueSpecification","valueRequired":true,"valueName":"search_term_string"}}],"inLanguage":"es"},{"@type":"Person","@id":"https:\/\/periodicocentroccidente.com\/#\/schema\/person\/f4e4a651098f3db198244657b7130e7e","name":"Ricardo","image":{"@type":"ImageObject","inLanguage":"es","@id":"https:\/\/periodicocentroccidente.com\/#\/schema\/person\/image\/","url":"https:\/\/secure.gravatar.com\/avatar\/402e6137108ec0fdaa7809184382fb1dd2f8b00264c1d945d341f2b8f90db429?s=96&d=mm&r=g","contentUrl":"https:\/\/secure.gravatar.com\/avatar\/402e6137108ec0fdaa7809184382fb1dd2f8b00264c1d945d341f2b8f90db429?s=96&d=mm&r=g","caption":"Ricardo"},"url":"https:\/\/periodicocentroccidente.com\/?author=2"}]}},"jetpack_featured_media_url":"https:\/\/periodicocentroccidente.com\/wp-content\/uploads\/2025\/10\/IMG-20251001-WA0551.jpg","jetpack_sharing_enabled":true,"jetpack-related-posts":[],"_links":{"self":[{"href":"https:\/\/periodicocentroccidente.com\/index.php?rest_route=\/wp\/v2\/posts\/3951","targetHints":{"allow":["GET"]}}],"collection":[{"href":"https:\/\/periodicocentroccidente.com\/index.php?rest_route=\/wp\/v2\/posts"}],"about":[{"href":"https:\/\/periodicocentroccidente.com\/index.php?rest_route=\/wp\/v2\/types\/post"}],"author":[{"embeddable":true,"href":"https:\/\/periodicocentroccidente.com\/index.php?rest_route=\/wp\/v2\/users\/2"}],"replies":[{"embeddable":true,"href":"https:\/\/periodicocentroccidente.com\/index.php?rest_route=%2Fwp%2Fv2%2Fcomments&post=3951"}],"version-history":[{"count":1,"href":"https:\/\/periodicocentroccidente.com\/index.php?rest_route=\/wp\/v2\/posts\/3951\/revisions"}],"predecessor-version":[{"id":3960,"href":"https:\/\/periodicocentroccidente.com\/index.php?rest_route=\/wp\/v2\/posts\/3951\/revisions\/3960"}],"wp:featuredmedia":[{"embeddable":true,"href":"https:\/\/periodicocentroccidente.com\/index.php?rest_route=\/wp\/v2\/media\/3957"}],"wp:attachment":[{"href":"https:\/\/periodicocentroccidente.com\/index.php?rest_route=%2Fwp%2Fv2%2Fmedia&parent=3951"}],"wp:term":[{"taxonomy":"category","embeddable":true,"href":"https:\/\/periodicocentroccidente.com\/index.php?rest_route=%2Fwp%2Fv2%2Fcategories&post=3951"},{"taxonomy":"post_tag","embeddable":true,"href":"https:\/\/periodicocentroccidente.com\/index.php?rest_route=%2Fwp%2Fv2%2Ftags&post=3951"}],"curies":[{"name":"wp","href":"https:\/\/api.w.org\/{rel}","templated":true}]}}