{"id":3882,"date":"2025-09-24T20:13:54","date_gmt":"2025-09-24T20:13:54","guid":{"rendered":"https:\/\/periodicocentroccidente.com\/?p=3882"},"modified":"2025-09-24T20:23:23","modified_gmt":"2025-09-24T20:23:23","slug":"se-precipito-a-tierra-aeronave-learjet-55-en-pista-de-aterrizaje-del-aeropuerto-de-maiquetia","status":"publish","type":"post","link":"https:\/\/periodicocentroccidente.com\/?p=3882","title":{"rendered":"Se precipito a tierra Aeronave Learjet 55 en pista de aterrizaje del Aeropuerto de Maiquetia"},"content":{"rendered":"<p><strong>Especial.-<\/strong><\/p>\n<p>Este 24 de septiembre, una aeronave Learjet 55, siglas YV3440, se estrell\u00f3 en la pista del Aeropuerto Internacional de Maiquet\u00eda Sim\u00f3n Bol\u00edvar, en La Guaira.<\/p>\n<p>Vecinos reportaron que una aeronave privada perdi\u00f3 el control debido a las fuertes r\u00e1fagas de viento y termin\u00f3 estrell\u00e1ndose en la pista del Aeropuerto.<\/p>\n<p>Bomberos aeron\u00e1uticos acudieron de inmediato al lugar para sofocar las llamas y controlar la situaci\u00f3n. Hasta el momento, se trata de un vuelo privado y las autoridades no han ofrecido detalles.<\/p>\n<p>\u00abSe logr\u00f3 el rescate con vida de dos pasajeros quienes inmediatamente recibieron la atenci\u00f3n m\u00e9dica encontr\u00e1ndose en condiciones estables\u00bb, dice el comunicado del INAC.<\/p>\n<p>El saldo preliminar del accidente a\u00e9reo ocurrido la tarde de este mi\u00e9rcoles fue de dos muertos y dos heridos, los fallecidos son el piloto y copiloto, las v\u00edctimas fatales quedaron identificados como Riger Bermudez y David Daza. Bomberos aeron\u00e1uticos atendieron el siniestro.<\/p>\n<p>La instituci\u00f3n tambi\u00e9n inform\u00f3 que activaron una Junta de Investigaci\u00f3n de Accidentes, seg\u00fan lo exigido por la Autoridad Aeron\u00e1utica, para determinar la causa definitiva del mismo.<\/p>\n<p>Informaci\u00f3n en desarrollo.<\/p>\n<p><img loading=\"lazy\" decoding=\"async\" class=\"alignnone size-medium wp-image-3885\" src=\"https:\/\/periodicocentroccidente.com\/wp-content\/uploads\/2025\/09\/IMG_20250924_152837_777-225x300.jpg\" alt=\"\" width=\"225\" height=\"300\" srcset=\"https:\/\/periodicocentroccidente.com\/wp-content\/uploads\/2025\/09\/IMG_20250924_152837_777-225x300.jpg 225w, https:\/\/periodicocentroccidente.com\/wp-content\/uploads\/2025\/09\/IMG_20250924_152837_777-768x1024.jpg 768w, https:\/\/periodicocentroccidente.com\/wp-content\/uploads\/2025\/09\/IMG_20250924_152837_777.jpg 960w\" sizes=\"auto, (max-width: 225px) 100vw, 225px\" \/>\u00a0 \u00a0 <img loading=\"lazy\" decoding=\"async\" class=\"alignnone size-medium wp-image-3887\" src=\"https:\/\/periodicocentroccidente.com\/wp-content\/uploads\/2025\/09\/IMG_20250924_152838_609-225x300.jpg\" alt=\"\" width=\"225\" height=\"300\" srcset=\"https:\/\/periodicocentroccidente.com\/wp-content\/uploads\/2025\/09\/IMG_20250924_152838_609-225x300.jpg 225w, https:\/\/periodicocentroccidente.com\/wp-content\/uploads\/2025\/09\/IMG_20250924_152838_609-768x1024.jpg 768w, https:\/\/periodicocentroccidente.com\/wp-content\/uploads\/2025\/09\/IMG_20250924_152838_609.jpg 960w\" sizes=\"auto, (max-width: 225px) 100vw, 225px\" \/><\/p>\n<p><img loading=\"lazy\" decoding=\"async\" class=\"alignnone size-medium wp-image-3883\" src=\"https:\/\/periodicocentroccidente.com\/wp-content\/uploads\/2025\/09\/Screenshot_20250924-152909-300x122.jpg\" alt=\"\" width=\"300\" height=\"122\" srcset=\"https:\/\/periodicocentroccidente.com\/wp-content\/uploads\/2025\/09\/Screenshot_20250924-152909-300x122.jpg 300w, https:\/\/periodicocentroccidente.com\/wp-content\/uploads\/2025\/09\/Screenshot_20250924-152909-1024x415.jpg 1024w, https:\/\/periodicocentroccidente.com\/wp-content\/uploads\/2025\/09\/Screenshot_20250924-152909-768x311.jpg 768w, https:\/\/periodicocentroccidente.com\/wp-content\/uploads\/2025\/09\/Screenshot_20250924-152909.jpg 1080w\" sizes=\"auto, (max-width: 300px) 100vw, 300px\" \/><\/p>\n<p><img loading=\"lazy\" decoding=\"async\" class=\"alignnone size-medium wp-image-3892\" src=\"https:\/\/periodicocentroccidente.com\/wp-content\/uploads\/2025\/09\/IMG_20250924_161521_278-181x300.jpg\" alt=\"\" width=\"181\" height=\"300\" srcset=\"https:\/\/periodicocentroccidente.com\/wp-content\/uploads\/2025\/09\/IMG_20250924_161521_278-181x300.jpg 181w, https:\/\/periodicocentroccidente.com\/wp-content\/uploads\/2025\/09\/IMG_20250924_161521_278.jpg 276w\" sizes=\"auto, (max-width: 181px) 100vw, 181px\" \/> <img loading=\"lazy\" decoding=\"async\" class=\"alignnone size-medium wp-image-3893\" src=\"https:\/\/periodicocentroccidente.com\/wp-content\/uploads\/2025\/09\/IMG_20250924_162143_644-280x300.jpg\" alt=\"\" width=\"280\" height=\"300\" srcset=\"https:\/\/periodicocentroccidente.com\/wp-content\/uploads\/2025\/09\/IMG_20250924_162143_644-280x300.jpg 280w, https:\/\/periodicocentroccidente.com\/wp-content\/uploads\/2025\/09\/IMG_20250924_162143_644.jpg 506w\" sizes=\"auto, (max-width: 280px) 100vw, 280px\" \/><\/p>\n<p><em>Riger Bermudez y David Daza<\/em><\/p>\n<p>&nbsp;<\/p>\n","protected":false},"excerpt":{"rendered":"<p>Especial.- Este 24 de septiembre, una aeronave Learjet 55, siglas YV3440, se estrell&oacute; en la pista del Aeropuerto Internacional de Maiquet&iacute;a Sim&oacute;n Bol&iacute;var, en La Guaira. Vecinos reportaron que una aeronave privada perdi&oacute; el control debido a las fuertes r&aacute;fagas de viento y termin&oacute; estrell&aacute;ndose en la pista del Aeropuerto. Bomberos aeron&aacute;uticos acudieron de inmediato &hellip;<\/p>\n","protected":false},"author":2,"featured_media":3888,"comment_status":"open","ping_status":"open","sticky":false,"template":"","format":"standard","meta":{"_jetpack_memberships_contains_paid_content":false,"footnotes":""},"categories":[127],"tags":[],"class_list":["post-3882","post","type-post","status-publish","format-standard","has-post-thumbnail","hentry","category-noticias-recientes"],"yoast_head":"<!-- This site is optimized with the Yoast SEO plugin v24.8.1 - https:\/\/yoast.com\/wordpress\/plugins\/seo\/ -->\n<title>Se precipito a tierra Aeronave Learjet 55 en pista de aterrizaje del Aeropuerto de Maiquetia -<\/title>\n<meta name=\"robots\" content=\"index, follow, max-snippet:-1, max-image-preview:large, max-video-preview:-1\" \/>\n<link rel=\"canonical\" href=\"https:\/\/periodicocentroccidente.com\/?p=3882\" \/>\n<meta property=\"og:locale\" content=\"es_ES\" \/>\n<meta property=\"og:type\" content=\"article\" \/>\n<meta property=\"og:title\" content=\"Se precipito a tierra Aeronave Learjet 55 en pista de aterrizaje del Aeropuerto de Maiquetia -\" \/>\n<meta property=\"og:description\" content=\"Especial.- Este 24 de septiembre, una aeronave Learjet 55, siglas YV3440, se estrell&oacute; en la pista del Aeropuerto Internacional de Maiquet&iacute;a Sim&oacute;n Bol&iacute;var, en La Guaira. Vecinos reportaron que una aeronave privada perdi&oacute; el control debido a las fuertes r&aacute;fagas de viento y termin&oacute; estrell&aacute;ndose en la pista del Aeropuerto. Bomberos aeron&aacute;uticos acudieron de inmediato &hellip;\" \/>\n<meta property=\"og:url\" content=\"https:\/\/periodicocentroccidente.com\/?p=3882\" \/>\n<meta property=\"article:published_time\" content=\"2025-09-24T20:13:54+00:00\" \/>\n<meta property=\"article:modified_time\" content=\"2025-09-24T20:23:23+00:00\" \/>\n<meta property=\"og:image\" content=\"https:\/\/periodicocentroccidente.com\/wp-content\/uploads\/2025\/09\/avion.jpg\" \/>\n\t<meta property=\"og:image:width\" content=\"474\" \/>\n\t<meta property=\"og:image:height\" content=\"217\" \/>\n\t<meta property=\"og:image:type\" content=\"image\/jpeg\" \/>\n<meta name=\"author\" content=\"Ricardo\" \/>\n<meta name=\"twitter:card\" content=\"summary_large_image\" \/>\n<meta name=\"twitter:label1\" content=\"Escrito por\" \/>\n\t<meta name=\"twitter:data1\" content=\"Ricardo\" \/>\n\t<meta name=\"twitter:label2\" content=\"Tiempo de lectura\" \/>\n\t<meta name=\"twitter:data2\" content=\"3 minutos\" \/>\n<script type=\"application\/ld+json\" class=\"yoast-schema-graph\">{\"@context\":\"https:\/\/schema.org\",\"@graph\":[{\"@type\":\"WebPage\",\"@id\":\"https:\/\/periodicocentroccidente.com\/?p=3882\",\"url\":\"https:\/\/periodicocentroccidente.com\/?p=3882\",\"name\":\"Se precipito a tierra Aeronave Learjet 55 en pista de aterrizaje del Aeropuerto de Maiquetia -\",\"isPartOf\":{\"@id\":\"https:\/\/periodicocentroccidente.com\/#website\"},\"primaryImageOfPage\":{\"@id\":\"https:\/\/periodicocentroccidente.com\/?p=3882#primaryimage\"},\"image\":{\"@id\":\"https:\/\/periodicocentroccidente.com\/?p=3882#primaryimage\"},\"thumbnailUrl\":\"https:\/\/periodicocentroccidente.com\/wp-content\/uploads\/2025\/09\/avion.jpg\",\"datePublished\":\"2025-09-24T20:13:54+00:00\",\"dateModified\":\"2025-09-24T20:23:23+00:00\",\"author\":{\"@id\":\"https:\/\/periodicocentroccidente.com\/#\/schema\/person\/f4e4a651098f3db198244657b7130e7e\"},\"breadcrumb\":{\"@id\":\"https:\/\/periodicocentroccidente.com\/?p=3882#breadcrumb\"},\"inLanguage\":\"es\",\"potentialAction\":[{\"@type\":\"ReadAction\",\"target\":[\"https:\/\/periodicocentroccidente.com\/?p=3882\"]}]},{\"@type\":\"ImageObject\",\"inLanguage\":\"es\",\"@id\":\"https:\/\/periodicocentroccidente.com\/?p=3882#primaryimage\",\"url\":\"https:\/\/periodicocentroccidente.com\/wp-content\/uploads\/2025\/09\/avion.jpg\",\"contentUrl\":\"https:\/\/periodicocentroccidente.com\/wp-content\/uploads\/2025\/09\/avion.jpg\",\"width\":474,\"height\":217},{\"@type\":\"BreadcrumbList\",\"@id\":\"https:\/\/periodicocentroccidente.com\/?p=3882#breadcrumb\",\"itemListElement\":[{\"@type\":\"ListItem\",\"position\":1,\"name\":\"Portada\",\"item\":\"https:\/\/periodicocentroccidente.com\/\"},{\"@type\":\"ListItem\",\"position\":2,\"name\":\"Se precipito a tierra Aeronave Learjet 55 en pista de aterrizaje del Aeropuerto de Maiquetia\"}]},{\"@type\":\"WebSite\",\"@id\":\"https:\/\/periodicocentroccidente.com\/#website\",\"url\":\"https:\/\/periodicocentroccidente.com\/\",\"name\":\"\",\"description\":\"Periodismo serio y responsable\",\"potentialAction\":[{\"@type\":\"SearchAction\",\"target\":{\"@type\":\"EntryPoint\",\"urlTemplate\":\"https:\/\/periodicocentroccidente.com\/?s={search_term_string}\"},\"query-input\":{\"@type\":\"PropertyValueSpecification\",\"valueRequired\":true,\"valueName\":\"search_term_string\"}}],\"inLanguage\":\"es\"},{\"@type\":\"Person\",\"@id\":\"https:\/\/periodicocentroccidente.com\/#\/schema\/person\/f4e4a651098f3db198244657b7130e7e\",\"name\":\"Ricardo\",\"image\":{\"@type\":\"ImageObject\",\"inLanguage\":\"es\",\"@id\":\"https:\/\/periodicocentroccidente.com\/#\/schema\/person\/image\/\",\"url\":\"https:\/\/secure.gravatar.com\/avatar\/402e6137108ec0fdaa7809184382fb1dd2f8b00264c1d945d341f2b8f90db429?s=96&d=mm&r=g\",\"contentUrl\":\"https:\/\/secure.gravatar.com\/avatar\/402e6137108ec0fdaa7809184382fb1dd2f8b00264c1d945d341f2b8f90db429?s=96&d=mm&r=g\",\"caption\":\"Ricardo\"},\"url\":\"https:\/\/periodicocentroccidente.com\/?author=2\"}]}<\/script>\n<!-- \/ Yoast SEO plugin. -->","yoast_head_json":{"title":"Se precipito a tierra Aeronave Learjet 55 en pista de aterrizaje del Aeropuerto de Maiquetia -","robots":{"index":"index","follow":"follow","max-snippet":"max-snippet:-1","max-image-preview":"max-image-preview:large","max-video-preview":"max-video-preview:-1"},"canonical":"https:\/\/periodicocentroccidente.com\/?p=3882","og_locale":"es_ES","og_type":"article","og_title":"Se precipito a tierra Aeronave Learjet 55 en pista de aterrizaje del Aeropuerto de Maiquetia -","og_description":"Especial.- Este 24 de septiembre, una aeronave Learjet 55, siglas YV3440, se estrell&oacute; en la pista del Aeropuerto Internacional de Maiquet&iacute;a Sim&oacute;n Bol&iacute;var, en La Guaira. Vecinos reportaron que una aeronave privada perdi&oacute; el control debido a las fuertes r&aacute;fagas de viento y termin&oacute; estrell&aacute;ndose en la pista del Aeropuerto. Bomberos aeron&aacute;uticos acudieron de inmediato &hellip;","og_url":"https:\/\/periodicocentroccidente.com\/?p=3882","article_published_time":"2025-09-24T20:13:54+00:00","article_modified_time":"2025-09-24T20:23:23+00:00","og_image":[{"width":474,"height":217,"url":"https:\/\/periodicocentroccidente.com\/wp-content\/uploads\/2025\/09\/avion.jpg","type":"image\/jpeg"}],"author":"Ricardo","twitter_card":"summary_large_image","twitter_misc":{"Escrito por":"Ricardo","Tiempo de lectura":"3 minutos"},"schema":{"@context":"https:\/\/schema.org","@graph":[{"@type":"WebPage","@id":"https:\/\/periodicocentroccidente.com\/?p=3882","url":"https:\/\/periodicocentroccidente.com\/?p=3882","name":"Se precipito a tierra Aeronave Learjet 55 en pista de aterrizaje del Aeropuerto de Maiquetia -","isPartOf":{"@id":"https:\/\/periodicocentroccidente.com\/#website"},"primaryImageOfPage":{"@id":"https:\/\/periodicocentroccidente.com\/?p=3882#primaryimage"},"image":{"@id":"https:\/\/periodicocentroccidente.com\/?p=3882#primaryimage"},"thumbnailUrl":"https:\/\/periodicocentroccidente.com\/wp-content\/uploads\/2025\/09\/avion.jpg","datePublished":"2025-09-24T20:13:54+00:00","dateModified":"2025-09-24T20:23:23+00:00","author":{"@id":"https:\/\/periodicocentroccidente.com\/#\/schema\/person\/f4e4a651098f3db198244657b7130e7e"},"breadcrumb":{"@id":"https:\/\/periodicocentroccidente.com\/?p=3882#breadcrumb"},"inLanguage":"es","potentialAction":[{"@type":"ReadAction","target":["https:\/\/periodicocentroccidente.com\/?p=3882"]}]},{"@type":"ImageObject","inLanguage":"es","@id":"https:\/\/periodicocentroccidente.com\/?p=3882#primaryimage","url":"https:\/\/periodicocentroccidente.com\/wp-content\/uploads\/2025\/09\/avion.jpg","contentUrl":"https:\/\/periodicocentroccidente.com\/wp-content\/uploads\/2025\/09\/avion.jpg","width":474,"height":217},{"@type":"BreadcrumbList","@id":"https:\/\/periodicocentroccidente.com\/?p=3882#breadcrumb","itemListElement":[{"@type":"ListItem","position":1,"name":"Portada","item":"https:\/\/periodicocentroccidente.com\/"},{"@type":"ListItem","position":2,"name":"Se precipito a tierra Aeronave Learjet 55 en pista de aterrizaje del Aeropuerto de Maiquetia"}]},{"@type":"WebSite","@id":"https:\/\/periodicocentroccidente.com\/#website","url":"https:\/\/periodicocentroccidente.com\/","name":"","description":"Periodismo serio y responsable","potentialAction":[{"@type":"SearchAction","target":{"@type":"EntryPoint","urlTemplate":"https:\/\/periodicocentroccidente.com\/?s={search_term_string}"},"query-input":{"@type":"PropertyValueSpecification","valueRequired":true,"valueName":"search_term_string"}}],"inLanguage":"es"},{"@type":"Person","@id":"https:\/\/periodicocentroccidente.com\/#\/schema\/person\/f4e4a651098f3db198244657b7130e7e","name":"Ricardo","image":{"@type":"ImageObject","inLanguage":"es","@id":"https:\/\/periodicocentroccidente.com\/#\/schema\/person\/image\/","url":"https:\/\/secure.gravatar.com\/avatar\/402e6137108ec0fdaa7809184382fb1dd2f8b00264c1d945d341f2b8f90db429?s=96&d=mm&r=g","contentUrl":"https:\/\/secure.gravatar.com\/avatar\/402e6137108ec0fdaa7809184382fb1dd2f8b00264c1d945d341f2b8f90db429?s=96&d=mm&r=g","caption":"Ricardo"},"url":"https:\/\/periodicocentroccidente.com\/?author=2"}]}},"jetpack_featured_media_url":"https:\/\/periodicocentroccidente.com\/wp-content\/uploads\/2025\/09\/avion.jpg","jetpack_sharing_enabled":true,"jetpack-related-posts":[],"_links":{"self":[{"href":"https:\/\/periodicocentroccidente.com\/index.php?rest_route=\/wp\/v2\/posts\/3882","targetHints":{"allow":["GET"]}}],"collection":[{"href":"https:\/\/periodicocentroccidente.com\/index.php?rest_route=\/wp\/v2\/posts"}],"about":[{"href":"https:\/\/periodicocentroccidente.com\/index.php?rest_route=\/wp\/v2\/types\/post"}],"author":[{"embeddable":true,"href":"https:\/\/periodicocentroccidente.com\/index.php?rest_route=\/wp\/v2\/users\/2"}],"replies":[{"embeddable":true,"href":"https:\/\/periodicocentroccidente.com\/index.php?rest_route=%2Fwp%2Fv2%2Fcomments&post=3882"}],"version-history":[{"count":4,"href":"https:\/\/periodicocentroccidente.com\/index.php?rest_route=\/wp\/v2\/posts\/3882\/revisions"}],"predecessor-version":[{"id":3894,"href":"https:\/\/periodicocentroccidente.com\/index.php?rest_route=\/wp\/v2\/posts\/3882\/revisions\/3894"}],"wp:featuredmedia":[{"embeddable":true,"href":"https:\/\/periodicocentroccidente.com\/index.php?rest_route=\/wp\/v2\/media\/3888"}],"wp:attachment":[{"href":"https:\/\/periodicocentroccidente.com\/index.php?rest_route=%2Fwp%2Fv2%2Fmedia&parent=3882"}],"wp:term":[{"taxonomy":"category","embeddable":true,"href":"https:\/\/periodicocentroccidente.com\/index.php?rest_route=%2Fwp%2Fv2%2Fcategories&post=3882"},{"taxonomy":"post_tag","embeddable":true,"href":"https:\/\/periodicocentroccidente.com\/index.php?rest_route=%2Fwp%2Fv2%2Ftags&post=3882"}],"curies":[{"name":"wp","href":"https:\/\/api.w.org\/{rel}","templated":true}]}}