{"id":3880,"date":"2025-09-24T15:48:36","date_gmt":"2025-09-24T15:48:36","guid":{"rendered":"https:\/\/periodicocentroccidente.com\/?p=3880"},"modified":"2025-09-24T15:48:36","modified_gmt":"2025-09-24T15:48:36","slug":"liz-aleman-la-nueva-voz-de-la-balada-latina","status":"publish","type":"post","link":"https:\/\/periodicocentroccidente.com\/?p=3880","title":{"rendered":"Liz Alem\u00e1n: La Nueva Voz de la Balada Latina"},"content":{"rendered":"<p><strong>lapuracrema.net<\/strong><\/p>\n<p>La artista Liz Alem\u00e1n anuncia oficialmente el lanzamiento de su m\u00fasica en colaboraci\u00f3n con la plataforma musical <a href=\"http:\/\/lapuracrema.net\" target=\"_blank\" rel=\"noopener\" data-saferedirecturl=\"https:\/\/www.google.com\/url?q=http:\/\/lapuracrema.net&amp;source=gmail&amp;ust=1758814682174000&amp;usg=AOvVaw3dn1gTGF_eJWS6zXJB8XuC\">lapuracrema.net<\/a>. Este lanzamiento presenta a una nueva voz en la balada latina, caracterizada por una poderosa y elegante interpretaci\u00f3n vocal, ya que sus temas han logrado una notable y r\u00e1pida acogida internacional.<\/p>\n<p>Liz Alem\u00e1n es una cantante profesional y apasionada que se ha destacado por su talento y dedicaci\u00f3n. A pesar de ser una artista en ascenso, su enfoque meticuloso y planificado le ha permitido resonar en la industria musical. Su m\u00fasica es un homenaje a leyendas como Roc\u00edo D\u00farcal, Juan Gabriel y Jos\u00e9 Jos\u00e9.<\/p>\n<p>El crecimiento de la artista se est\u00e1 desarrollando en este momento, ganando visibilidad a diario en diversas plataformas digitales. Sus temas, \u00abYa No\u00bb y \u00abLlegamos Tarde los Dos\u00bb, ya se encuentran disponibles y est\u00e1n alcanzando a audiencias en m\u00faltiples pa\u00edses, demostrando que su m\u00fasica resuena con fuerza desde el momento de su lanzamiento. Liz Alem\u00e1n, originaria de Nueva Jersey, ha logrado un alcance global. Sus canciones ya han sido incluidas en importantes plataformas digitales, conectando directamente con el p\u00fablico y construyendo una carrera s\u00f3lida sin las limitaciones tradicionales de la industria. El \u00e9xito de Liz Alem\u00e1n es un testimonio de su perseverancia, autenticidad y planificaci\u00f3n estrat\u00e9gica. Ha logrado trascender en una industria predominantemente masculina gracias a su talento y no a su vestimenta, demostrando que la dedicaci\u00f3n y la fe son las claves para triunfar. Su historia inspira a otros artistas emergentes, llevando el mensaje de que \u00abnunca es tarde para lograr nuestras metas si tienes fe\u00bb. El crecimiento exponencial de Liz Alem\u00e1n se est\u00e1 desarrollando en este momento, con su m\u00fasica ganando tracci\u00f3n y visibilidad a diario en un amplio abanico de plataformas digitales.<\/p>\n<p>La colaboraci\u00f3n con <a href=\"http:\/\/lapuracrema.net\" target=\"_blank\" rel=\"noopener\" data-saferedirecturl=\"https:\/\/www.google.com\/url?q=http:\/\/lapuracrema.net&amp;source=gmail&amp;ust=1758814682174000&amp;usg=AOvVaw3dn1gTGF_eJWS6zXJB8XuC\">lapuracrema.net<\/a> busca amplificar a\u00fan m\u00e1s este impacto, llevando su mensaje y su voz a nuevos rincones del mundo. Liz Alem\u00e1n, desde Nueva Jersey, est\u00e1 construyendo su camino a trav\u00e9s de la constancia y la fe, demostrando que nunca es tarde para alcanzar las metas.<\/p>\n<p>La trayectoria de Liz Alem\u00e1n es un testimonio de la perseverancia y la autenticidad. Ha superado el desaf\u00edo de ser la \u00fanica mujer en muchos de los escenarios donde se ha presentado, abri\u00e9ndose camino con su talento y no con su vestimenta. Su \u00e9xito tambi\u00e9n destaca el papel crucial de las redes sociales y las plataformas digitales como herramientas democratizadoras para los artistas, permiti\u00e9ndoles conectar directamente con su audiencia y construir una carrera s\u00f3lida sin las limitaciones tradicionales de la industria.<\/p>\n<p>La artista atribuye su \u00e9xito a la planificaci\u00f3n estrat\u00e9gica y a su fe inquebrantable. Adem\u00e1s de su arduo trabajo, se inspira escuchando su propia m\u00fasica y orando, manteniendo una conexi\u00f3n espiritual que la fortalece. En un futuro, Liz Alem\u00e1n aspira a colaborar con artistas de la talla de El Torito, Chayanne o Marco Antonio Sol\u00eds \u00abEl Buki\u00bb, as\u00ed como rendir homenaje p\u00f3stumo a figuras legendarias como Armando Manzanero y Juan Gabriel. Su consejo para los artistas emergentes es claro: \u00abNunca te rindas&#8230; Si no te rindes, llegar\u00e1s. Nunca es tarde para lograr nuestras metas si tienes fe\u00bb.<\/p>\n<p>Liz Alem\u00e1n cuenta con un \u00e1lbum previo titulado Emociones, el cual fue el primer trabajo en lanzarse antes de su sencillo \u00abYa No\u00bb. El \u00e1lbum incluye tres videos disponibles en YouTube. Toda la m\u00fasica es producida por Mala Fe y los estudios de \u00abMala Fe\u00bb. Liz Alem\u00e1n participa como cantante y compositora. Cuatro de las canciones de Emociones fueron escritas y compuestas por ella, mientras que Mala Fe colabor\u00f3 en la creaci\u00f3n de la m\u00fasica.<\/p>\n<p><img loading=\"lazy\" decoding=\"async\" class=\"alignnone size-medium wp-image-3872\" src=\"https:\/\/periodicocentroccidente.com\/wp-content\/uploads\/2025\/09\/IMG-20250924-WA0122-199x300.jpg\" alt=\"\" width=\"199\" height=\"300\" srcset=\"https:\/\/periodicocentroccidente.com\/wp-content\/uploads\/2025\/09\/IMG-20250924-WA0122-199x300.jpg 199w, https:\/\/periodicocentroccidente.com\/wp-content\/uploads\/2025\/09\/IMG-20250924-WA0122-680x1024.jpg 680w, https:\/\/periodicocentroccidente.com\/wp-content\/uploads\/2025\/09\/IMG-20250924-WA0122-768x1157.jpg 768w, https:\/\/periodicocentroccidente.com\/wp-content\/uploads\/2025\/09\/IMG-20250924-WA0122-1020x1536.jpg 1020w, https:\/\/periodicocentroccidente.com\/wp-content\/uploads\/2025\/09\/IMG-20250924-WA0122.jpg 1062w\" sizes=\"auto, (max-width: 199px) 100vw, 199px\" \/><\/p>\n","protected":false},"excerpt":{"rendered":"<p>lapuracrema.net La artista Liz Alem&aacute;n anuncia oficialmente el lanzamiento de su m&uacute;sica en colaboraci&oacute;n con la plataforma musical lapuracrema.net. Este lanzamiento presenta a una nueva voz en la balada latina, caracterizada por una poderosa y elegante interpretaci&oacute;n vocal, ya que sus temas han logrado una notable y r&aacute;pida acogida internacional. Liz Alem&aacute;n es una cantante &hellip;<\/p>\n","protected":false},"author":2,"featured_media":3871,"comment_status":"open","ping_status":"open","sticky":false,"template":"","format":"standard","meta":{"_jetpack_memberships_contains_paid_content":false,"footnotes":""},"categories":[129],"tags":[],"class_list":["post-3880","post","type-post","status-publish","format-standard","has-post-thumbnail","hentry","category-farandula"],"yoast_head":"<!-- This site is optimized with the Yoast SEO plugin v24.8.1 - https:\/\/yoast.com\/wordpress\/plugins\/seo\/ -->\n<title>Liz Alem\u00e1n: La Nueva Voz de la Balada Latina -<\/title>\n<meta name=\"robots\" content=\"index, follow, max-snippet:-1, max-image-preview:large, max-video-preview:-1\" \/>\n<link rel=\"canonical\" href=\"https:\/\/periodicocentroccidente.com\/?p=3880\" \/>\n<meta property=\"og:locale\" content=\"es_ES\" \/>\n<meta property=\"og:type\" content=\"article\" \/>\n<meta property=\"og:title\" content=\"Liz Alem\u00e1n: La Nueva Voz de la Balada Latina -\" \/>\n<meta property=\"og:description\" content=\"lapuracrema.net La artista Liz Alem&aacute;n anuncia oficialmente el lanzamiento de su m&uacute;sica en colaboraci&oacute;n con la plataforma musical lapuracrema.net. Este lanzamiento presenta a una nueva voz en la balada latina, caracterizada por una poderosa y elegante interpretaci&oacute;n vocal, ya que sus temas han logrado una notable y r&aacute;pida acogida internacional. Liz Alem&aacute;n es una cantante &hellip;\" \/>\n<meta property=\"og:url\" content=\"https:\/\/periodicocentroccidente.com\/?p=3880\" \/>\n<meta property=\"article:published_time\" content=\"2025-09-24T15:48:36+00:00\" \/>\n<meta property=\"og:image\" content=\"https:\/\/periodicocentroccidente.com\/wp-content\/uploads\/2025\/09\/IMG-20250924-WA0118.jpg\" \/>\n\t<meta property=\"og:image:width\" content=\"1600\" \/>\n\t<meta property=\"og:image:height\" content=\"1064\" \/>\n\t<meta property=\"og:image:type\" content=\"image\/jpeg\" \/>\n<meta name=\"author\" content=\"Ricardo\" \/>\n<meta name=\"twitter:card\" content=\"summary_large_image\" \/>\n<meta name=\"twitter:label1\" content=\"Escrito por\" \/>\n\t<meta name=\"twitter:data1\" content=\"Ricardo\" \/>\n\t<meta name=\"twitter:label2\" content=\"Tiempo de lectura\" \/>\n\t<meta name=\"twitter:data2\" content=\"4 minutos\" \/>\n<script type=\"application\/ld+json\" class=\"yoast-schema-graph\">{\"@context\":\"https:\/\/schema.org\",\"@graph\":[{\"@type\":\"WebPage\",\"@id\":\"https:\/\/periodicocentroccidente.com\/?p=3880\",\"url\":\"https:\/\/periodicocentroccidente.com\/?p=3880\",\"name\":\"Liz Alem\u00e1n: La Nueva Voz de la Balada Latina -\",\"isPartOf\":{\"@id\":\"https:\/\/periodicocentroccidente.com\/#website\"},\"primaryImageOfPage\":{\"@id\":\"https:\/\/periodicocentroccidente.com\/?p=3880#primaryimage\"},\"image\":{\"@id\":\"https:\/\/periodicocentroccidente.com\/?p=3880#primaryimage\"},\"thumbnailUrl\":\"https:\/\/periodicocentroccidente.com\/wp-content\/uploads\/2025\/09\/IMG-20250924-WA0118.jpg\",\"datePublished\":\"2025-09-24T15:48:36+00:00\",\"author\":{\"@id\":\"https:\/\/periodicocentroccidente.com\/#\/schema\/person\/f4e4a651098f3db198244657b7130e7e\"},\"breadcrumb\":{\"@id\":\"https:\/\/periodicocentroccidente.com\/?p=3880#breadcrumb\"},\"inLanguage\":\"es\",\"potentialAction\":[{\"@type\":\"ReadAction\",\"target\":[\"https:\/\/periodicocentroccidente.com\/?p=3880\"]}]},{\"@type\":\"ImageObject\",\"inLanguage\":\"es\",\"@id\":\"https:\/\/periodicocentroccidente.com\/?p=3880#primaryimage\",\"url\":\"https:\/\/periodicocentroccidente.com\/wp-content\/uploads\/2025\/09\/IMG-20250924-WA0118.jpg\",\"contentUrl\":\"https:\/\/periodicocentroccidente.com\/wp-content\/uploads\/2025\/09\/IMG-20250924-WA0118.jpg\",\"width\":1600,\"height\":1064},{\"@type\":\"BreadcrumbList\",\"@id\":\"https:\/\/periodicocentroccidente.com\/?p=3880#breadcrumb\",\"itemListElement\":[{\"@type\":\"ListItem\",\"position\":1,\"name\":\"Portada\",\"item\":\"https:\/\/periodicocentroccidente.com\/\"},{\"@type\":\"ListItem\",\"position\":2,\"name\":\"Liz Alem\u00e1n: La Nueva Voz de la Balada Latina\"}]},{\"@type\":\"WebSite\",\"@id\":\"https:\/\/periodicocentroccidente.com\/#website\",\"url\":\"https:\/\/periodicocentroccidente.com\/\",\"name\":\"\",\"description\":\"Periodismo serio y responsable\",\"potentialAction\":[{\"@type\":\"SearchAction\",\"target\":{\"@type\":\"EntryPoint\",\"urlTemplate\":\"https:\/\/periodicocentroccidente.com\/?s={search_term_string}\"},\"query-input\":{\"@type\":\"PropertyValueSpecification\",\"valueRequired\":true,\"valueName\":\"search_term_string\"}}],\"inLanguage\":\"es\"},{\"@type\":\"Person\",\"@id\":\"https:\/\/periodicocentroccidente.com\/#\/schema\/person\/f4e4a651098f3db198244657b7130e7e\",\"name\":\"Ricardo\",\"image\":{\"@type\":\"ImageObject\",\"inLanguage\":\"es\",\"@id\":\"https:\/\/periodicocentroccidente.com\/#\/schema\/person\/image\/\",\"url\":\"https:\/\/secure.gravatar.com\/avatar\/402e6137108ec0fdaa7809184382fb1dd2f8b00264c1d945d341f2b8f90db429?s=96&d=mm&r=g\",\"contentUrl\":\"https:\/\/secure.gravatar.com\/avatar\/402e6137108ec0fdaa7809184382fb1dd2f8b00264c1d945d341f2b8f90db429?s=96&d=mm&r=g\",\"caption\":\"Ricardo\"},\"url\":\"https:\/\/periodicocentroccidente.com\/?author=2\"}]}<\/script>\n<!-- \/ Yoast SEO plugin. -->","yoast_head_json":{"title":"Liz Alem\u00e1n: La Nueva Voz de la Balada Latina -","robots":{"index":"index","follow":"follow","max-snippet":"max-snippet:-1","max-image-preview":"max-image-preview:large","max-video-preview":"max-video-preview:-1"},"canonical":"https:\/\/periodicocentroccidente.com\/?p=3880","og_locale":"es_ES","og_type":"article","og_title":"Liz Alem\u00e1n: La Nueva Voz de la Balada Latina -","og_description":"lapuracrema.net La artista Liz Alem&aacute;n anuncia oficialmente el lanzamiento de su m&uacute;sica en colaboraci&oacute;n con la plataforma musical lapuracrema.net. Este lanzamiento presenta a una nueva voz en la balada latina, caracterizada por una poderosa y elegante interpretaci&oacute;n vocal, ya que sus temas han logrado una notable y r&aacute;pida acogida internacional. Liz Alem&aacute;n es una cantante &hellip;","og_url":"https:\/\/periodicocentroccidente.com\/?p=3880","article_published_time":"2025-09-24T15:48:36+00:00","og_image":[{"width":1600,"height":1064,"url":"https:\/\/periodicocentroccidente.com\/wp-content\/uploads\/2025\/09\/IMG-20250924-WA0118.jpg","type":"image\/jpeg"}],"author":"Ricardo","twitter_card":"summary_large_image","twitter_misc":{"Escrito por":"Ricardo","Tiempo de lectura":"4 minutos"},"schema":{"@context":"https:\/\/schema.org","@graph":[{"@type":"WebPage","@id":"https:\/\/periodicocentroccidente.com\/?p=3880","url":"https:\/\/periodicocentroccidente.com\/?p=3880","name":"Liz Alem\u00e1n: La Nueva Voz de la Balada Latina -","isPartOf":{"@id":"https:\/\/periodicocentroccidente.com\/#website"},"primaryImageOfPage":{"@id":"https:\/\/periodicocentroccidente.com\/?p=3880#primaryimage"},"image":{"@id":"https:\/\/periodicocentroccidente.com\/?p=3880#primaryimage"},"thumbnailUrl":"https:\/\/periodicocentroccidente.com\/wp-content\/uploads\/2025\/09\/IMG-20250924-WA0118.jpg","datePublished":"2025-09-24T15:48:36+00:00","author":{"@id":"https:\/\/periodicocentroccidente.com\/#\/schema\/person\/f4e4a651098f3db198244657b7130e7e"},"breadcrumb":{"@id":"https:\/\/periodicocentroccidente.com\/?p=3880#breadcrumb"},"inLanguage":"es","potentialAction":[{"@type":"ReadAction","target":["https:\/\/periodicocentroccidente.com\/?p=3880"]}]},{"@type":"ImageObject","inLanguage":"es","@id":"https:\/\/periodicocentroccidente.com\/?p=3880#primaryimage","url":"https:\/\/periodicocentroccidente.com\/wp-content\/uploads\/2025\/09\/IMG-20250924-WA0118.jpg","contentUrl":"https:\/\/periodicocentroccidente.com\/wp-content\/uploads\/2025\/09\/IMG-20250924-WA0118.jpg","width":1600,"height":1064},{"@type":"BreadcrumbList","@id":"https:\/\/periodicocentroccidente.com\/?p=3880#breadcrumb","itemListElement":[{"@type":"ListItem","position":1,"name":"Portada","item":"https:\/\/periodicocentroccidente.com\/"},{"@type":"ListItem","position":2,"name":"Liz Alem\u00e1n: La Nueva Voz de la Balada Latina"}]},{"@type":"WebSite","@id":"https:\/\/periodicocentroccidente.com\/#website","url":"https:\/\/periodicocentroccidente.com\/","name":"","description":"Periodismo serio y responsable","potentialAction":[{"@type":"SearchAction","target":{"@type":"EntryPoint","urlTemplate":"https:\/\/periodicocentroccidente.com\/?s={search_term_string}"},"query-input":{"@type":"PropertyValueSpecification","valueRequired":true,"valueName":"search_term_string"}}],"inLanguage":"es"},{"@type":"Person","@id":"https:\/\/periodicocentroccidente.com\/#\/schema\/person\/f4e4a651098f3db198244657b7130e7e","name":"Ricardo","image":{"@type":"ImageObject","inLanguage":"es","@id":"https:\/\/periodicocentroccidente.com\/#\/schema\/person\/image\/","url":"https:\/\/secure.gravatar.com\/avatar\/402e6137108ec0fdaa7809184382fb1dd2f8b00264c1d945d341f2b8f90db429?s=96&d=mm&r=g","contentUrl":"https:\/\/secure.gravatar.com\/avatar\/402e6137108ec0fdaa7809184382fb1dd2f8b00264c1d945d341f2b8f90db429?s=96&d=mm&r=g","caption":"Ricardo"},"url":"https:\/\/periodicocentroccidente.com\/?author=2"}]}},"jetpack_featured_media_url":"https:\/\/periodicocentroccidente.com\/wp-content\/uploads\/2025\/09\/IMG-20250924-WA0118.jpg","jetpack_sharing_enabled":true,"jetpack-related-posts":[],"_links":{"self":[{"href":"https:\/\/periodicocentroccidente.com\/index.php?rest_route=\/wp\/v2\/posts\/3880","targetHints":{"allow":["GET"]}}],"collection":[{"href":"https:\/\/periodicocentroccidente.com\/index.php?rest_route=\/wp\/v2\/posts"}],"about":[{"href":"https:\/\/periodicocentroccidente.com\/index.php?rest_route=\/wp\/v2\/types\/post"}],"author":[{"embeddable":true,"href":"https:\/\/periodicocentroccidente.com\/index.php?rest_route=\/wp\/v2\/users\/2"}],"replies":[{"embeddable":true,"href":"https:\/\/periodicocentroccidente.com\/index.php?rest_route=%2Fwp%2Fv2%2Fcomments&post=3880"}],"version-history":[{"count":1,"href":"https:\/\/periodicocentroccidente.com\/index.php?rest_route=\/wp\/v2\/posts\/3880\/revisions"}],"predecessor-version":[{"id":3881,"href":"https:\/\/periodicocentroccidente.com\/index.php?rest_route=\/wp\/v2\/posts\/3880\/revisions\/3881"}],"wp:featuredmedia":[{"embeddable":true,"href":"https:\/\/periodicocentroccidente.com\/index.php?rest_route=\/wp\/v2\/media\/3871"}],"wp:attachment":[{"href":"https:\/\/periodicocentroccidente.com\/index.php?rest_route=%2Fwp%2Fv2%2Fmedia&parent=3880"}],"wp:term":[{"taxonomy":"category","embeddable":true,"href":"https:\/\/periodicocentroccidente.com\/index.php?rest_route=%2Fwp%2Fv2%2Fcategories&post=3880"},{"taxonomy":"post_tag","embeddable":true,"href":"https:\/\/periodicocentroccidente.com\/index.php?rest_route=%2Fwp%2Fv2%2Ftags&post=3880"}],"curies":[{"name":"wp","href":"https:\/\/api.w.org\/{rel}","templated":true}]}}