{"id":3846,"date":"2025-09-23T18:01:23","date_gmt":"2025-09-23T18:01:23","guid":{"rendered":"https:\/\/periodicocentroccidente.com\/?p=3846"},"modified":"2025-09-23T18:01:23","modified_gmt":"2025-09-23T18:01:23","slug":"frente-campesinista-recibe-adiestramiento-en-la-gran-jornada-nacional-los-cuarteles-van-al-pueblo","status":"publish","type":"post","link":"https:\/\/periodicocentroccidente.com\/?p=3846","title":{"rendered":"Frente Campesinista recibe adiestramiento  en la Gran Jornada Nacional \u201cLos Cuarteles van al pueblo\u201d"},"content":{"rendered":"<div dir=\"auto\"><strong>(Especial).<\/strong><\/div>\n<div dir=\"auto\"><\/div>\n<div dir=\"auto\">Ante las amenazas\u00a0 por parte del gobierno de los Estados Unidos y sus pretensiones de violentar la soberan\u00eda e independencia de la Patria; desde el municipio Obispo Ramos de Lora del estado M\u00e9rida, se vivi\u00f3 con firmeza la gran jornada Nacional: \u201cLos Cuarteles van al Pueblo\u201d, donde m\u00e1s 800 campesinos, campesinas y comuneros del predio La Jamaica, sector Gavilanes se sumaron al adiestramiento t\u00e1ctico en defensa de la naci\u00f3n.<\/div>\n<div dir=\"auto\"><\/div>\n<div dir=\"auto\">El despliegue es una convocatoria hecha por el Presidente Constitucional de la Rep\u00fablica Nicol\u00e1s Maduro Moros, junto a la Fuerza Armada Nacional Bolivariana (FANB). En el municipio Obispo Ramos de Lora, fue encabezada por el Gobernador de M\u00e9rida, Arnaldo S\u00e1nchez, la alcaldesa Yanetzy Urbina, el General de Divisi\u00f3n Bencir Guerrero Ochoa, Comandante de la Zona Operativa de Defensa Integral (ZODI \u2013M\u00e9rida), y la Milicia Nacional Bolivariana.<\/div>\n<div dir=\"auto\"><\/div>\n<div dir=\"auto\">El Gobernador de la entidad, destac\u00f3 el \u00e9xito del despliegue organizativo del pueblo campesino indicando que hoy est\u00e1n m\u00e1s firmes que nunca en perfecta Uni\u00f3n c\u00edvico Militar, Policial y Popular: \u201cel esp\u00edritu de Zamora, Bol\u00edvar y Ch\u00e1vez, est\u00e1n entre nuestros campesinos y campesinas que se\u00a0 forman para defender la Patria.\u201d Expres\u00f3.<\/div>\n<div dir=\"auto\">Por su parte la alcaldesa Yanetzy Urbina y l\u00edder campesinista nacional, indic\u00f3 que los campesinos, campesinas y comuneros: \u201cestamos armados y preparados para defender la patria,\u201d declar\u00f3 desde el predio La Jamaica, sector Gavilanes, del referido municipio panamericano, donde fue instalada de la Unidad Comunal Militar.<\/div>\n<div dir=\"auto\"><\/div>\n<div dir=\"auto\"><img loading=\"lazy\" decoding=\"async\" class=\"alignnone size-medium wp-image-3848\" src=\"https:\/\/periodicocentroccidente.com\/wp-content\/uploads\/2025\/09\/IMG-20250921-WA0667-300x169.jpg\" alt=\"\" width=\"300\" height=\"169\" srcset=\"https:\/\/periodicocentroccidente.com\/wp-content\/uploads\/2025\/09\/IMG-20250921-WA0667-300x169.jpg 300w, https:\/\/periodicocentroccidente.com\/wp-content\/uploads\/2025\/09\/IMG-20250921-WA0667-1024x576.jpg 1024w, https:\/\/periodicocentroccidente.com\/wp-content\/uploads\/2025\/09\/IMG-20250921-WA0667-768x432.jpg 768w, https:\/\/periodicocentroccidente.com\/wp-content\/uploads\/2025\/09\/IMG-20250921-WA0667-390x220.jpg 390w, https:\/\/periodicocentroccidente.com\/wp-content\/uploads\/2025\/09\/IMG-20250921-WA0667.jpg 1280w\" sizes=\"auto, (max-width: 300px) 100vw, 300px\" \/><\/div>\n","protected":false},"excerpt":{"rendered":"<p>(Especial). Ante las amenazas&nbsp; por parte del gobierno de los Estados Unidos y sus pretensiones de violentar la soberan&iacute;a e independencia de la Patria; desde el municipio Obispo Ramos de Lora del estado M&eacute;rida, se vivi&oacute; con firmeza la gran jornada Nacional: &ldquo;Los Cuarteles van al Pueblo&rdquo;, donde m&aacute;s 800 campesinos, campesinas y comuneros del &hellip;<\/p>\n","protected":false},"author":2,"featured_media":3847,"comment_status":"open","ping_status":"open","sticky":false,"template":"","format":"standard","meta":{"_jetpack_memberships_contains_paid_content":false,"footnotes":""},"categories":[127],"tags":[],"class_list":["post-3846","post","type-post","status-publish","format-standard","has-post-thumbnail","hentry","category-noticias-recientes"],"yoast_head":"<!-- This site is optimized with the Yoast SEO plugin v24.8.1 - https:\/\/yoast.com\/wordpress\/plugins\/seo\/ -->\n<title>Frente Campesinista recibe adiestramiento en la Gran Jornada Nacional \u201cLos Cuarteles van al pueblo\u201d -<\/title>\n<meta name=\"robots\" content=\"index, follow, max-snippet:-1, max-image-preview:large, max-video-preview:-1\" \/>\n<link rel=\"canonical\" href=\"https:\/\/periodicocentroccidente.com\/?p=3846\" \/>\n<meta property=\"og:locale\" content=\"es_ES\" \/>\n<meta property=\"og:type\" content=\"article\" \/>\n<meta property=\"og:title\" content=\"Frente Campesinista recibe adiestramiento en la Gran Jornada Nacional \u201cLos Cuarteles van al pueblo\u201d -\" \/>\n<meta property=\"og:description\" content=\"(Especial). Ante las amenazas&nbsp; por parte del gobierno de los Estados Unidos y sus pretensiones de violentar la soberan&iacute;a e independencia de la Patria; desde el municipio Obispo Ramos de Lora del estado M&eacute;rida, se vivi&oacute; con firmeza la gran jornada Nacional: &ldquo;Los Cuarteles van al Pueblo&rdquo;, donde m&aacute;s 800 campesinos, campesinas y comuneros del &hellip;\" \/>\n<meta property=\"og:url\" content=\"https:\/\/periodicocentroccidente.com\/?p=3846\" \/>\n<meta property=\"article:published_time\" content=\"2025-09-23T18:01:23+00:00\" \/>\n<meta property=\"og:image\" content=\"https:\/\/periodicocentroccidente.com\/wp-content\/uploads\/2025\/09\/IMG-20250921-WA0668.jpg\" \/>\n\t<meta property=\"og:image:width\" content=\"1280\" \/>\n\t<meta property=\"og:image:height\" content=\"720\" \/>\n\t<meta property=\"og:image:type\" content=\"image\/jpeg\" \/>\n<meta name=\"author\" content=\"Ricardo\" \/>\n<meta name=\"twitter:card\" content=\"summary_large_image\" \/>\n<meta name=\"twitter:label1\" content=\"Escrito por\" \/>\n\t<meta name=\"twitter:data1\" content=\"Ricardo\" \/>\n\t<meta name=\"twitter:label2\" content=\"Tiempo de lectura\" \/>\n\t<meta name=\"twitter:data2\" content=\"2 minutos\" \/>\n<script type=\"application\/ld+json\" class=\"yoast-schema-graph\">{\"@context\":\"https:\/\/schema.org\",\"@graph\":[{\"@type\":\"WebPage\",\"@id\":\"https:\/\/periodicocentroccidente.com\/?p=3846\",\"url\":\"https:\/\/periodicocentroccidente.com\/?p=3846\",\"name\":\"Frente Campesinista recibe adiestramiento en la Gran Jornada Nacional \u201cLos Cuarteles van al pueblo\u201d -\",\"isPartOf\":{\"@id\":\"https:\/\/periodicocentroccidente.com\/#website\"},\"primaryImageOfPage\":{\"@id\":\"https:\/\/periodicocentroccidente.com\/?p=3846#primaryimage\"},\"image\":{\"@id\":\"https:\/\/periodicocentroccidente.com\/?p=3846#primaryimage\"},\"thumbnailUrl\":\"https:\/\/periodicocentroccidente.com\/wp-content\/uploads\/2025\/09\/IMG-20250921-WA0668.jpg\",\"datePublished\":\"2025-09-23T18:01:23+00:00\",\"author\":{\"@id\":\"https:\/\/periodicocentroccidente.com\/#\/schema\/person\/f4e4a651098f3db198244657b7130e7e\"},\"breadcrumb\":{\"@id\":\"https:\/\/periodicocentroccidente.com\/?p=3846#breadcrumb\"},\"inLanguage\":\"es\",\"potentialAction\":[{\"@type\":\"ReadAction\",\"target\":[\"https:\/\/periodicocentroccidente.com\/?p=3846\"]}]},{\"@type\":\"ImageObject\",\"inLanguage\":\"es\",\"@id\":\"https:\/\/periodicocentroccidente.com\/?p=3846#primaryimage\",\"url\":\"https:\/\/periodicocentroccidente.com\/wp-content\/uploads\/2025\/09\/IMG-20250921-WA0668.jpg\",\"contentUrl\":\"https:\/\/periodicocentroccidente.com\/wp-content\/uploads\/2025\/09\/IMG-20250921-WA0668.jpg\",\"width\":1280,\"height\":720},{\"@type\":\"BreadcrumbList\",\"@id\":\"https:\/\/periodicocentroccidente.com\/?p=3846#breadcrumb\",\"itemListElement\":[{\"@type\":\"ListItem\",\"position\":1,\"name\":\"Portada\",\"item\":\"https:\/\/periodicocentroccidente.com\/\"},{\"@type\":\"ListItem\",\"position\":2,\"name\":\"Frente Campesinista recibe adiestramiento en la Gran Jornada Nacional \u201cLos Cuarteles van al pueblo\u201d\"}]},{\"@type\":\"WebSite\",\"@id\":\"https:\/\/periodicocentroccidente.com\/#website\",\"url\":\"https:\/\/periodicocentroccidente.com\/\",\"name\":\"\",\"description\":\"Periodismo serio y responsable\",\"potentialAction\":[{\"@type\":\"SearchAction\",\"target\":{\"@type\":\"EntryPoint\",\"urlTemplate\":\"https:\/\/periodicocentroccidente.com\/?s={search_term_string}\"},\"query-input\":{\"@type\":\"PropertyValueSpecification\",\"valueRequired\":true,\"valueName\":\"search_term_string\"}}],\"inLanguage\":\"es\"},{\"@type\":\"Person\",\"@id\":\"https:\/\/periodicocentroccidente.com\/#\/schema\/person\/f4e4a651098f3db198244657b7130e7e\",\"name\":\"Ricardo\",\"image\":{\"@type\":\"ImageObject\",\"inLanguage\":\"es\",\"@id\":\"https:\/\/periodicocentroccidente.com\/#\/schema\/person\/image\/\",\"url\":\"https:\/\/secure.gravatar.com\/avatar\/402e6137108ec0fdaa7809184382fb1dd2f8b00264c1d945d341f2b8f90db429?s=96&d=mm&r=g\",\"contentUrl\":\"https:\/\/secure.gravatar.com\/avatar\/402e6137108ec0fdaa7809184382fb1dd2f8b00264c1d945d341f2b8f90db429?s=96&d=mm&r=g\",\"caption\":\"Ricardo\"},\"url\":\"https:\/\/periodicocentroccidente.com\/?author=2\"}]}<\/script>\n<!-- \/ Yoast SEO plugin. -->","yoast_head_json":{"title":"Frente Campesinista recibe adiestramiento en la Gran Jornada Nacional \u201cLos Cuarteles van al pueblo\u201d -","robots":{"index":"index","follow":"follow","max-snippet":"max-snippet:-1","max-image-preview":"max-image-preview:large","max-video-preview":"max-video-preview:-1"},"canonical":"https:\/\/periodicocentroccidente.com\/?p=3846","og_locale":"es_ES","og_type":"article","og_title":"Frente Campesinista recibe adiestramiento en la Gran Jornada Nacional \u201cLos Cuarteles van al pueblo\u201d -","og_description":"(Especial). Ante las amenazas&nbsp; por parte del gobierno de los Estados Unidos y sus pretensiones de violentar la soberan&iacute;a e independencia de la Patria; desde el municipio Obispo Ramos de Lora del estado M&eacute;rida, se vivi&oacute; con firmeza la gran jornada Nacional: &ldquo;Los Cuarteles van al Pueblo&rdquo;, donde m&aacute;s 800 campesinos, campesinas y comuneros del &hellip;","og_url":"https:\/\/periodicocentroccidente.com\/?p=3846","article_published_time":"2025-09-23T18:01:23+00:00","og_image":[{"width":1280,"height":720,"url":"https:\/\/periodicocentroccidente.com\/wp-content\/uploads\/2025\/09\/IMG-20250921-WA0668.jpg","type":"image\/jpeg"}],"author":"Ricardo","twitter_card":"summary_large_image","twitter_misc":{"Escrito por":"Ricardo","Tiempo de lectura":"2 minutos"},"schema":{"@context":"https:\/\/schema.org","@graph":[{"@type":"WebPage","@id":"https:\/\/periodicocentroccidente.com\/?p=3846","url":"https:\/\/periodicocentroccidente.com\/?p=3846","name":"Frente Campesinista recibe adiestramiento en la Gran Jornada Nacional \u201cLos Cuarteles van al pueblo\u201d -","isPartOf":{"@id":"https:\/\/periodicocentroccidente.com\/#website"},"primaryImageOfPage":{"@id":"https:\/\/periodicocentroccidente.com\/?p=3846#primaryimage"},"image":{"@id":"https:\/\/periodicocentroccidente.com\/?p=3846#primaryimage"},"thumbnailUrl":"https:\/\/periodicocentroccidente.com\/wp-content\/uploads\/2025\/09\/IMG-20250921-WA0668.jpg","datePublished":"2025-09-23T18:01:23+00:00","author":{"@id":"https:\/\/periodicocentroccidente.com\/#\/schema\/person\/f4e4a651098f3db198244657b7130e7e"},"breadcrumb":{"@id":"https:\/\/periodicocentroccidente.com\/?p=3846#breadcrumb"},"inLanguage":"es","potentialAction":[{"@type":"ReadAction","target":["https:\/\/periodicocentroccidente.com\/?p=3846"]}]},{"@type":"ImageObject","inLanguage":"es","@id":"https:\/\/periodicocentroccidente.com\/?p=3846#primaryimage","url":"https:\/\/periodicocentroccidente.com\/wp-content\/uploads\/2025\/09\/IMG-20250921-WA0668.jpg","contentUrl":"https:\/\/periodicocentroccidente.com\/wp-content\/uploads\/2025\/09\/IMG-20250921-WA0668.jpg","width":1280,"height":720},{"@type":"BreadcrumbList","@id":"https:\/\/periodicocentroccidente.com\/?p=3846#breadcrumb","itemListElement":[{"@type":"ListItem","position":1,"name":"Portada","item":"https:\/\/periodicocentroccidente.com\/"},{"@type":"ListItem","position":2,"name":"Frente Campesinista recibe adiestramiento en la Gran Jornada Nacional \u201cLos Cuarteles van al pueblo\u201d"}]},{"@type":"WebSite","@id":"https:\/\/periodicocentroccidente.com\/#website","url":"https:\/\/periodicocentroccidente.com\/","name":"","description":"Periodismo serio y responsable","potentialAction":[{"@type":"SearchAction","target":{"@type":"EntryPoint","urlTemplate":"https:\/\/periodicocentroccidente.com\/?s={search_term_string}"},"query-input":{"@type":"PropertyValueSpecification","valueRequired":true,"valueName":"search_term_string"}}],"inLanguage":"es"},{"@type":"Person","@id":"https:\/\/periodicocentroccidente.com\/#\/schema\/person\/f4e4a651098f3db198244657b7130e7e","name":"Ricardo","image":{"@type":"ImageObject","inLanguage":"es","@id":"https:\/\/periodicocentroccidente.com\/#\/schema\/person\/image\/","url":"https:\/\/secure.gravatar.com\/avatar\/402e6137108ec0fdaa7809184382fb1dd2f8b00264c1d945d341f2b8f90db429?s=96&d=mm&r=g","contentUrl":"https:\/\/secure.gravatar.com\/avatar\/402e6137108ec0fdaa7809184382fb1dd2f8b00264c1d945d341f2b8f90db429?s=96&d=mm&r=g","caption":"Ricardo"},"url":"https:\/\/periodicocentroccidente.com\/?author=2"}]}},"jetpack_featured_media_url":"https:\/\/periodicocentroccidente.com\/wp-content\/uploads\/2025\/09\/IMG-20250921-WA0668.jpg","jetpack_sharing_enabled":true,"jetpack-related-posts":[],"_links":{"self":[{"href":"https:\/\/periodicocentroccidente.com\/index.php?rest_route=\/wp\/v2\/posts\/3846","targetHints":{"allow":["GET"]}}],"collection":[{"href":"https:\/\/periodicocentroccidente.com\/index.php?rest_route=\/wp\/v2\/posts"}],"about":[{"href":"https:\/\/periodicocentroccidente.com\/index.php?rest_route=\/wp\/v2\/types\/post"}],"author":[{"embeddable":true,"href":"https:\/\/periodicocentroccidente.com\/index.php?rest_route=\/wp\/v2\/users\/2"}],"replies":[{"embeddable":true,"href":"https:\/\/periodicocentroccidente.com\/index.php?rest_route=%2Fwp%2Fv2%2Fcomments&post=3846"}],"version-history":[{"count":1,"href":"https:\/\/periodicocentroccidente.com\/index.php?rest_route=\/wp\/v2\/posts\/3846\/revisions"}],"predecessor-version":[{"id":3849,"href":"https:\/\/periodicocentroccidente.com\/index.php?rest_route=\/wp\/v2\/posts\/3846\/revisions\/3849"}],"wp:featuredmedia":[{"embeddable":true,"href":"https:\/\/periodicocentroccidente.com\/index.php?rest_route=\/wp\/v2\/media\/3847"}],"wp:attachment":[{"href":"https:\/\/periodicocentroccidente.com\/index.php?rest_route=%2Fwp%2Fv2%2Fmedia&parent=3846"}],"wp:term":[{"taxonomy":"category","embeddable":true,"href":"https:\/\/periodicocentroccidente.com\/index.php?rest_route=%2Fwp%2Fv2%2Fcategories&post=3846"},{"taxonomy":"post_tag","embeddable":true,"href":"https:\/\/periodicocentroccidente.com\/index.php?rest_route=%2Fwp%2Fv2%2Ftags&post=3846"}],"curies":[{"name":"wp","href":"https:\/\/api.w.org\/{rel}","templated":true}]}}