{"id":3783,"date":"2025-09-18T18:59:45","date_gmt":"2025-09-18T18:59:45","guid":{"rendered":"https:\/\/periodicocentroccidente.com\/?p=3783"},"modified":"2025-09-18T18:59:45","modified_gmt":"2025-09-18T18:59:45","slug":"fuerzas-armadas-y-policiales-despliegan-operativo-integral-de-seguridad","status":"publish","type":"post","link":"https:\/\/periodicocentroccidente.com\/?p=3783","title":{"rendered":"Fuerzas armadas y policiales despliegan operativo integral de seguridad"},"content":{"rendered":"<p><strong>Especial.-<\/strong><\/p>\n<p>Bajo un marco de coordinaci\u00f3n interinstitucional y siguendo las instruciones del comandante en jefe de la las Fuerza Armada Nacional Bolivarianas (FANB), Nicol\u00e1s Maduro, funcionarios del cuerpo castrense y cuerpos policiales del estado Portuguesa iniciaron un operativo integral de seguridad desde el Aeropuerto Batalla de Araure, con el objetivo de fortalecer la protecci\u00f3n ciudadana, la estabilidad y la paz en la regi\u00f3n.<\/p>\n<p>Gracias a la gesti\u00f3n del gobernador, Primitivo Cede\u00f1o, el despliegue abarca puntos estrat\u00e9gicos de Portuguesa, prioriza la vigilancia proactiva y la disuasi\u00f3n de actividades d\u00ealict\u00efvas, asegurando la tranquilidad de miles de familias y el resguardo de infraestructuras cr\u00edticas. Esta acci\u00f3n se enmarca en los lineamientos del Gobierno Nacional para mantener la soberan\u00eda y integridad del territorio ante cualquier am\u00ean\u00e2za externa o interna.<\/p>\n<p>Durante el operativo, se destac\u00f3 la articulaci\u00f3n entre instituciones de seguridad, con equipos especializados y tecnolog\u00eda de punta para el monitoreo en tiempo real. Autoridades regionales reiteraron su compromiso con la defensa de la paz y la soberan\u00eda, alineados con la uni\u00f3n c\u00edvico-militar-policial promovida por el presidente Nicol\u00e1s Maduro.<\/p>\n<p>Portuguesa mantiene una postura firme en defensa de la soberan\u00eda del pa\u00eds, promoviendo iniciativas de seguridad ciudadana y resistencia activa ante escenarios de agr\u00easi\u00f3n externa. Operativos como este refuerzan la capacidad del Estado para responder a desaf\u00edos de seguridad con profesionalismo y respeto a los derechos humanos.<\/p>\n<p>Noticias24hrs\/ Con informaci\u00f3n de: Gobernaci\u00f3n de Portuguesa<\/p>\n<p><img loading=\"lazy\" decoding=\"async\" class=\"alignnone size-medium wp-image-3784\" src=\"https:\/\/periodicocentroccidente.com\/wp-content\/uploads\/2025\/09\/Screenshot_20250911-134525-196x300.jpg\" alt=\"\" width=\"196\" height=\"300\" srcset=\"https:\/\/periodicocentroccidente.com\/wp-content\/uploads\/2025\/09\/Screenshot_20250911-134525-196x300.jpg 196w, https:\/\/periodicocentroccidente.com\/wp-content\/uploads\/2025\/09\/Screenshot_20250911-134525-667x1024.jpg 667w, https:\/\/periodicocentroccidente.com\/wp-content\/uploads\/2025\/09\/Screenshot_20250911-134525-768x1178.jpg 768w, https:\/\/periodicocentroccidente.com\/wp-content\/uploads\/2025\/09\/Screenshot_20250911-134525-1001x1536.jpg 1001w, https:\/\/periodicocentroccidente.com\/wp-content\/uploads\/2025\/09\/Screenshot_20250911-134525.jpg 1080w\" sizes=\"auto, (max-width: 196px) 100vw, 196px\" \/><\/p>\n<p><em>Portuguesa mantiene una postura firme en defensa de la soberan\u00eda del pa\u00eds<\/em><\/p>\n","protected":false},"excerpt":{"rendered":"<p>Especial.- Bajo un marco de coordinaci&oacute;n interinstitucional y siguendo las instruciones del comandante en jefe de la las Fuerza Armada Nacional Bolivarianas (FANB), Nicol&aacute;s Maduro, funcionarios del cuerpo castrense y cuerpos policiales del estado Portuguesa iniciaron un operativo integral de seguridad desde el Aeropuerto Batalla de Araure, con el objetivo de fortalecer la protecci&oacute;n ciudadana, &hellip;<\/p>\n","protected":false},"author":2,"featured_media":3785,"comment_status":"open","ping_status":"open","sticky":false,"template":"","format":"standard","meta":{"_jetpack_memberships_contains_paid_content":false,"footnotes":""},"categories":[127],"tags":[],"class_list":["post-3783","post","type-post","status-publish","format-standard","has-post-thumbnail","hentry","category-noticias-recientes"],"yoast_head":"<!-- This site is optimized with the Yoast SEO plugin v24.8.1 - https:\/\/yoast.com\/wordpress\/plugins\/seo\/ -->\n<title>Fuerzas armadas y policiales despliegan operativo integral de seguridad -<\/title>\n<meta name=\"robots\" content=\"index, follow, max-snippet:-1, max-image-preview:large, max-video-preview:-1\" \/>\n<link rel=\"canonical\" href=\"https:\/\/periodicocentroccidente.com\/?p=3783\" \/>\n<meta property=\"og:locale\" content=\"es_ES\" \/>\n<meta property=\"og:type\" content=\"article\" \/>\n<meta property=\"og:title\" content=\"Fuerzas armadas y policiales despliegan operativo integral de seguridad -\" \/>\n<meta property=\"og:description\" content=\"Especial.- Bajo un marco de coordinaci&oacute;n interinstitucional y siguendo las instruciones del comandante en jefe de la las Fuerza Armada Nacional Bolivarianas (FANB), Nicol&aacute;s Maduro, funcionarios del cuerpo castrense y cuerpos policiales del estado Portuguesa iniciaron un operativo integral de seguridad desde el Aeropuerto Batalla de Araure, con el objetivo de fortalecer la protecci&oacute;n ciudadana, &hellip;\" \/>\n<meta property=\"og:url\" content=\"https:\/\/periodicocentroccidente.com\/?p=3783\" \/>\n<meta property=\"article:published_time\" content=\"2025-09-18T18:59:45+00:00\" \/>\n<meta property=\"og:image\" content=\"https:\/\/periodicocentroccidente.com\/wp-content\/uploads\/2025\/09\/IMG_20250911_170451_438.jpg\" \/>\n\t<meta property=\"og:image:width\" content=\"1280\" \/>\n\t<meta property=\"og:image:height\" content=\"718\" \/>\n\t<meta property=\"og:image:type\" content=\"image\/jpeg\" \/>\n<meta name=\"author\" content=\"Ricardo\" \/>\n<meta name=\"twitter:card\" content=\"summary_large_image\" \/>\n<meta name=\"twitter:label1\" content=\"Escrito por\" \/>\n\t<meta name=\"twitter:data1\" content=\"Ricardo\" \/>\n\t<meta name=\"twitter:label2\" content=\"Tiempo de lectura\" \/>\n\t<meta name=\"twitter:data2\" content=\"2 minutos\" \/>\n<script type=\"application\/ld+json\" class=\"yoast-schema-graph\">{\"@context\":\"https:\/\/schema.org\",\"@graph\":[{\"@type\":\"WebPage\",\"@id\":\"https:\/\/periodicocentroccidente.com\/?p=3783\",\"url\":\"https:\/\/periodicocentroccidente.com\/?p=3783\",\"name\":\"Fuerzas armadas y policiales despliegan operativo integral de seguridad -\",\"isPartOf\":{\"@id\":\"https:\/\/periodicocentroccidente.com\/#website\"},\"primaryImageOfPage\":{\"@id\":\"https:\/\/periodicocentroccidente.com\/?p=3783#primaryimage\"},\"image\":{\"@id\":\"https:\/\/periodicocentroccidente.com\/?p=3783#primaryimage\"},\"thumbnailUrl\":\"https:\/\/periodicocentroccidente.com\/wp-content\/uploads\/2025\/09\/IMG_20250911_170451_438.jpg\",\"datePublished\":\"2025-09-18T18:59:45+00:00\",\"author\":{\"@id\":\"https:\/\/periodicocentroccidente.com\/#\/schema\/person\/f4e4a651098f3db198244657b7130e7e\"},\"breadcrumb\":{\"@id\":\"https:\/\/periodicocentroccidente.com\/?p=3783#breadcrumb\"},\"inLanguage\":\"es\",\"potentialAction\":[{\"@type\":\"ReadAction\",\"target\":[\"https:\/\/periodicocentroccidente.com\/?p=3783\"]}]},{\"@type\":\"ImageObject\",\"inLanguage\":\"es\",\"@id\":\"https:\/\/periodicocentroccidente.com\/?p=3783#primaryimage\",\"url\":\"https:\/\/periodicocentroccidente.com\/wp-content\/uploads\/2025\/09\/IMG_20250911_170451_438.jpg\",\"contentUrl\":\"https:\/\/periodicocentroccidente.com\/wp-content\/uploads\/2025\/09\/IMG_20250911_170451_438.jpg\",\"width\":1280,\"height\":718},{\"@type\":\"BreadcrumbList\",\"@id\":\"https:\/\/periodicocentroccidente.com\/?p=3783#breadcrumb\",\"itemListElement\":[{\"@type\":\"ListItem\",\"position\":1,\"name\":\"Portada\",\"item\":\"https:\/\/periodicocentroccidente.com\/\"},{\"@type\":\"ListItem\",\"position\":2,\"name\":\"Fuerzas armadas y policiales despliegan operativo integral de seguridad\"}]},{\"@type\":\"WebSite\",\"@id\":\"https:\/\/periodicocentroccidente.com\/#website\",\"url\":\"https:\/\/periodicocentroccidente.com\/\",\"name\":\"\",\"description\":\"Periodismo serio y responsable\",\"potentialAction\":[{\"@type\":\"SearchAction\",\"target\":{\"@type\":\"EntryPoint\",\"urlTemplate\":\"https:\/\/periodicocentroccidente.com\/?s={search_term_string}\"},\"query-input\":{\"@type\":\"PropertyValueSpecification\",\"valueRequired\":true,\"valueName\":\"search_term_string\"}}],\"inLanguage\":\"es\"},{\"@type\":\"Person\",\"@id\":\"https:\/\/periodicocentroccidente.com\/#\/schema\/person\/f4e4a651098f3db198244657b7130e7e\",\"name\":\"Ricardo\",\"image\":{\"@type\":\"ImageObject\",\"inLanguage\":\"es\",\"@id\":\"https:\/\/periodicocentroccidente.com\/#\/schema\/person\/image\/\",\"url\":\"https:\/\/secure.gravatar.com\/avatar\/402e6137108ec0fdaa7809184382fb1dd2f8b00264c1d945d341f2b8f90db429?s=96&d=mm&r=g\",\"contentUrl\":\"https:\/\/secure.gravatar.com\/avatar\/402e6137108ec0fdaa7809184382fb1dd2f8b00264c1d945d341f2b8f90db429?s=96&d=mm&r=g\",\"caption\":\"Ricardo\"},\"url\":\"https:\/\/periodicocentroccidente.com\/?author=2\"}]}<\/script>\n<!-- \/ Yoast SEO plugin. -->","yoast_head_json":{"title":"Fuerzas armadas y policiales despliegan operativo integral de seguridad -","robots":{"index":"index","follow":"follow","max-snippet":"max-snippet:-1","max-image-preview":"max-image-preview:large","max-video-preview":"max-video-preview:-1"},"canonical":"https:\/\/periodicocentroccidente.com\/?p=3783","og_locale":"es_ES","og_type":"article","og_title":"Fuerzas armadas y policiales despliegan operativo integral de seguridad -","og_description":"Especial.- Bajo un marco de coordinaci&oacute;n interinstitucional y siguendo las instruciones del comandante en jefe de la las Fuerza Armada Nacional Bolivarianas (FANB), Nicol&aacute;s Maduro, funcionarios del cuerpo castrense y cuerpos policiales del estado Portuguesa iniciaron un operativo integral de seguridad desde el Aeropuerto Batalla de Araure, con el objetivo de fortalecer la protecci&oacute;n ciudadana, &hellip;","og_url":"https:\/\/periodicocentroccidente.com\/?p=3783","article_published_time":"2025-09-18T18:59:45+00:00","og_image":[{"width":1280,"height":718,"url":"https:\/\/periodicocentroccidente.com\/wp-content\/uploads\/2025\/09\/IMG_20250911_170451_438.jpg","type":"image\/jpeg"}],"author":"Ricardo","twitter_card":"summary_large_image","twitter_misc":{"Escrito por":"Ricardo","Tiempo de lectura":"2 minutos"},"schema":{"@context":"https:\/\/schema.org","@graph":[{"@type":"WebPage","@id":"https:\/\/periodicocentroccidente.com\/?p=3783","url":"https:\/\/periodicocentroccidente.com\/?p=3783","name":"Fuerzas armadas y policiales despliegan operativo integral de seguridad -","isPartOf":{"@id":"https:\/\/periodicocentroccidente.com\/#website"},"primaryImageOfPage":{"@id":"https:\/\/periodicocentroccidente.com\/?p=3783#primaryimage"},"image":{"@id":"https:\/\/periodicocentroccidente.com\/?p=3783#primaryimage"},"thumbnailUrl":"https:\/\/periodicocentroccidente.com\/wp-content\/uploads\/2025\/09\/IMG_20250911_170451_438.jpg","datePublished":"2025-09-18T18:59:45+00:00","author":{"@id":"https:\/\/periodicocentroccidente.com\/#\/schema\/person\/f4e4a651098f3db198244657b7130e7e"},"breadcrumb":{"@id":"https:\/\/periodicocentroccidente.com\/?p=3783#breadcrumb"},"inLanguage":"es","potentialAction":[{"@type":"ReadAction","target":["https:\/\/periodicocentroccidente.com\/?p=3783"]}]},{"@type":"ImageObject","inLanguage":"es","@id":"https:\/\/periodicocentroccidente.com\/?p=3783#primaryimage","url":"https:\/\/periodicocentroccidente.com\/wp-content\/uploads\/2025\/09\/IMG_20250911_170451_438.jpg","contentUrl":"https:\/\/periodicocentroccidente.com\/wp-content\/uploads\/2025\/09\/IMG_20250911_170451_438.jpg","width":1280,"height":718},{"@type":"BreadcrumbList","@id":"https:\/\/periodicocentroccidente.com\/?p=3783#breadcrumb","itemListElement":[{"@type":"ListItem","position":1,"name":"Portada","item":"https:\/\/periodicocentroccidente.com\/"},{"@type":"ListItem","position":2,"name":"Fuerzas armadas y policiales despliegan operativo integral de seguridad"}]},{"@type":"WebSite","@id":"https:\/\/periodicocentroccidente.com\/#website","url":"https:\/\/periodicocentroccidente.com\/","name":"","description":"Periodismo serio y responsable","potentialAction":[{"@type":"SearchAction","target":{"@type":"EntryPoint","urlTemplate":"https:\/\/periodicocentroccidente.com\/?s={search_term_string}"},"query-input":{"@type":"PropertyValueSpecification","valueRequired":true,"valueName":"search_term_string"}}],"inLanguage":"es"},{"@type":"Person","@id":"https:\/\/periodicocentroccidente.com\/#\/schema\/person\/f4e4a651098f3db198244657b7130e7e","name":"Ricardo","image":{"@type":"ImageObject","inLanguage":"es","@id":"https:\/\/periodicocentroccidente.com\/#\/schema\/person\/image\/","url":"https:\/\/secure.gravatar.com\/avatar\/402e6137108ec0fdaa7809184382fb1dd2f8b00264c1d945d341f2b8f90db429?s=96&d=mm&r=g","contentUrl":"https:\/\/secure.gravatar.com\/avatar\/402e6137108ec0fdaa7809184382fb1dd2f8b00264c1d945d341f2b8f90db429?s=96&d=mm&r=g","caption":"Ricardo"},"url":"https:\/\/periodicocentroccidente.com\/?author=2"}]}},"jetpack_featured_media_url":"https:\/\/periodicocentroccidente.com\/wp-content\/uploads\/2025\/09\/IMG_20250911_170451_438.jpg","jetpack_sharing_enabled":true,"jetpack-related-posts":[],"_links":{"self":[{"href":"https:\/\/periodicocentroccidente.com\/index.php?rest_route=\/wp\/v2\/posts\/3783","targetHints":{"allow":["GET"]}}],"collection":[{"href":"https:\/\/periodicocentroccidente.com\/index.php?rest_route=\/wp\/v2\/posts"}],"about":[{"href":"https:\/\/periodicocentroccidente.com\/index.php?rest_route=\/wp\/v2\/types\/post"}],"author":[{"embeddable":true,"href":"https:\/\/periodicocentroccidente.com\/index.php?rest_route=\/wp\/v2\/users\/2"}],"replies":[{"embeddable":true,"href":"https:\/\/periodicocentroccidente.com\/index.php?rest_route=%2Fwp%2Fv2%2Fcomments&post=3783"}],"version-history":[{"count":1,"href":"https:\/\/periodicocentroccidente.com\/index.php?rest_route=\/wp\/v2\/posts\/3783\/revisions"}],"predecessor-version":[{"id":3786,"href":"https:\/\/periodicocentroccidente.com\/index.php?rest_route=\/wp\/v2\/posts\/3783\/revisions\/3786"}],"wp:featuredmedia":[{"embeddable":true,"href":"https:\/\/periodicocentroccidente.com\/index.php?rest_route=\/wp\/v2\/media\/3785"}],"wp:attachment":[{"href":"https:\/\/periodicocentroccidente.com\/index.php?rest_route=%2Fwp%2Fv2%2Fmedia&parent=3783"}],"wp:term":[{"taxonomy":"category","embeddable":true,"href":"https:\/\/periodicocentroccidente.com\/index.php?rest_route=%2Fwp%2Fv2%2Fcategories&post=3783"},{"taxonomy":"post_tag","embeddable":true,"href":"https:\/\/periodicocentroccidente.com\/index.php?rest_route=%2Fwp%2Fv2%2Ftags&post=3783"}],"curies":[{"name":"wp","href":"https:\/\/api.w.org\/{rel}","templated":true}]}}