{"id":3780,"date":"2025-09-18T16:24:37","date_gmt":"2025-09-18T16:24:37","guid":{"rendered":"https:\/\/periodicocentroccidente.com\/?p=3780"},"modified":"2025-09-18T16:24:37","modified_gmt":"2025-09-18T16:24:37","slug":"jornada-de-ciencia-y-tecnologia-da-inicio-al-ano-escolar-en-portuguesa","status":"publish","type":"post","link":"https:\/\/periodicocentroccidente.com\/?p=3780","title":{"rendered":"Jornada de ciencia y tecnolog\u00eda da inicio al a\u00f1o escolar en Portuguesa"},"content":{"rendered":"<p><strong>Especial.-<\/strong><\/p>\n<p>Con un despliegue de entusiasmo y orgullo, el estado Portuguesa inaugur\u00f3 oficialmente el a\u00f1o escolar 2025-2026 en una ceremonia transmitida en vivo para todo el pa\u00eds, destacando la puesta en marcha de una moderna infraestructura educativa que reafirma el compromiso del gobierno venezolano con la garant\u00eda de una educaci\u00f3n p\u00fablica, gratuita y de calidad para ni\u00f1os, ni\u00f1as y j\u00f3venes.<\/p>\n<p>El evento cont\u00f3 con la presencia de la ministra de Ciencia y Tecnolog\u00eda, Gabriela Jim\u00e9nez, junto al gobernador Primitivo Cede\u00f1o, la alcaldesa del municipio Araure, Mar\u00eda Celeste Rodr\u00edguez y la licenciada Franca Caraballo de Ram\u00edrez, directora del Centro de Desarrollo de la Calidad Educativa, adem\u00e1s docentes, estudiantes y autoridades educativas regionales, quienes enviaron un saludo especial al presidente Nicol\u00e1s Maduro, reconocido por su liderazgo en la expansi\u00f3n y mejora del sistema educativo venezolano.<\/p>\n<p>El nuevo Liceo \u00abLuis Beltr\u00e1n Prieto Figueroa\u00bb en Araure incluye aulas tecnol\u00f3gicas, laboratorios de ciencias y espacios recreativos dise\u00f1ados para fomentar una formaci\u00f3n integral y de calidad. Durante la transmisi\u00f3n en vivo, se destac\u00f3 que estas instalaciones est\u00e1n equipadas con herramientas pedag\u00f3gicas modernas, alineadas con los objetivos del Gobierno Nacional de priorizar el desarrollo educativo y humano de la juventud venezolana.<\/p>\n<p>\u00abHoy vivimos una maravillosa jornada de trabajo desde el municipio Araure, impulsando la 6ta Transformaci\u00f3n y promoviendo la convocatoria de los Premios Nacionales de Ciencia, Tecnolog\u00eda e Innovaci\u00f3n Dr. Humberto Fern\u00e1ndez-Mor\u00e1n 2025\u00bb, manifest\u00f3 Cede\u00f1o.<\/p>\n<p>La ceremonia concluy\u00f3 con un mensaje de unidad y resiliencia. El Gobernador, reiter\u00f3 que continuar\u00e1 trabajando para garantizar que todos los ni\u00f1os, ni\u00f1as y j\u00f3venes tengan acceso a una educaci\u00f3n digna. \u00abEsta iniciativa fortalece el desarrollo cient\u00edfico-tecnol\u00f3gico de Portuguesa y destaca el talento innovador de nuestra gente\u00bb, dijo el mandatario regional.<\/p>\n<p>\/Con informaci\u00f3n de: Noticias24hrs<\/p>\n","protected":false},"excerpt":{"rendered":"<p>Especial.- Con un despliegue de entusiasmo y orgullo, el estado Portuguesa inaugur&oacute; oficialmente el a&ntilde;o escolar 2025-2026 en una ceremonia transmitida en vivo para todo el pa&iacute;s, destacando la puesta en marcha de una moderna infraestructura educativa que reafirma el compromiso del gobierno venezolano con la garant&iacute;a de una educaci&oacute;n p&uacute;blica, gratuita y de calidad &hellip;<\/p>\n","protected":false},"author":2,"featured_media":3781,"comment_status":"open","ping_status":"open","sticky":false,"template":"","format":"standard","meta":{"_jetpack_memberships_contains_paid_content":false,"footnotes":""},"categories":[127],"tags":[],"class_list":["post-3780","post","type-post","status-publish","format-standard","has-post-thumbnail","hentry","category-noticias-recientes"],"yoast_head":"<!-- This site is optimized with the Yoast SEO plugin v24.8.1 - https:\/\/yoast.com\/wordpress\/plugins\/seo\/ -->\n<title>Jornada de ciencia y tecnolog\u00eda da inicio al a\u00f1o escolar en Portuguesa -<\/title>\n<meta name=\"robots\" content=\"index, follow, max-snippet:-1, max-image-preview:large, max-video-preview:-1\" \/>\n<link rel=\"canonical\" href=\"https:\/\/periodicocentroccidente.com\/?p=3780\" \/>\n<meta property=\"og:locale\" content=\"es_ES\" \/>\n<meta property=\"og:type\" content=\"article\" \/>\n<meta property=\"og:title\" content=\"Jornada de ciencia y tecnolog\u00eda da inicio al a\u00f1o escolar en Portuguesa -\" \/>\n<meta property=\"og:description\" content=\"Especial.- Con un despliegue de entusiasmo y orgullo, el estado Portuguesa inaugur&oacute; oficialmente el a&ntilde;o escolar 2025-2026 en una ceremonia transmitida en vivo para todo el pa&iacute;s, destacando la puesta en marcha de una moderna infraestructura educativa que reafirma el compromiso del gobierno venezolano con la garant&iacute;a de una educaci&oacute;n p&uacute;blica, gratuita y de calidad &hellip;\" \/>\n<meta property=\"og:url\" content=\"https:\/\/periodicocentroccidente.com\/?p=3780\" \/>\n<meta property=\"article:published_time\" content=\"2025-09-18T16:24:37+00:00\" \/>\n<meta property=\"og:image\" content=\"https:\/\/periodicocentroccidente.com\/wp-content\/uploads\/2025\/09\/IMG_20250915_153156_423-1068x712-1.jpg\" \/>\n\t<meta property=\"og:image:width\" content=\"1068\" \/>\n\t<meta property=\"og:image:height\" content=\"712\" \/>\n\t<meta property=\"og:image:type\" content=\"image\/jpeg\" \/>\n<meta name=\"author\" content=\"Ricardo\" \/>\n<meta name=\"twitter:card\" content=\"summary_large_image\" \/>\n<meta name=\"twitter:label1\" content=\"Escrito por\" \/>\n\t<meta name=\"twitter:data1\" content=\"Ricardo\" \/>\n\t<meta name=\"twitter:label2\" content=\"Tiempo de lectura\" \/>\n\t<meta name=\"twitter:data2\" content=\"2 minutos\" \/>\n<script type=\"application\/ld+json\" class=\"yoast-schema-graph\">{\"@context\":\"https:\/\/schema.org\",\"@graph\":[{\"@type\":\"WebPage\",\"@id\":\"https:\/\/periodicocentroccidente.com\/?p=3780\",\"url\":\"https:\/\/periodicocentroccidente.com\/?p=3780\",\"name\":\"Jornada de ciencia y tecnolog\u00eda da inicio al a\u00f1o escolar en Portuguesa -\",\"isPartOf\":{\"@id\":\"https:\/\/periodicocentroccidente.com\/#website\"},\"primaryImageOfPage\":{\"@id\":\"https:\/\/periodicocentroccidente.com\/?p=3780#primaryimage\"},\"image\":{\"@id\":\"https:\/\/periodicocentroccidente.com\/?p=3780#primaryimage\"},\"thumbnailUrl\":\"https:\/\/periodicocentroccidente.com\/wp-content\/uploads\/2025\/09\/IMG_20250915_153156_423-1068x712-1.jpg\",\"datePublished\":\"2025-09-18T16:24:37+00:00\",\"author\":{\"@id\":\"https:\/\/periodicocentroccidente.com\/#\/schema\/person\/f4e4a651098f3db198244657b7130e7e\"},\"breadcrumb\":{\"@id\":\"https:\/\/periodicocentroccidente.com\/?p=3780#breadcrumb\"},\"inLanguage\":\"es\",\"potentialAction\":[{\"@type\":\"ReadAction\",\"target\":[\"https:\/\/periodicocentroccidente.com\/?p=3780\"]}]},{\"@type\":\"ImageObject\",\"inLanguage\":\"es\",\"@id\":\"https:\/\/periodicocentroccidente.com\/?p=3780#primaryimage\",\"url\":\"https:\/\/periodicocentroccidente.com\/wp-content\/uploads\/2025\/09\/IMG_20250915_153156_423-1068x712-1.jpg\",\"contentUrl\":\"https:\/\/periodicocentroccidente.com\/wp-content\/uploads\/2025\/09\/IMG_20250915_153156_423-1068x712-1.jpg\",\"width\":1068,\"height\":712},{\"@type\":\"BreadcrumbList\",\"@id\":\"https:\/\/periodicocentroccidente.com\/?p=3780#breadcrumb\",\"itemListElement\":[{\"@type\":\"ListItem\",\"position\":1,\"name\":\"Portada\",\"item\":\"https:\/\/periodicocentroccidente.com\/\"},{\"@type\":\"ListItem\",\"position\":2,\"name\":\"Jornada de ciencia y tecnolog\u00eda da inicio al a\u00f1o escolar en Portuguesa\"}]},{\"@type\":\"WebSite\",\"@id\":\"https:\/\/periodicocentroccidente.com\/#website\",\"url\":\"https:\/\/periodicocentroccidente.com\/\",\"name\":\"\",\"description\":\"Periodismo serio y responsable\",\"potentialAction\":[{\"@type\":\"SearchAction\",\"target\":{\"@type\":\"EntryPoint\",\"urlTemplate\":\"https:\/\/periodicocentroccidente.com\/?s={search_term_string}\"},\"query-input\":{\"@type\":\"PropertyValueSpecification\",\"valueRequired\":true,\"valueName\":\"search_term_string\"}}],\"inLanguage\":\"es\"},{\"@type\":\"Person\",\"@id\":\"https:\/\/periodicocentroccidente.com\/#\/schema\/person\/f4e4a651098f3db198244657b7130e7e\",\"name\":\"Ricardo\",\"image\":{\"@type\":\"ImageObject\",\"inLanguage\":\"es\",\"@id\":\"https:\/\/periodicocentroccidente.com\/#\/schema\/person\/image\/\",\"url\":\"https:\/\/secure.gravatar.com\/avatar\/402e6137108ec0fdaa7809184382fb1dd2f8b00264c1d945d341f2b8f90db429?s=96&d=mm&r=g\",\"contentUrl\":\"https:\/\/secure.gravatar.com\/avatar\/402e6137108ec0fdaa7809184382fb1dd2f8b00264c1d945d341f2b8f90db429?s=96&d=mm&r=g\",\"caption\":\"Ricardo\"},\"url\":\"https:\/\/periodicocentroccidente.com\/?author=2\"}]}<\/script>\n<!-- \/ Yoast SEO plugin. -->","yoast_head_json":{"title":"Jornada de ciencia y tecnolog\u00eda da inicio al a\u00f1o escolar en Portuguesa -","robots":{"index":"index","follow":"follow","max-snippet":"max-snippet:-1","max-image-preview":"max-image-preview:large","max-video-preview":"max-video-preview:-1"},"canonical":"https:\/\/periodicocentroccidente.com\/?p=3780","og_locale":"es_ES","og_type":"article","og_title":"Jornada de ciencia y tecnolog\u00eda da inicio al a\u00f1o escolar en Portuguesa -","og_description":"Especial.- Con un despliegue de entusiasmo y orgullo, el estado Portuguesa inaugur&oacute; oficialmente el a&ntilde;o escolar 2025-2026 en una ceremonia transmitida en vivo para todo el pa&iacute;s, destacando la puesta en marcha de una moderna infraestructura educativa que reafirma el compromiso del gobierno venezolano con la garant&iacute;a de una educaci&oacute;n p&uacute;blica, gratuita y de calidad &hellip;","og_url":"https:\/\/periodicocentroccidente.com\/?p=3780","article_published_time":"2025-09-18T16:24:37+00:00","og_image":[{"width":1068,"height":712,"url":"https:\/\/periodicocentroccidente.com\/wp-content\/uploads\/2025\/09\/IMG_20250915_153156_423-1068x712-1.jpg","type":"image\/jpeg"}],"author":"Ricardo","twitter_card":"summary_large_image","twitter_misc":{"Escrito por":"Ricardo","Tiempo de lectura":"2 minutos"},"schema":{"@context":"https:\/\/schema.org","@graph":[{"@type":"WebPage","@id":"https:\/\/periodicocentroccidente.com\/?p=3780","url":"https:\/\/periodicocentroccidente.com\/?p=3780","name":"Jornada de ciencia y tecnolog\u00eda da inicio al a\u00f1o escolar en Portuguesa -","isPartOf":{"@id":"https:\/\/periodicocentroccidente.com\/#website"},"primaryImageOfPage":{"@id":"https:\/\/periodicocentroccidente.com\/?p=3780#primaryimage"},"image":{"@id":"https:\/\/periodicocentroccidente.com\/?p=3780#primaryimage"},"thumbnailUrl":"https:\/\/periodicocentroccidente.com\/wp-content\/uploads\/2025\/09\/IMG_20250915_153156_423-1068x712-1.jpg","datePublished":"2025-09-18T16:24:37+00:00","author":{"@id":"https:\/\/periodicocentroccidente.com\/#\/schema\/person\/f4e4a651098f3db198244657b7130e7e"},"breadcrumb":{"@id":"https:\/\/periodicocentroccidente.com\/?p=3780#breadcrumb"},"inLanguage":"es","potentialAction":[{"@type":"ReadAction","target":["https:\/\/periodicocentroccidente.com\/?p=3780"]}]},{"@type":"ImageObject","inLanguage":"es","@id":"https:\/\/periodicocentroccidente.com\/?p=3780#primaryimage","url":"https:\/\/periodicocentroccidente.com\/wp-content\/uploads\/2025\/09\/IMG_20250915_153156_423-1068x712-1.jpg","contentUrl":"https:\/\/periodicocentroccidente.com\/wp-content\/uploads\/2025\/09\/IMG_20250915_153156_423-1068x712-1.jpg","width":1068,"height":712},{"@type":"BreadcrumbList","@id":"https:\/\/periodicocentroccidente.com\/?p=3780#breadcrumb","itemListElement":[{"@type":"ListItem","position":1,"name":"Portada","item":"https:\/\/periodicocentroccidente.com\/"},{"@type":"ListItem","position":2,"name":"Jornada de ciencia y tecnolog\u00eda da inicio al a\u00f1o escolar en Portuguesa"}]},{"@type":"WebSite","@id":"https:\/\/periodicocentroccidente.com\/#website","url":"https:\/\/periodicocentroccidente.com\/","name":"","description":"Periodismo serio y responsable","potentialAction":[{"@type":"SearchAction","target":{"@type":"EntryPoint","urlTemplate":"https:\/\/periodicocentroccidente.com\/?s={search_term_string}"},"query-input":{"@type":"PropertyValueSpecification","valueRequired":true,"valueName":"search_term_string"}}],"inLanguage":"es"},{"@type":"Person","@id":"https:\/\/periodicocentroccidente.com\/#\/schema\/person\/f4e4a651098f3db198244657b7130e7e","name":"Ricardo","image":{"@type":"ImageObject","inLanguage":"es","@id":"https:\/\/periodicocentroccidente.com\/#\/schema\/person\/image\/","url":"https:\/\/secure.gravatar.com\/avatar\/402e6137108ec0fdaa7809184382fb1dd2f8b00264c1d945d341f2b8f90db429?s=96&d=mm&r=g","contentUrl":"https:\/\/secure.gravatar.com\/avatar\/402e6137108ec0fdaa7809184382fb1dd2f8b00264c1d945d341f2b8f90db429?s=96&d=mm&r=g","caption":"Ricardo"},"url":"https:\/\/periodicocentroccidente.com\/?author=2"}]}},"jetpack_featured_media_url":"https:\/\/periodicocentroccidente.com\/wp-content\/uploads\/2025\/09\/IMG_20250915_153156_423-1068x712-1.jpg","jetpack_sharing_enabled":true,"jetpack-related-posts":[],"_links":{"self":[{"href":"https:\/\/periodicocentroccidente.com\/index.php?rest_route=\/wp\/v2\/posts\/3780","targetHints":{"allow":["GET"]}}],"collection":[{"href":"https:\/\/periodicocentroccidente.com\/index.php?rest_route=\/wp\/v2\/posts"}],"about":[{"href":"https:\/\/periodicocentroccidente.com\/index.php?rest_route=\/wp\/v2\/types\/post"}],"author":[{"embeddable":true,"href":"https:\/\/periodicocentroccidente.com\/index.php?rest_route=\/wp\/v2\/users\/2"}],"replies":[{"embeddable":true,"href":"https:\/\/periodicocentroccidente.com\/index.php?rest_route=%2Fwp%2Fv2%2Fcomments&post=3780"}],"version-history":[{"count":1,"href":"https:\/\/periodicocentroccidente.com\/index.php?rest_route=\/wp\/v2\/posts\/3780\/revisions"}],"predecessor-version":[{"id":3782,"href":"https:\/\/periodicocentroccidente.com\/index.php?rest_route=\/wp\/v2\/posts\/3780\/revisions\/3782"}],"wp:featuredmedia":[{"embeddable":true,"href":"https:\/\/periodicocentroccidente.com\/index.php?rest_route=\/wp\/v2\/media\/3781"}],"wp:attachment":[{"href":"https:\/\/periodicocentroccidente.com\/index.php?rest_route=%2Fwp%2Fv2%2Fmedia&parent=3780"}],"wp:term":[{"taxonomy":"category","embeddable":true,"href":"https:\/\/periodicocentroccidente.com\/index.php?rest_route=%2Fwp%2Fv2%2Fcategories&post=3780"},{"taxonomy":"post_tag","embeddable":true,"href":"https:\/\/periodicocentroccidente.com\/index.php?rest_route=%2Fwp%2Fv2%2Ftags&post=3780"}],"curies":[{"name":"wp","href":"https:\/\/api.w.org\/{rel}","templated":true}]}}