{"id":3772,"date":"2025-09-18T15:51:00","date_gmt":"2025-09-18T15:51:00","guid":{"rendered":"https:\/\/periodicocentroccidente.com\/?p=3772"},"modified":"2025-09-18T15:51:00","modified_gmt":"2025-09-18T15:51:00","slug":"la-nueva-emisora-online-que-conecta-al-mundo-con-la-musica-latina-y-global","status":"publish","type":"post","link":"https:\/\/periodicocentroccidente.com\/?p=3772","title":{"rendered":"La nueva emisora online que conecta al mundo con la m\u00fasica latina y global"},"content":{"rendered":"<p style=\"font-weight: 400;\"><strong>Especial.-<\/strong><\/p>\n<p style=\"font-weight: 400;\">El pr\u00f3ximo <strong>26 de octubre<\/strong>\u00a0marcar\u00e1 un antes y un despu\u00e9s en la industria musical digital con el lanzamiento oficial de\u00a0<strong>Medell\u00edn Latina FM<\/strong>, la emisora online que promete convertirse en el punto de encuentro de los grandes \u00e9xitos internacionales, los nuevos talentos y las tendencias que transforman la m\u00fasica.<\/p>\n<p style=\"font-weight: 400;\">Con transmisi\u00f3n en\u00a0<strong>Streaming HD<\/strong>, la se\u00f1al estar\u00e1 disponible en\u00a0<strong>e-virales, TuneIN, Alexa, Google Play y Apple Store<\/strong>, permitiendo a los oyentes disfrutar de una experiencia auditiva de alta calidad desde cualquier lugar del planeta.<\/p>\n<p style=\"font-weight: 400;\"><strong>Medell\u00edn Latina FM<\/strong>\u00a0nace con la misi\u00f3n de ser m\u00e1s que una emisora: es una\u00a0<strong>comunidad global<\/strong>\u00a0donde los oyentes podr\u00e1n\u00a0<strong>descubrir, bailar y sentir la mejor energ\u00eda latina y mundial<\/strong>, al ritmo de los hits que hacen historia y las voces emergentes que ya marcan la pauta en la industria.<\/p>\n<p style=\"font-weight: 400;\"><strong>Contenidos que marcan diferencia<\/strong><\/p>\n<p style=\"font-weight: 400;\">La programaci\u00f3n estar\u00e1 enfocada en:<\/p>\n<ul style=\"font-weight: 400;\">\n<li><strong>Top 100 de artistas latinoamericanos<\/strong>.<\/li>\n<li><strong>Top 10 de la semana<\/strong>\u00a0con lo m\u00e1s escuchado a nivel internacional.<\/li>\n<li>Entrevistas exclusivas con artistas de trayectoria y nuevas promesas.<\/li>\n<li>Rese\u00f1as de shows, lanzamientos y an\u00e1lisis de tendencias.<\/li>\n<li>Opini\u00f3n, noticias, videos y cobertura de eventos que mueven la escena musical.<\/li>\n<\/ul>\n<p style=\"font-weight: 400;\">Adem\u00e1s, Medell\u00edn Latina FM ofrecer\u00e1 un\u00a0<strong>monitor innovador de tendencias<\/strong>\u00a0que se convertir\u00e1 en vitrina para los artistas que buscan sonar y crecer en el competitivo mundo digital.<\/p>\n<p style=\"font-weight: 400;\">Desde\u00a0<strong>Medell\u00edn para el planeta<\/strong>, esta emisora online refleja el esp\u00edritu creativo de una ciudad que late al ritmo de la m\u00fasica, apostando por abrir nuevas oportunidades para talentos emergentes y consolidando su papel como centro cultural y art\u00edstico de Latinoam\u00e9rica.<\/p>\n<p style=\"font-weight: 400;\">Con esfuerzo, dedicaci\u00f3n y visi\u00f3n de futuro, Medell\u00edn Latina FM enfrenta los desaf\u00edos de la industria digital con el firme objetivo de convertirse en un\u00a0<strong>referente internacional<\/strong>.<\/p>\n<p style=\"font-weight: 400;\"><strong>\u00a1Con\u00e9ctate y hazte sonar!<\/strong><\/p>\n<p style=\"font-weight: 400;\">Este\u00a0<strong>26 de octubre<\/strong>\u00a0prep\u00e1rate para vivir el lanzamiento de\u00a0<strong>Medell\u00edn Latina FM<\/strong>, la emisora online que llevar\u00e1 la m\u00fasica latina y global a otro nivel.<\/p>\n","protected":false},"excerpt":{"rendered":"<p>Especial.- El pr&oacute;ximo 26 de octubre&nbsp;marcar&aacute; un antes y un despu&eacute;s en la industria musical digital con el lanzamiento oficial de&nbsp;Medell&iacute;n Latina FM, la emisora online que promete convertirse en el punto de encuentro de los grandes &eacute;xitos internacionales, los nuevos talentos y las tendencias que transforman la m&uacute;sica. Con transmisi&oacute;n en&nbsp;Streaming HD, la se&ntilde;al &hellip;<\/p>\n","protected":false},"author":2,"featured_media":3773,"comment_status":"open","ping_status":"open","sticky":false,"template":"","format":"standard","meta":{"_jetpack_memberships_contains_paid_content":false,"footnotes":""},"categories":[129],"tags":[],"class_list":["post-3772","post","type-post","status-publish","format-standard","has-post-thumbnail","hentry","category-farandula"],"yoast_head":"<!-- This site is optimized with the Yoast SEO plugin v24.8.1 - https:\/\/yoast.com\/wordpress\/plugins\/seo\/ -->\n<title>La nueva emisora online que conecta al mundo con la m\u00fasica latina y global -<\/title>\n<meta name=\"robots\" content=\"index, follow, max-snippet:-1, max-image-preview:large, max-video-preview:-1\" \/>\n<link rel=\"canonical\" href=\"https:\/\/periodicocentroccidente.com\/?p=3772\" \/>\n<meta property=\"og:locale\" content=\"es_ES\" \/>\n<meta property=\"og:type\" content=\"article\" \/>\n<meta property=\"og:title\" content=\"La nueva emisora online que conecta al mundo con la m\u00fasica latina y global -\" \/>\n<meta property=\"og:description\" content=\"Especial.- El pr&oacute;ximo 26 de octubre&nbsp;marcar&aacute; un antes y un despu&eacute;s en la industria musical digital con el lanzamiento oficial de&nbsp;Medell&iacute;n Latina FM, la emisora online que promete convertirse en el punto de encuentro de los grandes &eacute;xitos internacionales, los nuevos talentos y las tendencias que transforman la m&uacute;sica. Con transmisi&oacute;n en&nbsp;Streaming HD, la se&ntilde;al &hellip;\" \/>\n<meta property=\"og:url\" content=\"https:\/\/periodicocentroccidente.com\/?p=3772\" \/>\n<meta property=\"article:published_time\" content=\"2025-09-18T15:51:00+00:00\" \/>\n<meta property=\"og:image\" content=\"https:\/\/periodicocentroccidente.com\/wp-content\/uploads\/2025\/09\/Medellin-Latina-FM-La-nueva-emisora-online-que-conecta-al-mundo-con-la-musica-latina-y-global.jpg\" \/>\n\t<meta property=\"og:image:width\" content=\"1470\" \/>\n\t<meta property=\"og:image:height\" content=\"863\" \/>\n\t<meta property=\"og:image:type\" content=\"image\/jpeg\" \/>\n<meta name=\"author\" content=\"Ricardo\" \/>\n<meta name=\"twitter:card\" content=\"summary_large_image\" \/>\n<meta name=\"twitter:label1\" content=\"Escrito por\" \/>\n\t<meta name=\"twitter:data1\" content=\"Ricardo\" \/>\n\t<meta name=\"twitter:label2\" content=\"Tiempo de lectura\" \/>\n\t<meta name=\"twitter:data2\" content=\"2 minutos\" \/>\n<script type=\"application\/ld+json\" class=\"yoast-schema-graph\">{\"@context\":\"https:\/\/schema.org\",\"@graph\":[{\"@type\":\"WebPage\",\"@id\":\"https:\/\/periodicocentroccidente.com\/?p=3772\",\"url\":\"https:\/\/periodicocentroccidente.com\/?p=3772\",\"name\":\"La nueva emisora online que conecta al mundo con la m\u00fasica latina y global -\",\"isPartOf\":{\"@id\":\"https:\/\/periodicocentroccidente.com\/#website\"},\"primaryImageOfPage\":{\"@id\":\"https:\/\/periodicocentroccidente.com\/?p=3772#primaryimage\"},\"image\":{\"@id\":\"https:\/\/periodicocentroccidente.com\/?p=3772#primaryimage\"},\"thumbnailUrl\":\"https:\/\/periodicocentroccidente.com\/wp-content\/uploads\/2025\/09\/Medellin-Latina-FM-La-nueva-emisora-online-que-conecta-al-mundo-con-la-musica-latina-y-global.jpg\",\"datePublished\":\"2025-09-18T15:51:00+00:00\",\"author\":{\"@id\":\"https:\/\/periodicocentroccidente.com\/#\/schema\/person\/f4e4a651098f3db198244657b7130e7e\"},\"breadcrumb\":{\"@id\":\"https:\/\/periodicocentroccidente.com\/?p=3772#breadcrumb\"},\"inLanguage\":\"es\",\"potentialAction\":[{\"@type\":\"ReadAction\",\"target\":[\"https:\/\/periodicocentroccidente.com\/?p=3772\"]}]},{\"@type\":\"ImageObject\",\"inLanguage\":\"es\",\"@id\":\"https:\/\/periodicocentroccidente.com\/?p=3772#primaryimage\",\"url\":\"https:\/\/periodicocentroccidente.com\/wp-content\/uploads\/2025\/09\/Medellin-Latina-FM-La-nueva-emisora-online-que-conecta-al-mundo-con-la-musica-latina-y-global.jpg\",\"contentUrl\":\"https:\/\/periodicocentroccidente.com\/wp-content\/uploads\/2025\/09\/Medellin-Latina-FM-La-nueva-emisora-online-que-conecta-al-mundo-con-la-musica-latina-y-global.jpg\",\"width\":1470,\"height\":863},{\"@type\":\"BreadcrumbList\",\"@id\":\"https:\/\/periodicocentroccidente.com\/?p=3772#breadcrumb\",\"itemListElement\":[{\"@type\":\"ListItem\",\"position\":1,\"name\":\"Portada\",\"item\":\"https:\/\/periodicocentroccidente.com\/\"},{\"@type\":\"ListItem\",\"position\":2,\"name\":\"La nueva emisora online que conecta al mundo con la m\u00fasica latina y global\"}]},{\"@type\":\"WebSite\",\"@id\":\"https:\/\/periodicocentroccidente.com\/#website\",\"url\":\"https:\/\/periodicocentroccidente.com\/\",\"name\":\"\",\"description\":\"Periodismo serio y responsable\",\"potentialAction\":[{\"@type\":\"SearchAction\",\"target\":{\"@type\":\"EntryPoint\",\"urlTemplate\":\"https:\/\/periodicocentroccidente.com\/?s={search_term_string}\"},\"query-input\":{\"@type\":\"PropertyValueSpecification\",\"valueRequired\":true,\"valueName\":\"search_term_string\"}}],\"inLanguage\":\"es\"},{\"@type\":\"Person\",\"@id\":\"https:\/\/periodicocentroccidente.com\/#\/schema\/person\/f4e4a651098f3db198244657b7130e7e\",\"name\":\"Ricardo\",\"image\":{\"@type\":\"ImageObject\",\"inLanguage\":\"es\",\"@id\":\"https:\/\/periodicocentroccidente.com\/#\/schema\/person\/image\/\",\"url\":\"https:\/\/secure.gravatar.com\/avatar\/402e6137108ec0fdaa7809184382fb1dd2f8b00264c1d945d341f2b8f90db429?s=96&d=mm&r=g\",\"contentUrl\":\"https:\/\/secure.gravatar.com\/avatar\/402e6137108ec0fdaa7809184382fb1dd2f8b00264c1d945d341f2b8f90db429?s=96&d=mm&r=g\",\"caption\":\"Ricardo\"},\"url\":\"https:\/\/periodicocentroccidente.com\/?author=2\"}]}<\/script>\n<!-- \/ Yoast SEO plugin. -->","yoast_head_json":{"title":"La nueva emisora online que conecta al mundo con la m\u00fasica latina y global -","robots":{"index":"index","follow":"follow","max-snippet":"max-snippet:-1","max-image-preview":"max-image-preview:large","max-video-preview":"max-video-preview:-1"},"canonical":"https:\/\/periodicocentroccidente.com\/?p=3772","og_locale":"es_ES","og_type":"article","og_title":"La nueva emisora online que conecta al mundo con la m\u00fasica latina y global -","og_description":"Especial.- El pr&oacute;ximo 26 de octubre&nbsp;marcar&aacute; un antes y un despu&eacute;s en la industria musical digital con el lanzamiento oficial de&nbsp;Medell&iacute;n Latina FM, la emisora online que promete convertirse en el punto de encuentro de los grandes &eacute;xitos internacionales, los nuevos talentos y las tendencias que transforman la m&uacute;sica. Con transmisi&oacute;n en&nbsp;Streaming HD, la se&ntilde;al &hellip;","og_url":"https:\/\/periodicocentroccidente.com\/?p=3772","article_published_time":"2025-09-18T15:51:00+00:00","og_image":[{"width":1470,"height":863,"url":"https:\/\/periodicocentroccidente.com\/wp-content\/uploads\/2025\/09\/Medellin-Latina-FM-La-nueva-emisora-online-que-conecta-al-mundo-con-la-musica-latina-y-global.jpg","type":"image\/jpeg"}],"author":"Ricardo","twitter_card":"summary_large_image","twitter_misc":{"Escrito por":"Ricardo","Tiempo de lectura":"2 minutos"},"schema":{"@context":"https:\/\/schema.org","@graph":[{"@type":"WebPage","@id":"https:\/\/periodicocentroccidente.com\/?p=3772","url":"https:\/\/periodicocentroccidente.com\/?p=3772","name":"La nueva emisora online que conecta al mundo con la m\u00fasica latina y global -","isPartOf":{"@id":"https:\/\/periodicocentroccidente.com\/#website"},"primaryImageOfPage":{"@id":"https:\/\/periodicocentroccidente.com\/?p=3772#primaryimage"},"image":{"@id":"https:\/\/periodicocentroccidente.com\/?p=3772#primaryimage"},"thumbnailUrl":"https:\/\/periodicocentroccidente.com\/wp-content\/uploads\/2025\/09\/Medellin-Latina-FM-La-nueva-emisora-online-que-conecta-al-mundo-con-la-musica-latina-y-global.jpg","datePublished":"2025-09-18T15:51:00+00:00","author":{"@id":"https:\/\/periodicocentroccidente.com\/#\/schema\/person\/f4e4a651098f3db198244657b7130e7e"},"breadcrumb":{"@id":"https:\/\/periodicocentroccidente.com\/?p=3772#breadcrumb"},"inLanguage":"es","potentialAction":[{"@type":"ReadAction","target":["https:\/\/periodicocentroccidente.com\/?p=3772"]}]},{"@type":"ImageObject","inLanguage":"es","@id":"https:\/\/periodicocentroccidente.com\/?p=3772#primaryimage","url":"https:\/\/periodicocentroccidente.com\/wp-content\/uploads\/2025\/09\/Medellin-Latina-FM-La-nueva-emisora-online-que-conecta-al-mundo-con-la-musica-latina-y-global.jpg","contentUrl":"https:\/\/periodicocentroccidente.com\/wp-content\/uploads\/2025\/09\/Medellin-Latina-FM-La-nueva-emisora-online-que-conecta-al-mundo-con-la-musica-latina-y-global.jpg","width":1470,"height":863},{"@type":"BreadcrumbList","@id":"https:\/\/periodicocentroccidente.com\/?p=3772#breadcrumb","itemListElement":[{"@type":"ListItem","position":1,"name":"Portada","item":"https:\/\/periodicocentroccidente.com\/"},{"@type":"ListItem","position":2,"name":"La nueva emisora online que conecta al mundo con la m\u00fasica latina y global"}]},{"@type":"WebSite","@id":"https:\/\/periodicocentroccidente.com\/#website","url":"https:\/\/periodicocentroccidente.com\/","name":"","description":"Periodismo serio y responsable","potentialAction":[{"@type":"SearchAction","target":{"@type":"EntryPoint","urlTemplate":"https:\/\/periodicocentroccidente.com\/?s={search_term_string}"},"query-input":{"@type":"PropertyValueSpecification","valueRequired":true,"valueName":"search_term_string"}}],"inLanguage":"es"},{"@type":"Person","@id":"https:\/\/periodicocentroccidente.com\/#\/schema\/person\/f4e4a651098f3db198244657b7130e7e","name":"Ricardo","image":{"@type":"ImageObject","inLanguage":"es","@id":"https:\/\/periodicocentroccidente.com\/#\/schema\/person\/image\/","url":"https:\/\/secure.gravatar.com\/avatar\/402e6137108ec0fdaa7809184382fb1dd2f8b00264c1d945d341f2b8f90db429?s=96&d=mm&r=g","contentUrl":"https:\/\/secure.gravatar.com\/avatar\/402e6137108ec0fdaa7809184382fb1dd2f8b00264c1d945d341f2b8f90db429?s=96&d=mm&r=g","caption":"Ricardo"},"url":"https:\/\/periodicocentroccidente.com\/?author=2"}]}},"jetpack_featured_media_url":"https:\/\/periodicocentroccidente.com\/wp-content\/uploads\/2025\/09\/Medellin-Latina-FM-La-nueva-emisora-online-que-conecta-al-mundo-con-la-musica-latina-y-global.jpg","jetpack_sharing_enabled":true,"jetpack-related-posts":[],"_links":{"self":[{"href":"https:\/\/periodicocentroccidente.com\/index.php?rest_route=\/wp\/v2\/posts\/3772","targetHints":{"allow":["GET"]}}],"collection":[{"href":"https:\/\/periodicocentroccidente.com\/index.php?rest_route=\/wp\/v2\/posts"}],"about":[{"href":"https:\/\/periodicocentroccidente.com\/index.php?rest_route=\/wp\/v2\/types\/post"}],"author":[{"embeddable":true,"href":"https:\/\/periodicocentroccidente.com\/index.php?rest_route=\/wp\/v2\/users\/2"}],"replies":[{"embeddable":true,"href":"https:\/\/periodicocentroccidente.com\/index.php?rest_route=%2Fwp%2Fv2%2Fcomments&post=3772"}],"version-history":[{"count":1,"href":"https:\/\/periodicocentroccidente.com\/index.php?rest_route=\/wp\/v2\/posts\/3772\/revisions"}],"predecessor-version":[{"id":3774,"href":"https:\/\/periodicocentroccidente.com\/index.php?rest_route=\/wp\/v2\/posts\/3772\/revisions\/3774"}],"wp:featuredmedia":[{"embeddable":true,"href":"https:\/\/periodicocentroccidente.com\/index.php?rest_route=\/wp\/v2\/media\/3773"}],"wp:attachment":[{"href":"https:\/\/periodicocentroccidente.com\/index.php?rest_route=%2Fwp%2Fv2%2Fmedia&parent=3772"}],"wp:term":[{"taxonomy":"category","embeddable":true,"href":"https:\/\/periodicocentroccidente.com\/index.php?rest_route=%2Fwp%2Fv2%2Fcategories&post=3772"},{"taxonomy":"post_tag","embeddable":true,"href":"https:\/\/periodicocentroccidente.com\/index.php?rest_route=%2Fwp%2Fv2%2Ftags&post=3772"}],"curies":[{"name":"wp","href":"https:\/\/api.w.org\/{rel}","templated":true}]}}