{"id":3720,"date":"2025-09-11T21:25:58","date_gmt":"2025-09-11T21:25:58","guid":{"rendered":"https:\/\/periodicocentroccidente.com\/?p=3720"},"modified":"2025-09-11T21:25:58","modified_gmt":"2025-09-11T21:25:58","slug":"movimiento-voluntariado-suaf-se-despliega-en-todo-el-pais-para-defender-el-derecho-a-la-vida-y-a-la-paz","status":"publish","type":"post","link":"https:\/\/periodicocentroccidente.com\/?p=3720","title":{"rendered":"Movimiento Voluntariado SUAF se despliega en todo el pa\u00eds para defender el derecho a la vida y a la paz"},"content":{"rendered":"<div dir=\"auto\"><strong>Caracas \/Prensa MVS.-<\/strong><\/div>\n<div dir=\"auto\"><\/div>\n<div dir=\"auto\">La Direcci\u00f3n Nacional del Movimiento Voluntariado SUAF anunci\u00f3 su despliegue a nivel nacional con asambleas y encuentros, alzando la voz en defensa del derecho a la vida y la paz. El Movimiento\u00a0 brinda atenci\u00f3n gratuita a 274.000 personas cada dos meses, mediante la entrega de tratamientos m\u00e9dicos y ayudas t\u00e9cnicas.<\/div>\n<div dir=\"auto\"><\/div>\n<div dir=\"auto\">Aidelys Oy\u00f3n, secretaria general del MVS, agradeci\u00f3 la colaboraci\u00f3n de la Fuerza Armada Nacional Bolivariana (FANB) y en particular, a la Guardia del Pueblo por su acompa\u00f1amiento permanente y apoyo en el trabajo social y de organizaci\u00f3n del MVS.<\/div>\n<div dir=\"auto\"><\/div>\n<div dir=\"auto\">Silvestre Montilla, director de Movilizaci\u00f3n y Solidaridad entre los Pueblos (MVS), inst\u00f3 a defender la soberan\u00eda venezolana y expres\u00f3 el apoyo irrestricto del movimiento al presidente Nicol\u00e1s Maduro, ratificando el derecho del pueblo a la paz. Con m\u00e1s de 30.000 miembros, el MVS se declar\u00f3 listo para enfrentar cualquier adversidad y llam\u00f3 a la unidad del pueblo.<\/div>\n<div dir=\"auto\"><\/div>\n<div dir=\"auto\">Finalmente, el Dr. \u00c1ngel Tortolero Leal destac\u00f3 el compromiso del voluntariado con la cuarta transformaci\u00f3n y su trabajo en medio de la crisis provocada por el imperio norteamericano.<\/div>\n<div dir=\"auto\"><\/div>\n<div dir=\"auto\">\u201cEn cualquier circunstancia el MVS seguir\u00e1 haciendo lo que viene haciendo hasta ahora; que no es otra cosa que coadyuvar en el proceso de superaci\u00f3n de esta crisis enorme en la cual estamos inmersos que fue provocada por los Estados Unidos y que est\u00e1 siendo incentivada por factores ajenos al sentir venezolano\u201d, concluy\u00f3 Tortolero.<\/div>\n","protected":false},"excerpt":{"rendered":"<p>Caracas \/Prensa MVS.- La Direcci&oacute;n Nacional del Movimiento Voluntariado SUAF anunci&oacute; su despliegue a nivel nacional con asambleas y encuentros, alzando la voz en defensa del derecho a la vida y la paz. El Movimiento&nbsp; brinda atenci&oacute;n gratuita a 274.000 personas cada dos meses, mediante la entrega de tratamientos m&eacute;dicos y ayudas t&eacute;cnicas. Aidelys Oy&oacute;n, &hellip;<\/p>\n","protected":false},"author":2,"featured_media":3721,"comment_status":"open","ping_status":"open","sticky":false,"template":"","format":"standard","meta":{"_jetpack_memberships_contains_paid_content":false,"footnotes":""},"categories":[127],"tags":[],"class_list":["post-3720","post","type-post","status-publish","format-standard","has-post-thumbnail","hentry","category-noticias-recientes"],"yoast_head":"<!-- This site is optimized with the Yoast SEO plugin v24.8.1 - https:\/\/yoast.com\/wordpress\/plugins\/seo\/ -->\n<title>Movimiento Voluntariado SUAF se despliega en todo el pa\u00eds para defender el derecho a la vida y a la paz -<\/title>\n<meta name=\"robots\" content=\"index, follow, max-snippet:-1, max-image-preview:large, max-video-preview:-1\" \/>\n<link rel=\"canonical\" href=\"https:\/\/periodicocentroccidente.com\/?p=3720\" \/>\n<meta property=\"og:locale\" content=\"es_ES\" \/>\n<meta property=\"og:type\" content=\"article\" \/>\n<meta property=\"og:title\" content=\"Movimiento Voluntariado SUAF se despliega en todo el pa\u00eds para defender el derecho a la vida y a la paz -\" \/>\n<meta property=\"og:description\" content=\"Caracas \/Prensa MVS.- La Direcci&oacute;n Nacional del Movimiento Voluntariado SUAF anunci&oacute; su despliegue a nivel nacional con asambleas y encuentros, alzando la voz en defensa del derecho a la vida y la paz. El Movimiento&nbsp; brinda atenci&oacute;n gratuita a 274.000 personas cada dos meses, mediante la entrega de tratamientos m&eacute;dicos y ayudas t&eacute;cnicas. Aidelys Oy&oacute;n, &hellip;\" \/>\n<meta property=\"og:url\" content=\"https:\/\/periodicocentroccidente.com\/?p=3720\" \/>\n<meta property=\"article:published_time\" content=\"2025-09-11T21:25:58+00:00\" \/>\n<meta property=\"og:image\" content=\"https:\/\/periodicocentroccidente.com\/wp-content\/uploads\/2025\/09\/1005894181.jpg\" \/>\n\t<meta property=\"og:image:width\" content=\"2560\" \/>\n\t<meta property=\"og:image:height\" content=\"882\" \/>\n\t<meta property=\"og:image:type\" content=\"image\/jpeg\" \/>\n<meta name=\"author\" content=\"Ricardo\" \/>\n<meta name=\"twitter:card\" content=\"summary_large_image\" \/>\n<meta name=\"twitter:label1\" content=\"Escrito por\" \/>\n\t<meta name=\"twitter:data1\" content=\"Ricardo\" \/>\n\t<meta name=\"twitter:label2\" content=\"Tiempo de lectura\" \/>\n\t<meta name=\"twitter:data2\" content=\"2 minutos\" \/>\n<script type=\"application\/ld+json\" class=\"yoast-schema-graph\">{\"@context\":\"https:\/\/schema.org\",\"@graph\":[{\"@type\":\"WebPage\",\"@id\":\"https:\/\/periodicocentroccidente.com\/?p=3720\",\"url\":\"https:\/\/periodicocentroccidente.com\/?p=3720\",\"name\":\"Movimiento Voluntariado SUAF se despliega en todo el pa\u00eds para defender el derecho a la vida y a la paz -\",\"isPartOf\":{\"@id\":\"https:\/\/periodicocentroccidente.com\/#website\"},\"primaryImageOfPage\":{\"@id\":\"https:\/\/periodicocentroccidente.com\/?p=3720#primaryimage\"},\"image\":{\"@id\":\"https:\/\/periodicocentroccidente.com\/?p=3720#primaryimage\"},\"thumbnailUrl\":\"https:\/\/periodicocentroccidente.com\/wp-content\/uploads\/2025\/09\/1005894181.jpg\",\"datePublished\":\"2025-09-11T21:25:58+00:00\",\"author\":{\"@id\":\"https:\/\/periodicocentroccidente.com\/#\/schema\/person\/f4e4a651098f3db198244657b7130e7e\"},\"breadcrumb\":{\"@id\":\"https:\/\/periodicocentroccidente.com\/?p=3720#breadcrumb\"},\"inLanguage\":\"es\",\"potentialAction\":[{\"@type\":\"ReadAction\",\"target\":[\"https:\/\/periodicocentroccidente.com\/?p=3720\"]}]},{\"@type\":\"ImageObject\",\"inLanguage\":\"es\",\"@id\":\"https:\/\/periodicocentroccidente.com\/?p=3720#primaryimage\",\"url\":\"https:\/\/periodicocentroccidente.com\/wp-content\/uploads\/2025\/09\/1005894181.jpg\",\"contentUrl\":\"https:\/\/periodicocentroccidente.com\/wp-content\/uploads\/2025\/09\/1005894181.jpg\",\"width\":2560,\"height\":882},{\"@type\":\"BreadcrumbList\",\"@id\":\"https:\/\/periodicocentroccidente.com\/?p=3720#breadcrumb\",\"itemListElement\":[{\"@type\":\"ListItem\",\"position\":1,\"name\":\"Portada\",\"item\":\"https:\/\/periodicocentroccidente.com\/\"},{\"@type\":\"ListItem\",\"position\":2,\"name\":\"Movimiento Voluntariado SUAF se despliega en todo el pa\u00eds para defender el derecho a la vida y a la paz\"}]},{\"@type\":\"WebSite\",\"@id\":\"https:\/\/periodicocentroccidente.com\/#website\",\"url\":\"https:\/\/periodicocentroccidente.com\/\",\"name\":\"\",\"description\":\"Periodismo serio y responsable\",\"potentialAction\":[{\"@type\":\"SearchAction\",\"target\":{\"@type\":\"EntryPoint\",\"urlTemplate\":\"https:\/\/periodicocentroccidente.com\/?s={search_term_string}\"},\"query-input\":{\"@type\":\"PropertyValueSpecification\",\"valueRequired\":true,\"valueName\":\"search_term_string\"}}],\"inLanguage\":\"es\"},{\"@type\":\"Person\",\"@id\":\"https:\/\/periodicocentroccidente.com\/#\/schema\/person\/f4e4a651098f3db198244657b7130e7e\",\"name\":\"Ricardo\",\"image\":{\"@type\":\"ImageObject\",\"inLanguage\":\"es\",\"@id\":\"https:\/\/periodicocentroccidente.com\/#\/schema\/person\/image\/\",\"url\":\"https:\/\/secure.gravatar.com\/avatar\/402e6137108ec0fdaa7809184382fb1dd2f8b00264c1d945d341f2b8f90db429?s=96&d=mm&r=g\",\"contentUrl\":\"https:\/\/secure.gravatar.com\/avatar\/402e6137108ec0fdaa7809184382fb1dd2f8b00264c1d945d341f2b8f90db429?s=96&d=mm&r=g\",\"caption\":\"Ricardo\"},\"url\":\"https:\/\/periodicocentroccidente.com\/?author=2\"}]}<\/script>\n<!-- \/ Yoast SEO plugin. -->","yoast_head_json":{"title":"Movimiento Voluntariado SUAF se despliega en todo el pa\u00eds para defender el derecho a la vida y a la paz -","robots":{"index":"index","follow":"follow","max-snippet":"max-snippet:-1","max-image-preview":"max-image-preview:large","max-video-preview":"max-video-preview:-1"},"canonical":"https:\/\/periodicocentroccidente.com\/?p=3720","og_locale":"es_ES","og_type":"article","og_title":"Movimiento Voluntariado SUAF se despliega en todo el pa\u00eds para defender el derecho a la vida y a la paz -","og_description":"Caracas \/Prensa MVS.- La Direcci&oacute;n Nacional del Movimiento Voluntariado SUAF anunci&oacute; su despliegue a nivel nacional con asambleas y encuentros, alzando la voz en defensa del derecho a la vida y la paz. El Movimiento&nbsp; brinda atenci&oacute;n gratuita a 274.000 personas cada dos meses, mediante la entrega de tratamientos m&eacute;dicos y ayudas t&eacute;cnicas. Aidelys Oy&oacute;n, &hellip;","og_url":"https:\/\/periodicocentroccidente.com\/?p=3720","article_published_time":"2025-09-11T21:25:58+00:00","og_image":[{"width":2560,"height":882,"url":"https:\/\/periodicocentroccidente.com\/wp-content\/uploads\/2025\/09\/1005894181.jpg","type":"image\/jpeg"}],"author":"Ricardo","twitter_card":"summary_large_image","twitter_misc":{"Escrito por":"Ricardo","Tiempo de lectura":"2 minutos"},"schema":{"@context":"https:\/\/schema.org","@graph":[{"@type":"WebPage","@id":"https:\/\/periodicocentroccidente.com\/?p=3720","url":"https:\/\/periodicocentroccidente.com\/?p=3720","name":"Movimiento Voluntariado SUAF se despliega en todo el pa\u00eds para defender el derecho a la vida y a la paz -","isPartOf":{"@id":"https:\/\/periodicocentroccidente.com\/#website"},"primaryImageOfPage":{"@id":"https:\/\/periodicocentroccidente.com\/?p=3720#primaryimage"},"image":{"@id":"https:\/\/periodicocentroccidente.com\/?p=3720#primaryimage"},"thumbnailUrl":"https:\/\/periodicocentroccidente.com\/wp-content\/uploads\/2025\/09\/1005894181.jpg","datePublished":"2025-09-11T21:25:58+00:00","author":{"@id":"https:\/\/periodicocentroccidente.com\/#\/schema\/person\/f4e4a651098f3db198244657b7130e7e"},"breadcrumb":{"@id":"https:\/\/periodicocentroccidente.com\/?p=3720#breadcrumb"},"inLanguage":"es","potentialAction":[{"@type":"ReadAction","target":["https:\/\/periodicocentroccidente.com\/?p=3720"]}]},{"@type":"ImageObject","inLanguage":"es","@id":"https:\/\/periodicocentroccidente.com\/?p=3720#primaryimage","url":"https:\/\/periodicocentroccidente.com\/wp-content\/uploads\/2025\/09\/1005894181.jpg","contentUrl":"https:\/\/periodicocentroccidente.com\/wp-content\/uploads\/2025\/09\/1005894181.jpg","width":2560,"height":882},{"@type":"BreadcrumbList","@id":"https:\/\/periodicocentroccidente.com\/?p=3720#breadcrumb","itemListElement":[{"@type":"ListItem","position":1,"name":"Portada","item":"https:\/\/periodicocentroccidente.com\/"},{"@type":"ListItem","position":2,"name":"Movimiento Voluntariado SUAF se despliega en todo el pa\u00eds para defender el derecho a la vida y a la paz"}]},{"@type":"WebSite","@id":"https:\/\/periodicocentroccidente.com\/#website","url":"https:\/\/periodicocentroccidente.com\/","name":"","description":"Periodismo serio y responsable","potentialAction":[{"@type":"SearchAction","target":{"@type":"EntryPoint","urlTemplate":"https:\/\/periodicocentroccidente.com\/?s={search_term_string}"},"query-input":{"@type":"PropertyValueSpecification","valueRequired":true,"valueName":"search_term_string"}}],"inLanguage":"es"},{"@type":"Person","@id":"https:\/\/periodicocentroccidente.com\/#\/schema\/person\/f4e4a651098f3db198244657b7130e7e","name":"Ricardo","image":{"@type":"ImageObject","inLanguage":"es","@id":"https:\/\/periodicocentroccidente.com\/#\/schema\/person\/image\/","url":"https:\/\/secure.gravatar.com\/avatar\/402e6137108ec0fdaa7809184382fb1dd2f8b00264c1d945d341f2b8f90db429?s=96&d=mm&r=g","contentUrl":"https:\/\/secure.gravatar.com\/avatar\/402e6137108ec0fdaa7809184382fb1dd2f8b00264c1d945d341f2b8f90db429?s=96&d=mm&r=g","caption":"Ricardo"},"url":"https:\/\/periodicocentroccidente.com\/?author=2"}]}},"jetpack_featured_media_url":"https:\/\/periodicocentroccidente.com\/wp-content\/uploads\/2025\/09\/1005894181.jpg","jetpack_sharing_enabled":true,"jetpack-related-posts":[],"_links":{"self":[{"href":"https:\/\/periodicocentroccidente.com\/index.php?rest_route=\/wp\/v2\/posts\/3720","targetHints":{"allow":["GET"]}}],"collection":[{"href":"https:\/\/periodicocentroccidente.com\/index.php?rest_route=\/wp\/v2\/posts"}],"about":[{"href":"https:\/\/periodicocentroccidente.com\/index.php?rest_route=\/wp\/v2\/types\/post"}],"author":[{"embeddable":true,"href":"https:\/\/periodicocentroccidente.com\/index.php?rest_route=\/wp\/v2\/users\/2"}],"replies":[{"embeddable":true,"href":"https:\/\/periodicocentroccidente.com\/index.php?rest_route=%2Fwp%2Fv2%2Fcomments&post=3720"}],"version-history":[{"count":1,"href":"https:\/\/periodicocentroccidente.com\/index.php?rest_route=\/wp\/v2\/posts\/3720\/revisions"}],"predecessor-version":[{"id":3722,"href":"https:\/\/periodicocentroccidente.com\/index.php?rest_route=\/wp\/v2\/posts\/3720\/revisions\/3722"}],"wp:featuredmedia":[{"embeddable":true,"href":"https:\/\/periodicocentroccidente.com\/index.php?rest_route=\/wp\/v2\/media\/3721"}],"wp:attachment":[{"href":"https:\/\/periodicocentroccidente.com\/index.php?rest_route=%2Fwp%2Fv2%2Fmedia&parent=3720"}],"wp:term":[{"taxonomy":"category","embeddable":true,"href":"https:\/\/periodicocentroccidente.com\/index.php?rest_route=%2Fwp%2Fv2%2Fcategories&post=3720"},{"taxonomy":"post_tag","embeddable":true,"href":"https:\/\/periodicocentroccidente.com\/index.php?rest_route=%2Fwp%2Fv2%2Ftags&post=3720"}],"curies":[{"name":"wp","href":"https:\/\/api.w.org\/{rel}","templated":true}]}}