{"id":3716,"date":"2025-09-11T21:13:41","date_gmt":"2025-09-11T21:13:41","guid":{"rendered":"https:\/\/periodicocentroccidente.com\/?p=3716"},"modified":"2025-09-11T21:13:41","modified_gmt":"2025-09-11T21:13:41","slug":"mas-de-20-planteles-educativos-han-sido-limpiados-en-todo-el-municipio-paez","status":"publish","type":"post","link":"https:\/\/periodicocentroccidente.com\/?p=3716","title":{"rendered":"M\u00e1s de 20 planteles educativos han sido limpiados en todo el municipio P\u00e1ez"},"content":{"rendered":"<div dir=\"auto\"><strong>(Cruz Mario Silva).-<\/strong><\/div>\n<div dir=\"auto\"><\/div>\n<div dir=\"auto\">\u201cEn estos momentos estamos desplegados en m\u00e1s de 20 planteles educativos el marco del Plan Integral de Mantenimiento de nuestro municipio P\u00e1ez, en aras del inicio de clases del periodo 2025-2026\u201d.<\/div>\n<div dir=\"auto\">La afirmaci\u00f3n pertenece alcalde Jos\u00e9 \u00c1ngel L\u00f3pez, durante una inspecci\u00f3n que realiz\u00f3 a la escuela Trina de Moreno, ubicada en la urbanizaci\u00f3n La Corteza, el pasado viernes en la tarde.<\/div>\n<div dir=\"auto\">El desempe\u00f1o de las cuadrillas del Plan Integral de Mantenimiento est\u00e1 al m\u00e1ximo, asegur\u00f3, debido a muchos liceos y escuelas en las cuatro parroquias de muestro municipio hay que limpiarlas, cortar el monte, hacer reparaciones de tuber\u00edas y de electricidad.<\/div>\n<div dir=\"auto\">Estamos garantizando espacios c\u00f3modos para impartir clases, tanto en primaria como en secundaria, manifest\u00f3, \u201ces una orden del presidente Maduro y de nuestro gobernador ejemplar Primitivo Cede\u00f1o y claro, es mi deber como alcalde\u201d.<\/div>\n<div dir=\"auto\"><\/div>\n<div dir=\"auto\"><img loading=\"lazy\" decoding=\"async\" class=\"alignnone size-medium wp-image-3710\" src=\"https:\/\/periodicocentroccidente.com\/wp-content\/uploads\/2025\/09\/IMG-20250911-WA0963-300x135.jpg\" alt=\"\" width=\"300\" height=\"135\" srcset=\"https:\/\/periodicocentroccidente.com\/wp-content\/uploads\/2025\/09\/IMG-20250911-WA0963-300x135.jpg 300w, https:\/\/periodicocentroccidente.com\/wp-content\/uploads\/2025\/09\/IMG-20250911-WA0963-1024x461.jpg 1024w, https:\/\/periodicocentroccidente.com\/wp-content\/uploads\/2025\/09\/IMG-20250911-WA0963-768x346.jpg 768w, https:\/\/periodicocentroccidente.com\/wp-content\/uploads\/2025\/09\/IMG-20250911-WA0963.jpg 1080w\" sizes=\"auto, (max-width: 300px) 100vw, 300px\" \/><\/div>\n<div dir=\"auto\">\n<div dir=\"auto\"><em>Cuadrillas del Plan Integral de Mantenimiento est\u00e1n trabajando al 100%.<\/em><\/div>\n<div dir=\"auto\"><\/div>\n<\/div>\n","protected":false},"excerpt":{"rendered":"<p>(Cruz Mario Silva).- &ldquo;En estos momentos estamos desplegados en m&aacute;s de 20 planteles educativos el marco del Plan Integral de Mantenimiento de nuestro municipio P&aacute;ez, en aras del inicio de clases del periodo 2025-2026&rdquo;. La afirmaci&oacute;n pertenece alcalde Jos&eacute; &Aacute;ngel L&oacute;pez, durante una inspecci&oacute;n que realiz&oacute; a la escuela Trina de Moreno, ubicada en la &hellip;<\/p>\n","protected":false},"author":2,"featured_media":3709,"comment_status":"open","ping_status":"open","sticky":false,"template":"","format":"standard","meta":{"_jetpack_memberships_contains_paid_content":false,"footnotes":""},"categories":[128],"tags":[],"class_list":["post-3716","post","type-post","status-publish","format-standard","has-post-thumbnail","hentry","category-noticias-del-cono-norte"],"yoast_head":"<!-- This site is optimized with the Yoast SEO plugin v24.8.1 - https:\/\/yoast.com\/wordpress\/plugins\/seo\/ -->\n<title>M\u00e1s de 20 planteles educativos han sido limpiados en todo el municipio P\u00e1ez -<\/title>\n<meta name=\"robots\" content=\"index, follow, max-snippet:-1, max-image-preview:large, max-video-preview:-1\" \/>\n<link rel=\"canonical\" href=\"https:\/\/periodicocentroccidente.com\/?p=3716\" \/>\n<meta property=\"og:locale\" content=\"es_ES\" \/>\n<meta property=\"og:type\" content=\"article\" \/>\n<meta property=\"og:title\" content=\"M\u00e1s de 20 planteles educativos han sido limpiados en todo el municipio P\u00e1ez -\" \/>\n<meta property=\"og:description\" content=\"(Cruz Mario Silva).- &ldquo;En estos momentos estamos desplegados en m&aacute;s de 20 planteles educativos el marco del Plan Integral de Mantenimiento de nuestro municipio P&aacute;ez, en aras del inicio de clases del periodo 2025-2026&rdquo;. La afirmaci&oacute;n pertenece alcalde Jos&eacute; &Aacute;ngel L&oacute;pez, durante una inspecci&oacute;n que realiz&oacute; a la escuela Trina de Moreno, ubicada en la &hellip;\" \/>\n<meta property=\"og:url\" content=\"https:\/\/periodicocentroccidente.com\/?p=3716\" \/>\n<meta property=\"article:published_time\" content=\"2025-09-11T21:13:41+00:00\" \/>\n<meta property=\"og:image\" content=\"https:\/\/periodicocentroccidente.com\/wp-content\/uploads\/2025\/09\/IMG-20250911-WA0962.jpg\" \/>\n\t<meta property=\"og:image:width\" content=\"1000\" \/>\n\t<meta property=\"og:image:height\" content=\"462\" \/>\n\t<meta property=\"og:image:type\" content=\"image\/jpeg\" \/>\n<meta name=\"author\" content=\"Ricardo\" \/>\n<meta name=\"twitter:card\" content=\"summary_large_image\" \/>\n<meta name=\"twitter:label1\" content=\"Escrito por\" \/>\n\t<meta name=\"twitter:data1\" content=\"Ricardo\" \/>\n\t<meta name=\"twitter:label2\" content=\"Tiempo de lectura\" \/>\n\t<meta name=\"twitter:data2\" content=\"2 minutos\" \/>\n<script type=\"application\/ld+json\" class=\"yoast-schema-graph\">{\"@context\":\"https:\/\/schema.org\",\"@graph\":[{\"@type\":\"WebPage\",\"@id\":\"https:\/\/periodicocentroccidente.com\/?p=3716\",\"url\":\"https:\/\/periodicocentroccidente.com\/?p=3716\",\"name\":\"M\u00e1s de 20 planteles educativos han sido limpiados en todo el municipio P\u00e1ez -\",\"isPartOf\":{\"@id\":\"https:\/\/periodicocentroccidente.com\/#website\"},\"primaryImageOfPage\":{\"@id\":\"https:\/\/periodicocentroccidente.com\/?p=3716#primaryimage\"},\"image\":{\"@id\":\"https:\/\/periodicocentroccidente.com\/?p=3716#primaryimage\"},\"thumbnailUrl\":\"https:\/\/periodicocentroccidente.com\/wp-content\/uploads\/2025\/09\/IMG-20250911-WA0962.jpg\",\"datePublished\":\"2025-09-11T21:13:41+00:00\",\"author\":{\"@id\":\"https:\/\/periodicocentroccidente.com\/#\/schema\/person\/f4e4a651098f3db198244657b7130e7e\"},\"breadcrumb\":{\"@id\":\"https:\/\/periodicocentroccidente.com\/?p=3716#breadcrumb\"},\"inLanguage\":\"es\",\"potentialAction\":[{\"@type\":\"ReadAction\",\"target\":[\"https:\/\/periodicocentroccidente.com\/?p=3716\"]}]},{\"@type\":\"ImageObject\",\"inLanguage\":\"es\",\"@id\":\"https:\/\/periodicocentroccidente.com\/?p=3716#primaryimage\",\"url\":\"https:\/\/periodicocentroccidente.com\/wp-content\/uploads\/2025\/09\/IMG-20250911-WA0962.jpg\",\"contentUrl\":\"https:\/\/periodicocentroccidente.com\/wp-content\/uploads\/2025\/09\/IMG-20250911-WA0962.jpg\",\"width\":1000,\"height\":462},{\"@type\":\"BreadcrumbList\",\"@id\":\"https:\/\/periodicocentroccidente.com\/?p=3716#breadcrumb\",\"itemListElement\":[{\"@type\":\"ListItem\",\"position\":1,\"name\":\"Portada\",\"item\":\"https:\/\/periodicocentroccidente.com\/\"},{\"@type\":\"ListItem\",\"position\":2,\"name\":\"M\u00e1s de 20 planteles educativos han sido limpiados en todo el municipio P\u00e1ez\"}]},{\"@type\":\"WebSite\",\"@id\":\"https:\/\/periodicocentroccidente.com\/#website\",\"url\":\"https:\/\/periodicocentroccidente.com\/\",\"name\":\"\",\"description\":\"Periodismo serio y responsable\",\"potentialAction\":[{\"@type\":\"SearchAction\",\"target\":{\"@type\":\"EntryPoint\",\"urlTemplate\":\"https:\/\/periodicocentroccidente.com\/?s={search_term_string}\"},\"query-input\":{\"@type\":\"PropertyValueSpecification\",\"valueRequired\":true,\"valueName\":\"search_term_string\"}}],\"inLanguage\":\"es\"},{\"@type\":\"Person\",\"@id\":\"https:\/\/periodicocentroccidente.com\/#\/schema\/person\/f4e4a651098f3db198244657b7130e7e\",\"name\":\"Ricardo\",\"image\":{\"@type\":\"ImageObject\",\"inLanguage\":\"es\",\"@id\":\"https:\/\/periodicocentroccidente.com\/#\/schema\/person\/image\/\",\"url\":\"https:\/\/secure.gravatar.com\/avatar\/402e6137108ec0fdaa7809184382fb1dd2f8b00264c1d945d341f2b8f90db429?s=96&d=mm&r=g\",\"contentUrl\":\"https:\/\/secure.gravatar.com\/avatar\/402e6137108ec0fdaa7809184382fb1dd2f8b00264c1d945d341f2b8f90db429?s=96&d=mm&r=g\",\"caption\":\"Ricardo\"},\"url\":\"https:\/\/periodicocentroccidente.com\/?author=2\"}]}<\/script>\n<!-- \/ Yoast SEO plugin. -->","yoast_head_json":{"title":"M\u00e1s de 20 planteles educativos han sido limpiados en todo el municipio P\u00e1ez -","robots":{"index":"index","follow":"follow","max-snippet":"max-snippet:-1","max-image-preview":"max-image-preview:large","max-video-preview":"max-video-preview:-1"},"canonical":"https:\/\/periodicocentroccidente.com\/?p=3716","og_locale":"es_ES","og_type":"article","og_title":"M\u00e1s de 20 planteles educativos han sido limpiados en todo el municipio P\u00e1ez -","og_description":"(Cruz Mario Silva).- &ldquo;En estos momentos estamos desplegados en m&aacute;s de 20 planteles educativos el marco del Plan Integral de Mantenimiento de nuestro municipio P&aacute;ez, en aras del inicio de clases del periodo 2025-2026&rdquo;. La afirmaci&oacute;n pertenece alcalde Jos&eacute; &Aacute;ngel L&oacute;pez, durante una inspecci&oacute;n que realiz&oacute; a la escuela Trina de Moreno, ubicada en la &hellip;","og_url":"https:\/\/periodicocentroccidente.com\/?p=3716","article_published_time":"2025-09-11T21:13:41+00:00","og_image":[{"width":1000,"height":462,"url":"https:\/\/periodicocentroccidente.com\/wp-content\/uploads\/2025\/09\/IMG-20250911-WA0962.jpg","type":"image\/jpeg"}],"author":"Ricardo","twitter_card":"summary_large_image","twitter_misc":{"Escrito por":"Ricardo","Tiempo de lectura":"2 minutos"},"schema":{"@context":"https:\/\/schema.org","@graph":[{"@type":"WebPage","@id":"https:\/\/periodicocentroccidente.com\/?p=3716","url":"https:\/\/periodicocentroccidente.com\/?p=3716","name":"M\u00e1s de 20 planteles educativos han sido limpiados en todo el municipio P\u00e1ez -","isPartOf":{"@id":"https:\/\/periodicocentroccidente.com\/#website"},"primaryImageOfPage":{"@id":"https:\/\/periodicocentroccidente.com\/?p=3716#primaryimage"},"image":{"@id":"https:\/\/periodicocentroccidente.com\/?p=3716#primaryimage"},"thumbnailUrl":"https:\/\/periodicocentroccidente.com\/wp-content\/uploads\/2025\/09\/IMG-20250911-WA0962.jpg","datePublished":"2025-09-11T21:13:41+00:00","author":{"@id":"https:\/\/periodicocentroccidente.com\/#\/schema\/person\/f4e4a651098f3db198244657b7130e7e"},"breadcrumb":{"@id":"https:\/\/periodicocentroccidente.com\/?p=3716#breadcrumb"},"inLanguage":"es","potentialAction":[{"@type":"ReadAction","target":["https:\/\/periodicocentroccidente.com\/?p=3716"]}]},{"@type":"ImageObject","inLanguage":"es","@id":"https:\/\/periodicocentroccidente.com\/?p=3716#primaryimage","url":"https:\/\/periodicocentroccidente.com\/wp-content\/uploads\/2025\/09\/IMG-20250911-WA0962.jpg","contentUrl":"https:\/\/periodicocentroccidente.com\/wp-content\/uploads\/2025\/09\/IMG-20250911-WA0962.jpg","width":1000,"height":462},{"@type":"BreadcrumbList","@id":"https:\/\/periodicocentroccidente.com\/?p=3716#breadcrumb","itemListElement":[{"@type":"ListItem","position":1,"name":"Portada","item":"https:\/\/periodicocentroccidente.com\/"},{"@type":"ListItem","position":2,"name":"M\u00e1s de 20 planteles educativos han sido limpiados en todo el municipio P\u00e1ez"}]},{"@type":"WebSite","@id":"https:\/\/periodicocentroccidente.com\/#website","url":"https:\/\/periodicocentroccidente.com\/","name":"","description":"Periodismo serio y responsable","potentialAction":[{"@type":"SearchAction","target":{"@type":"EntryPoint","urlTemplate":"https:\/\/periodicocentroccidente.com\/?s={search_term_string}"},"query-input":{"@type":"PropertyValueSpecification","valueRequired":true,"valueName":"search_term_string"}}],"inLanguage":"es"},{"@type":"Person","@id":"https:\/\/periodicocentroccidente.com\/#\/schema\/person\/f4e4a651098f3db198244657b7130e7e","name":"Ricardo","image":{"@type":"ImageObject","inLanguage":"es","@id":"https:\/\/periodicocentroccidente.com\/#\/schema\/person\/image\/","url":"https:\/\/secure.gravatar.com\/avatar\/402e6137108ec0fdaa7809184382fb1dd2f8b00264c1d945d341f2b8f90db429?s=96&d=mm&r=g","contentUrl":"https:\/\/secure.gravatar.com\/avatar\/402e6137108ec0fdaa7809184382fb1dd2f8b00264c1d945d341f2b8f90db429?s=96&d=mm&r=g","caption":"Ricardo"},"url":"https:\/\/periodicocentroccidente.com\/?author=2"}]}},"jetpack_featured_media_url":"https:\/\/periodicocentroccidente.com\/wp-content\/uploads\/2025\/09\/IMG-20250911-WA0962.jpg","jetpack_sharing_enabled":true,"jetpack-related-posts":[],"_links":{"self":[{"href":"https:\/\/periodicocentroccidente.com\/index.php?rest_route=\/wp\/v2\/posts\/3716","targetHints":{"allow":["GET"]}}],"collection":[{"href":"https:\/\/periodicocentroccidente.com\/index.php?rest_route=\/wp\/v2\/posts"}],"about":[{"href":"https:\/\/periodicocentroccidente.com\/index.php?rest_route=\/wp\/v2\/types\/post"}],"author":[{"embeddable":true,"href":"https:\/\/periodicocentroccidente.com\/index.php?rest_route=\/wp\/v2\/users\/2"}],"replies":[{"embeddable":true,"href":"https:\/\/periodicocentroccidente.com\/index.php?rest_route=%2Fwp%2Fv2%2Fcomments&post=3716"}],"version-history":[{"count":1,"href":"https:\/\/periodicocentroccidente.com\/index.php?rest_route=\/wp\/v2\/posts\/3716\/revisions"}],"predecessor-version":[{"id":3717,"href":"https:\/\/periodicocentroccidente.com\/index.php?rest_route=\/wp\/v2\/posts\/3716\/revisions\/3717"}],"wp:featuredmedia":[{"embeddable":true,"href":"https:\/\/periodicocentroccidente.com\/index.php?rest_route=\/wp\/v2\/media\/3709"}],"wp:attachment":[{"href":"https:\/\/periodicocentroccidente.com\/index.php?rest_route=%2Fwp%2Fv2%2Fmedia&parent=3716"}],"wp:term":[{"taxonomy":"category","embeddable":true,"href":"https:\/\/periodicocentroccidente.com\/index.php?rest_route=%2Fwp%2Fv2%2Fcategories&post=3716"},{"taxonomy":"post_tag","embeddable":true,"href":"https:\/\/periodicocentroccidente.com\/index.php?rest_route=%2Fwp%2Fv2%2Ftags&post=3716"}],"curies":[{"name":"wp","href":"https:\/\/api.w.org\/{rel}","templated":true}]}}