{"id":3691,"date":"2025-09-11T14:45:27","date_gmt":"2025-09-11T14:45:27","guid":{"rendered":"https:\/\/periodicocentroccidente.com\/?p=3691"},"modified":"2025-09-11T14:45:27","modified_gmt":"2025-09-11T14:45:27","slug":"el-dominicano-alfonseca-la-pasion-estrena-que-onda-perdida","status":"publish","type":"post","link":"https:\/\/periodicocentroccidente.com\/?p=3691","title":{"rendered":"El dominicano Alfonseca \u00abLa Pasion\u00bb estrena \u00abQue Onda Perdida\u00bb"},"content":{"rendered":"<p><strong>lapuracrema.net<\/strong><\/p>\n<div dir=\"auto\">El carism\u00e1tico artista dominicano Alfonseca La Pasi\u00f3n lanza su m\u00e1s reciente tema musical, \u00abQu\u00e9 Onda Perdida\u00bb, una pieza que ya est\u00e1 generando gran expectativa y que busca posicionarse como el nuevo \u00e9xito del g\u00e9nero. El sencillo, con letras de Jerardo Coronel, viene acompa\u00f1ado de un videoclip de alta calidad y ser\u00e1 promovido a nivel global por la plataforma digital\u00a0<a href=\"http:\/\/lapuracrema.net\/\" target=\"_blank\" rel=\"noopener\" data-saferedirecturl=\"https:\/\/www.google.com\/url?q=http:\/\/lapuracrema.net&amp;source=gmail&amp;ust=1757686239237000&amp;usg=AOvVaw3tO6XGscSglC1VS6k3Xhe8\">lapuracrema.net<\/a>. El protagonista de esta historia es Alfonseca La Pasi\u00f3n, un talentoso cantante y compositor originario de San Pedro de Macor\u00eds, Rep\u00fablica Dominicana. Nacido en Don L\u00f3pez de Hato Mayor, Alfonseca ha dedicado su vida a la m\u00fasica desde los 8 a\u00f1os, un legado heredado de su padre, tambi\u00e9n un reconocido m\u00fasico. A lo largo de su carrera ha logrado formar su propia agrupaci\u00f3n, conformada en su mayor\u00eda por sus hermanos, consolidando un proyecto familiar y lleno de pasi\u00f3n. El artista presenta su nuevo sencillo, \u00abQu\u00e9 Onda Perdida\u00bb. Este tema es una apuesta musical con un video bien elaborado que, seg\u00fan el propio Alfonseca, tiene como objetivo conectar de manera profunda con el p\u00fablico en todas las redes sociales. La canci\u00f3n representa un paso importante en su carrera, consolidando su sonido y estilo \u00fanicos. El lanzamiento del tema y el videoclip se realiza en un momento clave de su carrera, marcando un nuevo cap\u00edtulo para el artista. La promoci\u00f3n del sencillo es inmediata y estar\u00e1 a cargo de\u00a0<a href=\"http:\/\/lapuracrema.net\/\" target=\"_blank\" rel=\"noopener\" data-saferedirecturl=\"https:\/\/www.google.com\/url?q=http:\/\/lapuracrema.net&amp;source=gmail&amp;ust=1757686239237000&amp;usg=AOvVaw3tO6XGscSglC1VS6k3Xhe8\">lapuracrema.net<\/a>, una plataforma digital conocida por su alcance y efectividad en la difusi\u00f3n musical. Aunque Alfonseca es de ra\u00edces dominicanas, su m\u00fasica y esta nueva producci\u00f3n tienen una visi\u00f3n global. El lanzamiento se dirige a un p\u00fablico amplio en todo el mundo, con una promoci\u00f3n enfocada en las principales redes sociales y plataformas digitales. La canci\u00f3n estar\u00e1 disponible para audiencias internacionales, llevando el talento del artista m\u00e1s all\u00e1 de las fronteras de su pa\u00eds. Alfonseca La Pasi\u00f3n ha trabajado incansablemente para alcanzar su sue\u00f1o de llevar su m\u00fasica y su historia al mundo. Su motivaci\u00f3n es su familia, sus valores y el apoyo de su p\u00fablico, a quienes considera \u00abhermoso y bello\u00bb. \u00abMi sue\u00f1o es llegar lejos en la m\u00fasica, mi carrera, y que el p\u00fablico del mundo entero sepa de m\u00ed, de Alfonseca La Pasi\u00f3n\u00bb, comenta el artista. Con \u00abQu\u00e9 Onda Perdida\u00bb, busca solidificar su lugar en la industria musical y mostrar la calidad de su trabajo a una audiencia cada vez m\u00e1s amplia. El objetivo de Alfonseca es claro: compartir su arte con el mundo. Con esta nueva canci\u00f3n, busca consolidar su carrera y que su m\u00fasica, impregnada de su historia de perseverancia y dedicaci\u00f3n, resuene en el coraz\u00f3n de un p\u00fablico global. El artista espera contar con el apoyo de sus fans y los medios para llevar este mensaje de pasi\u00f3n y trabajo incansable a todos los rincones.<\/div>\n<div dir=\"auto\"><\/div>\n<div dir=\"auto\">Contacto de Prensa: <a href=\"http:\/\/lapuracrema.net\/\" target=\"_blank\" rel=\"noopener\" data-saferedirecturl=\"https:\/\/www.google.com\/url?q=http:\/\/lapuracrema.net&amp;source=gmail&amp;ust=1757686239237000&amp;usg=AOvVaw3tO6XGscSglC1VS6k3Xhe8\">lapuracrema.net<\/a>*<\/div>\n<div dir=\"auto\">Redes Sociales de Alfonseca La Pasi\u00f3n :<\/div>\n<div dir=\"auto\">\u2022 Instagram: @alfonsecalapasion<\/div>\n<div dir=\"auto\">\u2022 Facebook: Alfonseca La Pasi\u00f3n<\/div>\n<div dir=\"auto\">\u2022 YouTube: Alfonseca La Pasi\u00f3n<\/div>\n<div dir=\"auto\">\u2022 TikTok: alfonsecalapasion<\/div>\n<div dir=\"auto\"><\/div>\n<div dir=\"auto\"><img loading=\"lazy\" decoding=\"async\" class=\"alignnone size-medium wp-image-3693\" src=\"https:\/\/periodicocentroccidente.com\/wp-content\/uploads\/2025\/09\/1005869482-214x300.jpg\" alt=\"\" width=\"214\" height=\"300\" srcset=\"https:\/\/periodicocentroccidente.com\/wp-content\/uploads\/2025\/09\/1005869482-214x300.jpg 214w, https:\/\/periodicocentroccidente.com\/wp-content\/uploads\/2025\/09\/1005869482-731x1024.jpg 731w, https:\/\/periodicocentroccidente.com\/wp-content\/uploads\/2025\/09\/1005869482-768x1076.jpg 768w, https:\/\/periodicocentroccidente.com\/wp-content\/uploads\/2025\/09\/1005869482-1096x1536.jpg 1096w, https:\/\/periodicocentroccidente.com\/wp-content\/uploads\/2025\/09\/1005869482.jpg 1142w\" sizes=\"auto, (max-width: 214px) 100vw, 214px\" \/><\/div>\n","protected":false},"excerpt":{"rendered":"<p>lapuracrema.net El carism&aacute;tico artista dominicano Alfonseca La Pasi&oacute;n lanza su m&aacute;s reciente tema musical, &laquo;Qu&eacute; Onda Perdida&raquo;, una pieza que ya est&aacute; generando gran expectativa y que busca posicionarse como el nuevo &eacute;xito del g&eacute;nero. El sencillo, con letras de Jerardo Coronel, viene acompa&ntilde;ado de un videoclip de alta calidad y ser&aacute; promovido a nivel &hellip;<\/p>\n","protected":false},"author":2,"featured_media":3692,"comment_status":"open","ping_status":"open","sticky":false,"template":"","format":"standard","meta":{"_jetpack_memberships_contains_paid_content":false,"footnotes":""},"categories":[129],"tags":[],"class_list":["post-3691","post","type-post","status-publish","format-standard","has-post-thumbnail","hentry","category-farandula"],"yoast_head":"<!-- This site is optimized with the Yoast SEO plugin v24.8.1 - https:\/\/yoast.com\/wordpress\/plugins\/seo\/ -->\n<title>El dominicano Alfonseca &quot;La Pasion&quot; estrena &quot;Que Onda Perdida&quot; -<\/title>\n<meta name=\"robots\" content=\"index, follow, max-snippet:-1, max-image-preview:large, max-video-preview:-1\" \/>\n<link rel=\"canonical\" href=\"https:\/\/periodicocentroccidente.com\/?p=3691\" \/>\n<meta property=\"og:locale\" content=\"es_ES\" \/>\n<meta property=\"og:type\" content=\"article\" \/>\n<meta property=\"og:title\" content=\"El dominicano Alfonseca &quot;La Pasion&quot; estrena &quot;Que Onda Perdida&quot; -\" \/>\n<meta property=\"og:description\" content=\"lapuracrema.net El carism&aacute;tico artista dominicano Alfonseca La Pasi&oacute;n lanza su m&aacute;s reciente tema musical, &laquo;Qu&eacute; Onda Perdida&raquo;, una pieza que ya est&aacute; generando gran expectativa y que busca posicionarse como el nuevo &eacute;xito del g&eacute;nero. El sencillo, con letras de Jerardo Coronel, viene acompa&ntilde;ado de un videoclip de alta calidad y ser&aacute; promovido a nivel &hellip;\" \/>\n<meta property=\"og:url\" content=\"https:\/\/periodicocentroccidente.com\/?p=3691\" \/>\n<meta property=\"article:published_time\" content=\"2025-09-11T14:45:27+00:00\" \/>\n<meta property=\"og:image\" content=\"https:\/\/periodicocentroccidente.com\/wp-content\/uploads\/2025\/09\/1005869478.jpg\" \/>\n\t<meta property=\"og:image:width\" content=\"1600\" \/>\n\t<meta property=\"og:image:height\" content=\"1142\" \/>\n\t<meta property=\"og:image:type\" content=\"image\/jpeg\" \/>\n<meta name=\"author\" content=\"Ricardo\" \/>\n<meta name=\"twitter:card\" content=\"summary_large_image\" \/>\n<meta name=\"twitter:label1\" content=\"Escrito por\" \/>\n\t<meta name=\"twitter:data1\" content=\"Ricardo\" \/>\n\t<meta name=\"twitter:label2\" content=\"Tiempo de lectura\" \/>\n\t<meta name=\"twitter:data2\" content=\"3 minutos\" \/>\n<script type=\"application\/ld+json\" class=\"yoast-schema-graph\">{\"@context\":\"https:\/\/schema.org\",\"@graph\":[{\"@type\":\"WebPage\",\"@id\":\"https:\/\/periodicocentroccidente.com\/?p=3691\",\"url\":\"https:\/\/periodicocentroccidente.com\/?p=3691\",\"name\":\"El dominicano Alfonseca \\\"La Pasion\\\" estrena \\\"Que Onda Perdida\\\" -\",\"isPartOf\":{\"@id\":\"https:\/\/periodicocentroccidente.com\/#website\"},\"primaryImageOfPage\":{\"@id\":\"https:\/\/periodicocentroccidente.com\/?p=3691#primaryimage\"},\"image\":{\"@id\":\"https:\/\/periodicocentroccidente.com\/?p=3691#primaryimage\"},\"thumbnailUrl\":\"https:\/\/periodicocentroccidente.com\/wp-content\/uploads\/2025\/09\/1005869478.jpg\",\"datePublished\":\"2025-09-11T14:45:27+00:00\",\"author\":{\"@id\":\"https:\/\/periodicocentroccidente.com\/#\/schema\/person\/f4e4a651098f3db198244657b7130e7e\"},\"breadcrumb\":{\"@id\":\"https:\/\/periodicocentroccidente.com\/?p=3691#breadcrumb\"},\"inLanguage\":\"es\",\"potentialAction\":[{\"@type\":\"ReadAction\",\"target\":[\"https:\/\/periodicocentroccidente.com\/?p=3691\"]}]},{\"@type\":\"ImageObject\",\"inLanguage\":\"es\",\"@id\":\"https:\/\/periodicocentroccidente.com\/?p=3691#primaryimage\",\"url\":\"https:\/\/periodicocentroccidente.com\/wp-content\/uploads\/2025\/09\/1005869478.jpg\",\"contentUrl\":\"https:\/\/periodicocentroccidente.com\/wp-content\/uploads\/2025\/09\/1005869478.jpg\",\"width\":1600,\"height\":1142},{\"@type\":\"BreadcrumbList\",\"@id\":\"https:\/\/periodicocentroccidente.com\/?p=3691#breadcrumb\",\"itemListElement\":[{\"@type\":\"ListItem\",\"position\":1,\"name\":\"Portada\",\"item\":\"https:\/\/periodicocentroccidente.com\/\"},{\"@type\":\"ListItem\",\"position\":2,\"name\":\"El dominicano Alfonseca \u00abLa Pasion\u00bb estrena \u00abQue Onda Perdida\u00bb\"}]},{\"@type\":\"WebSite\",\"@id\":\"https:\/\/periodicocentroccidente.com\/#website\",\"url\":\"https:\/\/periodicocentroccidente.com\/\",\"name\":\"\",\"description\":\"Periodismo serio y responsable\",\"potentialAction\":[{\"@type\":\"SearchAction\",\"target\":{\"@type\":\"EntryPoint\",\"urlTemplate\":\"https:\/\/periodicocentroccidente.com\/?s={search_term_string}\"},\"query-input\":{\"@type\":\"PropertyValueSpecification\",\"valueRequired\":true,\"valueName\":\"search_term_string\"}}],\"inLanguage\":\"es\"},{\"@type\":\"Person\",\"@id\":\"https:\/\/periodicocentroccidente.com\/#\/schema\/person\/f4e4a651098f3db198244657b7130e7e\",\"name\":\"Ricardo\",\"image\":{\"@type\":\"ImageObject\",\"inLanguage\":\"es\",\"@id\":\"https:\/\/periodicocentroccidente.com\/#\/schema\/person\/image\/\",\"url\":\"https:\/\/secure.gravatar.com\/avatar\/402e6137108ec0fdaa7809184382fb1dd2f8b00264c1d945d341f2b8f90db429?s=96&d=mm&r=g\",\"contentUrl\":\"https:\/\/secure.gravatar.com\/avatar\/402e6137108ec0fdaa7809184382fb1dd2f8b00264c1d945d341f2b8f90db429?s=96&d=mm&r=g\",\"caption\":\"Ricardo\"},\"url\":\"https:\/\/periodicocentroccidente.com\/?author=2\"}]}<\/script>\n<!-- \/ Yoast SEO plugin. -->","yoast_head_json":{"title":"El dominicano Alfonseca \"La Pasion\" estrena \"Que Onda Perdida\" -","robots":{"index":"index","follow":"follow","max-snippet":"max-snippet:-1","max-image-preview":"max-image-preview:large","max-video-preview":"max-video-preview:-1"},"canonical":"https:\/\/periodicocentroccidente.com\/?p=3691","og_locale":"es_ES","og_type":"article","og_title":"El dominicano Alfonseca \"La Pasion\" estrena \"Que Onda Perdida\" -","og_description":"lapuracrema.net El carism&aacute;tico artista dominicano Alfonseca La Pasi&oacute;n lanza su m&aacute;s reciente tema musical, &laquo;Qu&eacute; Onda Perdida&raquo;, una pieza que ya est&aacute; generando gran expectativa y que busca posicionarse como el nuevo &eacute;xito del g&eacute;nero. El sencillo, con letras de Jerardo Coronel, viene acompa&ntilde;ado de un videoclip de alta calidad y ser&aacute; promovido a nivel &hellip;","og_url":"https:\/\/periodicocentroccidente.com\/?p=3691","article_published_time":"2025-09-11T14:45:27+00:00","og_image":[{"width":1600,"height":1142,"url":"https:\/\/periodicocentroccidente.com\/wp-content\/uploads\/2025\/09\/1005869478.jpg","type":"image\/jpeg"}],"author":"Ricardo","twitter_card":"summary_large_image","twitter_misc":{"Escrito por":"Ricardo","Tiempo de lectura":"3 minutos"},"schema":{"@context":"https:\/\/schema.org","@graph":[{"@type":"WebPage","@id":"https:\/\/periodicocentroccidente.com\/?p=3691","url":"https:\/\/periodicocentroccidente.com\/?p=3691","name":"El dominicano Alfonseca \"La Pasion\" estrena \"Que Onda Perdida\" -","isPartOf":{"@id":"https:\/\/periodicocentroccidente.com\/#website"},"primaryImageOfPage":{"@id":"https:\/\/periodicocentroccidente.com\/?p=3691#primaryimage"},"image":{"@id":"https:\/\/periodicocentroccidente.com\/?p=3691#primaryimage"},"thumbnailUrl":"https:\/\/periodicocentroccidente.com\/wp-content\/uploads\/2025\/09\/1005869478.jpg","datePublished":"2025-09-11T14:45:27+00:00","author":{"@id":"https:\/\/periodicocentroccidente.com\/#\/schema\/person\/f4e4a651098f3db198244657b7130e7e"},"breadcrumb":{"@id":"https:\/\/periodicocentroccidente.com\/?p=3691#breadcrumb"},"inLanguage":"es","potentialAction":[{"@type":"ReadAction","target":["https:\/\/periodicocentroccidente.com\/?p=3691"]}]},{"@type":"ImageObject","inLanguage":"es","@id":"https:\/\/periodicocentroccidente.com\/?p=3691#primaryimage","url":"https:\/\/periodicocentroccidente.com\/wp-content\/uploads\/2025\/09\/1005869478.jpg","contentUrl":"https:\/\/periodicocentroccidente.com\/wp-content\/uploads\/2025\/09\/1005869478.jpg","width":1600,"height":1142},{"@type":"BreadcrumbList","@id":"https:\/\/periodicocentroccidente.com\/?p=3691#breadcrumb","itemListElement":[{"@type":"ListItem","position":1,"name":"Portada","item":"https:\/\/periodicocentroccidente.com\/"},{"@type":"ListItem","position":2,"name":"El dominicano Alfonseca \u00abLa Pasion\u00bb estrena \u00abQue Onda Perdida\u00bb"}]},{"@type":"WebSite","@id":"https:\/\/periodicocentroccidente.com\/#website","url":"https:\/\/periodicocentroccidente.com\/","name":"","description":"Periodismo serio y responsable","potentialAction":[{"@type":"SearchAction","target":{"@type":"EntryPoint","urlTemplate":"https:\/\/periodicocentroccidente.com\/?s={search_term_string}"},"query-input":{"@type":"PropertyValueSpecification","valueRequired":true,"valueName":"search_term_string"}}],"inLanguage":"es"},{"@type":"Person","@id":"https:\/\/periodicocentroccidente.com\/#\/schema\/person\/f4e4a651098f3db198244657b7130e7e","name":"Ricardo","image":{"@type":"ImageObject","inLanguage":"es","@id":"https:\/\/periodicocentroccidente.com\/#\/schema\/person\/image\/","url":"https:\/\/secure.gravatar.com\/avatar\/402e6137108ec0fdaa7809184382fb1dd2f8b00264c1d945d341f2b8f90db429?s=96&d=mm&r=g","contentUrl":"https:\/\/secure.gravatar.com\/avatar\/402e6137108ec0fdaa7809184382fb1dd2f8b00264c1d945d341f2b8f90db429?s=96&d=mm&r=g","caption":"Ricardo"},"url":"https:\/\/periodicocentroccidente.com\/?author=2"}]}},"jetpack_featured_media_url":"https:\/\/periodicocentroccidente.com\/wp-content\/uploads\/2025\/09\/1005869478.jpg","jetpack_sharing_enabled":true,"jetpack-related-posts":[],"_links":{"self":[{"href":"https:\/\/periodicocentroccidente.com\/index.php?rest_route=\/wp\/v2\/posts\/3691","targetHints":{"allow":["GET"]}}],"collection":[{"href":"https:\/\/periodicocentroccidente.com\/index.php?rest_route=\/wp\/v2\/posts"}],"about":[{"href":"https:\/\/periodicocentroccidente.com\/index.php?rest_route=\/wp\/v2\/types\/post"}],"author":[{"embeddable":true,"href":"https:\/\/periodicocentroccidente.com\/index.php?rest_route=\/wp\/v2\/users\/2"}],"replies":[{"embeddable":true,"href":"https:\/\/periodicocentroccidente.com\/index.php?rest_route=%2Fwp%2Fv2%2Fcomments&post=3691"}],"version-history":[{"count":1,"href":"https:\/\/periodicocentroccidente.com\/index.php?rest_route=\/wp\/v2\/posts\/3691\/revisions"}],"predecessor-version":[{"id":3694,"href":"https:\/\/periodicocentroccidente.com\/index.php?rest_route=\/wp\/v2\/posts\/3691\/revisions\/3694"}],"wp:featuredmedia":[{"embeddable":true,"href":"https:\/\/periodicocentroccidente.com\/index.php?rest_route=\/wp\/v2\/media\/3692"}],"wp:attachment":[{"href":"https:\/\/periodicocentroccidente.com\/index.php?rest_route=%2Fwp%2Fv2%2Fmedia&parent=3691"}],"wp:term":[{"taxonomy":"category","embeddable":true,"href":"https:\/\/periodicocentroccidente.com\/index.php?rest_route=%2Fwp%2Fv2%2Fcategories&post=3691"},{"taxonomy":"post_tag","embeddable":true,"href":"https:\/\/periodicocentroccidente.com\/index.php?rest_route=%2Fwp%2Fv2%2Ftags&post=3691"}],"curies":[{"name":"wp","href":"https:\/\/api.w.org\/{rel}","templated":true}]}}