{"id":3654,"date":"2025-09-09T15:48:43","date_gmt":"2025-09-09T15:48:43","guid":{"rendered":"https:\/\/periodicocentroccidente.com\/?p=3654"},"modified":"2025-09-09T15:48:43","modified_gmt":"2025-09-09T15:48:43","slug":"con-esfuerzo-y-en-conjunto-organizamos-una-gran-celebracion-para-la-coromoto","status":"publish","type":"post","link":"https:\/\/periodicocentroccidente.com\/?p=3654","title":{"rendered":"Con esfuerzo y en conjunto organizamos una gran celebraci\u00f3n para La Coromoto"},"content":{"rendered":"<p><strong>Especial.-<\/strong><\/p>\n<p>La celebraci\u00f3n de los 373 a\u00f1os de la aparici\u00f3n de la Virgen de Coromoto cont\u00f3 con la masiva participaci\u00f3n de devotos de distintos lugares del pa\u00eds que, con fe, devoci\u00f3n y sin importar el inclemente sol, veneraron a la Patrona Nacional elevaron oraciones por la paz, la estabilidad y la suprema felicidad de todos.<\/p>\n<p>El alcalde Oscar Novoa, al concluir la hermosa celebraci\u00f3n eucar\u00edstica oficiada por Monse\u00f1or Owaldo Araque, Obispo de la Di\u00f3cesis de Guanare, exalt\u00f3 la respuesta masiva del pueblo y su movilizaci\u00f3n hasta el imponente Santuario Nacional para celebrar con alegr\u00eda la fecha y rendir honores a la excelsa Patrona.<\/p>\n<p>Junto al gobernador Primitivo Cede\u00f1o; la primera combatiente de Portuguesa, Mar\u00eda Gabriela Gil, alcaldes e invitados especiales, entre ellos el gobernador del estado Zulia Luis Caldera, Novoa calific\u00f3 a la celebraci\u00f3n como \u201cuna extraordinaria jornada\u201d en la capital espiritual del pa\u00eds. \u201cEstamos de fiesta; conjugamos esfuerzos y estrategias organizativas para una actividad hermosa y lo logramos en equipo y de manera impecable, eso nos enorgullece\u201d, dijo.<\/p>\n<p>El alcalde, recalc\u00f3 que Guanare se convierte \u201cen epicentro de fe\u201d y la programaci\u00f3n en honor a la Patrona contin\u00faa, por lo que invita a todos los fieles a celebrar este jueves 11, los 73 a\u00f1os de su Coronaci\u00f3n Can\u00f3nica participando en la Misa solemne que tendr\u00e1 lugar en la avenida Juan Fern\u00e1ndez de Le\u00f3n a partir de las 6 de la tarde.<\/p>\n<p><img loading=\"lazy\" decoding=\"async\" class=\"alignnone size-medium wp-image-3656\" src=\"https:\/\/periodicocentroccidente.com\/wp-content\/uploads\/2025\/09\/1002237635-300x204.jpg\" alt=\"\" width=\"300\" height=\"204\" srcset=\"https:\/\/periodicocentroccidente.com\/wp-content\/uploads\/2025\/09\/1002237635-300x204.jpg 300w, https:\/\/periodicocentroccidente.com\/wp-content\/uploads\/2025\/09\/1002237635-1024x697.jpg 1024w, https:\/\/periodicocentroccidente.com\/wp-content\/uploads\/2025\/09\/1002237635-768x523.jpg 768w, https:\/\/periodicocentroccidente.com\/wp-content\/uploads\/2025\/09\/1002237635-220x150.jpg 220w, https:\/\/periodicocentroccidente.com\/wp-content\/uploads\/2025\/09\/1002237635.jpg 1080w\" sizes=\"auto, (max-width: 300px) 100vw, 300px\" \/>\u00a0 \u00a0 <img loading=\"lazy\" decoding=\"async\" class=\"alignnone size-medium wp-image-3657\" src=\"https:\/\/periodicocentroccidente.com\/wp-content\/uploads\/2025\/09\/1002237641-840x781-1-300x279.jpg\" alt=\"\" width=\"300\" height=\"279\" srcset=\"https:\/\/periodicocentroccidente.com\/wp-content\/uploads\/2025\/09\/1002237641-840x781-1-300x279.jpg 300w, https:\/\/periodicocentroccidente.com\/wp-content\/uploads\/2025\/09\/1002237641-840x781-1-768x714.jpg 768w, https:\/\/periodicocentroccidente.com\/wp-content\/uploads\/2025\/09\/1002237641-840x781-1.jpg 840w\" sizes=\"auto, (max-width: 300px) 100vw, 300px\" \/><\/p>\n","protected":false},"excerpt":{"rendered":"<p>Especial.- La celebraci&oacute;n de los 373 a&ntilde;os de la aparici&oacute;n de la Virgen de Coromoto cont&oacute; con la masiva participaci&oacute;n de devotos de distintos lugares del pa&iacute;s que, con fe, devoci&oacute;n y sin importar el inclemente sol, veneraron a la Patrona Nacional elevaron oraciones por la paz, la estabilidad y la suprema felicidad de todos. &hellip;<\/p>\n","protected":false},"author":2,"featured_media":3655,"comment_status":"open","ping_status":"open","sticky":false,"template":"","format":"standard","meta":{"_jetpack_memberships_contains_paid_content":false,"footnotes":""},"categories":[127],"tags":[],"class_list":["post-3654","post","type-post","status-publish","format-standard","has-post-thumbnail","hentry","category-noticias-recientes"],"yoast_head":"<!-- This site is optimized with the Yoast SEO plugin v24.8.1 - https:\/\/yoast.com\/wordpress\/plugins\/seo\/ -->\n<title>Con esfuerzo y en conjunto organizamos una gran celebraci\u00f3n para La Coromoto -<\/title>\n<meta name=\"robots\" content=\"index, follow, max-snippet:-1, max-image-preview:large, max-video-preview:-1\" \/>\n<link rel=\"canonical\" href=\"https:\/\/periodicocentroccidente.com\/?p=3654\" \/>\n<meta property=\"og:locale\" content=\"es_ES\" \/>\n<meta property=\"og:type\" content=\"article\" \/>\n<meta property=\"og:title\" content=\"Con esfuerzo y en conjunto organizamos una gran celebraci\u00f3n para La Coromoto -\" \/>\n<meta property=\"og:description\" content=\"Especial.- La celebraci&oacute;n de los 373 a&ntilde;os de la aparici&oacute;n de la Virgen de Coromoto cont&oacute; con la masiva participaci&oacute;n de devotos de distintos lugares del pa&iacute;s que, con fe, devoci&oacute;n y sin importar el inclemente sol, veneraron a la Patrona Nacional elevaron oraciones por la paz, la estabilidad y la suprema felicidad de todos. &hellip;\" \/>\n<meta property=\"og:url\" content=\"https:\/\/periodicocentroccidente.com\/?p=3654\" \/>\n<meta property=\"article:published_time\" content=\"2025-09-09T15:48:43+00:00\" \/>\n<meta property=\"og:image\" content=\"https:\/\/periodicocentroccidente.com\/wp-content\/uploads\/2025\/09\/1002237633-840x530-1.jpg\" \/>\n\t<meta property=\"og:image:width\" content=\"840\" \/>\n\t<meta property=\"og:image:height\" content=\"530\" \/>\n\t<meta property=\"og:image:type\" content=\"image\/jpeg\" \/>\n<meta name=\"author\" content=\"Ricardo\" \/>\n<meta name=\"twitter:card\" content=\"summary_large_image\" \/>\n<meta name=\"twitter:label1\" content=\"Escrito por\" \/>\n\t<meta name=\"twitter:data1\" content=\"Ricardo\" \/>\n\t<meta name=\"twitter:label2\" content=\"Tiempo de lectura\" \/>\n\t<meta name=\"twitter:data2\" content=\"2 minutos\" \/>\n<script type=\"application\/ld+json\" class=\"yoast-schema-graph\">{\"@context\":\"https:\/\/schema.org\",\"@graph\":[{\"@type\":\"WebPage\",\"@id\":\"https:\/\/periodicocentroccidente.com\/?p=3654\",\"url\":\"https:\/\/periodicocentroccidente.com\/?p=3654\",\"name\":\"Con esfuerzo y en conjunto organizamos una gran celebraci\u00f3n para La Coromoto -\",\"isPartOf\":{\"@id\":\"https:\/\/periodicocentroccidente.com\/#website\"},\"primaryImageOfPage\":{\"@id\":\"https:\/\/periodicocentroccidente.com\/?p=3654#primaryimage\"},\"image\":{\"@id\":\"https:\/\/periodicocentroccidente.com\/?p=3654#primaryimage\"},\"thumbnailUrl\":\"https:\/\/periodicocentroccidente.com\/wp-content\/uploads\/2025\/09\/1002237633-840x530-1.jpg\",\"datePublished\":\"2025-09-09T15:48:43+00:00\",\"author\":{\"@id\":\"https:\/\/periodicocentroccidente.com\/#\/schema\/person\/f4e4a651098f3db198244657b7130e7e\"},\"breadcrumb\":{\"@id\":\"https:\/\/periodicocentroccidente.com\/?p=3654#breadcrumb\"},\"inLanguage\":\"es\",\"potentialAction\":[{\"@type\":\"ReadAction\",\"target\":[\"https:\/\/periodicocentroccidente.com\/?p=3654\"]}]},{\"@type\":\"ImageObject\",\"inLanguage\":\"es\",\"@id\":\"https:\/\/periodicocentroccidente.com\/?p=3654#primaryimage\",\"url\":\"https:\/\/periodicocentroccidente.com\/wp-content\/uploads\/2025\/09\/1002237633-840x530-1.jpg\",\"contentUrl\":\"https:\/\/periodicocentroccidente.com\/wp-content\/uploads\/2025\/09\/1002237633-840x530-1.jpg\",\"width\":840,\"height\":530},{\"@type\":\"BreadcrumbList\",\"@id\":\"https:\/\/periodicocentroccidente.com\/?p=3654#breadcrumb\",\"itemListElement\":[{\"@type\":\"ListItem\",\"position\":1,\"name\":\"Portada\",\"item\":\"https:\/\/periodicocentroccidente.com\/\"},{\"@type\":\"ListItem\",\"position\":2,\"name\":\"Con esfuerzo y en conjunto organizamos una gran celebraci\u00f3n para La Coromoto\"}]},{\"@type\":\"WebSite\",\"@id\":\"https:\/\/periodicocentroccidente.com\/#website\",\"url\":\"https:\/\/periodicocentroccidente.com\/\",\"name\":\"\",\"description\":\"Periodismo serio y responsable\",\"potentialAction\":[{\"@type\":\"SearchAction\",\"target\":{\"@type\":\"EntryPoint\",\"urlTemplate\":\"https:\/\/periodicocentroccidente.com\/?s={search_term_string}\"},\"query-input\":{\"@type\":\"PropertyValueSpecification\",\"valueRequired\":true,\"valueName\":\"search_term_string\"}}],\"inLanguage\":\"es\"},{\"@type\":\"Person\",\"@id\":\"https:\/\/periodicocentroccidente.com\/#\/schema\/person\/f4e4a651098f3db198244657b7130e7e\",\"name\":\"Ricardo\",\"image\":{\"@type\":\"ImageObject\",\"inLanguage\":\"es\",\"@id\":\"https:\/\/periodicocentroccidente.com\/#\/schema\/person\/image\/\",\"url\":\"https:\/\/secure.gravatar.com\/avatar\/402e6137108ec0fdaa7809184382fb1dd2f8b00264c1d945d341f2b8f90db429?s=96&d=mm&r=g\",\"contentUrl\":\"https:\/\/secure.gravatar.com\/avatar\/402e6137108ec0fdaa7809184382fb1dd2f8b00264c1d945d341f2b8f90db429?s=96&d=mm&r=g\",\"caption\":\"Ricardo\"},\"url\":\"https:\/\/periodicocentroccidente.com\/?author=2\"}]}<\/script>\n<!-- \/ Yoast SEO plugin. -->","yoast_head_json":{"title":"Con esfuerzo y en conjunto organizamos una gran celebraci\u00f3n para La Coromoto -","robots":{"index":"index","follow":"follow","max-snippet":"max-snippet:-1","max-image-preview":"max-image-preview:large","max-video-preview":"max-video-preview:-1"},"canonical":"https:\/\/periodicocentroccidente.com\/?p=3654","og_locale":"es_ES","og_type":"article","og_title":"Con esfuerzo y en conjunto organizamos una gran celebraci\u00f3n para La Coromoto -","og_description":"Especial.- La celebraci&oacute;n de los 373 a&ntilde;os de la aparici&oacute;n de la Virgen de Coromoto cont&oacute; con la masiva participaci&oacute;n de devotos de distintos lugares del pa&iacute;s que, con fe, devoci&oacute;n y sin importar el inclemente sol, veneraron a la Patrona Nacional elevaron oraciones por la paz, la estabilidad y la suprema felicidad de todos. &hellip;","og_url":"https:\/\/periodicocentroccidente.com\/?p=3654","article_published_time":"2025-09-09T15:48:43+00:00","og_image":[{"width":840,"height":530,"url":"https:\/\/periodicocentroccidente.com\/wp-content\/uploads\/2025\/09\/1002237633-840x530-1.jpg","type":"image\/jpeg"}],"author":"Ricardo","twitter_card":"summary_large_image","twitter_misc":{"Escrito por":"Ricardo","Tiempo de lectura":"2 minutos"},"schema":{"@context":"https:\/\/schema.org","@graph":[{"@type":"WebPage","@id":"https:\/\/periodicocentroccidente.com\/?p=3654","url":"https:\/\/periodicocentroccidente.com\/?p=3654","name":"Con esfuerzo y en conjunto organizamos una gran celebraci\u00f3n para La Coromoto -","isPartOf":{"@id":"https:\/\/periodicocentroccidente.com\/#website"},"primaryImageOfPage":{"@id":"https:\/\/periodicocentroccidente.com\/?p=3654#primaryimage"},"image":{"@id":"https:\/\/periodicocentroccidente.com\/?p=3654#primaryimage"},"thumbnailUrl":"https:\/\/periodicocentroccidente.com\/wp-content\/uploads\/2025\/09\/1002237633-840x530-1.jpg","datePublished":"2025-09-09T15:48:43+00:00","author":{"@id":"https:\/\/periodicocentroccidente.com\/#\/schema\/person\/f4e4a651098f3db198244657b7130e7e"},"breadcrumb":{"@id":"https:\/\/periodicocentroccidente.com\/?p=3654#breadcrumb"},"inLanguage":"es","potentialAction":[{"@type":"ReadAction","target":["https:\/\/periodicocentroccidente.com\/?p=3654"]}]},{"@type":"ImageObject","inLanguage":"es","@id":"https:\/\/periodicocentroccidente.com\/?p=3654#primaryimage","url":"https:\/\/periodicocentroccidente.com\/wp-content\/uploads\/2025\/09\/1002237633-840x530-1.jpg","contentUrl":"https:\/\/periodicocentroccidente.com\/wp-content\/uploads\/2025\/09\/1002237633-840x530-1.jpg","width":840,"height":530},{"@type":"BreadcrumbList","@id":"https:\/\/periodicocentroccidente.com\/?p=3654#breadcrumb","itemListElement":[{"@type":"ListItem","position":1,"name":"Portada","item":"https:\/\/periodicocentroccidente.com\/"},{"@type":"ListItem","position":2,"name":"Con esfuerzo y en conjunto organizamos una gran celebraci\u00f3n para La Coromoto"}]},{"@type":"WebSite","@id":"https:\/\/periodicocentroccidente.com\/#website","url":"https:\/\/periodicocentroccidente.com\/","name":"","description":"Periodismo serio y responsable","potentialAction":[{"@type":"SearchAction","target":{"@type":"EntryPoint","urlTemplate":"https:\/\/periodicocentroccidente.com\/?s={search_term_string}"},"query-input":{"@type":"PropertyValueSpecification","valueRequired":true,"valueName":"search_term_string"}}],"inLanguage":"es"},{"@type":"Person","@id":"https:\/\/periodicocentroccidente.com\/#\/schema\/person\/f4e4a651098f3db198244657b7130e7e","name":"Ricardo","image":{"@type":"ImageObject","inLanguage":"es","@id":"https:\/\/periodicocentroccidente.com\/#\/schema\/person\/image\/","url":"https:\/\/secure.gravatar.com\/avatar\/402e6137108ec0fdaa7809184382fb1dd2f8b00264c1d945d341f2b8f90db429?s=96&d=mm&r=g","contentUrl":"https:\/\/secure.gravatar.com\/avatar\/402e6137108ec0fdaa7809184382fb1dd2f8b00264c1d945d341f2b8f90db429?s=96&d=mm&r=g","caption":"Ricardo"},"url":"https:\/\/periodicocentroccidente.com\/?author=2"}]}},"jetpack_featured_media_url":"https:\/\/periodicocentroccidente.com\/wp-content\/uploads\/2025\/09\/1002237633-840x530-1.jpg","jetpack_sharing_enabled":true,"jetpack-related-posts":[],"_links":{"self":[{"href":"https:\/\/periodicocentroccidente.com\/index.php?rest_route=\/wp\/v2\/posts\/3654","targetHints":{"allow":["GET"]}}],"collection":[{"href":"https:\/\/periodicocentroccidente.com\/index.php?rest_route=\/wp\/v2\/posts"}],"about":[{"href":"https:\/\/periodicocentroccidente.com\/index.php?rest_route=\/wp\/v2\/types\/post"}],"author":[{"embeddable":true,"href":"https:\/\/periodicocentroccidente.com\/index.php?rest_route=\/wp\/v2\/users\/2"}],"replies":[{"embeddable":true,"href":"https:\/\/periodicocentroccidente.com\/index.php?rest_route=%2Fwp%2Fv2%2Fcomments&post=3654"}],"version-history":[{"count":1,"href":"https:\/\/periodicocentroccidente.com\/index.php?rest_route=\/wp\/v2\/posts\/3654\/revisions"}],"predecessor-version":[{"id":3658,"href":"https:\/\/periodicocentroccidente.com\/index.php?rest_route=\/wp\/v2\/posts\/3654\/revisions\/3658"}],"wp:featuredmedia":[{"embeddable":true,"href":"https:\/\/periodicocentroccidente.com\/index.php?rest_route=\/wp\/v2\/media\/3655"}],"wp:attachment":[{"href":"https:\/\/periodicocentroccidente.com\/index.php?rest_route=%2Fwp%2Fv2%2Fmedia&parent=3654"}],"wp:term":[{"taxonomy":"category","embeddable":true,"href":"https:\/\/periodicocentroccidente.com\/index.php?rest_route=%2Fwp%2Fv2%2Fcategories&post=3654"},{"taxonomy":"post_tag","embeddable":true,"href":"https:\/\/periodicocentroccidente.com\/index.php?rest_route=%2Fwp%2Fv2%2Ftags&post=3654"}],"curies":[{"name":"wp","href":"https:\/\/api.w.org\/{rel}","templated":true}]}}