{"id":3569,"date":"2025-09-02T00:41:59","date_gmt":"2025-09-02T00:41:59","guid":{"rendered":"https:\/\/periodicocentroccidente.com\/?p=3569"},"modified":"2025-09-02T00:41:59","modified_gmt":"2025-09-02T00:41:59","slug":"alex-la-revelacion-anuncia-su-regreso-con-el-album-el-renacimiento","status":"publish","type":"post","link":"https:\/\/periodicocentroccidente.com\/?p=3569","title":{"rendered":"Alex La Revelaci\u00f3n anuncia su regreso con el \u00e1lbum El Renacimiento"},"content":{"rendered":"<p><strong>Especial.-<\/strong><\/p>\n<div dir=\"auto\">Tras m\u00e1s de una d\u00e9cada de experiencia en la m\u00fasica, Alex La Revelaci\u00f3n regresa a la escena art\u00edstica con el lanzamiento de su nuevo \u00e1lbum titulado El Renacimiento, un proyecto que simboliza su retorno como solista y que promete conquistar al p\u00fablico latinoamericano con frescura, versatilidad y emoci\u00f3n.<\/div>\n<div dir=\"auto\"><\/div>\n<div dir=\"auto\">El camino musical de Alex comenz\u00f3 en 2013, inspirado por su padre, V\u00edctor Manuel Delgado, integrante de la agrupaci\u00f3n Extra\u00f1a Sinton\u00eda. Desde entonces, el cantante se abri\u00f3 paso en g\u00e9neros como merengue, salsa, bachata y m\u00fasica tropical, con sencillos que marcaron su trayectoria inicial: Comprendiendo el Amor, Aqu\u00ed Estoy Yo, Recorriendo Mundos y Due\u00f1a de mi Coraz\u00f3n.<\/div>\n<div dir=\"auto\"><\/div>\n<div dir=\"auto\">Hoy, bajo el concepto de El Renacimiento, Alex presenta una propuesta renovada que combina seis temas con estilos diversos: trap, balada, dance hall y afrobeat, sin dejar de lado su sello rom\u00e1ntico. El proyecto cuenta con la colaboraci\u00f3n del compositor Nimroud JR y la direcci\u00f3n de un s\u00f3lido equipo de trabajo encabezado por D\u00edmelo Juanch, encargado de la producci\u00f3n y manejo art\u00edstico.<\/div>\n<div dir=\"auto\"><\/div>\n<div dir=\"auto\">Me retir\u00e9 anteriormente de la m\u00fasica por falta de recursos y por dedicarme a otros proyectos. Este tiempo me sirvi\u00f3 para crecer, apoyar a otros artistas y entender mejor qu\u00e9 quer\u00eda transmitir como int\u00e9rprete. Hoy regreso con m\u00e1s fuerza, un concepto definido y un equipo que cree en mi visi\u00f3n\u201d, expresa el artista.<\/div>\n<div dir=\"auto\"><\/div>\n<div dir=\"auto\">La pasi\u00f3n de Alex La Revelaci\u00f3n por la m\u00fasica viene de familia. Su padre fue la inspiraci\u00f3n que lo motiv\u00f3 desde ni\u00f1o a subirse a los escenarios, donde ha logrado importantes presentaciones, entre ellas la Expo Feria Internacional del Cacao en el Poliedro de Caracas, adem\u00e1s de recibir reconocimientos por sus \u00e9xitos musicales en su pa\u00eds natal.<\/div>\n<div dir=\"auto\"><\/div>\n<div dir=\"auto\">Con El Renacimiento, Alex busca conectar con las emociones cotidianas del p\u00fablico a trav\u00e9s de letras sinceras y ritmos modernos, llevando su versatilidad a nuevos territorios sonoros. El 2026 marcar\u00e1 una etapa de sorpresas y novedades para sus seguidores, consolidando su regreso como una de las voces emergentes m\u00e1s prometedoras del panorama musical latino.<\/div>\n<div dir=\"auto\"><\/div>\n<div dir=\"auto\"><img loading=\"lazy\" decoding=\"async\" class=\"alignnone size-medium wp-image-3570\" src=\"https:\/\/periodicocentroccidente.com\/wp-content\/uploads\/2025\/09\/1005795346-200x300.jpg\" alt=\"\" width=\"200\" height=\"300\" srcset=\"https:\/\/periodicocentroccidente.com\/wp-content\/uploads\/2025\/09\/1005795346-200x300.jpg 200w, https:\/\/periodicocentroccidente.com\/wp-content\/uploads\/2025\/09\/1005795346-682x1024.jpg 682w, https:\/\/periodicocentroccidente.com\/wp-content\/uploads\/2025\/09\/1005795346-768x1152.jpg 768w, https:\/\/periodicocentroccidente.com\/wp-content\/uploads\/2025\/09\/1005795346-1024x1536.jpg 1024w, https:\/\/periodicocentroccidente.com\/wp-content\/uploads\/2025\/09\/1005795346-1365x2048.jpg 1365w, https:\/\/periodicocentroccidente.com\/wp-content\/uploads\/2025\/09\/1005795346.jpg 1706w\" sizes=\"auto, (max-width: 200px) 100vw, 200px\" \/><\/div>\n","protected":false},"excerpt":{"rendered":"<p>Especial.- Tras m&aacute;s de una d&eacute;cada de experiencia en la m&uacute;sica, Alex La Revelaci&oacute;n regresa a la escena art&iacute;stica con el lanzamiento de su nuevo &aacute;lbum titulado El Renacimiento, un proyecto que simboliza su retorno como solista y que promete conquistar al p&uacute;blico latinoamericano con frescura, versatilidad y emoci&oacute;n. El camino musical de Alex comenz&oacute; &hellip;<\/p>\n","protected":false},"author":2,"featured_media":3572,"comment_status":"open","ping_status":"open","sticky":false,"template":"","format":"standard","meta":{"_jetpack_memberships_contains_paid_content":false,"footnotes":""},"categories":[129],"tags":[],"class_list":["post-3569","post","type-post","status-publish","format-standard","has-post-thumbnail","hentry","category-farandula"],"yoast_head":"<!-- This site is optimized with the Yoast SEO plugin v24.8.1 - https:\/\/yoast.com\/wordpress\/plugins\/seo\/ -->\n<title>Alex La Revelaci\u00f3n anuncia su regreso con el \u00e1lbum El Renacimiento -<\/title>\n<meta name=\"robots\" content=\"index, follow, max-snippet:-1, max-image-preview:large, max-video-preview:-1\" \/>\n<link rel=\"canonical\" href=\"https:\/\/periodicocentroccidente.com\/?p=3569\" \/>\n<meta property=\"og:locale\" content=\"es_ES\" \/>\n<meta property=\"og:type\" content=\"article\" \/>\n<meta property=\"og:title\" content=\"Alex La Revelaci\u00f3n anuncia su regreso con el \u00e1lbum El Renacimiento -\" \/>\n<meta property=\"og:description\" content=\"Especial.- Tras m&aacute;s de una d&eacute;cada de experiencia en la m&uacute;sica, Alex La Revelaci&oacute;n regresa a la escena art&iacute;stica con el lanzamiento de su nuevo &aacute;lbum titulado El Renacimiento, un proyecto que simboliza su retorno como solista y que promete conquistar al p&uacute;blico latinoamericano con frescura, versatilidad y emoci&oacute;n. El camino musical de Alex comenz&oacute; &hellip;\" \/>\n<meta property=\"og:url\" content=\"https:\/\/periodicocentroccidente.com\/?p=3569\" \/>\n<meta property=\"article:published_time\" content=\"2025-09-02T00:41:59+00:00\" \/>\n<meta property=\"og:image\" content=\"https:\/\/periodicocentroccidente.com\/wp-content\/uploads\/2025\/09\/alex.jpg\" \/>\n\t<meta property=\"og:image:width\" content=\"1649\" \/>\n\t<meta property=\"og:image:height\" content=\"1033\" \/>\n\t<meta property=\"og:image:type\" content=\"image\/jpeg\" \/>\n<meta name=\"author\" content=\"Ricardo\" \/>\n<meta name=\"twitter:card\" content=\"summary_large_image\" \/>\n<meta name=\"twitter:label1\" content=\"Escrito por\" \/>\n\t<meta name=\"twitter:data1\" content=\"Ricardo\" \/>\n\t<meta name=\"twitter:label2\" content=\"Tiempo de lectura\" \/>\n\t<meta name=\"twitter:data2\" content=\"2 minutos\" \/>\n<script type=\"application\/ld+json\" class=\"yoast-schema-graph\">{\"@context\":\"https:\/\/schema.org\",\"@graph\":[{\"@type\":\"WebPage\",\"@id\":\"https:\/\/periodicocentroccidente.com\/?p=3569\",\"url\":\"https:\/\/periodicocentroccidente.com\/?p=3569\",\"name\":\"Alex La Revelaci\u00f3n anuncia su regreso con el \u00e1lbum El Renacimiento -\",\"isPartOf\":{\"@id\":\"https:\/\/periodicocentroccidente.com\/#website\"},\"primaryImageOfPage\":{\"@id\":\"https:\/\/periodicocentroccidente.com\/?p=3569#primaryimage\"},\"image\":{\"@id\":\"https:\/\/periodicocentroccidente.com\/?p=3569#primaryimage\"},\"thumbnailUrl\":\"https:\/\/periodicocentroccidente.com\/wp-content\/uploads\/2025\/09\/alex.jpg\",\"datePublished\":\"2025-09-02T00:41:59+00:00\",\"author\":{\"@id\":\"https:\/\/periodicocentroccidente.com\/#\/schema\/person\/f4e4a651098f3db198244657b7130e7e\"},\"breadcrumb\":{\"@id\":\"https:\/\/periodicocentroccidente.com\/?p=3569#breadcrumb\"},\"inLanguage\":\"es\",\"potentialAction\":[{\"@type\":\"ReadAction\",\"target\":[\"https:\/\/periodicocentroccidente.com\/?p=3569\"]}]},{\"@type\":\"ImageObject\",\"inLanguage\":\"es\",\"@id\":\"https:\/\/periodicocentroccidente.com\/?p=3569#primaryimage\",\"url\":\"https:\/\/periodicocentroccidente.com\/wp-content\/uploads\/2025\/09\/alex.jpg\",\"contentUrl\":\"https:\/\/periodicocentroccidente.com\/wp-content\/uploads\/2025\/09\/alex.jpg\",\"width\":1649,\"height\":1033},{\"@type\":\"BreadcrumbList\",\"@id\":\"https:\/\/periodicocentroccidente.com\/?p=3569#breadcrumb\",\"itemListElement\":[{\"@type\":\"ListItem\",\"position\":1,\"name\":\"Portada\",\"item\":\"https:\/\/periodicocentroccidente.com\/\"},{\"@type\":\"ListItem\",\"position\":2,\"name\":\"Alex La Revelaci\u00f3n anuncia su regreso con el \u00e1lbum El Renacimiento\"}]},{\"@type\":\"WebSite\",\"@id\":\"https:\/\/periodicocentroccidente.com\/#website\",\"url\":\"https:\/\/periodicocentroccidente.com\/\",\"name\":\"\",\"description\":\"Periodismo serio y responsable\",\"potentialAction\":[{\"@type\":\"SearchAction\",\"target\":{\"@type\":\"EntryPoint\",\"urlTemplate\":\"https:\/\/periodicocentroccidente.com\/?s={search_term_string}\"},\"query-input\":{\"@type\":\"PropertyValueSpecification\",\"valueRequired\":true,\"valueName\":\"search_term_string\"}}],\"inLanguage\":\"es\"},{\"@type\":\"Person\",\"@id\":\"https:\/\/periodicocentroccidente.com\/#\/schema\/person\/f4e4a651098f3db198244657b7130e7e\",\"name\":\"Ricardo\",\"image\":{\"@type\":\"ImageObject\",\"inLanguage\":\"es\",\"@id\":\"https:\/\/periodicocentroccidente.com\/#\/schema\/person\/image\/\",\"url\":\"https:\/\/secure.gravatar.com\/avatar\/402e6137108ec0fdaa7809184382fb1dd2f8b00264c1d945d341f2b8f90db429?s=96&d=mm&r=g\",\"contentUrl\":\"https:\/\/secure.gravatar.com\/avatar\/402e6137108ec0fdaa7809184382fb1dd2f8b00264c1d945d341f2b8f90db429?s=96&d=mm&r=g\",\"caption\":\"Ricardo\"},\"url\":\"https:\/\/periodicocentroccidente.com\/?author=2\"}]}<\/script>\n<!-- \/ Yoast SEO plugin. -->","yoast_head_json":{"title":"Alex La Revelaci\u00f3n anuncia su regreso con el \u00e1lbum El Renacimiento -","robots":{"index":"index","follow":"follow","max-snippet":"max-snippet:-1","max-image-preview":"max-image-preview:large","max-video-preview":"max-video-preview:-1"},"canonical":"https:\/\/periodicocentroccidente.com\/?p=3569","og_locale":"es_ES","og_type":"article","og_title":"Alex La Revelaci\u00f3n anuncia su regreso con el \u00e1lbum El Renacimiento -","og_description":"Especial.- Tras m&aacute;s de una d&eacute;cada de experiencia en la m&uacute;sica, Alex La Revelaci&oacute;n regresa a la escena art&iacute;stica con el lanzamiento de su nuevo &aacute;lbum titulado El Renacimiento, un proyecto que simboliza su retorno como solista y que promete conquistar al p&uacute;blico latinoamericano con frescura, versatilidad y emoci&oacute;n. El camino musical de Alex comenz&oacute; &hellip;","og_url":"https:\/\/periodicocentroccidente.com\/?p=3569","article_published_time":"2025-09-02T00:41:59+00:00","og_image":[{"width":1649,"height":1033,"url":"https:\/\/periodicocentroccidente.com\/wp-content\/uploads\/2025\/09\/alex.jpg","type":"image\/jpeg"}],"author":"Ricardo","twitter_card":"summary_large_image","twitter_misc":{"Escrito por":"Ricardo","Tiempo de lectura":"2 minutos"},"schema":{"@context":"https:\/\/schema.org","@graph":[{"@type":"WebPage","@id":"https:\/\/periodicocentroccidente.com\/?p=3569","url":"https:\/\/periodicocentroccidente.com\/?p=3569","name":"Alex La Revelaci\u00f3n anuncia su regreso con el \u00e1lbum El Renacimiento -","isPartOf":{"@id":"https:\/\/periodicocentroccidente.com\/#website"},"primaryImageOfPage":{"@id":"https:\/\/periodicocentroccidente.com\/?p=3569#primaryimage"},"image":{"@id":"https:\/\/periodicocentroccidente.com\/?p=3569#primaryimage"},"thumbnailUrl":"https:\/\/periodicocentroccidente.com\/wp-content\/uploads\/2025\/09\/alex.jpg","datePublished":"2025-09-02T00:41:59+00:00","author":{"@id":"https:\/\/periodicocentroccidente.com\/#\/schema\/person\/f4e4a651098f3db198244657b7130e7e"},"breadcrumb":{"@id":"https:\/\/periodicocentroccidente.com\/?p=3569#breadcrumb"},"inLanguage":"es","potentialAction":[{"@type":"ReadAction","target":["https:\/\/periodicocentroccidente.com\/?p=3569"]}]},{"@type":"ImageObject","inLanguage":"es","@id":"https:\/\/periodicocentroccidente.com\/?p=3569#primaryimage","url":"https:\/\/periodicocentroccidente.com\/wp-content\/uploads\/2025\/09\/alex.jpg","contentUrl":"https:\/\/periodicocentroccidente.com\/wp-content\/uploads\/2025\/09\/alex.jpg","width":1649,"height":1033},{"@type":"BreadcrumbList","@id":"https:\/\/periodicocentroccidente.com\/?p=3569#breadcrumb","itemListElement":[{"@type":"ListItem","position":1,"name":"Portada","item":"https:\/\/periodicocentroccidente.com\/"},{"@type":"ListItem","position":2,"name":"Alex La Revelaci\u00f3n anuncia su regreso con el \u00e1lbum El Renacimiento"}]},{"@type":"WebSite","@id":"https:\/\/periodicocentroccidente.com\/#website","url":"https:\/\/periodicocentroccidente.com\/","name":"","description":"Periodismo serio y responsable","potentialAction":[{"@type":"SearchAction","target":{"@type":"EntryPoint","urlTemplate":"https:\/\/periodicocentroccidente.com\/?s={search_term_string}"},"query-input":{"@type":"PropertyValueSpecification","valueRequired":true,"valueName":"search_term_string"}}],"inLanguage":"es"},{"@type":"Person","@id":"https:\/\/periodicocentroccidente.com\/#\/schema\/person\/f4e4a651098f3db198244657b7130e7e","name":"Ricardo","image":{"@type":"ImageObject","inLanguage":"es","@id":"https:\/\/periodicocentroccidente.com\/#\/schema\/person\/image\/","url":"https:\/\/secure.gravatar.com\/avatar\/402e6137108ec0fdaa7809184382fb1dd2f8b00264c1d945d341f2b8f90db429?s=96&d=mm&r=g","contentUrl":"https:\/\/secure.gravatar.com\/avatar\/402e6137108ec0fdaa7809184382fb1dd2f8b00264c1d945d341f2b8f90db429?s=96&d=mm&r=g","caption":"Ricardo"},"url":"https:\/\/periodicocentroccidente.com\/?author=2"}]}},"jetpack_featured_media_url":"https:\/\/periodicocentroccidente.com\/wp-content\/uploads\/2025\/09\/alex.jpg","jetpack_sharing_enabled":true,"jetpack-related-posts":[],"_links":{"self":[{"href":"https:\/\/periodicocentroccidente.com\/index.php?rest_route=\/wp\/v2\/posts\/3569","targetHints":{"allow":["GET"]}}],"collection":[{"href":"https:\/\/periodicocentroccidente.com\/index.php?rest_route=\/wp\/v2\/posts"}],"about":[{"href":"https:\/\/periodicocentroccidente.com\/index.php?rest_route=\/wp\/v2\/types\/post"}],"author":[{"embeddable":true,"href":"https:\/\/periodicocentroccidente.com\/index.php?rest_route=\/wp\/v2\/users\/2"}],"replies":[{"embeddable":true,"href":"https:\/\/periodicocentroccidente.com\/index.php?rest_route=%2Fwp%2Fv2%2Fcomments&post=3569"}],"version-history":[{"count":1,"href":"https:\/\/periodicocentroccidente.com\/index.php?rest_route=\/wp\/v2\/posts\/3569\/revisions"}],"predecessor-version":[{"id":3573,"href":"https:\/\/periodicocentroccidente.com\/index.php?rest_route=\/wp\/v2\/posts\/3569\/revisions\/3573"}],"wp:featuredmedia":[{"embeddable":true,"href":"https:\/\/periodicocentroccidente.com\/index.php?rest_route=\/wp\/v2\/media\/3572"}],"wp:attachment":[{"href":"https:\/\/periodicocentroccidente.com\/index.php?rest_route=%2Fwp%2Fv2%2Fmedia&parent=3569"}],"wp:term":[{"taxonomy":"category","embeddable":true,"href":"https:\/\/periodicocentroccidente.com\/index.php?rest_route=%2Fwp%2Fv2%2Fcategories&post=3569"},{"taxonomy":"post_tag","embeddable":true,"href":"https:\/\/periodicocentroccidente.com\/index.php?rest_route=%2Fwp%2Fv2%2Ftags&post=3569"}],"curies":[{"name":"wp","href":"https:\/\/api.w.org\/{rel}","templated":true}]}}