{"id":3538,"date":"2025-08-31T22:05:08","date_gmt":"2025-08-31T22:05:08","guid":{"rendered":"https:\/\/periodicocentroccidente.com\/?p=3538"},"modified":"2025-08-31T22:05:08","modified_gmt":"2025-08-31T22:05:08","slug":"la-antena-del-cono-sur-3","status":"publish","type":"post","link":"https:\/\/periodicocentroccidente.com\/?p=3538","title":{"rendered":"La Antena del Cono Sur"},"content":{"rendered":"<p><em><strong>ROMANOS 8\/31\u2014\u201cSI DIOS CON NOSOTROS, QUIEN CONTRA NOSOTROS\u201d.<\/strong><\/em><\/p>\n<p><strong>EN LAS ULTIMAS SEMANAS, <\/strong>ha sido un verdadero calvario cumplir con mis numerosos lectores de esta Antena, pues han recrudecido los apagones y \u201cbajones\u201d de electricidad, aparte de las permanentes fallas en el Internet, sin embargo durante este tiempo, dentro de esas miles de dificultades, he cumplido con mis seguidores, pero la semana pasada fue humanamente imposible, pues desde el s\u00e1bado 23 de agosto quedamos sin servicio el\u00e9ctrico en un gran sector de la urbanizaci\u00f3n Banco Obrero de Guanare, donde resido., pero aferr\u00e1ndome a Romanos 8\/31, aqu\u00ed est\u00e1 mi Antena, y \u00a1Aqu\u00ed estamos y aqu\u00ed seguimos! Sigan leyendo.<\/p>\n<p><strong>\u00a0\u00a0SEIS DIAS SEGUIDOS SIN ELECTRICIDAD<\/strong>. Comisiones, APP y comunicaciones a los organismos competentes, y pese a la buena disposici\u00f3n de la gente de Corpoelec, nada se pod\u00eda solucionar, alegando que \u201cno hay transformadores\u201d, \u201cse da\u00f1aron unos tabacos\u201d y lo de siempre: \u201cNo hay recursos\u201d. Lo lamentable es algo muy especial, aunque estamos acostumbrados a ello, y si quieren saber de qu\u00e9 se trata, entonces sigan leyendo.<\/p>\n<p><strong>EN NUESTRAS PERMANENTES REUNIONES DE VECINOS<\/strong> para buscar salida a este grave problema, a alguien se le ocurri\u00f3 decir que nos comunic\u00e1ramos con alg\u00fan concejal guanare\u00f1o para que moviera sus influencias, pero resulta que nadie conoce a alg\u00fan nombre de los ediles de esta capital. Pero sigan leyendo, que hay algo que, por lo\u00a0 menos a m\u00ed, no me sorprendi\u00f3, pero que refleja la realidad de esta revoluci\u00f3n, y es que\u00a0 otro de los vecinos sugiri\u00f3 que ubic\u00e1semos a alg\u00fan legislador (L\u00e9ase becado), y se oy\u00f3 un murmullo de manera clara: \u201c ja ja ja\/ Je je je\/ Ji ji ju\/ Jo jo jo\/ Ju ju ju\/. Y es que nadie sab\u00eda el nombre de alg\u00fan becado, por lo que de manera silenciosa llam\u00e9 a mi amigo Tito, el Patrullero del PSUV, y me dijo que no conoce a ninguno de los becados del Consejo Legislativo estatal, pero que ten\u00eda el n\u00famero telef\u00f3nico de uno de ellos de apellido Becerra, pero manejaba\u00a0 la informaci\u00f3n de que estaba reci\u00e9n operado de una dolencia en el est\u00f3mago. Por cierto, siguen sin sesionar desde el d\u00eda que lo hicieron para su instalaci\u00f3n, aunque siguen cobrando sus jugosas dietas y sus millonarios bonos, \u00a1Verg\u00fcenza nacional!.<\/p>\n<p><strong>PARA HABLAR DE ALGO REFRESCANTE,<\/strong> voy a enviar desde esta Antena una bendici\u00f3n especial a mi sobrina Ninoska Parra Pe\u00f1a, quien reside en El Imperio y este tres de septiembre cumple a\u00f1os, lo que indica que muy pronto estar\u00e1 cobrando la pensi\u00f3n del Seguro Social. Un abrazo, sobrina, hija de mi hermano Papelane (Rafael Parra Pinto). Para d\u00e1rsela de \u201ccarajita\u201d, Ninoska ha dicho\u00a0 que \u201cYo estoy como mi t\u00edo Grossman, o sea que ESTOY IGUALITA\u201d.<\/p>\n<p><strong> ME DICEN<\/strong> que reapareci\u00f3 por Guanarito el nuevo alcalde que \u201cno es de aqu\u00ed\u201d, pues no se ve ni siquiera en las redes sociales de la alcald\u00eda,\u00a0 y lleg\u00f3 cortando rabo y oreja, y lo primero que hizo fue cerrar alrededor de 40 establecimientos comerciales que no pudieron ni pueden pagar los altos impuestos. Convers\u00e9 con uno de los due\u00f1os de esos establecimientos y me dijo que \u201cas\u00ed paga el diablo\u201d pues \u00e9l fue uno de los que le apoy\u00f3 en la campa\u00f1a electoral. Me limit\u00e9 a decirle que \u201cmientras m\u00e1s conozco a los hombres m\u00e1s quiero a mi perro\u201d.<\/p>\n<p><strong>\u00a0\u00a0LA PROXIMA SEMANA <\/strong>ser\u00e1 la celebraci\u00f3n aniversaria del partido Acci\u00f3n Democr\u00e1tica y, por lo menos en Portuguesa,\u00a0 no se ve ning\u00fan entusiasmo, pese a que hay \u201ccuatro acci\u00f3n democr\u00e1ticas\u201d. Nadie sabe qui\u00e9n es el jefe del m\u00e1s llamado a la celebraci\u00f3n de esta fiesta pol\u00edtica, como lo es \u201cAD con tarjeta\u201d que dirige a nivel nacional Bernab\u00e9 Guti\u00e9rrez, aunque me pasaron un dato\u00a0 muy importante y si quieren saber de qu\u00e9 se trata, entonces sigan leyendo, pues es algo pr\u00e1cticamente confirmado, para que no vayan a decir que \u201cesas son vainas de Grossman\u201d.<\/p>\n<p><strong>Y ES QUE SOLO SE ESTA A LA ESPERA<\/strong> de que pase el aniversario adeco, el trece de septiembre, para proceder a dedo desde Caracas a la designaci\u00f3n del abogado acarigue\u00f1o, Marliun Tovar, como el nuevo secretario general de Acci\u00f3n Democr\u00e1tica en Portuguesa. Le he llamado telef\u00f3nicamente y no ha habido comunicaci\u00f3n, y un amigo en com\u00fan me dijo que el doctor Tovar ten\u00eda unos compromisos con la congregaci\u00f3n cat\u00f3lica de Ema\u00fas durante estos d\u00edas.<\/p>\n<p><strong>MI AMIGO TITO, <\/strong>el Patrullero del PSUV, me confirma que el gobierno estatal seguir\u00e1 a la deriva en Portuguesa, pues Primitivo Cede\u00f1o no designar\u00e1 ning\u00fan nuevo funcionario hasta que \u201cno se aclare lo de Trump\u201d, pese a que hay importantes oficinas del tren ejecutivo estatal que est\u00e1n ac\u00e9falas, debido a que sus titulares fueron electos como alcaldes, legisladores, concejales y diputados, y no se han aparecido m\u00e1s por sus oficinas, y se limitan a citar a algunas personas que necesitan sus servicios a un peque\u00f1o restaurant ubicado en las adyacencias de Ciudad Traki en Guanare, identificado con el nombre de \u201cOr\u00edgenes\u201d, donde hasta el Gobernador es asiduo visitante a ese establecimiento. Me dice Tito que se tiene previsto esperar un poco m\u00e1s para la designaci\u00f3n del nuevo Tren Ejecutivo, lo que indica que cada d\u00eda se aleja m\u00e1s las posibilidades de \u201cLa Do\u00f1a B\u00e1rbara del siglo 21\u201d, Fanny L\u00f3pez, de ser la Secretaria General de Gobierno (Si, la misma que atropella y maltrata a las personas que se atreven a asistir a su despacho en la Secretar\u00eda de Gesti\u00f3n Interna de la Gobernaci\u00f3n) \u00a0\u00a0La secretar\u00eda General de Gobierno, Esinsep, la zona educativa y otras oficinas siguen sin jefes, lo cual constituye una grave irregularidad, pues, que se sepa, no han juramentado a ning\u00fan jefe interino y mucho menos titulares.<\/p>\n<p><strong>ESTE SABADO<\/strong> d\u00ed una vuelta por los alrededores de la plaza Bol\u00edvar de Guanare para observar el alistamiento y observ\u00e9 escas\u00edsima asistencia, aunque sobraban autobuses para transportar a los \u201cespont\u00e1neos\u201d para esta segunda jornada del alistamiento, pero por ahora mejor dejo esta Antena hasta aqu\u00ed para ir a averiguar las razones por las cuales \u201cel alcalde que no es de aqu\u00ed\u201d no aparece nunca en las notas de la alcald\u00eda guanarite\u00f1a, o es que realmente asiste muy poco a ese municipio.<\/p>\n","protected":false},"excerpt":{"rendered":"<p>ROMANOS 8\/31&mdash;&ldquo;SI DIOS CON NOSOTROS, QUIEN CONTRA NOSOTROS&rdquo;. EN LAS ULTIMAS SEMANAS, ha sido un verdadero calvario cumplir con mis numerosos lectores de esta Antena, pues han recrudecido los apagones y &ldquo;bajones&rdquo; de electricidad, aparte de las permanentes fallas en el Internet, sin embargo durante este tiempo, dentro de esas miles de dificultades, he cumplido &hellip;<\/p>\n","protected":false},"author":2,"featured_media":3229,"comment_status":"open","ping_status":"open","sticky":false,"template":"","format":"standard","meta":{"_jetpack_memberships_contains_paid_content":false,"footnotes":""},"categories":[127],"tags":[],"class_list":["post-3538","post","type-post","status-publish","format-standard","has-post-thumbnail","hentry","category-noticias-recientes"],"yoast_head":"<!-- This site is optimized with the Yoast SEO plugin v24.8.1 - https:\/\/yoast.com\/wordpress\/plugins\/seo\/ -->\n<title>La Antena del Cono Sur -<\/title>\n<meta name=\"robots\" content=\"index, follow, max-snippet:-1, max-image-preview:large, max-video-preview:-1\" \/>\n<link rel=\"canonical\" href=\"https:\/\/periodicocentroccidente.com\/?p=3538\" \/>\n<meta property=\"og:locale\" content=\"es_ES\" \/>\n<meta property=\"og:type\" content=\"article\" \/>\n<meta property=\"og:title\" content=\"La Antena del Cono Sur -\" \/>\n<meta property=\"og:description\" content=\"ROMANOS 8\/31&mdash;&ldquo;SI DIOS CON NOSOTROS, QUIEN CONTRA NOSOTROS&rdquo;. EN LAS ULTIMAS SEMANAS, ha sido un verdadero calvario cumplir con mis numerosos lectores de esta Antena, pues han recrudecido los apagones y &ldquo;bajones&rdquo; de electricidad, aparte de las permanentes fallas en el Internet, sin embargo durante este tiempo, dentro de esas miles de dificultades, he cumplido &hellip;\" \/>\n<meta property=\"og:url\" content=\"https:\/\/periodicocentroccidente.com\/?p=3538\" \/>\n<meta property=\"article:published_time\" content=\"2025-08-31T22:05:08+00:00\" \/>\n<meta property=\"og:image\" content=\"https:\/\/periodicocentroccidente.com\/wp-content\/uploads\/2025\/08\/cono-sur.jpg\" \/>\n\t<meta property=\"og:image:width\" content=\"601\" \/>\n\t<meta property=\"og:image:height\" content=\"258\" \/>\n\t<meta property=\"og:image:type\" content=\"image\/jpeg\" \/>\n<meta name=\"author\" content=\"Ricardo\" \/>\n<meta name=\"twitter:card\" content=\"summary_large_image\" \/>\n<meta name=\"twitter:label1\" content=\"Escrito por\" \/>\n\t<meta name=\"twitter:data1\" content=\"Ricardo\" \/>\n\t<meta name=\"twitter:label2\" content=\"Tiempo de lectura\" \/>\n\t<meta name=\"twitter:data2\" content=\"5 minutos\" \/>\n<script type=\"application\/ld+json\" class=\"yoast-schema-graph\">{\"@context\":\"https:\/\/schema.org\",\"@graph\":[{\"@type\":\"WebPage\",\"@id\":\"https:\/\/periodicocentroccidente.com\/?p=3538\",\"url\":\"https:\/\/periodicocentroccidente.com\/?p=3538\",\"name\":\"La Antena del Cono Sur -\",\"isPartOf\":{\"@id\":\"https:\/\/periodicocentroccidente.com\/#website\"},\"primaryImageOfPage\":{\"@id\":\"https:\/\/periodicocentroccidente.com\/?p=3538#primaryimage\"},\"image\":{\"@id\":\"https:\/\/periodicocentroccidente.com\/?p=3538#primaryimage\"},\"thumbnailUrl\":\"https:\/\/periodicocentroccidente.com\/wp-content\/uploads\/2025\/08\/cono-sur.jpg\",\"datePublished\":\"2025-08-31T22:05:08+00:00\",\"author\":{\"@id\":\"https:\/\/periodicocentroccidente.com\/#\/schema\/person\/f4e4a651098f3db198244657b7130e7e\"},\"breadcrumb\":{\"@id\":\"https:\/\/periodicocentroccidente.com\/?p=3538#breadcrumb\"},\"inLanguage\":\"es\",\"potentialAction\":[{\"@type\":\"ReadAction\",\"target\":[\"https:\/\/periodicocentroccidente.com\/?p=3538\"]}]},{\"@type\":\"ImageObject\",\"inLanguage\":\"es\",\"@id\":\"https:\/\/periodicocentroccidente.com\/?p=3538#primaryimage\",\"url\":\"https:\/\/periodicocentroccidente.com\/wp-content\/uploads\/2025\/08\/cono-sur.jpg\",\"contentUrl\":\"https:\/\/periodicocentroccidente.com\/wp-content\/uploads\/2025\/08\/cono-sur.jpg\",\"width\":601,\"height\":258},{\"@type\":\"BreadcrumbList\",\"@id\":\"https:\/\/periodicocentroccidente.com\/?p=3538#breadcrumb\",\"itemListElement\":[{\"@type\":\"ListItem\",\"position\":1,\"name\":\"Portada\",\"item\":\"https:\/\/periodicocentroccidente.com\/\"},{\"@type\":\"ListItem\",\"position\":2,\"name\":\"La Antena del Cono Sur\"}]},{\"@type\":\"WebSite\",\"@id\":\"https:\/\/periodicocentroccidente.com\/#website\",\"url\":\"https:\/\/periodicocentroccidente.com\/\",\"name\":\"\",\"description\":\"Periodismo serio y responsable\",\"potentialAction\":[{\"@type\":\"SearchAction\",\"target\":{\"@type\":\"EntryPoint\",\"urlTemplate\":\"https:\/\/periodicocentroccidente.com\/?s={search_term_string}\"},\"query-input\":{\"@type\":\"PropertyValueSpecification\",\"valueRequired\":true,\"valueName\":\"search_term_string\"}}],\"inLanguage\":\"es\"},{\"@type\":\"Person\",\"@id\":\"https:\/\/periodicocentroccidente.com\/#\/schema\/person\/f4e4a651098f3db198244657b7130e7e\",\"name\":\"Ricardo\",\"image\":{\"@type\":\"ImageObject\",\"inLanguage\":\"es\",\"@id\":\"https:\/\/periodicocentroccidente.com\/#\/schema\/person\/image\/\",\"url\":\"https:\/\/secure.gravatar.com\/avatar\/402e6137108ec0fdaa7809184382fb1dd2f8b00264c1d945d341f2b8f90db429?s=96&d=mm&r=g\",\"contentUrl\":\"https:\/\/secure.gravatar.com\/avatar\/402e6137108ec0fdaa7809184382fb1dd2f8b00264c1d945d341f2b8f90db429?s=96&d=mm&r=g\",\"caption\":\"Ricardo\"},\"url\":\"https:\/\/periodicocentroccidente.com\/?author=2\"}]}<\/script>\n<!-- \/ Yoast SEO plugin. -->","yoast_head_json":{"title":"La Antena del Cono Sur -","robots":{"index":"index","follow":"follow","max-snippet":"max-snippet:-1","max-image-preview":"max-image-preview:large","max-video-preview":"max-video-preview:-1"},"canonical":"https:\/\/periodicocentroccidente.com\/?p=3538","og_locale":"es_ES","og_type":"article","og_title":"La Antena del Cono Sur -","og_description":"ROMANOS 8\/31&mdash;&ldquo;SI DIOS CON NOSOTROS, QUIEN CONTRA NOSOTROS&rdquo;. EN LAS ULTIMAS SEMANAS, ha sido un verdadero calvario cumplir con mis numerosos lectores de esta Antena, pues han recrudecido los apagones y &ldquo;bajones&rdquo; de electricidad, aparte de las permanentes fallas en el Internet, sin embargo durante este tiempo, dentro de esas miles de dificultades, he cumplido &hellip;","og_url":"https:\/\/periodicocentroccidente.com\/?p=3538","article_published_time":"2025-08-31T22:05:08+00:00","og_image":[{"width":601,"height":258,"url":"https:\/\/periodicocentroccidente.com\/wp-content\/uploads\/2025\/08\/cono-sur.jpg","type":"image\/jpeg"}],"author":"Ricardo","twitter_card":"summary_large_image","twitter_misc":{"Escrito por":"Ricardo","Tiempo de lectura":"5 minutos"},"schema":{"@context":"https:\/\/schema.org","@graph":[{"@type":"WebPage","@id":"https:\/\/periodicocentroccidente.com\/?p=3538","url":"https:\/\/periodicocentroccidente.com\/?p=3538","name":"La Antena del Cono Sur -","isPartOf":{"@id":"https:\/\/periodicocentroccidente.com\/#website"},"primaryImageOfPage":{"@id":"https:\/\/periodicocentroccidente.com\/?p=3538#primaryimage"},"image":{"@id":"https:\/\/periodicocentroccidente.com\/?p=3538#primaryimage"},"thumbnailUrl":"https:\/\/periodicocentroccidente.com\/wp-content\/uploads\/2025\/08\/cono-sur.jpg","datePublished":"2025-08-31T22:05:08+00:00","author":{"@id":"https:\/\/periodicocentroccidente.com\/#\/schema\/person\/f4e4a651098f3db198244657b7130e7e"},"breadcrumb":{"@id":"https:\/\/periodicocentroccidente.com\/?p=3538#breadcrumb"},"inLanguage":"es","potentialAction":[{"@type":"ReadAction","target":["https:\/\/periodicocentroccidente.com\/?p=3538"]}]},{"@type":"ImageObject","inLanguage":"es","@id":"https:\/\/periodicocentroccidente.com\/?p=3538#primaryimage","url":"https:\/\/periodicocentroccidente.com\/wp-content\/uploads\/2025\/08\/cono-sur.jpg","contentUrl":"https:\/\/periodicocentroccidente.com\/wp-content\/uploads\/2025\/08\/cono-sur.jpg","width":601,"height":258},{"@type":"BreadcrumbList","@id":"https:\/\/periodicocentroccidente.com\/?p=3538#breadcrumb","itemListElement":[{"@type":"ListItem","position":1,"name":"Portada","item":"https:\/\/periodicocentroccidente.com\/"},{"@type":"ListItem","position":2,"name":"La Antena del Cono Sur"}]},{"@type":"WebSite","@id":"https:\/\/periodicocentroccidente.com\/#website","url":"https:\/\/periodicocentroccidente.com\/","name":"","description":"Periodismo serio y responsable","potentialAction":[{"@type":"SearchAction","target":{"@type":"EntryPoint","urlTemplate":"https:\/\/periodicocentroccidente.com\/?s={search_term_string}"},"query-input":{"@type":"PropertyValueSpecification","valueRequired":true,"valueName":"search_term_string"}}],"inLanguage":"es"},{"@type":"Person","@id":"https:\/\/periodicocentroccidente.com\/#\/schema\/person\/f4e4a651098f3db198244657b7130e7e","name":"Ricardo","image":{"@type":"ImageObject","inLanguage":"es","@id":"https:\/\/periodicocentroccidente.com\/#\/schema\/person\/image\/","url":"https:\/\/secure.gravatar.com\/avatar\/402e6137108ec0fdaa7809184382fb1dd2f8b00264c1d945d341f2b8f90db429?s=96&d=mm&r=g","contentUrl":"https:\/\/secure.gravatar.com\/avatar\/402e6137108ec0fdaa7809184382fb1dd2f8b00264c1d945d341f2b8f90db429?s=96&d=mm&r=g","caption":"Ricardo"},"url":"https:\/\/periodicocentroccidente.com\/?author=2"}]}},"jetpack_featured_media_url":"https:\/\/periodicocentroccidente.com\/wp-content\/uploads\/2025\/08\/cono-sur.jpg","jetpack_sharing_enabled":true,"jetpack-related-posts":[],"_links":{"self":[{"href":"https:\/\/periodicocentroccidente.com\/index.php?rest_route=\/wp\/v2\/posts\/3538","targetHints":{"allow":["GET"]}}],"collection":[{"href":"https:\/\/periodicocentroccidente.com\/index.php?rest_route=\/wp\/v2\/posts"}],"about":[{"href":"https:\/\/periodicocentroccidente.com\/index.php?rest_route=\/wp\/v2\/types\/post"}],"author":[{"embeddable":true,"href":"https:\/\/periodicocentroccidente.com\/index.php?rest_route=\/wp\/v2\/users\/2"}],"replies":[{"embeddable":true,"href":"https:\/\/periodicocentroccidente.com\/index.php?rest_route=%2Fwp%2Fv2%2Fcomments&post=3538"}],"version-history":[{"count":1,"href":"https:\/\/periodicocentroccidente.com\/index.php?rest_route=\/wp\/v2\/posts\/3538\/revisions"}],"predecessor-version":[{"id":3539,"href":"https:\/\/periodicocentroccidente.com\/index.php?rest_route=\/wp\/v2\/posts\/3538\/revisions\/3539"}],"wp:featuredmedia":[{"embeddable":true,"href":"https:\/\/periodicocentroccidente.com\/index.php?rest_route=\/wp\/v2\/media\/3229"}],"wp:attachment":[{"href":"https:\/\/periodicocentroccidente.com\/index.php?rest_route=%2Fwp%2Fv2%2Fmedia&parent=3538"}],"wp:term":[{"taxonomy":"category","embeddable":true,"href":"https:\/\/periodicocentroccidente.com\/index.php?rest_route=%2Fwp%2Fv2%2Fcategories&post=3538"},{"taxonomy":"post_tag","embeddable":true,"href":"https:\/\/periodicocentroccidente.com\/index.php?rest_route=%2Fwp%2Fv2%2Ftags&post=3538"}],"curies":[{"name":"wp","href":"https:\/\/api.w.org\/{rel}","templated":true}]}}