{"id":3441,"date":"2025-08-25T14:52:04","date_gmt":"2025-08-25T14:52:04","guid":{"rendered":"https:\/\/periodicocentroccidente.com\/?p=3441"},"modified":"2025-08-25T14:52:04","modified_gmt":"2025-08-25T14:52:04","slug":"proteccion-civil-portuguesa-planifica-seguridad-para-fiestas-de-la-coromoto","status":"publish","type":"post","link":"https:\/\/periodicocentroccidente.com\/?p=3441","title":{"rendered":"Protecci\u00f3n Civil Portuguesa planifica seguridad para fiestas de la Coromoto"},"content":{"rendered":"<p><strong>Especial.-<\/strong><\/p>\n<p>La m\u00e1xima autoridad de Protecci\u00f3n Civil del estado Portuguesa, abogado Daniel M\u00e1rquez, acompa\u00f1ado por su equipo t\u00e9cnico y operativo, sostuvo una\u00a0reuni\u00f3n de planificaci\u00f3n con miras a las festividades patronales en honor a los 373 a\u00f1os de la Virgen de Coromoto,\u00a0previstas para el mes de septiembre. Todo esto con la finalidad de garantizar la operatividad en materia de atenci\u00f3n de emergencia, seguridad y resguardo, adem\u00e1s de la organizaci\u00f3n log\u00edstica para nuestro equipo.<\/p>\n<p>Durante el encuentro se revisaron y fortalecieron los protocolos de seguridad p\u00fablica y atenci\u00f3n a la ciudadan\u00eda. El objetivo central es garantizar la integridad de las y los asistentes, as\u00ed como una respuesta coordinada y eficiente ante cualquier eventualidad.<\/p>\n<p>Principales acuerdos y acciones:<\/p>\n<p>\u2013 Evaluaci\u00f3n de riesgos y definici\u00f3n de medidas preventivas ante aglomeraciones, fallas el\u00e9ctricas, incendios y condiciones clim\u00e1ticas adversas.<\/p>\n<p>\u2013 Dise\u00f1o de rutas de ingreso y egreso, zonas seguras y puntos de evacuaci\u00f3n debidamente se\u00f1alizados.<\/p>\n<p>\u2013 Disposici\u00f3n de puestos de atenci\u00f3n m\u00e9dica y primeros auxilios, ambulancias y coordinaci\u00f3n con centros hospitalarios locales para asegurar la operatividad en atenci\u00f3n de emergencias.<\/p>\n<p>\u2013 Refuerzo de la presencia de cuerpos de seguridad en Protecci\u00f3n Civil, Bomberos, Cruz Roja y Ven 911 en puntos estrat\u00e9gicos para el resguardo de la poblaci\u00f3n.<\/p>\n<p>\u2013 Organizaci\u00f3n log\u00edstica del equipo operativo: asignaci\u00f3n de roles, recursos materiales, comunicaciones y puntos de control.<\/p>\n<p>M\u00e1rquez, m\u00e1xima autoridad de Protecci\u00f3n Civil declar\u00f3: \u201cNuestra prioridad es garantizar una festividad segura, con operatividad plena en atenci\u00f3n de emergencias, seguridad y resguardo. La planificaci\u00f3n y la coordinaci\u00f3n interinstitucional son claves para prevenir riesgos y atender con eficacia\u201d.<\/p>\n<p>(Con informaci\u00f3n de PCAD Portuguesa)<\/p>\n<p><img loading=\"lazy\" decoding=\"async\" class=\"alignnone size-medium wp-image-3443\" src=\"https:\/\/periodicocentroccidente.com\/wp-content\/uploads\/2025\/08\/2-32-300x252.webp\" alt=\"\" width=\"300\" height=\"252\" srcset=\"https:\/\/periodicocentroccidente.com\/wp-content\/uploads\/2025\/08\/2-32-300x252.webp 300w, https:\/\/periodicocentroccidente.com\/wp-content\/uploads\/2025\/08\/2-32.webp 650w\" sizes=\"auto, (max-width: 300px) 100vw, 300px\" \/><\/p>\n","protected":false},"excerpt":{"rendered":"<p>Especial.- La m&aacute;xima autoridad de Protecci&oacute;n Civil del estado Portuguesa, abogado Daniel M&aacute;rquez, acompa&ntilde;ado por su equipo t&eacute;cnico y operativo, sostuvo una&nbsp;reuni&oacute;n de planificaci&oacute;n con miras a las festividades patronales en honor a los 373 a&ntilde;os de la Virgen de Coromoto,&nbsp;previstas para el mes de septiembre. Todo esto con la finalidad de garantizar la operatividad &hellip;<\/p>\n","protected":false},"author":2,"featured_media":3442,"comment_status":"open","ping_status":"open","sticky":false,"template":"","format":"standard","meta":{"_jetpack_memberships_contains_paid_content":false,"footnotes":""},"categories":[127],"tags":[],"class_list":["post-3441","post","type-post","status-publish","format-standard","has-post-thumbnail","hentry","category-noticias-recientes"],"yoast_head":"<!-- This site is optimized with the Yoast SEO plugin v24.8.1 - https:\/\/yoast.com\/wordpress\/plugins\/seo\/ -->\n<title>Protecci\u00f3n Civil Portuguesa planifica seguridad para fiestas de la Coromoto -<\/title>\n<meta name=\"robots\" content=\"index, follow, max-snippet:-1, max-image-preview:large, max-video-preview:-1\" \/>\n<link rel=\"canonical\" href=\"https:\/\/periodicocentroccidente.com\/?p=3441\" \/>\n<meta property=\"og:locale\" content=\"es_ES\" \/>\n<meta property=\"og:type\" content=\"article\" \/>\n<meta property=\"og:title\" content=\"Protecci\u00f3n Civil Portuguesa planifica seguridad para fiestas de la Coromoto -\" \/>\n<meta property=\"og:description\" content=\"Especial.- La m&aacute;xima autoridad de Protecci&oacute;n Civil del estado Portuguesa, abogado Daniel M&aacute;rquez, acompa&ntilde;ado por su equipo t&eacute;cnico y operativo, sostuvo una&nbsp;reuni&oacute;n de planificaci&oacute;n con miras a las festividades patronales en honor a los 373 a&ntilde;os de la Virgen de Coromoto,&nbsp;previstas para el mes de septiembre. Todo esto con la finalidad de garantizar la operatividad &hellip;\" \/>\n<meta property=\"og:url\" content=\"https:\/\/periodicocentroccidente.com\/?p=3441\" \/>\n<meta property=\"article:published_time\" content=\"2025-08-25T14:52:04+00:00\" \/>\n<meta property=\"og:image\" content=\"https:\/\/periodicocentroccidente.com\/wp-content\/uploads\/2025\/08\/1-38.webp\" \/>\n\t<meta property=\"og:image:width\" content=\"655\" \/>\n\t<meta property=\"og:image:height\" content=\"330\" \/>\n\t<meta property=\"og:image:type\" content=\"image\/webp\" \/>\n<meta name=\"author\" content=\"Ricardo\" \/>\n<meta name=\"twitter:card\" content=\"summary_large_image\" \/>\n<meta name=\"twitter:label1\" content=\"Escrito por\" \/>\n\t<meta name=\"twitter:data1\" content=\"Ricardo\" \/>\n\t<meta name=\"twitter:label2\" content=\"Tiempo de lectura\" \/>\n\t<meta name=\"twitter:data2\" content=\"2 minutos\" \/>\n<script type=\"application\/ld+json\" class=\"yoast-schema-graph\">{\"@context\":\"https:\/\/schema.org\",\"@graph\":[{\"@type\":\"WebPage\",\"@id\":\"https:\/\/periodicocentroccidente.com\/?p=3441\",\"url\":\"https:\/\/periodicocentroccidente.com\/?p=3441\",\"name\":\"Protecci\u00f3n Civil Portuguesa planifica seguridad para fiestas de la Coromoto -\",\"isPartOf\":{\"@id\":\"https:\/\/periodicocentroccidente.com\/#website\"},\"primaryImageOfPage\":{\"@id\":\"https:\/\/periodicocentroccidente.com\/?p=3441#primaryimage\"},\"image\":{\"@id\":\"https:\/\/periodicocentroccidente.com\/?p=3441#primaryimage\"},\"thumbnailUrl\":\"https:\/\/periodicocentroccidente.com\/wp-content\/uploads\/2025\/08\/1-38.webp\",\"datePublished\":\"2025-08-25T14:52:04+00:00\",\"author\":{\"@id\":\"https:\/\/periodicocentroccidente.com\/#\/schema\/person\/f4e4a651098f3db198244657b7130e7e\"},\"breadcrumb\":{\"@id\":\"https:\/\/periodicocentroccidente.com\/?p=3441#breadcrumb\"},\"inLanguage\":\"es\",\"potentialAction\":[{\"@type\":\"ReadAction\",\"target\":[\"https:\/\/periodicocentroccidente.com\/?p=3441\"]}]},{\"@type\":\"ImageObject\",\"inLanguage\":\"es\",\"@id\":\"https:\/\/periodicocentroccidente.com\/?p=3441#primaryimage\",\"url\":\"https:\/\/periodicocentroccidente.com\/wp-content\/uploads\/2025\/08\/1-38.webp\",\"contentUrl\":\"https:\/\/periodicocentroccidente.com\/wp-content\/uploads\/2025\/08\/1-38.webp\",\"width\":655,\"height\":330},{\"@type\":\"BreadcrumbList\",\"@id\":\"https:\/\/periodicocentroccidente.com\/?p=3441#breadcrumb\",\"itemListElement\":[{\"@type\":\"ListItem\",\"position\":1,\"name\":\"Portada\",\"item\":\"https:\/\/periodicocentroccidente.com\/\"},{\"@type\":\"ListItem\",\"position\":2,\"name\":\"Protecci\u00f3n Civil Portuguesa planifica seguridad para fiestas de la Coromoto\"}]},{\"@type\":\"WebSite\",\"@id\":\"https:\/\/periodicocentroccidente.com\/#website\",\"url\":\"https:\/\/periodicocentroccidente.com\/\",\"name\":\"\",\"description\":\"Periodismo serio y responsable\",\"potentialAction\":[{\"@type\":\"SearchAction\",\"target\":{\"@type\":\"EntryPoint\",\"urlTemplate\":\"https:\/\/periodicocentroccidente.com\/?s={search_term_string}\"},\"query-input\":{\"@type\":\"PropertyValueSpecification\",\"valueRequired\":true,\"valueName\":\"search_term_string\"}}],\"inLanguage\":\"es\"},{\"@type\":\"Person\",\"@id\":\"https:\/\/periodicocentroccidente.com\/#\/schema\/person\/f4e4a651098f3db198244657b7130e7e\",\"name\":\"Ricardo\",\"image\":{\"@type\":\"ImageObject\",\"inLanguage\":\"es\",\"@id\":\"https:\/\/periodicocentroccidente.com\/#\/schema\/person\/image\/\",\"url\":\"https:\/\/secure.gravatar.com\/avatar\/402e6137108ec0fdaa7809184382fb1dd2f8b00264c1d945d341f2b8f90db429?s=96&d=mm&r=g\",\"contentUrl\":\"https:\/\/secure.gravatar.com\/avatar\/402e6137108ec0fdaa7809184382fb1dd2f8b00264c1d945d341f2b8f90db429?s=96&d=mm&r=g\",\"caption\":\"Ricardo\"},\"url\":\"https:\/\/periodicocentroccidente.com\/?author=2\"}]}<\/script>\n<!-- \/ Yoast SEO plugin. -->","yoast_head_json":{"title":"Protecci\u00f3n Civil Portuguesa planifica seguridad para fiestas de la Coromoto -","robots":{"index":"index","follow":"follow","max-snippet":"max-snippet:-1","max-image-preview":"max-image-preview:large","max-video-preview":"max-video-preview:-1"},"canonical":"https:\/\/periodicocentroccidente.com\/?p=3441","og_locale":"es_ES","og_type":"article","og_title":"Protecci\u00f3n Civil Portuguesa planifica seguridad para fiestas de la Coromoto -","og_description":"Especial.- La m&aacute;xima autoridad de Protecci&oacute;n Civil del estado Portuguesa, abogado Daniel M&aacute;rquez, acompa&ntilde;ado por su equipo t&eacute;cnico y operativo, sostuvo una&nbsp;reuni&oacute;n de planificaci&oacute;n con miras a las festividades patronales en honor a los 373 a&ntilde;os de la Virgen de Coromoto,&nbsp;previstas para el mes de septiembre. Todo esto con la finalidad de garantizar la operatividad &hellip;","og_url":"https:\/\/periodicocentroccidente.com\/?p=3441","article_published_time":"2025-08-25T14:52:04+00:00","og_image":[{"width":655,"height":330,"url":"https:\/\/periodicocentroccidente.com\/wp-content\/uploads\/2025\/08\/1-38.webp","type":"image\/webp"}],"author":"Ricardo","twitter_card":"summary_large_image","twitter_misc":{"Escrito por":"Ricardo","Tiempo de lectura":"2 minutos"},"schema":{"@context":"https:\/\/schema.org","@graph":[{"@type":"WebPage","@id":"https:\/\/periodicocentroccidente.com\/?p=3441","url":"https:\/\/periodicocentroccidente.com\/?p=3441","name":"Protecci\u00f3n Civil Portuguesa planifica seguridad para fiestas de la Coromoto -","isPartOf":{"@id":"https:\/\/periodicocentroccidente.com\/#website"},"primaryImageOfPage":{"@id":"https:\/\/periodicocentroccidente.com\/?p=3441#primaryimage"},"image":{"@id":"https:\/\/periodicocentroccidente.com\/?p=3441#primaryimage"},"thumbnailUrl":"https:\/\/periodicocentroccidente.com\/wp-content\/uploads\/2025\/08\/1-38.webp","datePublished":"2025-08-25T14:52:04+00:00","author":{"@id":"https:\/\/periodicocentroccidente.com\/#\/schema\/person\/f4e4a651098f3db198244657b7130e7e"},"breadcrumb":{"@id":"https:\/\/periodicocentroccidente.com\/?p=3441#breadcrumb"},"inLanguage":"es","potentialAction":[{"@type":"ReadAction","target":["https:\/\/periodicocentroccidente.com\/?p=3441"]}]},{"@type":"ImageObject","inLanguage":"es","@id":"https:\/\/periodicocentroccidente.com\/?p=3441#primaryimage","url":"https:\/\/periodicocentroccidente.com\/wp-content\/uploads\/2025\/08\/1-38.webp","contentUrl":"https:\/\/periodicocentroccidente.com\/wp-content\/uploads\/2025\/08\/1-38.webp","width":655,"height":330},{"@type":"BreadcrumbList","@id":"https:\/\/periodicocentroccidente.com\/?p=3441#breadcrumb","itemListElement":[{"@type":"ListItem","position":1,"name":"Portada","item":"https:\/\/periodicocentroccidente.com\/"},{"@type":"ListItem","position":2,"name":"Protecci\u00f3n Civil Portuguesa planifica seguridad para fiestas de la Coromoto"}]},{"@type":"WebSite","@id":"https:\/\/periodicocentroccidente.com\/#website","url":"https:\/\/periodicocentroccidente.com\/","name":"","description":"Periodismo serio y responsable","potentialAction":[{"@type":"SearchAction","target":{"@type":"EntryPoint","urlTemplate":"https:\/\/periodicocentroccidente.com\/?s={search_term_string}"},"query-input":{"@type":"PropertyValueSpecification","valueRequired":true,"valueName":"search_term_string"}}],"inLanguage":"es"},{"@type":"Person","@id":"https:\/\/periodicocentroccidente.com\/#\/schema\/person\/f4e4a651098f3db198244657b7130e7e","name":"Ricardo","image":{"@type":"ImageObject","inLanguage":"es","@id":"https:\/\/periodicocentroccidente.com\/#\/schema\/person\/image\/","url":"https:\/\/secure.gravatar.com\/avatar\/402e6137108ec0fdaa7809184382fb1dd2f8b00264c1d945d341f2b8f90db429?s=96&d=mm&r=g","contentUrl":"https:\/\/secure.gravatar.com\/avatar\/402e6137108ec0fdaa7809184382fb1dd2f8b00264c1d945d341f2b8f90db429?s=96&d=mm&r=g","caption":"Ricardo"},"url":"https:\/\/periodicocentroccidente.com\/?author=2"}]}},"jetpack_featured_media_url":"https:\/\/periodicocentroccidente.com\/wp-content\/uploads\/2025\/08\/1-38.webp","jetpack_sharing_enabled":true,"jetpack-related-posts":[],"_links":{"self":[{"href":"https:\/\/periodicocentroccidente.com\/index.php?rest_route=\/wp\/v2\/posts\/3441","targetHints":{"allow":["GET"]}}],"collection":[{"href":"https:\/\/periodicocentroccidente.com\/index.php?rest_route=\/wp\/v2\/posts"}],"about":[{"href":"https:\/\/periodicocentroccidente.com\/index.php?rest_route=\/wp\/v2\/types\/post"}],"author":[{"embeddable":true,"href":"https:\/\/periodicocentroccidente.com\/index.php?rest_route=\/wp\/v2\/users\/2"}],"replies":[{"embeddable":true,"href":"https:\/\/periodicocentroccidente.com\/index.php?rest_route=%2Fwp%2Fv2%2Fcomments&post=3441"}],"version-history":[{"count":1,"href":"https:\/\/periodicocentroccidente.com\/index.php?rest_route=\/wp\/v2\/posts\/3441\/revisions"}],"predecessor-version":[{"id":3444,"href":"https:\/\/periodicocentroccidente.com\/index.php?rest_route=\/wp\/v2\/posts\/3441\/revisions\/3444"}],"wp:featuredmedia":[{"embeddable":true,"href":"https:\/\/periodicocentroccidente.com\/index.php?rest_route=\/wp\/v2\/media\/3442"}],"wp:attachment":[{"href":"https:\/\/periodicocentroccidente.com\/index.php?rest_route=%2Fwp%2Fv2%2Fmedia&parent=3441"}],"wp:term":[{"taxonomy":"category","embeddable":true,"href":"https:\/\/periodicocentroccidente.com\/index.php?rest_route=%2Fwp%2Fv2%2Fcategories&post=3441"},{"taxonomy":"post_tag","embeddable":true,"href":"https:\/\/periodicocentroccidente.com\/index.php?rest_route=%2Fwp%2Fv2%2Ftags&post=3441"}],"curies":[{"name":"wp","href":"https:\/\/api.w.org\/{rel}","templated":true}]}}