{"id":3353,"date":"2025-08-18T14:14:35","date_gmt":"2025-08-18T14:14:35","guid":{"rendered":"https:\/\/periodicocentroccidente.com\/?p=3353"},"modified":"2025-08-18T14:14:35","modified_gmt":"2025-08-18T14:14:35","slug":"avanza-rehabilitacion-del-campo-de-la-coronacion-virgen-de-coromoto","status":"publish","type":"post","link":"https:\/\/periodicocentroccidente.com\/?p=3353","title":{"rendered":"Avanza rehabilitaci\u00f3n del campo de la coronaci\u00f3n  \u00abVirgen de Coromoto\u00bb"},"content":{"rendered":"<p><strong>Especial.-<\/strong><\/p>\n<p>Una inspecci\u00f3n a los avances de restauraci\u00f3n, rehabilitaci\u00f3n y acondicionamiento en el Campo de la Coronaci\u00f3n de la Virgen de Coromoto, hizo el gobernador de Portuguesa, Primitivo Cede\u00f1o.<\/p>\n<p>Una obra religiosa que se ejecuta en estos momentos en Venezuela y que este 11 de septiembre cumple 73 a\u00f1os, y que est\u00e1 siendo restaurada en su totalidad, contando con remozadas caminer\u00edas, una iglesia renovada y m\u00e1s.<\/p>\n<p>Cede\u00f1o dijo que pronto los guanare\u00f1os y feligreses contar\u00e1n con un monumento mejorado, y seguir impulsando el turismo religioso en la regi\u00f3n.<\/p>\n<p><img loading=\"lazy\" decoding=\"async\" class=\"alignnone size-full wp-image-3355\" src=\"https:\/\/periodicocentroccidente.com\/wp-content\/uploads\/2025\/08\/WhatsApp-Image-2025-08-14-at-7.38.16-AM-1-300x225-1.jpeg\" alt=\"\" width=\"300\" height=\"225\" \/><\/p>\n","protected":false},"excerpt":{"rendered":"<p>Especial.- Una inspecci&oacute;n a los avances de restauraci&oacute;n, rehabilitaci&oacute;n y acondicionamiento en el Campo de la Coronaci&oacute;n de la Virgen de Coromoto, hizo el gobernador de Portuguesa, Primitivo Cede&ntilde;o. Una obra religiosa que se ejecuta en estos momentos en Venezuela y que este 11 de septiembre cumple 73 a&ntilde;os, y que est&aacute; siendo restaurada en &hellip;<\/p>\n","protected":false},"author":2,"featured_media":3354,"comment_status":"open","ping_status":"open","sticky":false,"template":"","format":"standard","meta":{"_jetpack_memberships_contains_paid_content":false,"footnotes":""},"categories":[127],"tags":[],"class_list":["post-3353","post","type-post","status-publish","format-standard","has-post-thumbnail","hentry","category-noticias-recientes"],"yoast_head":"<!-- This site is optimized with the Yoast SEO plugin v24.8.1 - https:\/\/yoast.com\/wordpress\/plugins\/seo\/ -->\n<title>Avanza rehabilitaci\u00f3n del campo de la coronaci\u00f3n &quot;Virgen de Coromoto&quot; -<\/title>\n<meta name=\"robots\" content=\"index, follow, max-snippet:-1, max-image-preview:large, max-video-preview:-1\" \/>\n<link rel=\"canonical\" href=\"https:\/\/periodicocentroccidente.com\/?p=3353\" \/>\n<meta property=\"og:locale\" content=\"es_ES\" \/>\n<meta property=\"og:type\" content=\"article\" \/>\n<meta property=\"og:title\" content=\"Avanza rehabilitaci\u00f3n del campo de la coronaci\u00f3n &quot;Virgen de Coromoto&quot; -\" \/>\n<meta property=\"og:description\" content=\"Especial.- Una inspecci&oacute;n a los avances de restauraci&oacute;n, rehabilitaci&oacute;n y acondicionamiento en el Campo de la Coronaci&oacute;n de la Virgen de Coromoto, hizo el gobernador de Portuguesa, Primitivo Cede&ntilde;o. Una obra religiosa que se ejecuta en estos momentos en Venezuela y que este 11 de septiembre cumple 73 a&ntilde;os, y que est&aacute; siendo restaurada en &hellip;\" \/>\n<meta property=\"og:url\" content=\"https:\/\/periodicocentroccidente.com\/?p=3353\" \/>\n<meta property=\"article:published_time\" content=\"2025-08-18T14:14:35+00:00\" \/>\n<meta property=\"og:image\" content=\"https:\/\/periodicocentroccidente.com\/wp-content\/uploads\/2025\/08\/WhatsApp-Image-2025-08-14-at-7.38.15-AM-1-300x225-1.jpeg\" \/>\n\t<meta property=\"og:image:width\" content=\"300\" \/>\n\t<meta property=\"og:image:height\" content=\"225\" \/>\n\t<meta property=\"og:image:type\" content=\"image\/jpeg\" \/>\n<meta name=\"author\" content=\"Ricardo\" \/>\n<meta name=\"twitter:card\" content=\"summary_large_image\" \/>\n<meta name=\"twitter:label1\" content=\"Escrito por\" \/>\n\t<meta name=\"twitter:data1\" content=\"Ricardo\" \/>\n\t<meta name=\"twitter:label2\" content=\"Tiempo de lectura\" \/>\n\t<meta name=\"twitter:data2\" content=\"1 minuto\" \/>\n<script type=\"application\/ld+json\" class=\"yoast-schema-graph\">{\"@context\":\"https:\/\/schema.org\",\"@graph\":[{\"@type\":\"WebPage\",\"@id\":\"https:\/\/periodicocentroccidente.com\/?p=3353\",\"url\":\"https:\/\/periodicocentroccidente.com\/?p=3353\",\"name\":\"Avanza rehabilitaci\u00f3n del campo de la coronaci\u00f3n \\\"Virgen de Coromoto\\\" -\",\"isPartOf\":{\"@id\":\"https:\/\/periodicocentroccidente.com\/#website\"},\"primaryImageOfPage\":{\"@id\":\"https:\/\/periodicocentroccidente.com\/?p=3353#primaryimage\"},\"image\":{\"@id\":\"https:\/\/periodicocentroccidente.com\/?p=3353#primaryimage\"},\"thumbnailUrl\":\"https:\/\/periodicocentroccidente.com\/wp-content\/uploads\/2025\/08\/WhatsApp-Image-2025-08-14-at-7.38.15-AM-1-300x225-1.jpeg\",\"datePublished\":\"2025-08-18T14:14:35+00:00\",\"author\":{\"@id\":\"https:\/\/periodicocentroccidente.com\/#\/schema\/person\/f4e4a651098f3db198244657b7130e7e\"},\"breadcrumb\":{\"@id\":\"https:\/\/periodicocentroccidente.com\/?p=3353#breadcrumb\"},\"inLanguage\":\"es\",\"potentialAction\":[{\"@type\":\"ReadAction\",\"target\":[\"https:\/\/periodicocentroccidente.com\/?p=3353\"]}]},{\"@type\":\"ImageObject\",\"inLanguage\":\"es\",\"@id\":\"https:\/\/periodicocentroccidente.com\/?p=3353#primaryimage\",\"url\":\"https:\/\/periodicocentroccidente.com\/wp-content\/uploads\/2025\/08\/WhatsApp-Image-2025-08-14-at-7.38.15-AM-1-300x225-1.jpeg\",\"contentUrl\":\"https:\/\/periodicocentroccidente.com\/wp-content\/uploads\/2025\/08\/WhatsApp-Image-2025-08-14-at-7.38.15-AM-1-300x225-1.jpeg\",\"width\":300,\"height\":225},{\"@type\":\"BreadcrumbList\",\"@id\":\"https:\/\/periodicocentroccidente.com\/?p=3353#breadcrumb\",\"itemListElement\":[{\"@type\":\"ListItem\",\"position\":1,\"name\":\"Portada\",\"item\":\"https:\/\/periodicocentroccidente.com\/\"},{\"@type\":\"ListItem\",\"position\":2,\"name\":\"Avanza rehabilitaci\u00f3n del campo de la coronaci\u00f3n \u00abVirgen de Coromoto\u00bb\"}]},{\"@type\":\"WebSite\",\"@id\":\"https:\/\/periodicocentroccidente.com\/#website\",\"url\":\"https:\/\/periodicocentroccidente.com\/\",\"name\":\"\",\"description\":\"Periodismo serio y responsable\",\"potentialAction\":[{\"@type\":\"SearchAction\",\"target\":{\"@type\":\"EntryPoint\",\"urlTemplate\":\"https:\/\/periodicocentroccidente.com\/?s={search_term_string}\"},\"query-input\":{\"@type\":\"PropertyValueSpecification\",\"valueRequired\":true,\"valueName\":\"search_term_string\"}}],\"inLanguage\":\"es\"},{\"@type\":\"Person\",\"@id\":\"https:\/\/periodicocentroccidente.com\/#\/schema\/person\/f4e4a651098f3db198244657b7130e7e\",\"name\":\"Ricardo\",\"image\":{\"@type\":\"ImageObject\",\"inLanguage\":\"es\",\"@id\":\"https:\/\/periodicocentroccidente.com\/#\/schema\/person\/image\/\",\"url\":\"https:\/\/secure.gravatar.com\/avatar\/402e6137108ec0fdaa7809184382fb1dd2f8b00264c1d945d341f2b8f90db429?s=96&d=mm&r=g\",\"contentUrl\":\"https:\/\/secure.gravatar.com\/avatar\/402e6137108ec0fdaa7809184382fb1dd2f8b00264c1d945d341f2b8f90db429?s=96&d=mm&r=g\",\"caption\":\"Ricardo\"},\"url\":\"https:\/\/periodicocentroccidente.com\/?author=2\"}]}<\/script>\n<!-- \/ Yoast SEO plugin. -->","yoast_head_json":{"title":"Avanza rehabilitaci\u00f3n del campo de la coronaci\u00f3n \"Virgen de Coromoto\" -","robots":{"index":"index","follow":"follow","max-snippet":"max-snippet:-1","max-image-preview":"max-image-preview:large","max-video-preview":"max-video-preview:-1"},"canonical":"https:\/\/periodicocentroccidente.com\/?p=3353","og_locale":"es_ES","og_type":"article","og_title":"Avanza rehabilitaci\u00f3n del campo de la coronaci\u00f3n \"Virgen de Coromoto\" -","og_description":"Especial.- Una inspecci&oacute;n a los avances de restauraci&oacute;n, rehabilitaci&oacute;n y acondicionamiento en el Campo de la Coronaci&oacute;n de la Virgen de Coromoto, hizo el gobernador de Portuguesa, Primitivo Cede&ntilde;o. Una obra religiosa que se ejecuta en estos momentos en Venezuela y que este 11 de septiembre cumple 73 a&ntilde;os, y que est&aacute; siendo restaurada en &hellip;","og_url":"https:\/\/periodicocentroccidente.com\/?p=3353","article_published_time":"2025-08-18T14:14:35+00:00","og_image":[{"width":300,"height":225,"url":"https:\/\/periodicocentroccidente.com\/wp-content\/uploads\/2025\/08\/WhatsApp-Image-2025-08-14-at-7.38.15-AM-1-300x225-1.jpeg","type":"image\/jpeg"}],"author":"Ricardo","twitter_card":"summary_large_image","twitter_misc":{"Escrito por":"Ricardo","Tiempo de lectura":"1 minuto"},"schema":{"@context":"https:\/\/schema.org","@graph":[{"@type":"WebPage","@id":"https:\/\/periodicocentroccidente.com\/?p=3353","url":"https:\/\/periodicocentroccidente.com\/?p=3353","name":"Avanza rehabilitaci\u00f3n del campo de la coronaci\u00f3n \"Virgen de Coromoto\" -","isPartOf":{"@id":"https:\/\/periodicocentroccidente.com\/#website"},"primaryImageOfPage":{"@id":"https:\/\/periodicocentroccidente.com\/?p=3353#primaryimage"},"image":{"@id":"https:\/\/periodicocentroccidente.com\/?p=3353#primaryimage"},"thumbnailUrl":"https:\/\/periodicocentroccidente.com\/wp-content\/uploads\/2025\/08\/WhatsApp-Image-2025-08-14-at-7.38.15-AM-1-300x225-1.jpeg","datePublished":"2025-08-18T14:14:35+00:00","author":{"@id":"https:\/\/periodicocentroccidente.com\/#\/schema\/person\/f4e4a651098f3db198244657b7130e7e"},"breadcrumb":{"@id":"https:\/\/periodicocentroccidente.com\/?p=3353#breadcrumb"},"inLanguage":"es","potentialAction":[{"@type":"ReadAction","target":["https:\/\/periodicocentroccidente.com\/?p=3353"]}]},{"@type":"ImageObject","inLanguage":"es","@id":"https:\/\/periodicocentroccidente.com\/?p=3353#primaryimage","url":"https:\/\/periodicocentroccidente.com\/wp-content\/uploads\/2025\/08\/WhatsApp-Image-2025-08-14-at-7.38.15-AM-1-300x225-1.jpeg","contentUrl":"https:\/\/periodicocentroccidente.com\/wp-content\/uploads\/2025\/08\/WhatsApp-Image-2025-08-14-at-7.38.15-AM-1-300x225-1.jpeg","width":300,"height":225},{"@type":"BreadcrumbList","@id":"https:\/\/periodicocentroccidente.com\/?p=3353#breadcrumb","itemListElement":[{"@type":"ListItem","position":1,"name":"Portada","item":"https:\/\/periodicocentroccidente.com\/"},{"@type":"ListItem","position":2,"name":"Avanza rehabilitaci\u00f3n del campo de la coronaci\u00f3n \u00abVirgen de Coromoto\u00bb"}]},{"@type":"WebSite","@id":"https:\/\/periodicocentroccidente.com\/#website","url":"https:\/\/periodicocentroccidente.com\/","name":"","description":"Periodismo serio y responsable","potentialAction":[{"@type":"SearchAction","target":{"@type":"EntryPoint","urlTemplate":"https:\/\/periodicocentroccidente.com\/?s={search_term_string}"},"query-input":{"@type":"PropertyValueSpecification","valueRequired":true,"valueName":"search_term_string"}}],"inLanguage":"es"},{"@type":"Person","@id":"https:\/\/periodicocentroccidente.com\/#\/schema\/person\/f4e4a651098f3db198244657b7130e7e","name":"Ricardo","image":{"@type":"ImageObject","inLanguage":"es","@id":"https:\/\/periodicocentroccidente.com\/#\/schema\/person\/image\/","url":"https:\/\/secure.gravatar.com\/avatar\/402e6137108ec0fdaa7809184382fb1dd2f8b00264c1d945d341f2b8f90db429?s=96&d=mm&r=g","contentUrl":"https:\/\/secure.gravatar.com\/avatar\/402e6137108ec0fdaa7809184382fb1dd2f8b00264c1d945d341f2b8f90db429?s=96&d=mm&r=g","caption":"Ricardo"},"url":"https:\/\/periodicocentroccidente.com\/?author=2"}]}},"jetpack_featured_media_url":"https:\/\/periodicocentroccidente.com\/wp-content\/uploads\/2025\/08\/WhatsApp-Image-2025-08-14-at-7.38.15-AM-1-300x225-1.jpeg","jetpack_sharing_enabled":true,"jetpack-related-posts":[],"_links":{"self":[{"href":"https:\/\/periodicocentroccidente.com\/index.php?rest_route=\/wp\/v2\/posts\/3353","targetHints":{"allow":["GET"]}}],"collection":[{"href":"https:\/\/periodicocentroccidente.com\/index.php?rest_route=\/wp\/v2\/posts"}],"about":[{"href":"https:\/\/periodicocentroccidente.com\/index.php?rest_route=\/wp\/v2\/types\/post"}],"author":[{"embeddable":true,"href":"https:\/\/periodicocentroccidente.com\/index.php?rest_route=\/wp\/v2\/users\/2"}],"replies":[{"embeddable":true,"href":"https:\/\/periodicocentroccidente.com\/index.php?rest_route=%2Fwp%2Fv2%2Fcomments&post=3353"}],"version-history":[{"count":1,"href":"https:\/\/periodicocentroccidente.com\/index.php?rest_route=\/wp\/v2\/posts\/3353\/revisions"}],"predecessor-version":[{"id":3356,"href":"https:\/\/periodicocentroccidente.com\/index.php?rest_route=\/wp\/v2\/posts\/3353\/revisions\/3356"}],"wp:featuredmedia":[{"embeddable":true,"href":"https:\/\/periodicocentroccidente.com\/index.php?rest_route=\/wp\/v2\/media\/3354"}],"wp:attachment":[{"href":"https:\/\/periodicocentroccidente.com\/index.php?rest_route=%2Fwp%2Fv2%2Fmedia&parent=3353"}],"wp:term":[{"taxonomy":"category","embeddable":true,"href":"https:\/\/periodicocentroccidente.com\/index.php?rest_route=%2Fwp%2Fv2%2Fcategories&post=3353"},{"taxonomy":"post_tag","embeddable":true,"href":"https:\/\/periodicocentroccidente.com\/index.php?rest_route=%2Fwp%2Fv2%2Ftags&post=3353"}],"curies":[{"name":"wp","href":"https:\/\/api.w.org\/{rel}","templated":true}]}}