{"id":3317,"date":"2025-08-15T17:47:08","date_gmt":"2025-08-15T17:47:08","guid":{"rendered":"https:\/\/periodicocentroccidente.com\/?p=3317"},"modified":"2025-08-15T17:47:08","modified_gmt":"2025-08-15T17:47:08","slug":"el-empresario-que-transformo-la-industria-musical-desde-colombia-hacia-el-mundo","status":"publish","type":"post","link":"https:\/\/periodicocentroccidente.com\/?p=3317","title":{"rendered":"El empresario que transform\u00f3 la industria musical desde Colombia hacia el mundo"},"content":{"rendered":"<div dir=\"auto\"><strong>Medell\u00edn, Colombia \/Especial.-<\/strong><\/div>\n<div dir=\"auto\"><\/div>\n<div dir=\"auto\">Fundador y socio mayoritario de Dinast\u00eda INC, la agregadora digital m\u00e1s importante de Colombia y una de las l\u00edderes en Iberoam\u00e9rica, ha impulsado a m\u00e1s de 50.000 artistas y sellos a nivel global con tecnolog\u00eda, programas sociales y visi\u00f3n empresarial.<\/div>\n<div dir=\"auto\"><\/div>\n<div dir=\"auto\">La industria musical vive un crecimiento sostenido en Latinoam\u00e9rica, y Colombia se consolida como uno de los epicentros globales de exportaci\u00f3n de talento. Nombres como J Balvin, Maluma, Karol G, Shakira, Manuel Turizo o Camilo han situado al pa\u00eds en el mapa internacional, pero no solo los artistas han protagonizado este auge: tambi\u00e9n empresarios visionarios que impulsan la infraestructura y el acceso global a la m\u00fasica.<\/div>\n<div dir=\"auto\"><\/div>\n<div dir=\"auto\">En este contexto, Fabio Andr\u00e9s Rend\u00f3n m\u00fasico de formaci\u00f3n, empresario por vocaci\u00f3n y socio mayoritario de Dinast\u00eda INC ha emergido como una figura clave. En 2017 fund\u00f3 Dinast\u00eda INC con un objetivo claro: ofrecer a artistas y sellos independientes una plataforma tecnol\u00f3gica que facilitara la distribuci\u00f3n digital, el cobro de regal\u00edas y el acceso a acuerdos directos con gigantes como Spotify, YouTube, Google o TikTok, sin intermediarios.<\/div>\n<div dir=\"auto\"><\/div>\n<div dir=\"auto\">En apenas cuatro a\u00f1os, el impacto fue hist\u00f3rico: en 2021, en plena pandemia, Dinast\u00eda INC se convirti\u00f3 en la compa\u00f1\u00eda del sector musical con mayor facturaci\u00f3n en Colombia, superando los 23 mil millones de pesos (aprox. 8 millones de d\u00f3lares) y entrando en el ranking de las 100 empresas con m\u00e1s ingresos del pa\u00eds. Actualmente, administra cientos de miles de canciones de m\u00e1s de 50.000 artistas de todo el mundo y est\u00e1 valorada en m\u00e1s de 100 millones de d\u00f3lares.<\/div>\n<div dir=\"auto\"><\/div>\n<div dir=\"auto\">El \u00e9xito de Fabio no se limita a Latinoam\u00e9rica. En 2024, protagoniz\u00f3 una de las operaciones m\u00e1s relevantes del sector: adquiri\u00f3 una participaci\u00f3n significativa en Sonosuite, plataforma SaaS europea de distribuci\u00f3n musical, en una transacci\u00f3n pactada en varios millones de euros, convirti\u00e9ndose en el primer empresario latinoamericano en invertir m\u00e1s de ocho cifras en este mercado. En 2025, dio otro paso clave al adquirir La C\u00fapula Music Media, uno de los sellos independientes m\u00e1s influyentes de Espa\u00f1a desde 2008.<\/div>\n<div dir=\"auto\"><\/div>\n<div dir=\"auto\">Adem\u00e1s de sus logros empresariales, Fabio ha hecho aportes significativos a fundaciones, premios y programas que impulsan a j\u00f3venes a vincularse con la m\u00fasica y alejarse de la violencia. Es patrocinador de iniciativas como La Liga del Barrio, un programa de rescate y valoraci\u00f3n del talento en el Barrio Antioquia, uno de los sectores m\u00e1s populares de Medell\u00edn. Tambi\u00e9n lidera programas cazatalentos en Estados Unidos, Espa\u00f1a, Holanda y M\u00e9xico, llevando oportunidades reales a nuevos artistas y fortaleciendo el ecosistema musical en distintos continentes.<\/div>\n<div dir=\"auto\"><\/div>\n<div dir=\"auto\">Seg\u00fan el diario La Rep\u00fablica, Fabio Andr\u00e9s Rend\u00f3n ha consolidado un patrimonio valorado en aproximadamente 80 millones de d\u00f3lares, sustentado en sus empresas musicales como Dinast\u00eda INC, Auge Music y Feel Music, adem\u00e1s de inversiones estrat\u00e9gicas en construcci\u00f3n, restaurantes y discotecas en Medell\u00edn, Miami y Marbella.<\/div>\n<div dir=\"auto\"><\/div>\n<div dir=\"auto\">Actualmente, Dinast\u00eda INC estudia la construcci\u00f3n en Medell\u00edn de un centro cultural de gran impacto que promete ser el m\u00e1s revolucionario y sofisticado de Am\u00e9rica. El complejo incluir\u00e1 tres estudios de grabaci\u00f3n, oficinas de atenci\u00f3n legal, \u00e1reas de distribuci\u00f3n y marketing digital, zona h\u00fameda, un hotel de lujo para artistas y productores, estudio audiovisual de \u00faltima tecnolog\u00eda, auditorio, salas de juntas, gimnasio para artistas y colaboradores, discoteca, sala de conciertos, restaurante, cafeter\u00eda, zonas de reuni\u00f3n y experiencia cultural, as\u00ed como una zona de juegos exclusiva para los colaboradores.<\/div>\n<div dir=\"auto\"><\/div>\n<div dir=\"auto\">Estos movimientos consolidan a Fabio Andr\u00e9s Rend\u00f3n como un referente empresarial y social en la m\u00fasica, con una visi\u00f3n que une tecnolog\u00eda, distribuci\u00f3n y programas de impacto comunitario para artistas de cualquier tama\u00f1o.<\/div>\n<div dir=\"auto\"><\/div>\n<div dir=\"auto\">M\u00e1s all\u00e1 de los n\u00fameros, Fabio es esposo y padre de dos hijas, Mia y Dulce, y posee doble nacionalidad espa\u00f1ola y colombiana. Su historia es la de un joven que, con una idea clara y determinaci\u00f3n, transform\u00f3 su pasi\u00f3n por la m\u00fasica en una empresa de alcance mundial, inspirando a toda una generaci\u00f3n de emprendedores de la industria.<\/div>\n<div dir=\"auto\"><\/div>\n<div dir=\"auto\">Acerca de Dinast\u00eda INC<\/div>\n<div dir=\"auto\">Fundada en 2017, Dinast\u00eda INC es la principal agregadora digital de Colombia y una de las m\u00e1s destacadas de Iberoam\u00e9rica. Ofrece soluciones de distribuci\u00f3n, monetizaci\u00f3n y gesti\u00f3n de regal\u00edas para artistas y sellos discogr\u00e1ficos, trabajando con acuerdos directos con las principales plataformas digitales del mundo.<\/div>\n<div dir=\"auto\"><\/div>\n<div dir=\"auto\"><strong>Via lapuracrema.net<\/strong><\/div>\n","protected":false},"excerpt":{"rendered":"<p>Medell&iacute;n, Colombia \/Especial.- Fundador y socio mayoritario de Dinast&iacute;a INC, la agregadora digital m&aacute;s importante de Colombia y una de las l&iacute;deres en Iberoam&eacute;rica, ha impulsado a m&aacute;s de 50.000 artistas y sellos a nivel global con tecnolog&iacute;a, programas sociales y visi&oacute;n empresarial. La industria musical vive un crecimiento sostenido en Latinoam&eacute;rica, y Colombia se &hellip;<\/p>\n","protected":false},"author":2,"featured_media":3318,"comment_status":"open","ping_status":"open","sticky":false,"template":"","format":"standard","meta":{"_jetpack_memberships_contains_paid_content":false,"footnotes":""},"categories":[127],"tags":[],"class_list":["post-3317","post","type-post","status-publish","format-standard","has-post-thumbnail","hentry","category-noticias-recientes"],"yoast_head":"<!-- This site is optimized with the Yoast SEO plugin v24.8.1 - https:\/\/yoast.com\/wordpress\/plugins\/seo\/ -->\n<title>El empresario que transform\u00f3 la industria musical desde Colombia hacia el mundo -<\/title>\n<meta name=\"robots\" content=\"index, follow, max-snippet:-1, max-image-preview:large, max-video-preview:-1\" \/>\n<link rel=\"canonical\" href=\"https:\/\/periodicocentroccidente.com\/?p=3317\" \/>\n<meta property=\"og:locale\" content=\"es_ES\" \/>\n<meta property=\"og:type\" content=\"article\" \/>\n<meta property=\"og:title\" content=\"El empresario que transform\u00f3 la industria musical desde Colombia hacia el mundo -\" \/>\n<meta property=\"og:description\" content=\"Medell&iacute;n, Colombia \/Especial.- Fundador y socio mayoritario de Dinast&iacute;a INC, la agregadora digital m&aacute;s importante de Colombia y una de las l&iacute;deres en Iberoam&eacute;rica, ha impulsado a m&aacute;s de 50.000 artistas y sellos a nivel global con tecnolog&iacute;a, programas sociales y visi&oacute;n empresarial. La industria musical vive un crecimiento sostenido en Latinoam&eacute;rica, y Colombia se &hellip;\" \/>\n<meta property=\"og:url\" content=\"https:\/\/periodicocentroccidente.com\/?p=3317\" \/>\n<meta property=\"article:published_time\" content=\"2025-08-15T17:47:08+00:00\" \/>\n<meta property=\"og:image\" content=\"https:\/\/periodicocentroccidente.com\/wp-content\/uploads\/2025\/08\/IMG-20250814-WA1112.jpg\" \/>\n\t<meta property=\"og:image:width\" content=\"1440\" \/>\n\t<meta property=\"og:image:height\" content=\"1125\" \/>\n\t<meta property=\"og:image:type\" content=\"image\/jpeg\" \/>\n<meta name=\"author\" content=\"Ricardo\" \/>\n<meta name=\"twitter:card\" content=\"summary_large_image\" \/>\n<meta name=\"twitter:label1\" content=\"Escrito por\" \/>\n\t<meta name=\"twitter:data1\" content=\"Ricardo\" \/>\n\t<meta name=\"twitter:label2\" content=\"Tiempo de lectura\" \/>\n\t<meta name=\"twitter:data2\" content=\"4 minutos\" \/>\n<script type=\"application\/ld+json\" class=\"yoast-schema-graph\">{\"@context\":\"https:\/\/schema.org\",\"@graph\":[{\"@type\":\"WebPage\",\"@id\":\"https:\/\/periodicocentroccidente.com\/?p=3317\",\"url\":\"https:\/\/periodicocentroccidente.com\/?p=3317\",\"name\":\"El empresario que transform\u00f3 la industria musical desde Colombia hacia el mundo -\",\"isPartOf\":{\"@id\":\"https:\/\/periodicocentroccidente.com\/#website\"},\"primaryImageOfPage\":{\"@id\":\"https:\/\/periodicocentroccidente.com\/?p=3317#primaryimage\"},\"image\":{\"@id\":\"https:\/\/periodicocentroccidente.com\/?p=3317#primaryimage\"},\"thumbnailUrl\":\"https:\/\/periodicocentroccidente.com\/wp-content\/uploads\/2025\/08\/IMG-20250814-WA1112.jpg\",\"datePublished\":\"2025-08-15T17:47:08+00:00\",\"author\":{\"@id\":\"https:\/\/periodicocentroccidente.com\/#\/schema\/person\/f4e4a651098f3db198244657b7130e7e\"},\"breadcrumb\":{\"@id\":\"https:\/\/periodicocentroccidente.com\/?p=3317#breadcrumb\"},\"inLanguage\":\"es\",\"potentialAction\":[{\"@type\":\"ReadAction\",\"target\":[\"https:\/\/periodicocentroccidente.com\/?p=3317\"]}]},{\"@type\":\"ImageObject\",\"inLanguage\":\"es\",\"@id\":\"https:\/\/periodicocentroccidente.com\/?p=3317#primaryimage\",\"url\":\"https:\/\/periodicocentroccidente.com\/wp-content\/uploads\/2025\/08\/IMG-20250814-WA1112.jpg\",\"contentUrl\":\"https:\/\/periodicocentroccidente.com\/wp-content\/uploads\/2025\/08\/IMG-20250814-WA1112.jpg\",\"width\":1440,\"height\":1125},{\"@type\":\"BreadcrumbList\",\"@id\":\"https:\/\/periodicocentroccidente.com\/?p=3317#breadcrumb\",\"itemListElement\":[{\"@type\":\"ListItem\",\"position\":1,\"name\":\"Portada\",\"item\":\"https:\/\/periodicocentroccidente.com\/\"},{\"@type\":\"ListItem\",\"position\":2,\"name\":\"El empresario que transform\u00f3 la industria musical desde Colombia hacia el mundo\"}]},{\"@type\":\"WebSite\",\"@id\":\"https:\/\/periodicocentroccidente.com\/#website\",\"url\":\"https:\/\/periodicocentroccidente.com\/\",\"name\":\"\",\"description\":\"Periodismo serio y responsable\",\"potentialAction\":[{\"@type\":\"SearchAction\",\"target\":{\"@type\":\"EntryPoint\",\"urlTemplate\":\"https:\/\/periodicocentroccidente.com\/?s={search_term_string}\"},\"query-input\":{\"@type\":\"PropertyValueSpecification\",\"valueRequired\":true,\"valueName\":\"search_term_string\"}}],\"inLanguage\":\"es\"},{\"@type\":\"Person\",\"@id\":\"https:\/\/periodicocentroccidente.com\/#\/schema\/person\/f4e4a651098f3db198244657b7130e7e\",\"name\":\"Ricardo\",\"image\":{\"@type\":\"ImageObject\",\"inLanguage\":\"es\",\"@id\":\"https:\/\/periodicocentroccidente.com\/#\/schema\/person\/image\/\",\"url\":\"https:\/\/secure.gravatar.com\/avatar\/402e6137108ec0fdaa7809184382fb1dd2f8b00264c1d945d341f2b8f90db429?s=96&d=mm&r=g\",\"contentUrl\":\"https:\/\/secure.gravatar.com\/avatar\/402e6137108ec0fdaa7809184382fb1dd2f8b00264c1d945d341f2b8f90db429?s=96&d=mm&r=g\",\"caption\":\"Ricardo\"},\"url\":\"https:\/\/periodicocentroccidente.com\/?author=2\"}]}<\/script>\n<!-- \/ Yoast SEO plugin. -->","yoast_head_json":{"title":"El empresario que transform\u00f3 la industria musical desde Colombia hacia el mundo -","robots":{"index":"index","follow":"follow","max-snippet":"max-snippet:-1","max-image-preview":"max-image-preview:large","max-video-preview":"max-video-preview:-1"},"canonical":"https:\/\/periodicocentroccidente.com\/?p=3317","og_locale":"es_ES","og_type":"article","og_title":"El empresario que transform\u00f3 la industria musical desde Colombia hacia el mundo -","og_description":"Medell&iacute;n, Colombia \/Especial.- Fundador y socio mayoritario de Dinast&iacute;a INC, la agregadora digital m&aacute;s importante de Colombia y una de las l&iacute;deres en Iberoam&eacute;rica, ha impulsado a m&aacute;s de 50.000 artistas y sellos a nivel global con tecnolog&iacute;a, programas sociales y visi&oacute;n empresarial. La industria musical vive un crecimiento sostenido en Latinoam&eacute;rica, y Colombia se &hellip;","og_url":"https:\/\/periodicocentroccidente.com\/?p=3317","article_published_time":"2025-08-15T17:47:08+00:00","og_image":[{"width":1440,"height":1125,"url":"https:\/\/periodicocentroccidente.com\/wp-content\/uploads\/2025\/08\/IMG-20250814-WA1112.jpg","type":"image\/jpeg"}],"author":"Ricardo","twitter_card":"summary_large_image","twitter_misc":{"Escrito por":"Ricardo","Tiempo de lectura":"4 minutos"},"schema":{"@context":"https:\/\/schema.org","@graph":[{"@type":"WebPage","@id":"https:\/\/periodicocentroccidente.com\/?p=3317","url":"https:\/\/periodicocentroccidente.com\/?p=3317","name":"El empresario que transform\u00f3 la industria musical desde Colombia hacia el mundo -","isPartOf":{"@id":"https:\/\/periodicocentroccidente.com\/#website"},"primaryImageOfPage":{"@id":"https:\/\/periodicocentroccidente.com\/?p=3317#primaryimage"},"image":{"@id":"https:\/\/periodicocentroccidente.com\/?p=3317#primaryimage"},"thumbnailUrl":"https:\/\/periodicocentroccidente.com\/wp-content\/uploads\/2025\/08\/IMG-20250814-WA1112.jpg","datePublished":"2025-08-15T17:47:08+00:00","author":{"@id":"https:\/\/periodicocentroccidente.com\/#\/schema\/person\/f4e4a651098f3db198244657b7130e7e"},"breadcrumb":{"@id":"https:\/\/periodicocentroccidente.com\/?p=3317#breadcrumb"},"inLanguage":"es","potentialAction":[{"@type":"ReadAction","target":["https:\/\/periodicocentroccidente.com\/?p=3317"]}]},{"@type":"ImageObject","inLanguage":"es","@id":"https:\/\/periodicocentroccidente.com\/?p=3317#primaryimage","url":"https:\/\/periodicocentroccidente.com\/wp-content\/uploads\/2025\/08\/IMG-20250814-WA1112.jpg","contentUrl":"https:\/\/periodicocentroccidente.com\/wp-content\/uploads\/2025\/08\/IMG-20250814-WA1112.jpg","width":1440,"height":1125},{"@type":"BreadcrumbList","@id":"https:\/\/periodicocentroccidente.com\/?p=3317#breadcrumb","itemListElement":[{"@type":"ListItem","position":1,"name":"Portada","item":"https:\/\/periodicocentroccidente.com\/"},{"@type":"ListItem","position":2,"name":"El empresario que transform\u00f3 la industria musical desde Colombia hacia el mundo"}]},{"@type":"WebSite","@id":"https:\/\/periodicocentroccidente.com\/#website","url":"https:\/\/periodicocentroccidente.com\/","name":"","description":"Periodismo serio y responsable","potentialAction":[{"@type":"SearchAction","target":{"@type":"EntryPoint","urlTemplate":"https:\/\/periodicocentroccidente.com\/?s={search_term_string}"},"query-input":{"@type":"PropertyValueSpecification","valueRequired":true,"valueName":"search_term_string"}}],"inLanguage":"es"},{"@type":"Person","@id":"https:\/\/periodicocentroccidente.com\/#\/schema\/person\/f4e4a651098f3db198244657b7130e7e","name":"Ricardo","image":{"@type":"ImageObject","inLanguage":"es","@id":"https:\/\/periodicocentroccidente.com\/#\/schema\/person\/image\/","url":"https:\/\/secure.gravatar.com\/avatar\/402e6137108ec0fdaa7809184382fb1dd2f8b00264c1d945d341f2b8f90db429?s=96&d=mm&r=g","contentUrl":"https:\/\/secure.gravatar.com\/avatar\/402e6137108ec0fdaa7809184382fb1dd2f8b00264c1d945d341f2b8f90db429?s=96&d=mm&r=g","caption":"Ricardo"},"url":"https:\/\/periodicocentroccidente.com\/?author=2"}]}},"jetpack_featured_media_url":"https:\/\/periodicocentroccidente.com\/wp-content\/uploads\/2025\/08\/IMG-20250814-WA1112.jpg","jetpack_sharing_enabled":true,"jetpack-related-posts":[],"_links":{"self":[{"href":"https:\/\/periodicocentroccidente.com\/index.php?rest_route=\/wp\/v2\/posts\/3317","targetHints":{"allow":["GET"]}}],"collection":[{"href":"https:\/\/periodicocentroccidente.com\/index.php?rest_route=\/wp\/v2\/posts"}],"about":[{"href":"https:\/\/periodicocentroccidente.com\/index.php?rest_route=\/wp\/v2\/types\/post"}],"author":[{"embeddable":true,"href":"https:\/\/periodicocentroccidente.com\/index.php?rest_route=\/wp\/v2\/users\/2"}],"replies":[{"embeddable":true,"href":"https:\/\/periodicocentroccidente.com\/index.php?rest_route=%2Fwp%2Fv2%2Fcomments&post=3317"}],"version-history":[{"count":1,"href":"https:\/\/periodicocentroccidente.com\/index.php?rest_route=\/wp\/v2\/posts\/3317\/revisions"}],"predecessor-version":[{"id":3319,"href":"https:\/\/periodicocentroccidente.com\/index.php?rest_route=\/wp\/v2\/posts\/3317\/revisions\/3319"}],"wp:featuredmedia":[{"embeddable":true,"href":"https:\/\/periodicocentroccidente.com\/index.php?rest_route=\/wp\/v2\/media\/3318"}],"wp:attachment":[{"href":"https:\/\/periodicocentroccidente.com\/index.php?rest_route=%2Fwp%2Fv2%2Fmedia&parent=3317"}],"wp:term":[{"taxonomy":"category","embeddable":true,"href":"https:\/\/periodicocentroccidente.com\/index.php?rest_route=%2Fwp%2Fv2%2Fcategories&post=3317"},{"taxonomy":"post_tag","embeddable":true,"href":"https:\/\/periodicocentroccidente.com\/index.php?rest_route=%2Fwp%2Fv2%2Ftags&post=3317"}],"curies":[{"name":"wp","href":"https:\/\/api.w.org\/{rel}","templated":true}]}}