{"id":3286,"date":"2025-08-13T16:39:42","date_gmt":"2025-08-13T16:39:42","guid":{"rendered":"https:\/\/periodicocentroccidente.com\/?p=3286"},"modified":"2025-08-13T16:39:42","modified_gmt":"2025-08-13T16:39:42","slug":"nuestra-meta-es-transformar-a-guanarito-en-un-municipio-modelo-de-desarrollo-y-bienestar","status":"publish","type":"post","link":"https:\/\/periodicocentroccidente.com\/?p=3286","title":{"rendered":"\u201cNuestra meta es transformar a Guanarito en un municipio modelo de desarrollo y bienestar\u201d"},"content":{"rendered":"<p><strong><b>DAVID FIGUEROA D\u00cdAZ \/ <\/b><\/strong><strong><b>CNP: 24320<\/b><\/strong><\/p>\n<p><strong><b>\u00a0\u00a0\u00a0\u00a0\u00a0\u00a0<\/b><\/strong>A su regreso de Caracas, en donde sostuvo un encuentro con el presidente Nicol\u00e1s Maduro, con los gobernadores de estado y con sus hom\u00f3logos, el alcalde Francar Mart\u00ednez se mostr\u00f3 satisfecho y optimista por lo que habr\u00e1 de venir para Guanarito, en funci\u00f3n de echar las bases de lo que, en un tiempo perentorio y seg\u00fan su criterio, ser\u00e1 un municipio con una alta calidad de vida para sus habitantes.<\/p>\n<p>\u201cEl encuentro con nuestro hermano presidente constitucional Nicol\u00e1s Maduro Moros, con los todos los alcaldes de estado Portuguesa y por supuesto con nuestro hermano gobernador ejemplar Primitivo Cede\u00f1o, fue altamente productivo y provechoso, pues a partir de ah\u00ed hemos comenzado a delinear lo que nos permitir\u00e1 hacer \u00a0obras y propiciar servicios para suplir necesidades y demostrar que estamos trabajado para que los guanarite\u00f1os vivan en mejores condiciones\u201d, asegur\u00f3 el gobernante municipal.<\/p>\n<p>Fue enf\u00e1tico al afirmar que para Guanarito habr\u00e1 cosas mejores, al tiempo que advirti\u00f3 que este municipio ha recibido en cuatro a\u00f1os un monto alto, en lo que respecta a la inversi\u00f3n en d\u00f3lares y en bol\u00edvares. Dijo que en los actuales momentos hay un proceso de revisi\u00f3n, para determinar si a esos recursos se les dio el uso para el que estaban destinados.<\/p>\n<p>\u201cEl tiempo electoral ya termin\u00f3; ahora nos toca trabajar para demostrar que somos gente de progreso, con ideas nuevas y sobre todo con mucho entusiasmo para lograr el objetivo, que no es otro que la transformaci\u00f3n positiva de Guanarito. El presidente Maduro y nuestro gobernador Primitivo Cede\u00f1o no nos han abandonado ni nos abandonar\u00e1n. Trabajaremos de la mano con nuestros circuitos comunales, con las comunas y con los consejos comunales, siempre bajo la orientaci\u00f3n del Consejo Federal de Gobierno, que es el ente rector. Han recibido recursos como producto de las consultas, tanto de la juventud como la de otros proyectos presentados por nuestros vecinos, y recibir\u00e1n m\u00e1s, siempre que est\u00e9n solventes con todos los requisitos de ley. Esa es la f\u00f3rmula ganadora y no vamos a cambiarla; por el contrario, vamos a perfeccionarla\u201d, dijo para concluir, Francar Mart\u00ednez, alcalde Guanarito.<\/p>\n","protected":false},"excerpt":{"rendered":"<p>DAVID FIGUEROA D&Iacute;AZ \/ CNP: 24320 &nbsp;&nbsp;&nbsp;&nbsp;&nbsp;&nbsp;A su regreso de Caracas, en donde sostuvo un encuentro con el presidente Nicol&aacute;s Maduro, con los gobernadores de estado y con sus hom&oacute;logos, el alcalde Francar Mart&iacute;nez se mostr&oacute; satisfecho y optimista por lo que habr&aacute; de venir para Guanarito, en funci&oacute;n de echar las bases de lo &hellip;<\/p>\n","protected":false},"author":2,"featured_media":3287,"comment_status":"open","ping_status":"open","sticky":false,"template":"","format":"standard","meta":{"_jetpack_memberships_contains_paid_content":false,"footnotes":""},"categories":[127],"tags":[],"class_list":["post-3286","post","type-post","status-publish","format-standard","has-post-thumbnail","hentry","category-noticias-recientes"],"yoast_head":"<!-- This site is optimized with the Yoast SEO plugin v24.8.1 - https:\/\/yoast.com\/wordpress\/plugins\/seo\/ -->\n<title>\u201cNuestra meta es transformar a Guanarito en un municipio modelo de desarrollo y bienestar\u201d -<\/title>\n<meta name=\"robots\" content=\"index, follow, max-snippet:-1, max-image-preview:large, max-video-preview:-1\" \/>\n<link rel=\"canonical\" href=\"https:\/\/periodicocentroccidente.com\/?p=3286\" \/>\n<meta property=\"og:locale\" content=\"es_ES\" \/>\n<meta property=\"og:type\" content=\"article\" \/>\n<meta property=\"og:title\" content=\"\u201cNuestra meta es transformar a Guanarito en un municipio modelo de desarrollo y bienestar\u201d -\" \/>\n<meta property=\"og:description\" content=\"DAVID FIGUEROA D&Iacute;AZ \/ CNP: 24320 &nbsp;&nbsp;&nbsp;&nbsp;&nbsp;&nbsp;A su regreso de Caracas, en donde sostuvo un encuentro con el presidente Nicol&aacute;s Maduro, con los gobernadores de estado y con sus hom&oacute;logos, el alcalde Francar Mart&iacute;nez se mostr&oacute; satisfecho y optimista por lo que habr&aacute; de venir para Guanarito, en funci&oacute;n de echar las bases de lo &hellip;\" \/>\n<meta property=\"og:url\" content=\"https:\/\/periodicocentroccidente.com\/?p=3286\" \/>\n<meta property=\"article:published_time\" content=\"2025-08-13T16:39:42+00:00\" \/>\n<meta property=\"og:image\" content=\"https:\/\/periodicocentroccidente.com\/wp-content\/uploads\/2025\/08\/unnamed-1.jpg\" \/>\n\t<meta property=\"og:image:width\" content=\"1080\" \/>\n\t<meta property=\"og:image:height\" content=\"607\" \/>\n\t<meta property=\"og:image:type\" content=\"image\/jpeg\" \/>\n<meta name=\"author\" content=\"Ricardo\" \/>\n<meta name=\"twitter:card\" content=\"summary_large_image\" \/>\n<meta name=\"twitter:label1\" content=\"Escrito por\" \/>\n\t<meta name=\"twitter:data1\" content=\"Ricardo\" \/>\n\t<meta name=\"twitter:label2\" content=\"Tiempo de lectura\" \/>\n\t<meta name=\"twitter:data2\" content=\"2 minutos\" \/>\n<script type=\"application\/ld+json\" class=\"yoast-schema-graph\">{\"@context\":\"https:\/\/schema.org\",\"@graph\":[{\"@type\":\"WebPage\",\"@id\":\"https:\/\/periodicocentroccidente.com\/?p=3286\",\"url\":\"https:\/\/periodicocentroccidente.com\/?p=3286\",\"name\":\"\u201cNuestra meta es transformar a Guanarito en un municipio modelo de desarrollo y bienestar\u201d -\",\"isPartOf\":{\"@id\":\"https:\/\/periodicocentroccidente.com\/#website\"},\"primaryImageOfPage\":{\"@id\":\"https:\/\/periodicocentroccidente.com\/?p=3286#primaryimage\"},\"image\":{\"@id\":\"https:\/\/periodicocentroccidente.com\/?p=3286#primaryimage\"},\"thumbnailUrl\":\"https:\/\/periodicocentroccidente.com\/wp-content\/uploads\/2025\/08\/unnamed-1.jpg\",\"datePublished\":\"2025-08-13T16:39:42+00:00\",\"author\":{\"@id\":\"https:\/\/periodicocentroccidente.com\/#\/schema\/person\/f4e4a651098f3db198244657b7130e7e\"},\"breadcrumb\":{\"@id\":\"https:\/\/periodicocentroccidente.com\/?p=3286#breadcrumb\"},\"inLanguage\":\"es\",\"potentialAction\":[{\"@type\":\"ReadAction\",\"target\":[\"https:\/\/periodicocentroccidente.com\/?p=3286\"]}]},{\"@type\":\"ImageObject\",\"inLanguage\":\"es\",\"@id\":\"https:\/\/periodicocentroccidente.com\/?p=3286#primaryimage\",\"url\":\"https:\/\/periodicocentroccidente.com\/wp-content\/uploads\/2025\/08\/unnamed-1.jpg\",\"contentUrl\":\"https:\/\/periodicocentroccidente.com\/wp-content\/uploads\/2025\/08\/unnamed-1.jpg\",\"width\":1080,\"height\":607},{\"@type\":\"BreadcrumbList\",\"@id\":\"https:\/\/periodicocentroccidente.com\/?p=3286#breadcrumb\",\"itemListElement\":[{\"@type\":\"ListItem\",\"position\":1,\"name\":\"Portada\",\"item\":\"https:\/\/periodicocentroccidente.com\/\"},{\"@type\":\"ListItem\",\"position\":2,\"name\":\"\u201cNuestra meta es transformar a Guanarito en un municipio modelo de desarrollo y bienestar\u201d\"}]},{\"@type\":\"WebSite\",\"@id\":\"https:\/\/periodicocentroccidente.com\/#website\",\"url\":\"https:\/\/periodicocentroccidente.com\/\",\"name\":\"\",\"description\":\"Periodismo serio y responsable\",\"potentialAction\":[{\"@type\":\"SearchAction\",\"target\":{\"@type\":\"EntryPoint\",\"urlTemplate\":\"https:\/\/periodicocentroccidente.com\/?s={search_term_string}\"},\"query-input\":{\"@type\":\"PropertyValueSpecification\",\"valueRequired\":true,\"valueName\":\"search_term_string\"}}],\"inLanguage\":\"es\"},{\"@type\":\"Person\",\"@id\":\"https:\/\/periodicocentroccidente.com\/#\/schema\/person\/f4e4a651098f3db198244657b7130e7e\",\"name\":\"Ricardo\",\"image\":{\"@type\":\"ImageObject\",\"inLanguage\":\"es\",\"@id\":\"https:\/\/periodicocentroccidente.com\/#\/schema\/person\/image\/\",\"url\":\"https:\/\/secure.gravatar.com\/avatar\/402e6137108ec0fdaa7809184382fb1dd2f8b00264c1d945d341f2b8f90db429?s=96&d=mm&r=g\",\"contentUrl\":\"https:\/\/secure.gravatar.com\/avatar\/402e6137108ec0fdaa7809184382fb1dd2f8b00264c1d945d341f2b8f90db429?s=96&d=mm&r=g\",\"caption\":\"Ricardo\"},\"url\":\"https:\/\/periodicocentroccidente.com\/?author=2\"}]}<\/script>\n<!-- \/ Yoast SEO plugin. -->","yoast_head_json":{"title":"\u201cNuestra meta es transformar a Guanarito en un municipio modelo de desarrollo y bienestar\u201d -","robots":{"index":"index","follow":"follow","max-snippet":"max-snippet:-1","max-image-preview":"max-image-preview:large","max-video-preview":"max-video-preview:-1"},"canonical":"https:\/\/periodicocentroccidente.com\/?p=3286","og_locale":"es_ES","og_type":"article","og_title":"\u201cNuestra meta es transformar a Guanarito en un municipio modelo de desarrollo y bienestar\u201d -","og_description":"DAVID FIGUEROA D&Iacute;AZ \/ CNP: 24320 &nbsp;&nbsp;&nbsp;&nbsp;&nbsp;&nbsp;A su regreso de Caracas, en donde sostuvo un encuentro con el presidente Nicol&aacute;s Maduro, con los gobernadores de estado y con sus hom&oacute;logos, el alcalde Francar Mart&iacute;nez se mostr&oacute; satisfecho y optimista por lo que habr&aacute; de venir para Guanarito, en funci&oacute;n de echar las bases de lo &hellip;","og_url":"https:\/\/periodicocentroccidente.com\/?p=3286","article_published_time":"2025-08-13T16:39:42+00:00","og_image":[{"width":1080,"height":607,"url":"https:\/\/periodicocentroccidente.com\/wp-content\/uploads\/2025\/08\/unnamed-1.jpg","type":"image\/jpeg"}],"author":"Ricardo","twitter_card":"summary_large_image","twitter_misc":{"Escrito por":"Ricardo","Tiempo de lectura":"2 minutos"},"schema":{"@context":"https:\/\/schema.org","@graph":[{"@type":"WebPage","@id":"https:\/\/periodicocentroccidente.com\/?p=3286","url":"https:\/\/periodicocentroccidente.com\/?p=3286","name":"\u201cNuestra meta es transformar a Guanarito en un municipio modelo de desarrollo y bienestar\u201d -","isPartOf":{"@id":"https:\/\/periodicocentroccidente.com\/#website"},"primaryImageOfPage":{"@id":"https:\/\/periodicocentroccidente.com\/?p=3286#primaryimage"},"image":{"@id":"https:\/\/periodicocentroccidente.com\/?p=3286#primaryimage"},"thumbnailUrl":"https:\/\/periodicocentroccidente.com\/wp-content\/uploads\/2025\/08\/unnamed-1.jpg","datePublished":"2025-08-13T16:39:42+00:00","author":{"@id":"https:\/\/periodicocentroccidente.com\/#\/schema\/person\/f4e4a651098f3db198244657b7130e7e"},"breadcrumb":{"@id":"https:\/\/periodicocentroccidente.com\/?p=3286#breadcrumb"},"inLanguage":"es","potentialAction":[{"@type":"ReadAction","target":["https:\/\/periodicocentroccidente.com\/?p=3286"]}]},{"@type":"ImageObject","inLanguage":"es","@id":"https:\/\/periodicocentroccidente.com\/?p=3286#primaryimage","url":"https:\/\/periodicocentroccidente.com\/wp-content\/uploads\/2025\/08\/unnamed-1.jpg","contentUrl":"https:\/\/periodicocentroccidente.com\/wp-content\/uploads\/2025\/08\/unnamed-1.jpg","width":1080,"height":607},{"@type":"BreadcrumbList","@id":"https:\/\/periodicocentroccidente.com\/?p=3286#breadcrumb","itemListElement":[{"@type":"ListItem","position":1,"name":"Portada","item":"https:\/\/periodicocentroccidente.com\/"},{"@type":"ListItem","position":2,"name":"\u201cNuestra meta es transformar a Guanarito en un municipio modelo de desarrollo y bienestar\u201d"}]},{"@type":"WebSite","@id":"https:\/\/periodicocentroccidente.com\/#website","url":"https:\/\/periodicocentroccidente.com\/","name":"","description":"Periodismo serio y responsable","potentialAction":[{"@type":"SearchAction","target":{"@type":"EntryPoint","urlTemplate":"https:\/\/periodicocentroccidente.com\/?s={search_term_string}"},"query-input":{"@type":"PropertyValueSpecification","valueRequired":true,"valueName":"search_term_string"}}],"inLanguage":"es"},{"@type":"Person","@id":"https:\/\/periodicocentroccidente.com\/#\/schema\/person\/f4e4a651098f3db198244657b7130e7e","name":"Ricardo","image":{"@type":"ImageObject","inLanguage":"es","@id":"https:\/\/periodicocentroccidente.com\/#\/schema\/person\/image\/","url":"https:\/\/secure.gravatar.com\/avatar\/402e6137108ec0fdaa7809184382fb1dd2f8b00264c1d945d341f2b8f90db429?s=96&d=mm&r=g","contentUrl":"https:\/\/secure.gravatar.com\/avatar\/402e6137108ec0fdaa7809184382fb1dd2f8b00264c1d945d341f2b8f90db429?s=96&d=mm&r=g","caption":"Ricardo"},"url":"https:\/\/periodicocentroccidente.com\/?author=2"}]}},"jetpack_featured_media_url":"https:\/\/periodicocentroccidente.com\/wp-content\/uploads\/2025\/08\/unnamed-1.jpg","jetpack_sharing_enabled":true,"jetpack-related-posts":[],"_links":{"self":[{"href":"https:\/\/periodicocentroccidente.com\/index.php?rest_route=\/wp\/v2\/posts\/3286","targetHints":{"allow":["GET"]}}],"collection":[{"href":"https:\/\/periodicocentroccidente.com\/index.php?rest_route=\/wp\/v2\/posts"}],"about":[{"href":"https:\/\/periodicocentroccidente.com\/index.php?rest_route=\/wp\/v2\/types\/post"}],"author":[{"embeddable":true,"href":"https:\/\/periodicocentroccidente.com\/index.php?rest_route=\/wp\/v2\/users\/2"}],"replies":[{"embeddable":true,"href":"https:\/\/periodicocentroccidente.com\/index.php?rest_route=%2Fwp%2Fv2%2Fcomments&post=3286"}],"version-history":[{"count":1,"href":"https:\/\/periodicocentroccidente.com\/index.php?rest_route=\/wp\/v2\/posts\/3286\/revisions"}],"predecessor-version":[{"id":3288,"href":"https:\/\/periodicocentroccidente.com\/index.php?rest_route=\/wp\/v2\/posts\/3286\/revisions\/3288"}],"wp:featuredmedia":[{"embeddable":true,"href":"https:\/\/periodicocentroccidente.com\/index.php?rest_route=\/wp\/v2\/media\/3287"}],"wp:attachment":[{"href":"https:\/\/periodicocentroccidente.com\/index.php?rest_route=%2Fwp%2Fv2%2Fmedia&parent=3286"}],"wp:term":[{"taxonomy":"category","embeddable":true,"href":"https:\/\/periodicocentroccidente.com\/index.php?rest_route=%2Fwp%2Fv2%2Fcategories&post=3286"},{"taxonomy":"post_tag","embeddable":true,"href":"https:\/\/periodicocentroccidente.com\/index.php?rest_route=%2Fwp%2Fv2%2Ftags&post=3286"}],"curies":[{"name":"wp","href":"https:\/\/api.w.org\/{rel}","templated":true}]}}