{"id":3274,"date":"2025-08-12T20:21:56","date_gmt":"2025-08-12T20:21:56","guid":{"rendered":"https:\/\/periodicocentroccidente.com\/?p=3274"},"modified":"2025-08-12T20:21:56","modified_gmt":"2025-08-12T20:21:56","slug":"portuguesa-entera-marcho-en-apoyo-contundente-al-presidente-nicolas-maduro","status":"publish","type":"post","link":"https:\/\/periodicocentroccidente.com\/?p=3274","title":{"rendered":"Portuguesa entera march\u00f3 en apoyo contundente al presidente Nicol\u00e1s Maduro"},"content":{"rendered":"<p><strong>Especial.-<\/strong><\/p>\n<p>En el estado Portuguesa, a prop\u00f3sito de las movilizaciones a nivel nacional, no se qued\u00f3 atr\u00e1s, y march\u00f3 en Guanare, para apoyar al presidente Nicol\u00e1s Maduro, por La Paz y en rechazo a la intervenci\u00f3n de Estados Unidos.<\/p>\n<p>El gobernador del estado Portuguesa, Primitivo Cede\u00f1o estuvo acompa\u00f1ado de los cuerpos de seguridad, alcaldes y alcaldesas, recalc\u00f3 el contundente rechazo del pueblo venezolano ante las pretensiones del imperialismo y sus intentos de imponer acciones desestabilizadoras contra el pa\u00eds.<\/p>\n<p>Se\u00f1al\u00f3 que la poblaci\u00f3n alza su voz \u00abcontra el terrorismo, contra la violencia extremista, por la paz y en apoyo al presidente Nicol\u00e1s Maduro\u00bb.<\/p>\n<p>Asimismo, el GD Jes\u00fas Jim\u00e9nez, comandante de la Zodi Portuguesa, acot\u00f3 que \u201cel pueblo venezolano est\u00e1 cada d\u00eda m\u00e1s fortalecido y comprometido con el proyecto de la Revoluci\u00f3n Bolivariana, el cual se consolida en la paz\u201d.<\/p>\n<p>via Guayoyo24<\/p>\n","protected":false},"excerpt":{"rendered":"<p>Especial.- En el estado Portuguesa, a prop&oacute;sito de las movilizaciones a nivel nacional, no se qued&oacute; atr&aacute;s, y march&oacute; en Guanare, para apoyar al presidente Nicol&aacute;s Maduro, por La Paz y en rechazo a la intervenci&oacute;n de Estados Unidos. El gobernador del estado Portuguesa, Primitivo Cede&ntilde;o estuvo acompa&ntilde;ado de los cuerpos de seguridad, alcaldes y &hellip;<\/p>\n","protected":false},"author":2,"featured_media":3276,"comment_status":"open","ping_status":"open","sticky":false,"template":"","format":"standard","meta":{"_jetpack_memberships_contains_paid_content":false,"footnotes":""},"categories":[127],"tags":[],"class_list":["post-3274","post","type-post","status-publish","format-standard","has-post-thumbnail","hentry","category-noticias-recientes"],"yoast_head":"<!-- This site is optimized with the Yoast SEO plugin v24.8.1 - https:\/\/yoast.com\/wordpress\/plugins\/seo\/ -->\n<title>Portuguesa entera march\u00f3 en apoyo contundente al presidente Nicol\u00e1s Maduro -<\/title>\n<meta name=\"robots\" content=\"index, follow, max-snippet:-1, max-image-preview:large, max-video-preview:-1\" \/>\n<link rel=\"canonical\" href=\"https:\/\/periodicocentroccidente.com\/?p=3274\" \/>\n<meta property=\"og:locale\" content=\"es_ES\" \/>\n<meta property=\"og:type\" content=\"article\" \/>\n<meta property=\"og:title\" content=\"Portuguesa entera march\u00f3 en apoyo contundente al presidente Nicol\u00e1s Maduro -\" \/>\n<meta property=\"og:description\" content=\"Especial.- En el estado Portuguesa, a prop&oacute;sito de las movilizaciones a nivel nacional, no se qued&oacute; atr&aacute;s, y march&oacute; en Guanare, para apoyar al presidente Nicol&aacute;s Maduro, por La Paz y en rechazo a la intervenci&oacute;n de Estados Unidos. El gobernador del estado Portuguesa, Primitivo Cede&ntilde;o estuvo acompa&ntilde;ado de los cuerpos de seguridad, alcaldes y &hellip;\" \/>\n<meta property=\"og:url\" content=\"https:\/\/periodicocentroccidente.com\/?p=3274\" \/>\n<meta property=\"article:published_time\" content=\"2025-08-12T20:21:56+00:00\" \/>\n<meta property=\"og:image\" content=\"https:\/\/periodicocentroccidente.com\/wp-content\/uploads\/2025\/08\/WhatsApp-Image-2025-08-11-at-7.29.35-PM-1-780x470-1.jpeg\" \/>\n\t<meta property=\"og:image:width\" content=\"780\" \/>\n\t<meta property=\"og:image:height\" content=\"470\" \/>\n\t<meta property=\"og:image:type\" content=\"image\/jpeg\" \/>\n<meta name=\"author\" content=\"Ricardo\" \/>\n<meta name=\"twitter:card\" content=\"summary_large_image\" \/>\n<meta name=\"twitter:label1\" content=\"Escrito por\" \/>\n\t<meta name=\"twitter:data1\" content=\"Ricardo\" \/>\n\t<meta name=\"twitter:label2\" content=\"Tiempo de lectura\" \/>\n\t<meta name=\"twitter:data2\" content=\"1 minuto\" \/>\n<script type=\"application\/ld+json\" class=\"yoast-schema-graph\">{\"@context\":\"https:\/\/schema.org\",\"@graph\":[{\"@type\":\"WebPage\",\"@id\":\"https:\/\/periodicocentroccidente.com\/?p=3274\",\"url\":\"https:\/\/periodicocentroccidente.com\/?p=3274\",\"name\":\"Portuguesa entera march\u00f3 en apoyo contundente al presidente Nicol\u00e1s Maduro -\",\"isPartOf\":{\"@id\":\"https:\/\/periodicocentroccidente.com\/#website\"},\"primaryImageOfPage\":{\"@id\":\"https:\/\/periodicocentroccidente.com\/?p=3274#primaryimage\"},\"image\":{\"@id\":\"https:\/\/periodicocentroccidente.com\/?p=3274#primaryimage\"},\"thumbnailUrl\":\"https:\/\/periodicocentroccidente.com\/wp-content\/uploads\/2025\/08\/WhatsApp-Image-2025-08-11-at-7.29.35-PM-1-780x470-1.jpeg\",\"datePublished\":\"2025-08-12T20:21:56+00:00\",\"author\":{\"@id\":\"https:\/\/periodicocentroccidente.com\/#\/schema\/person\/f4e4a651098f3db198244657b7130e7e\"},\"breadcrumb\":{\"@id\":\"https:\/\/periodicocentroccidente.com\/?p=3274#breadcrumb\"},\"inLanguage\":\"es\",\"potentialAction\":[{\"@type\":\"ReadAction\",\"target\":[\"https:\/\/periodicocentroccidente.com\/?p=3274\"]}]},{\"@type\":\"ImageObject\",\"inLanguage\":\"es\",\"@id\":\"https:\/\/periodicocentroccidente.com\/?p=3274#primaryimage\",\"url\":\"https:\/\/periodicocentroccidente.com\/wp-content\/uploads\/2025\/08\/WhatsApp-Image-2025-08-11-at-7.29.35-PM-1-780x470-1.jpeg\",\"contentUrl\":\"https:\/\/periodicocentroccidente.com\/wp-content\/uploads\/2025\/08\/WhatsApp-Image-2025-08-11-at-7.29.35-PM-1-780x470-1.jpeg\",\"width\":780,\"height\":470},{\"@type\":\"BreadcrumbList\",\"@id\":\"https:\/\/periodicocentroccidente.com\/?p=3274#breadcrumb\",\"itemListElement\":[{\"@type\":\"ListItem\",\"position\":1,\"name\":\"Portada\",\"item\":\"https:\/\/periodicocentroccidente.com\/\"},{\"@type\":\"ListItem\",\"position\":2,\"name\":\"Portuguesa entera march\u00f3 en apoyo contundente al presidente Nicol\u00e1s Maduro\"}]},{\"@type\":\"WebSite\",\"@id\":\"https:\/\/periodicocentroccidente.com\/#website\",\"url\":\"https:\/\/periodicocentroccidente.com\/\",\"name\":\"\",\"description\":\"Periodismo serio y responsable\",\"potentialAction\":[{\"@type\":\"SearchAction\",\"target\":{\"@type\":\"EntryPoint\",\"urlTemplate\":\"https:\/\/periodicocentroccidente.com\/?s={search_term_string}\"},\"query-input\":{\"@type\":\"PropertyValueSpecification\",\"valueRequired\":true,\"valueName\":\"search_term_string\"}}],\"inLanguage\":\"es\"},{\"@type\":\"Person\",\"@id\":\"https:\/\/periodicocentroccidente.com\/#\/schema\/person\/f4e4a651098f3db198244657b7130e7e\",\"name\":\"Ricardo\",\"image\":{\"@type\":\"ImageObject\",\"inLanguage\":\"es\",\"@id\":\"https:\/\/periodicocentroccidente.com\/#\/schema\/person\/image\/\",\"url\":\"https:\/\/secure.gravatar.com\/avatar\/402e6137108ec0fdaa7809184382fb1dd2f8b00264c1d945d341f2b8f90db429?s=96&d=mm&r=g\",\"contentUrl\":\"https:\/\/secure.gravatar.com\/avatar\/402e6137108ec0fdaa7809184382fb1dd2f8b00264c1d945d341f2b8f90db429?s=96&d=mm&r=g\",\"caption\":\"Ricardo\"},\"url\":\"https:\/\/periodicocentroccidente.com\/?author=2\"}]}<\/script>\n<!-- \/ Yoast SEO plugin. -->","yoast_head_json":{"title":"Portuguesa entera march\u00f3 en apoyo contundente al presidente Nicol\u00e1s Maduro -","robots":{"index":"index","follow":"follow","max-snippet":"max-snippet:-1","max-image-preview":"max-image-preview:large","max-video-preview":"max-video-preview:-1"},"canonical":"https:\/\/periodicocentroccidente.com\/?p=3274","og_locale":"es_ES","og_type":"article","og_title":"Portuguesa entera march\u00f3 en apoyo contundente al presidente Nicol\u00e1s Maduro -","og_description":"Especial.- En el estado Portuguesa, a prop&oacute;sito de las movilizaciones a nivel nacional, no se qued&oacute; atr&aacute;s, y march&oacute; en Guanare, para apoyar al presidente Nicol&aacute;s Maduro, por La Paz y en rechazo a la intervenci&oacute;n de Estados Unidos. El gobernador del estado Portuguesa, Primitivo Cede&ntilde;o estuvo acompa&ntilde;ado de los cuerpos de seguridad, alcaldes y &hellip;","og_url":"https:\/\/periodicocentroccidente.com\/?p=3274","article_published_time":"2025-08-12T20:21:56+00:00","og_image":[{"width":780,"height":470,"url":"https:\/\/periodicocentroccidente.com\/wp-content\/uploads\/2025\/08\/WhatsApp-Image-2025-08-11-at-7.29.35-PM-1-780x470-1.jpeg","type":"image\/jpeg"}],"author":"Ricardo","twitter_card":"summary_large_image","twitter_misc":{"Escrito por":"Ricardo","Tiempo de lectura":"1 minuto"},"schema":{"@context":"https:\/\/schema.org","@graph":[{"@type":"WebPage","@id":"https:\/\/periodicocentroccidente.com\/?p=3274","url":"https:\/\/periodicocentroccidente.com\/?p=3274","name":"Portuguesa entera march\u00f3 en apoyo contundente al presidente Nicol\u00e1s Maduro -","isPartOf":{"@id":"https:\/\/periodicocentroccidente.com\/#website"},"primaryImageOfPage":{"@id":"https:\/\/periodicocentroccidente.com\/?p=3274#primaryimage"},"image":{"@id":"https:\/\/periodicocentroccidente.com\/?p=3274#primaryimage"},"thumbnailUrl":"https:\/\/periodicocentroccidente.com\/wp-content\/uploads\/2025\/08\/WhatsApp-Image-2025-08-11-at-7.29.35-PM-1-780x470-1.jpeg","datePublished":"2025-08-12T20:21:56+00:00","author":{"@id":"https:\/\/periodicocentroccidente.com\/#\/schema\/person\/f4e4a651098f3db198244657b7130e7e"},"breadcrumb":{"@id":"https:\/\/periodicocentroccidente.com\/?p=3274#breadcrumb"},"inLanguage":"es","potentialAction":[{"@type":"ReadAction","target":["https:\/\/periodicocentroccidente.com\/?p=3274"]}]},{"@type":"ImageObject","inLanguage":"es","@id":"https:\/\/periodicocentroccidente.com\/?p=3274#primaryimage","url":"https:\/\/periodicocentroccidente.com\/wp-content\/uploads\/2025\/08\/WhatsApp-Image-2025-08-11-at-7.29.35-PM-1-780x470-1.jpeg","contentUrl":"https:\/\/periodicocentroccidente.com\/wp-content\/uploads\/2025\/08\/WhatsApp-Image-2025-08-11-at-7.29.35-PM-1-780x470-1.jpeg","width":780,"height":470},{"@type":"BreadcrumbList","@id":"https:\/\/periodicocentroccidente.com\/?p=3274#breadcrumb","itemListElement":[{"@type":"ListItem","position":1,"name":"Portada","item":"https:\/\/periodicocentroccidente.com\/"},{"@type":"ListItem","position":2,"name":"Portuguesa entera march\u00f3 en apoyo contundente al presidente Nicol\u00e1s Maduro"}]},{"@type":"WebSite","@id":"https:\/\/periodicocentroccidente.com\/#website","url":"https:\/\/periodicocentroccidente.com\/","name":"","description":"Periodismo serio y responsable","potentialAction":[{"@type":"SearchAction","target":{"@type":"EntryPoint","urlTemplate":"https:\/\/periodicocentroccidente.com\/?s={search_term_string}"},"query-input":{"@type":"PropertyValueSpecification","valueRequired":true,"valueName":"search_term_string"}}],"inLanguage":"es"},{"@type":"Person","@id":"https:\/\/periodicocentroccidente.com\/#\/schema\/person\/f4e4a651098f3db198244657b7130e7e","name":"Ricardo","image":{"@type":"ImageObject","inLanguage":"es","@id":"https:\/\/periodicocentroccidente.com\/#\/schema\/person\/image\/","url":"https:\/\/secure.gravatar.com\/avatar\/402e6137108ec0fdaa7809184382fb1dd2f8b00264c1d945d341f2b8f90db429?s=96&d=mm&r=g","contentUrl":"https:\/\/secure.gravatar.com\/avatar\/402e6137108ec0fdaa7809184382fb1dd2f8b00264c1d945d341f2b8f90db429?s=96&d=mm&r=g","caption":"Ricardo"},"url":"https:\/\/periodicocentroccidente.com\/?author=2"}]}},"jetpack_featured_media_url":"https:\/\/periodicocentroccidente.com\/wp-content\/uploads\/2025\/08\/WhatsApp-Image-2025-08-11-at-7.29.35-PM-1-780x470-1.jpeg","jetpack_sharing_enabled":true,"jetpack-related-posts":[],"_links":{"self":[{"href":"https:\/\/periodicocentroccidente.com\/index.php?rest_route=\/wp\/v2\/posts\/3274","targetHints":{"allow":["GET"]}}],"collection":[{"href":"https:\/\/periodicocentroccidente.com\/index.php?rest_route=\/wp\/v2\/posts"}],"about":[{"href":"https:\/\/periodicocentroccidente.com\/index.php?rest_route=\/wp\/v2\/types\/post"}],"author":[{"embeddable":true,"href":"https:\/\/periodicocentroccidente.com\/index.php?rest_route=\/wp\/v2\/users\/2"}],"replies":[{"embeddable":true,"href":"https:\/\/periodicocentroccidente.com\/index.php?rest_route=%2Fwp%2Fv2%2Fcomments&post=3274"}],"version-history":[{"count":1,"href":"https:\/\/periodicocentroccidente.com\/index.php?rest_route=\/wp\/v2\/posts\/3274\/revisions"}],"predecessor-version":[{"id":3277,"href":"https:\/\/periodicocentroccidente.com\/index.php?rest_route=\/wp\/v2\/posts\/3274\/revisions\/3277"}],"wp:featuredmedia":[{"embeddable":true,"href":"https:\/\/periodicocentroccidente.com\/index.php?rest_route=\/wp\/v2\/media\/3276"}],"wp:attachment":[{"href":"https:\/\/periodicocentroccidente.com\/index.php?rest_route=%2Fwp%2Fv2%2Fmedia&parent=3274"}],"wp:term":[{"taxonomy":"category","embeddable":true,"href":"https:\/\/periodicocentroccidente.com\/index.php?rest_route=%2Fwp%2Fv2%2Fcategories&post=3274"},{"taxonomy":"post_tag","embeddable":true,"href":"https:\/\/periodicocentroccidente.com\/index.php?rest_route=%2Fwp%2Fv2%2Ftags&post=3274"}],"curies":[{"name":"wp","href":"https:\/\/api.w.org\/{rel}","templated":true}]}}