{"id":3161,"date":"2025-08-04T15:39:20","date_gmt":"2025-08-04T15:39:20","guid":{"rendered":"https:\/\/periodicocentroccidente.com\/?p=3161"},"modified":"2025-08-04T15:39:20","modified_gmt":"2025-08-04T15:39:20","slug":"mas-de-40-familias-esperan-adjudicacion-del-terreno-en-acarigua","status":"publish","type":"post","link":"https:\/\/periodicocentroccidente.com\/?p=3161","title":{"rendered":"M\u00e1s de 40 familias esperan adjudicaci\u00f3n del terreno en Acarigua"},"content":{"rendered":"<div dir=\"auto\"><strong>(Cruz Mario Silva).-<\/strong><\/div>\n<div dir=\"auto\"><\/div>\n<div dir=\"auto\">M\u00e1s de nueve a\u00f1os esperan 43 familias, amparados en la figura de la Asociaci\u00f3n Viviendo Venezolano, AVV Dios es Amor, que se les adjudique un terreno abandonado que perteneci\u00f3 al antiguo Ministerio de Transporte y Comunicaciones, MTC, de Acarigua.<\/div>\n<div dir=\"auto\">\u00abSomos casi 200 personas que necesitamos ese espacio para la construcci\u00f3n de nuestras casas, bien por auto construcci\u00f3n o a trav\u00e9s de la Gran Misi\u00f3n Vivienda Venezuela\u00bb, as\u00ed lo dijo Jos\u00e9 Domingo Falc\u00f3n, integrante de la referida AVV.<\/div>\n<div dir=\"auto\">Falc\u00f3n manifest\u00f3 adem\u00e1s, que viven en\u00a0 p\u00e9simas condiciones como pagar alquiler, ocupando temporalmente una propiedad o arrimados.<\/div>\n<div dir=\"auto\">No solo es la construcci\u00f3n de esas 43 viviendas, es tambi\u00e9n la edificaci\u00f3n de un templo cristiano evang\u00e9lico, \u00abel cual recibir\u00e1 a hermanos de sectores como 28 de Octubre y gran parte de la zona sur de Acarigua\u00bb.<\/div>\n<div dir=\"auto\">El lider comunitario agreg\u00f3 que todas las personas de la AVV pertenecen a la Comuna William Lara y han cumplido con los requisitos de ley para la adjudicaci\u00f3n del terreno.<\/div>\n<div dir=\"auto\">\u00abLe entregamos al candidato Jos\u00e9 \u00c1ngel L\u00f3pez, hoy nuestro alcalde en ejercicio, en su respectivo sobre de manila, la petici\u00f3n de ese terrapl\u00e9n, que dicho sea de paso, este proyecto est\u00e1 basado en su Plan de Gobierno 2025-2029\u00bb, refiri\u00f3.<\/div>\n<div dir=\"auto\">Por su parte Guillermo Romero, tambi\u00e9n miembro de la AVV, record\u00f3 que otra Asociaci\u00f3n Viviendo Venezolano le adjudicaron un terreno a lado del que est\u00e1n solicitando, pero que a pesar de \u00abesa bendici\u00f3n no le han construido nada. Esa AVV es la 27 de Noviembre\u00bb.<\/div>\n<div dir=\"auto\">Agradeci\u00f3 el apoyo que dio el hoy presidente del Consejo Legislativo del estado Portuguesa, Luis Becerra, cuando era concejal del municipio P\u00e1ez y presidente de Ejidos, \u00abpara la \u00e9poca \u00e9l env\u00edo dos fiscales a medir el terreno, pero tristemente no logramos lo dem\u00e1s con el alcalde saliente: Rafael Torrealba. No estoy haciendo le\u00f1a del \u00e1rbol ca\u00eddo, pero fue as\u00ed.<\/div>\n<div dir=\"auto\">Romero subray\u00f3 que est\u00e1n esperando que se terminen de instalar las nuevas autoridades municipales para tener una entrevista con la reci\u00e9n nombrada presidente de la comisi\u00f3n de Ejidos: Duglannys Barreto, as\u00ed como con la vicepresidente, Greidith P\u00e9rez, para retomar las acciones y hacer de ese terreno, ubicado en la avenida 51 entre calle 35-B y urbanizaci\u00f3n Mar\u00eda Alejandra, se les adjudique.<\/div>\n<div dir=\"auto\"><\/div>\n<div dir=\"auto\"><img loading=\"lazy\" decoding=\"async\" class=\"alignnone size-medium wp-image-3168\" src=\"https:\/\/periodicocentroccidente.com\/wp-content\/uploads\/2025\/08\/IMG-20250802-WA0780-300x225.jpg\" alt=\"\" width=\"300\" height=\"225\" srcset=\"https:\/\/periodicocentroccidente.com\/wp-content\/uploads\/2025\/08\/IMG-20250802-WA0780-300x225.jpg 300w, https:\/\/periodicocentroccidente.com\/wp-content\/uploads\/2025\/08\/IMG-20250802-WA0780-1024x768.jpg 1024w, https:\/\/periodicocentroccidente.com\/wp-content\/uploads\/2025\/08\/IMG-20250802-WA0780-768x576.jpg 768w, https:\/\/periodicocentroccidente.com\/wp-content\/uploads\/2025\/08\/IMG-20250802-WA0780.jpg 1152w\" sizes=\"auto, (max-width: 300px) 100vw, 300px\" \/>\u00a0 \u00a0 <img loading=\"lazy\" decoding=\"async\" class=\"alignnone size-medium wp-image-3167\" src=\"https:\/\/periodicocentroccidente.com\/wp-content\/uploads\/2025\/08\/IMG-20250802-WA0779-300x225.jpg\" alt=\"\" width=\"300\" height=\"225\" srcset=\"https:\/\/periodicocentroccidente.com\/wp-content\/uploads\/2025\/08\/IMG-20250802-WA0779-300x225.jpg 300w, https:\/\/periodicocentroccidente.com\/wp-content\/uploads\/2025\/08\/IMG-20250802-WA0779-1024x768.jpg 1024w, https:\/\/periodicocentroccidente.com\/wp-content\/uploads\/2025\/08\/IMG-20250802-WA0779-768x576.jpg 768w, https:\/\/periodicocentroccidente.com\/wp-content\/uploads\/2025\/08\/IMG-20250802-WA0779.jpg 1152w\" sizes=\"auto, (max-width: 300px) 100vw, 300px\" \/><\/div>\n<div dir=\"auto\"><\/div>\n","protected":false},"excerpt":{"rendered":"<p>(Cruz Mario Silva).- M&aacute;s de nueve a&ntilde;os esperan 43 familias, amparados en la figura de la Asociaci&oacute;n Viviendo Venezolano, AVV Dios es Amor, que se les adjudique un terreno abandonado que perteneci&oacute; al antiguo Ministerio de Transporte y Comunicaciones, MTC, de Acarigua. &laquo;Somos casi 200 personas que necesitamos ese espacio para la construcci&oacute;n de nuestras &hellip;<\/p>\n","protected":false},"author":2,"featured_media":3166,"comment_status":"open","ping_status":"open","sticky":false,"template":"","format":"standard","meta":{"_jetpack_memberships_contains_paid_content":false,"footnotes":""},"categories":[128],"tags":[],"class_list":["post-3161","post","type-post","status-publish","format-standard","has-post-thumbnail","hentry","category-noticias-del-cono-norte"],"yoast_head":"<!-- This site is optimized with the Yoast SEO plugin v24.8.1 - https:\/\/yoast.com\/wordpress\/plugins\/seo\/ -->\n<title>M\u00e1s de 40 familias esperan adjudicaci\u00f3n del terreno en Acarigua -<\/title>\n<meta name=\"robots\" content=\"index, follow, max-snippet:-1, max-image-preview:large, max-video-preview:-1\" \/>\n<link rel=\"canonical\" href=\"https:\/\/periodicocentroccidente.com\/?p=3161\" \/>\n<meta property=\"og:locale\" content=\"es_ES\" \/>\n<meta property=\"og:type\" content=\"article\" \/>\n<meta property=\"og:title\" content=\"M\u00e1s de 40 familias esperan adjudicaci\u00f3n del terreno en Acarigua -\" \/>\n<meta property=\"og:description\" content=\"(Cruz Mario Silva).- M&aacute;s de nueve a&ntilde;os esperan 43 familias, amparados en la figura de la Asociaci&oacute;n Viviendo Venezolano, AVV Dios es Amor, que se les adjudique un terreno abandonado que perteneci&oacute; al antiguo Ministerio de Transporte y Comunicaciones, MTC, de Acarigua. &laquo;Somos casi 200 personas que necesitamos ese espacio para la construcci&oacute;n de nuestras &hellip;\" \/>\n<meta property=\"og:url\" content=\"https:\/\/periodicocentroccidente.com\/?p=3161\" \/>\n<meta property=\"article:published_time\" content=\"2025-08-04T15:39:20+00:00\" \/>\n<meta property=\"og:image\" content=\"https:\/\/periodicocentroccidente.com\/wp-content\/uploads\/2025\/08\/IMG-20250802-WA0777.jpg\" \/>\n\t<meta property=\"og:image:width\" content=\"1152\" \/>\n\t<meta property=\"og:image:height\" content=\"864\" \/>\n\t<meta property=\"og:image:type\" content=\"image\/jpeg\" \/>\n<meta name=\"author\" content=\"Ricardo\" \/>\n<meta name=\"twitter:card\" content=\"summary_large_image\" \/>\n<meta name=\"twitter:label1\" content=\"Escrito por\" \/>\n\t<meta name=\"twitter:data1\" content=\"Ricardo\" \/>\n\t<meta name=\"twitter:label2\" content=\"Tiempo de lectura\" \/>\n\t<meta name=\"twitter:data2\" content=\"3 minutos\" \/>\n<script type=\"application\/ld+json\" class=\"yoast-schema-graph\">{\"@context\":\"https:\/\/schema.org\",\"@graph\":[{\"@type\":\"WebPage\",\"@id\":\"https:\/\/periodicocentroccidente.com\/?p=3161\",\"url\":\"https:\/\/periodicocentroccidente.com\/?p=3161\",\"name\":\"M\u00e1s de 40 familias esperan adjudicaci\u00f3n del terreno en Acarigua -\",\"isPartOf\":{\"@id\":\"https:\/\/periodicocentroccidente.com\/#website\"},\"primaryImageOfPage\":{\"@id\":\"https:\/\/periodicocentroccidente.com\/?p=3161#primaryimage\"},\"image\":{\"@id\":\"https:\/\/periodicocentroccidente.com\/?p=3161#primaryimage\"},\"thumbnailUrl\":\"https:\/\/periodicocentroccidente.com\/wp-content\/uploads\/2025\/08\/IMG-20250802-WA0777.jpg\",\"datePublished\":\"2025-08-04T15:39:20+00:00\",\"author\":{\"@id\":\"https:\/\/periodicocentroccidente.com\/#\/schema\/person\/f4e4a651098f3db198244657b7130e7e\"},\"breadcrumb\":{\"@id\":\"https:\/\/periodicocentroccidente.com\/?p=3161#breadcrumb\"},\"inLanguage\":\"es\",\"potentialAction\":[{\"@type\":\"ReadAction\",\"target\":[\"https:\/\/periodicocentroccidente.com\/?p=3161\"]}]},{\"@type\":\"ImageObject\",\"inLanguage\":\"es\",\"@id\":\"https:\/\/periodicocentroccidente.com\/?p=3161#primaryimage\",\"url\":\"https:\/\/periodicocentroccidente.com\/wp-content\/uploads\/2025\/08\/IMG-20250802-WA0777.jpg\",\"contentUrl\":\"https:\/\/periodicocentroccidente.com\/wp-content\/uploads\/2025\/08\/IMG-20250802-WA0777.jpg\",\"width\":1152,\"height\":864},{\"@type\":\"BreadcrumbList\",\"@id\":\"https:\/\/periodicocentroccidente.com\/?p=3161#breadcrumb\",\"itemListElement\":[{\"@type\":\"ListItem\",\"position\":1,\"name\":\"Portada\",\"item\":\"https:\/\/periodicocentroccidente.com\/\"},{\"@type\":\"ListItem\",\"position\":2,\"name\":\"M\u00e1s de 40 familias esperan adjudicaci\u00f3n del terreno en Acarigua\"}]},{\"@type\":\"WebSite\",\"@id\":\"https:\/\/periodicocentroccidente.com\/#website\",\"url\":\"https:\/\/periodicocentroccidente.com\/\",\"name\":\"\",\"description\":\"Periodismo serio y responsable\",\"potentialAction\":[{\"@type\":\"SearchAction\",\"target\":{\"@type\":\"EntryPoint\",\"urlTemplate\":\"https:\/\/periodicocentroccidente.com\/?s={search_term_string}\"},\"query-input\":{\"@type\":\"PropertyValueSpecification\",\"valueRequired\":true,\"valueName\":\"search_term_string\"}}],\"inLanguage\":\"es\"},{\"@type\":\"Person\",\"@id\":\"https:\/\/periodicocentroccidente.com\/#\/schema\/person\/f4e4a651098f3db198244657b7130e7e\",\"name\":\"Ricardo\",\"image\":{\"@type\":\"ImageObject\",\"inLanguage\":\"es\",\"@id\":\"https:\/\/periodicocentroccidente.com\/#\/schema\/person\/image\/\",\"url\":\"https:\/\/secure.gravatar.com\/avatar\/402e6137108ec0fdaa7809184382fb1dd2f8b00264c1d945d341f2b8f90db429?s=96&d=mm&r=g\",\"contentUrl\":\"https:\/\/secure.gravatar.com\/avatar\/402e6137108ec0fdaa7809184382fb1dd2f8b00264c1d945d341f2b8f90db429?s=96&d=mm&r=g\",\"caption\":\"Ricardo\"},\"url\":\"https:\/\/periodicocentroccidente.com\/?author=2\"}]}<\/script>\n<!-- \/ Yoast SEO plugin. -->","yoast_head_json":{"title":"M\u00e1s de 40 familias esperan adjudicaci\u00f3n del terreno en Acarigua -","robots":{"index":"index","follow":"follow","max-snippet":"max-snippet:-1","max-image-preview":"max-image-preview:large","max-video-preview":"max-video-preview:-1"},"canonical":"https:\/\/periodicocentroccidente.com\/?p=3161","og_locale":"es_ES","og_type":"article","og_title":"M\u00e1s de 40 familias esperan adjudicaci\u00f3n del terreno en Acarigua -","og_description":"(Cruz Mario Silva).- M&aacute;s de nueve a&ntilde;os esperan 43 familias, amparados en la figura de la Asociaci&oacute;n Viviendo Venezolano, AVV Dios es Amor, que se les adjudique un terreno abandonado que perteneci&oacute; al antiguo Ministerio de Transporte y Comunicaciones, MTC, de Acarigua. &laquo;Somos casi 200 personas que necesitamos ese espacio para la construcci&oacute;n de nuestras &hellip;","og_url":"https:\/\/periodicocentroccidente.com\/?p=3161","article_published_time":"2025-08-04T15:39:20+00:00","og_image":[{"width":1152,"height":864,"url":"https:\/\/periodicocentroccidente.com\/wp-content\/uploads\/2025\/08\/IMG-20250802-WA0777.jpg","type":"image\/jpeg"}],"author":"Ricardo","twitter_card":"summary_large_image","twitter_misc":{"Escrito por":"Ricardo","Tiempo de lectura":"3 minutos"},"schema":{"@context":"https:\/\/schema.org","@graph":[{"@type":"WebPage","@id":"https:\/\/periodicocentroccidente.com\/?p=3161","url":"https:\/\/periodicocentroccidente.com\/?p=3161","name":"M\u00e1s de 40 familias esperan adjudicaci\u00f3n del terreno en Acarigua -","isPartOf":{"@id":"https:\/\/periodicocentroccidente.com\/#website"},"primaryImageOfPage":{"@id":"https:\/\/periodicocentroccidente.com\/?p=3161#primaryimage"},"image":{"@id":"https:\/\/periodicocentroccidente.com\/?p=3161#primaryimage"},"thumbnailUrl":"https:\/\/periodicocentroccidente.com\/wp-content\/uploads\/2025\/08\/IMG-20250802-WA0777.jpg","datePublished":"2025-08-04T15:39:20+00:00","author":{"@id":"https:\/\/periodicocentroccidente.com\/#\/schema\/person\/f4e4a651098f3db198244657b7130e7e"},"breadcrumb":{"@id":"https:\/\/periodicocentroccidente.com\/?p=3161#breadcrumb"},"inLanguage":"es","potentialAction":[{"@type":"ReadAction","target":["https:\/\/periodicocentroccidente.com\/?p=3161"]}]},{"@type":"ImageObject","inLanguage":"es","@id":"https:\/\/periodicocentroccidente.com\/?p=3161#primaryimage","url":"https:\/\/periodicocentroccidente.com\/wp-content\/uploads\/2025\/08\/IMG-20250802-WA0777.jpg","contentUrl":"https:\/\/periodicocentroccidente.com\/wp-content\/uploads\/2025\/08\/IMG-20250802-WA0777.jpg","width":1152,"height":864},{"@type":"BreadcrumbList","@id":"https:\/\/periodicocentroccidente.com\/?p=3161#breadcrumb","itemListElement":[{"@type":"ListItem","position":1,"name":"Portada","item":"https:\/\/periodicocentroccidente.com\/"},{"@type":"ListItem","position":2,"name":"M\u00e1s de 40 familias esperan adjudicaci\u00f3n del terreno en Acarigua"}]},{"@type":"WebSite","@id":"https:\/\/periodicocentroccidente.com\/#website","url":"https:\/\/periodicocentroccidente.com\/","name":"","description":"Periodismo serio y responsable","potentialAction":[{"@type":"SearchAction","target":{"@type":"EntryPoint","urlTemplate":"https:\/\/periodicocentroccidente.com\/?s={search_term_string}"},"query-input":{"@type":"PropertyValueSpecification","valueRequired":true,"valueName":"search_term_string"}}],"inLanguage":"es"},{"@type":"Person","@id":"https:\/\/periodicocentroccidente.com\/#\/schema\/person\/f4e4a651098f3db198244657b7130e7e","name":"Ricardo","image":{"@type":"ImageObject","inLanguage":"es","@id":"https:\/\/periodicocentroccidente.com\/#\/schema\/person\/image\/","url":"https:\/\/secure.gravatar.com\/avatar\/402e6137108ec0fdaa7809184382fb1dd2f8b00264c1d945d341f2b8f90db429?s=96&d=mm&r=g","contentUrl":"https:\/\/secure.gravatar.com\/avatar\/402e6137108ec0fdaa7809184382fb1dd2f8b00264c1d945d341f2b8f90db429?s=96&d=mm&r=g","caption":"Ricardo"},"url":"https:\/\/periodicocentroccidente.com\/?author=2"}]}},"jetpack_featured_media_url":"https:\/\/periodicocentroccidente.com\/wp-content\/uploads\/2025\/08\/IMG-20250802-WA0777.jpg","jetpack_sharing_enabled":true,"jetpack-related-posts":[],"_links":{"self":[{"href":"https:\/\/periodicocentroccidente.com\/index.php?rest_route=\/wp\/v2\/posts\/3161","targetHints":{"allow":["GET"]}}],"collection":[{"href":"https:\/\/periodicocentroccidente.com\/index.php?rest_route=\/wp\/v2\/posts"}],"about":[{"href":"https:\/\/periodicocentroccidente.com\/index.php?rest_route=\/wp\/v2\/types\/post"}],"author":[{"embeddable":true,"href":"https:\/\/periodicocentroccidente.com\/index.php?rest_route=\/wp\/v2\/users\/2"}],"replies":[{"embeddable":true,"href":"https:\/\/periodicocentroccidente.com\/index.php?rest_route=%2Fwp%2Fv2%2Fcomments&post=3161"}],"version-history":[{"count":1,"href":"https:\/\/periodicocentroccidente.com\/index.php?rest_route=\/wp\/v2\/posts\/3161\/revisions"}],"predecessor-version":[{"id":3169,"href":"https:\/\/periodicocentroccidente.com\/index.php?rest_route=\/wp\/v2\/posts\/3161\/revisions\/3169"}],"wp:featuredmedia":[{"embeddable":true,"href":"https:\/\/periodicocentroccidente.com\/index.php?rest_route=\/wp\/v2\/media\/3166"}],"wp:attachment":[{"href":"https:\/\/periodicocentroccidente.com\/index.php?rest_route=%2Fwp%2Fv2%2Fmedia&parent=3161"}],"wp:term":[{"taxonomy":"category","embeddable":true,"href":"https:\/\/periodicocentroccidente.com\/index.php?rest_route=%2Fwp%2Fv2%2Fcategories&post=3161"},{"taxonomy":"post_tag","embeddable":true,"href":"https:\/\/periodicocentroccidente.com\/index.php?rest_route=%2Fwp%2Fv2%2Ftags&post=3161"}],"curies":[{"name":"wp","href":"https:\/\/api.w.org\/{rel}","templated":true}]}}