{"id":3110,"date":"2025-07-30T17:39:12","date_gmt":"2025-07-30T17:39:12","guid":{"rendered":"https:\/\/periodicocentroccidente.com\/?p=3110"},"modified":"2025-07-30T17:39:12","modified_gmt":"2025-07-30T17:39:12","slug":"arturo-peroza-una-de-las-figuras-promisorias-del-portuguesa","status":"publish","type":"post","link":"https:\/\/periodicocentroccidente.com\/?p=3110","title":{"rendered":"Arturo Peroza una de las figuras  promisorias del Portuguesa"},"content":{"rendered":"<p><strong>(Acarigua)<\/strong><\/p>\n<p>El prometedor jugador Arturo Peroza recientemente estuvo en un m\u00f3dulo de trabajo con la preselecci\u00f3n nacional juvenil. \u201cUna bonita experiencia que me permite seguirme superando. Poco a poco trabajando duro se concretan las metas. Estar entre los mejores del pa\u00eds es un orgullo inmenso y todo el sue\u00f1o de los deportistas es defender con orgullo la camiseta de su pa\u00eds. Ojala la Vinotinto logre clasificar al pr\u00f3ximo Mundial\u201d, indic\u00f3.<\/p>\n<p>El crack de la urbanizaci\u00f3n La Goajira tiene mucho talento y una t\u00e9cnica de alto nivel. Cumpli\u00f3 20 a\u00f1os el 16 de junio y mide 1,78 y est\u00e1 a la espera de oportunidades con el Portuguesa FC, tras brillar con 33 goles en su pasant\u00eda por las menores. \u201cMi meta es seguirme superando y llegar pronto al equipo profesional. He venido entrenando fuerte \u00a0para lograr este objetivo\u201d, dijo el h\u00e1bil jugador, quien destaca que el entrenador que m\u00e1s ha influido en su formaci\u00f3n ha sido Gabriel P\u00e9rez. Este deporte es su gran pasi\u00f3n. Sus \u00eddolos son Lionel Messi y Tomas Rinc\u00f3n.<\/p>\n","protected":false},"excerpt":{"rendered":"<p>(Acarigua) El prometedor jugador Arturo Peroza recientemente estuvo en un m&oacute;dulo de trabajo con la preselecci&oacute;n nacional juvenil. &ldquo;Una bonita experiencia que me permite seguirme superando. Poco a poco trabajando duro se concretan las metas. Estar entre los mejores del pa&iacute;s es un orgullo inmenso y todo el sue&ntilde;o de los deportistas es defender con &hellip;<\/p>\n","protected":false},"author":2,"featured_media":3111,"comment_status":"open","ping_status":"open","sticky":false,"template":"","format":"standard","meta":{"_jetpack_memberships_contains_paid_content":false,"footnotes":""},"categories":[128],"tags":[],"class_list":["post-3110","post","type-post","status-publish","format-standard","has-post-thumbnail","hentry","category-noticias-del-cono-norte"],"yoast_head":"<!-- This site is optimized with the Yoast SEO plugin v24.8.1 - https:\/\/yoast.com\/wordpress\/plugins\/seo\/ -->\n<title>Arturo Peroza una de las figuras promisorias del Portuguesa -<\/title>\n<meta name=\"robots\" content=\"index, follow, max-snippet:-1, max-image-preview:large, max-video-preview:-1\" \/>\n<link rel=\"canonical\" href=\"https:\/\/periodicocentroccidente.com\/?p=3110\" \/>\n<meta property=\"og:locale\" content=\"es_ES\" \/>\n<meta property=\"og:type\" content=\"article\" \/>\n<meta property=\"og:title\" content=\"Arturo Peroza una de las figuras promisorias del Portuguesa -\" \/>\n<meta property=\"og:description\" content=\"(Acarigua) El prometedor jugador Arturo Peroza recientemente estuvo en un m&oacute;dulo de trabajo con la preselecci&oacute;n nacional juvenil. &ldquo;Una bonita experiencia que me permite seguirme superando. Poco a poco trabajando duro se concretan las metas. Estar entre los mejores del pa&iacute;s es un orgullo inmenso y todo el sue&ntilde;o de los deportistas es defender con &hellip;\" \/>\n<meta property=\"og:url\" content=\"https:\/\/periodicocentroccidente.com\/?p=3110\" \/>\n<meta property=\"article:published_time\" content=\"2025-07-30T17:39:12+00:00\" \/>\n<meta property=\"og:image\" content=\"https:\/\/periodicocentroccidente.com\/wp-content\/uploads\/2025\/07\/PEROZA.jpg\" \/>\n\t<meta property=\"og:image:width\" content=\"2223\" \/>\n\t<meta property=\"og:image:height\" content=\"1757\" \/>\n\t<meta property=\"og:image:type\" content=\"image\/jpeg\" \/>\n<meta name=\"author\" content=\"Ricardo\" \/>\n<meta name=\"twitter:card\" content=\"summary_large_image\" \/>\n<meta name=\"twitter:label1\" content=\"Escrito por\" \/>\n\t<meta name=\"twitter:data1\" content=\"Ricardo\" \/>\n\t<meta name=\"twitter:label2\" content=\"Tiempo de lectura\" \/>\n\t<meta name=\"twitter:data2\" content=\"1 minuto\" \/>\n<script type=\"application\/ld+json\" class=\"yoast-schema-graph\">{\"@context\":\"https:\/\/schema.org\",\"@graph\":[{\"@type\":\"WebPage\",\"@id\":\"https:\/\/periodicocentroccidente.com\/?p=3110\",\"url\":\"https:\/\/periodicocentroccidente.com\/?p=3110\",\"name\":\"Arturo Peroza una de las figuras promisorias del Portuguesa -\",\"isPartOf\":{\"@id\":\"https:\/\/periodicocentroccidente.com\/#website\"},\"primaryImageOfPage\":{\"@id\":\"https:\/\/periodicocentroccidente.com\/?p=3110#primaryimage\"},\"image\":{\"@id\":\"https:\/\/periodicocentroccidente.com\/?p=3110#primaryimage\"},\"thumbnailUrl\":\"https:\/\/periodicocentroccidente.com\/wp-content\/uploads\/2025\/07\/PEROZA.jpg\",\"datePublished\":\"2025-07-30T17:39:12+00:00\",\"author\":{\"@id\":\"https:\/\/periodicocentroccidente.com\/#\/schema\/person\/f4e4a651098f3db198244657b7130e7e\"},\"breadcrumb\":{\"@id\":\"https:\/\/periodicocentroccidente.com\/?p=3110#breadcrumb\"},\"inLanguage\":\"es\",\"potentialAction\":[{\"@type\":\"ReadAction\",\"target\":[\"https:\/\/periodicocentroccidente.com\/?p=3110\"]}]},{\"@type\":\"ImageObject\",\"inLanguage\":\"es\",\"@id\":\"https:\/\/periodicocentroccidente.com\/?p=3110#primaryimage\",\"url\":\"https:\/\/periodicocentroccidente.com\/wp-content\/uploads\/2025\/07\/PEROZA.jpg\",\"contentUrl\":\"https:\/\/periodicocentroccidente.com\/wp-content\/uploads\/2025\/07\/PEROZA.jpg\",\"width\":2223,\"height\":1757},{\"@type\":\"BreadcrumbList\",\"@id\":\"https:\/\/periodicocentroccidente.com\/?p=3110#breadcrumb\",\"itemListElement\":[{\"@type\":\"ListItem\",\"position\":1,\"name\":\"Portada\",\"item\":\"https:\/\/periodicocentroccidente.com\/\"},{\"@type\":\"ListItem\",\"position\":2,\"name\":\"Arturo Peroza una de las figuras promisorias del Portuguesa\"}]},{\"@type\":\"WebSite\",\"@id\":\"https:\/\/periodicocentroccidente.com\/#website\",\"url\":\"https:\/\/periodicocentroccidente.com\/\",\"name\":\"\",\"description\":\"Periodismo serio y responsable\",\"potentialAction\":[{\"@type\":\"SearchAction\",\"target\":{\"@type\":\"EntryPoint\",\"urlTemplate\":\"https:\/\/periodicocentroccidente.com\/?s={search_term_string}\"},\"query-input\":{\"@type\":\"PropertyValueSpecification\",\"valueRequired\":true,\"valueName\":\"search_term_string\"}}],\"inLanguage\":\"es\"},{\"@type\":\"Person\",\"@id\":\"https:\/\/periodicocentroccidente.com\/#\/schema\/person\/f4e4a651098f3db198244657b7130e7e\",\"name\":\"Ricardo\",\"image\":{\"@type\":\"ImageObject\",\"inLanguage\":\"es\",\"@id\":\"https:\/\/periodicocentroccidente.com\/#\/schema\/person\/image\/\",\"url\":\"https:\/\/secure.gravatar.com\/avatar\/402e6137108ec0fdaa7809184382fb1dd2f8b00264c1d945d341f2b8f90db429?s=96&d=mm&r=g\",\"contentUrl\":\"https:\/\/secure.gravatar.com\/avatar\/402e6137108ec0fdaa7809184382fb1dd2f8b00264c1d945d341f2b8f90db429?s=96&d=mm&r=g\",\"caption\":\"Ricardo\"},\"url\":\"https:\/\/periodicocentroccidente.com\/?author=2\"}]}<\/script>\n<!-- \/ Yoast SEO plugin. -->","yoast_head_json":{"title":"Arturo Peroza una de las figuras promisorias del Portuguesa -","robots":{"index":"index","follow":"follow","max-snippet":"max-snippet:-1","max-image-preview":"max-image-preview:large","max-video-preview":"max-video-preview:-1"},"canonical":"https:\/\/periodicocentroccidente.com\/?p=3110","og_locale":"es_ES","og_type":"article","og_title":"Arturo Peroza una de las figuras promisorias del Portuguesa -","og_description":"(Acarigua) El prometedor jugador Arturo Peroza recientemente estuvo en un m&oacute;dulo de trabajo con la preselecci&oacute;n nacional juvenil. &ldquo;Una bonita experiencia que me permite seguirme superando. Poco a poco trabajando duro se concretan las metas. Estar entre los mejores del pa&iacute;s es un orgullo inmenso y todo el sue&ntilde;o de los deportistas es defender con &hellip;","og_url":"https:\/\/periodicocentroccidente.com\/?p=3110","article_published_time":"2025-07-30T17:39:12+00:00","og_image":[{"width":2223,"height":1757,"url":"https:\/\/periodicocentroccidente.com\/wp-content\/uploads\/2025\/07\/PEROZA.jpg","type":"image\/jpeg"}],"author":"Ricardo","twitter_card":"summary_large_image","twitter_misc":{"Escrito por":"Ricardo","Tiempo de lectura":"1 minuto"},"schema":{"@context":"https:\/\/schema.org","@graph":[{"@type":"WebPage","@id":"https:\/\/periodicocentroccidente.com\/?p=3110","url":"https:\/\/periodicocentroccidente.com\/?p=3110","name":"Arturo Peroza una de las figuras promisorias del Portuguesa -","isPartOf":{"@id":"https:\/\/periodicocentroccidente.com\/#website"},"primaryImageOfPage":{"@id":"https:\/\/periodicocentroccidente.com\/?p=3110#primaryimage"},"image":{"@id":"https:\/\/periodicocentroccidente.com\/?p=3110#primaryimage"},"thumbnailUrl":"https:\/\/periodicocentroccidente.com\/wp-content\/uploads\/2025\/07\/PEROZA.jpg","datePublished":"2025-07-30T17:39:12+00:00","author":{"@id":"https:\/\/periodicocentroccidente.com\/#\/schema\/person\/f4e4a651098f3db198244657b7130e7e"},"breadcrumb":{"@id":"https:\/\/periodicocentroccidente.com\/?p=3110#breadcrumb"},"inLanguage":"es","potentialAction":[{"@type":"ReadAction","target":["https:\/\/periodicocentroccidente.com\/?p=3110"]}]},{"@type":"ImageObject","inLanguage":"es","@id":"https:\/\/periodicocentroccidente.com\/?p=3110#primaryimage","url":"https:\/\/periodicocentroccidente.com\/wp-content\/uploads\/2025\/07\/PEROZA.jpg","contentUrl":"https:\/\/periodicocentroccidente.com\/wp-content\/uploads\/2025\/07\/PEROZA.jpg","width":2223,"height":1757},{"@type":"BreadcrumbList","@id":"https:\/\/periodicocentroccidente.com\/?p=3110#breadcrumb","itemListElement":[{"@type":"ListItem","position":1,"name":"Portada","item":"https:\/\/periodicocentroccidente.com\/"},{"@type":"ListItem","position":2,"name":"Arturo Peroza una de las figuras promisorias del Portuguesa"}]},{"@type":"WebSite","@id":"https:\/\/periodicocentroccidente.com\/#website","url":"https:\/\/periodicocentroccidente.com\/","name":"","description":"Periodismo serio y responsable","potentialAction":[{"@type":"SearchAction","target":{"@type":"EntryPoint","urlTemplate":"https:\/\/periodicocentroccidente.com\/?s={search_term_string}"},"query-input":{"@type":"PropertyValueSpecification","valueRequired":true,"valueName":"search_term_string"}}],"inLanguage":"es"},{"@type":"Person","@id":"https:\/\/periodicocentroccidente.com\/#\/schema\/person\/f4e4a651098f3db198244657b7130e7e","name":"Ricardo","image":{"@type":"ImageObject","inLanguage":"es","@id":"https:\/\/periodicocentroccidente.com\/#\/schema\/person\/image\/","url":"https:\/\/secure.gravatar.com\/avatar\/402e6137108ec0fdaa7809184382fb1dd2f8b00264c1d945d341f2b8f90db429?s=96&d=mm&r=g","contentUrl":"https:\/\/secure.gravatar.com\/avatar\/402e6137108ec0fdaa7809184382fb1dd2f8b00264c1d945d341f2b8f90db429?s=96&d=mm&r=g","caption":"Ricardo"},"url":"https:\/\/periodicocentroccidente.com\/?author=2"}]}},"jetpack_featured_media_url":"https:\/\/periodicocentroccidente.com\/wp-content\/uploads\/2025\/07\/PEROZA.jpg","jetpack_sharing_enabled":true,"jetpack-related-posts":[],"_links":{"self":[{"href":"https:\/\/periodicocentroccidente.com\/index.php?rest_route=\/wp\/v2\/posts\/3110","targetHints":{"allow":["GET"]}}],"collection":[{"href":"https:\/\/periodicocentroccidente.com\/index.php?rest_route=\/wp\/v2\/posts"}],"about":[{"href":"https:\/\/periodicocentroccidente.com\/index.php?rest_route=\/wp\/v2\/types\/post"}],"author":[{"embeddable":true,"href":"https:\/\/periodicocentroccidente.com\/index.php?rest_route=\/wp\/v2\/users\/2"}],"replies":[{"embeddable":true,"href":"https:\/\/periodicocentroccidente.com\/index.php?rest_route=%2Fwp%2Fv2%2Fcomments&post=3110"}],"version-history":[{"count":1,"href":"https:\/\/periodicocentroccidente.com\/index.php?rest_route=\/wp\/v2\/posts\/3110\/revisions"}],"predecessor-version":[{"id":3112,"href":"https:\/\/periodicocentroccidente.com\/index.php?rest_route=\/wp\/v2\/posts\/3110\/revisions\/3112"}],"wp:featuredmedia":[{"embeddable":true,"href":"https:\/\/periodicocentroccidente.com\/index.php?rest_route=\/wp\/v2\/media\/3111"}],"wp:attachment":[{"href":"https:\/\/periodicocentroccidente.com\/index.php?rest_route=%2Fwp%2Fv2%2Fmedia&parent=3110"}],"wp:term":[{"taxonomy":"category","embeddable":true,"href":"https:\/\/periodicocentroccidente.com\/index.php?rest_route=%2Fwp%2Fv2%2Fcategories&post=3110"},{"taxonomy":"post_tag","embeddable":true,"href":"https:\/\/periodicocentroccidente.com\/index.php?rest_route=%2Fwp%2Fv2%2Ftags&post=3110"}],"curies":[{"name":"wp","href":"https:\/\/api.w.org\/{rel}","templated":true}]}}