{"id":3021,"date":"2025-07-24T18:20:14","date_gmt":"2025-07-24T18:20:14","guid":{"rendered":"https:\/\/periodicocentroccidente.com\/?p=3021"},"modified":"2025-07-24T18:20:14","modified_gmt":"2025-07-24T18:20:14","slug":"continua-labor-social-del-team-nacional-baja-cilindrada-portuguesa","status":"publish","type":"post","link":"https:\/\/periodicocentroccidente.com\/?p=3021","title":{"rendered":"Continua labor social del \u00abTeam Nacional baja cilindrada Portuguesa\u00bb"},"content":{"rendered":"<div dir=\"auto\"><strong>Especial.-<\/strong><\/div>\n<div dir=\"auto\"><\/div>\n<div dir=\"auto\">M\u00e1s de 14 agrupaciones de moteros estuvieron presentes para esta hermosa labor social que se continua desarrollando en los caser\u00edos que fueron afectados por las continuas lluvias registradas en el estado Portuguesa a consecuencia de las diferentes Ondas Tropicales que se desarrollan en la actualidad a lo largo y ancho del pa\u00eds.<\/div>\n<div dir=\"auto\"><\/div>\n<div dir=\"auto\">La actividad fue dedicada a los caser\u00edo el Toro y Barquito, se dio donaciones de comida, ropa y zapatos en buenas condiciones.<\/div>\n<div dir=\"auto\">Se\u00f1alo Edward Ca\u00f1izalez Presidente de la agrupaci\u00f3n anfitriona del estado \u00abEs importante destacar que nuestra labor social la realizamos de coraz\u00f3n y con la invaluables colaboraci\u00f3n de todas aquellas personas que de una u otra manera dan su aporte para nosotros dirigirnos hasta los sitios mas afectados y prestar todo nuestro apoyo incondicional\u00bb trabajando en equipo saldremos adelante.<\/div>\n<div dir=\"auto\"><\/div>\n<div dir=\"auto\">Las Agrupaci\u00f3nes de Barquisimeto, Acarigua y Guanare en alianza con la Fundaci\u00f3n Los Buenos Somos M\u00e1s desarrollaron con exito esta noble actividad en beneficio de nuestros hermanos afectados.<\/div>\n<div dir=\"auto\"><\/div>\n<div dir=\"auto\"><img loading=\"lazy\" decoding=\"async\" class=\"alignnone size-medium wp-image-3025\" src=\"https:\/\/periodicocentroccidente.com\/wp-content\/uploads\/2025\/07\/IMG-20250715-WA00101-169x300.jpg\" alt=\"\" width=\"169\" height=\"300\" srcset=\"https:\/\/periodicocentroccidente.com\/wp-content\/uploads\/2025\/07\/IMG-20250715-WA00101-169x300.jpg 169w, https:\/\/periodicocentroccidente.com\/wp-content\/uploads\/2025\/07\/IMG-20250715-WA00101-576x1024.jpg 576w, https:\/\/periodicocentroccidente.com\/wp-content\/uploads\/2025\/07\/IMG-20250715-WA00101.jpg 720w\" sizes=\"auto, (max-width: 169px) 100vw, 169px\" \/><\/div>\n<div dir=\"auto\"><\/div>\n<div dir=\"auto\"><img loading=\"lazy\" decoding=\"async\" class=\"alignnone size-medium wp-image-3023\" src=\"https:\/\/periodicocentroccidente.com\/wp-content\/uploads\/2025\/07\/IMG-20250715-WA00051-1-300x225.jpg\" alt=\"\" width=\"300\" height=\"225\" srcset=\"https:\/\/periodicocentroccidente.com\/wp-content\/uploads\/2025\/07\/IMG-20250715-WA00051-1-300x225.jpg 300w, https:\/\/periodicocentroccidente.com\/wp-content\/uploads\/2025\/07\/IMG-20250715-WA00051-1-768x576.jpg 768w, https:\/\/periodicocentroccidente.com\/wp-content\/uploads\/2025\/07\/IMG-20250715-WA00051-1.jpg 1016w\" sizes=\"auto, (max-width: 300px) 100vw, 300px\" \/><\/div>\n","protected":false},"excerpt":{"rendered":"<p>Especial.- M&aacute;s de 14 agrupaciones de moteros estuvieron presentes para esta hermosa labor social que se continua desarrollando en los caser&iacute;os que fueron afectados por las continuas lluvias registradas en el estado Portuguesa a consecuencia de las diferentes Ondas Tropicales que se desarrollan en la actualidad a lo largo y ancho del pa&iacute;s. La actividad &hellip;<\/p>\n","protected":false},"author":2,"featured_media":3024,"comment_status":"open","ping_status":"open","sticky":false,"template":"","format":"standard","meta":{"_jetpack_memberships_contains_paid_content":false,"footnotes":""},"categories":[127],"tags":[],"class_list":["post-3021","post","type-post","status-publish","format-standard","has-post-thumbnail","hentry","category-noticias-recientes"],"yoast_head":"<!-- This site is optimized with the Yoast SEO plugin v24.8.1 - https:\/\/yoast.com\/wordpress\/plugins\/seo\/ -->\n<title>Continua labor social del &quot;Team Nacional baja cilindrada Portuguesa&quot; -<\/title>\n<meta name=\"robots\" content=\"index, follow, max-snippet:-1, max-image-preview:large, max-video-preview:-1\" \/>\n<link rel=\"canonical\" href=\"https:\/\/periodicocentroccidente.com\/?p=3021\" \/>\n<meta property=\"og:locale\" content=\"es_ES\" \/>\n<meta property=\"og:type\" content=\"article\" \/>\n<meta property=\"og:title\" content=\"Continua labor social del &quot;Team Nacional baja cilindrada Portuguesa&quot; -\" \/>\n<meta property=\"og:description\" content=\"Especial.- M&aacute;s de 14 agrupaciones de moteros estuvieron presentes para esta hermosa labor social que se continua desarrollando en los caser&iacute;os que fueron afectados por las continuas lluvias registradas en el estado Portuguesa a consecuencia de las diferentes Ondas Tropicales que se desarrollan en la actualidad a lo largo y ancho del pa&iacute;s. La actividad &hellip;\" \/>\n<meta property=\"og:url\" content=\"https:\/\/periodicocentroccidente.com\/?p=3021\" \/>\n<meta property=\"article:published_time\" content=\"2025-07-24T18:20:14+00:00\" \/>\n<meta property=\"og:image\" content=\"https:\/\/periodicocentroccidente.com\/wp-content\/uploads\/2025\/07\/IMG-20250715-WA00061.jpg\" \/>\n\t<meta property=\"og:image:width\" content=\"2080\" \/>\n\t<meta property=\"og:image:height\" content=\"1560\" \/>\n\t<meta property=\"og:image:type\" content=\"image\/jpeg\" \/>\n<meta name=\"author\" content=\"Ricardo\" \/>\n<meta name=\"twitter:card\" content=\"summary_large_image\" \/>\n<meta name=\"twitter:label1\" content=\"Escrito por\" \/>\n\t<meta name=\"twitter:data1\" content=\"Ricardo\" \/>\n\t<meta name=\"twitter:label2\" content=\"Tiempo de lectura\" \/>\n\t<meta name=\"twitter:data2\" content=\"2 minutos\" \/>\n<script type=\"application\/ld+json\" class=\"yoast-schema-graph\">{\"@context\":\"https:\/\/schema.org\",\"@graph\":[{\"@type\":\"WebPage\",\"@id\":\"https:\/\/periodicocentroccidente.com\/?p=3021\",\"url\":\"https:\/\/periodicocentroccidente.com\/?p=3021\",\"name\":\"Continua labor social del \\\"Team Nacional baja cilindrada Portuguesa\\\" -\",\"isPartOf\":{\"@id\":\"https:\/\/periodicocentroccidente.com\/#website\"},\"primaryImageOfPage\":{\"@id\":\"https:\/\/periodicocentroccidente.com\/?p=3021#primaryimage\"},\"image\":{\"@id\":\"https:\/\/periodicocentroccidente.com\/?p=3021#primaryimage\"},\"thumbnailUrl\":\"https:\/\/periodicocentroccidente.com\/wp-content\/uploads\/2025\/07\/IMG-20250715-WA00061.jpg\",\"datePublished\":\"2025-07-24T18:20:14+00:00\",\"author\":{\"@id\":\"https:\/\/periodicocentroccidente.com\/#\/schema\/person\/f4e4a651098f3db198244657b7130e7e\"},\"breadcrumb\":{\"@id\":\"https:\/\/periodicocentroccidente.com\/?p=3021#breadcrumb\"},\"inLanguage\":\"es\",\"potentialAction\":[{\"@type\":\"ReadAction\",\"target\":[\"https:\/\/periodicocentroccidente.com\/?p=3021\"]}]},{\"@type\":\"ImageObject\",\"inLanguage\":\"es\",\"@id\":\"https:\/\/periodicocentroccidente.com\/?p=3021#primaryimage\",\"url\":\"https:\/\/periodicocentroccidente.com\/wp-content\/uploads\/2025\/07\/IMG-20250715-WA00061.jpg\",\"contentUrl\":\"https:\/\/periodicocentroccidente.com\/wp-content\/uploads\/2025\/07\/IMG-20250715-WA00061.jpg\",\"width\":2080,\"height\":1560},{\"@type\":\"BreadcrumbList\",\"@id\":\"https:\/\/periodicocentroccidente.com\/?p=3021#breadcrumb\",\"itemListElement\":[{\"@type\":\"ListItem\",\"position\":1,\"name\":\"Portada\",\"item\":\"https:\/\/periodicocentroccidente.com\/\"},{\"@type\":\"ListItem\",\"position\":2,\"name\":\"Continua labor social del \u00abTeam Nacional baja cilindrada Portuguesa\u00bb\"}]},{\"@type\":\"WebSite\",\"@id\":\"https:\/\/periodicocentroccidente.com\/#website\",\"url\":\"https:\/\/periodicocentroccidente.com\/\",\"name\":\"\",\"description\":\"Periodismo serio y responsable\",\"potentialAction\":[{\"@type\":\"SearchAction\",\"target\":{\"@type\":\"EntryPoint\",\"urlTemplate\":\"https:\/\/periodicocentroccidente.com\/?s={search_term_string}\"},\"query-input\":{\"@type\":\"PropertyValueSpecification\",\"valueRequired\":true,\"valueName\":\"search_term_string\"}}],\"inLanguage\":\"es\"},{\"@type\":\"Person\",\"@id\":\"https:\/\/periodicocentroccidente.com\/#\/schema\/person\/f4e4a651098f3db198244657b7130e7e\",\"name\":\"Ricardo\",\"image\":{\"@type\":\"ImageObject\",\"inLanguage\":\"es\",\"@id\":\"https:\/\/periodicocentroccidente.com\/#\/schema\/person\/image\/\",\"url\":\"https:\/\/secure.gravatar.com\/avatar\/402e6137108ec0fdaa7809184382fb1dd2f8b00264c1d945d341f2b8f90db429?s=96&d=mm&r=g\",\"contentUrl\":\"https:\/\/secure.gravatar.com\/avatar\/402e6137108ec0fdaa7809184382fb1dd2f8b00264c1d945d341f2b8f90db429?s=96&d=mm&r=g\",\"caption\":\"Ricardo\"},\"url\":\"https:\/\/periodicocentroccidente.com\/?author=2\"}]}<\/script>\n<!-- \/ Yoast SEO plugin. -->","yoast_head_json":{"title":"Continua labor social del \"Team Nacional baja cilindrada Portuguesa\" -","robots":{"index":"index","follow":"follow","max-snippet":"max-snippet:-1","max-image-preview":"max-image-preview:large","max-video-preview":"max-video-preview:-1"},"canonical":"https:\/\/periodicocentroccidente.com\/?p=3021","og_locale":"es_ES","og_type":"article","og_title":"Continua labor social del \"Team Nacional baja cilindrada Portuguesa\" -","og_description":"Especial.- M&aacute;s de 14 agrupaciones de moteros estuvieron presentes para esta hermosa labor social que se continua desarrollando en los caser&iacute;os que fueron afectados por las continuas lluvias registradas en el estado Portuguesa a consecuencia de las diferentes Ondas Tropicales que se desarrollan en la actualidad a lo largo y ancho del pa&iacute;s. La actividad &hellip;","og_url":"https:\/\/periodicocentroccidente.com\/?p=3021","article_published_time":"2025-07-24T18:20:14+00:00","og_image":[{"width":2080,"height":1560,"url":"https:\/\/periodicocentroccidente.com\/wp-content\/uploads\/2025\/07\/IMG-20250715-WA00061.jpg","type":"image\/jpeg"}],"author":"Ricardo","twitter_card":"summary_large_image","twitter_misc":{"Escrito por":"Ricardo","Tiempo de lectura":"2 minutos"},"schema":{"@context":"https:\/\/schema.org","@graph":[{"@type":"WebPage","@id":"https:\/\/periodicocentroccidente.com\/?p=3021","url":"https:\/\/periodicocentroccidente.com\/?p=3021","name":"Continua labor social del \"Team Nacional baja cilindrada Portuguesa\" -","isPartOf":{"@id":"https:\/\/periodicocentroccidente.com\/#website"},"primaryImageOfPage":{"@id":"https:\/\/periodicocentroccidente.com\/?p=3021#primaryimage"},"image":{"@id":"https:\/\/periodicocentroccidente.com\/?p=3021#primaryimage"},"thumbnailUrl":"https:\/\/periodicocentroccidente.com\/wp-content\/uploads\/2025\/07\/IMG-20250715-WA00061.jpg","datePublished":"2025-07-24T18:20:14+00:00","author":{"@id":"https:\/\/periodicocentroccidente.com\/#\/schema\/person\/f4e4a651098f3db198244657b7130e7e"},"breadcrumb":{"@id":"https:\/\/periodicocentroccidente.com\/?p=3021#breadcrumb"},"inLanguage":"es","potentialAction":[{"@type":"ReadAction","target":["https:\/\/periodicocentroccidente.com\/?p=3021"]}]},{"@type":"ImageObject","inLanguage":"es","@id":"https:\/\/periodicocentroccidente.com\/?p=3021#primaryimage","url":"https:\/\/periodicocentroccidente.com\/wp-content\/uploads\/2025\/07\/IMG-20250715-WA00061.jpg","contentUrl":"https:\/\/periodicocentroccidente.com\/wp-content\/uploads\/2025\/07\/IMG-20250715-WA00061.jpg","width":2080,"height":1560},{"@type":"BreadcrumbList","@id":"https:\/\/periodicocentroccidente.com\/?p=3021#breadcrumb","itemListElement":[{"@type":"ListItem","position":1,"name":"Portada","item":"https:\/\/periodicocentroccidente.com\/"},{"@type":"ListItem","position":2,"name":"Continua labor social del \u00abTeam Nacional baja cilindrada Portuguesa\u00bb"}]},{"@type":"WebSite","@id":"https:\/\/periodicocentroccidente.com\/#website","url":"https:\/\/periodicocentroccidente.com\/","name":"","description":"Periodismo serio y responsable","potentialAction":[{"@type":"SearchAction","target":{"@type":"EntryPoint","urlTemplate":"https:\/\/periodicocentroccidente.com\/?s={search_term_string}"},"query-input":{"@type":"PropertyValueSpecification","valueRequired":true,"valueName":"search_term_string"}}],"inLanguage":"es"},{"@type":"Person","@id":"https:\/\/periodicocentroccidente.com\/#\/schema\/person\/f4e4a651098f3db198244657b7130e7e","name":"Ricardo","image":{"@type":"ImageObject","inLanguage":"es","@id":"https:\/\/periodicocentroccidente.com\/#\/schema\/person\/image\/","url":"https:\/\/secure.gravatar.com\/avatar\/402e6137108ec0fdaa7809184382fb1dd2f8b00264c1d945d341f2b8f90db429?s=96&d=mm&r=g","contentUrl":"https:\/\/secure.gravatar.com\/avatar\/402e6137108ec0fdaa7809184382fb1dd2f8b00264c1d945d341f2b8f90db429?s=96&d=mm&r=g","caption":"Ricardo"},"url":"https:\/\/periodicocentroccidente.com\/?author=2"}]}},"jetpack_featured_media_url":"https:\/\/periodicocentroccidente.com\/wp-content\/uploads\/2025\/07\/IMG-20250715-WA00061.jpg","jetpack_sharing_enabled":true,"jetpack-related-posts":[],"_links":{"self":[{"href":"https:\/\/periodicocentroccidente.com\/index.php?rest_route=\/wp\/v2\/posts\/3021","targetHints":{"allow":["GET"]}}],"collection":[{"href":"https:\/\/periodicocentroccidente.com\/index.php?rest_route=\/wp\/v2\/posts"}],"about":[{"href":"https:\/\/periodicocentroccidente.com\/index.php?rest_route=\/wp\/v2\/types\/post"}],"author":[{"embeddable":true,"href":"https:\/\/periodicocentroccidente.com\/index.php?rest_route=\/wp\/v2\/users\/2"}],"replies":[{"embeddable":true,"href":"https:\/\/periodicocentroccidente.com\/index.php?rest_route=%2Fwp%2Fv2%2Fcomments&post=3021"}],"version-history":[{"count":1,"href":"https:\/\/periodicocentroccidente.com\/index.php?rest_route=\/wp\/v2\/posts\/3021\/revisions"}],"predecessor-version":[{"id":3026,"href":"https:\/\/periodicocentroccidente.com\/index.php?rest_route=\/wp\/v2\/posts\/3021\/revisions\/3026"}],"wp:featuredmedia":[{"embeddable":true,"href":"https:\/\/periodicocentroccidente.com\/index.php?rest_route=\/wp\/v2\/media\/3024"}],"wp:attachment":[{"href":"https:\/\/periodicocentroccidente.com\/index.php?rest_route=%2Fwp%2Fv2%2Fmedia&parent=3021"}],"wp:term":[{"taxonomy":"category","embeddable":true,"href":"https:\/\/periodicocentroccidente.com\/index.php?rest_route=%2Fwp%2Fv2%2Fcategories&post=3021"},{"taxonomy":"post_tag","embeddable":true,"href":"https:\/\/periodicocentroccidente.com\/index.php?rest_route=%2Fwp%2Fv2%2Ftags&post=3021"}],"curies":[{"name":"wp","href":"https:\/\/api.w.org\/{rel}","templated":true}]}}