{"id":2986,"date":"2025-07-23T16:17:51","date_gmt":"2025-07-23T16:17:51","guid":{"rendered":"https:\/\/periodicocentroccidente.com\/?p=2986"},"modified":"2025-07-23T16:17:51","modified_gmt":"2025-07-23T16:17:51","slug":"comando-tactico-universitario-compartio-con-adultos-mayores","status":"publish","type":"post","link":"https:\/\/periodicocentroccidente.com\/?p=2986","title":{"rendered":"Comando t\u00e1ctico universitario comparti\u00f3 con adultos mayores"},"content":{"rendered":"<p><strong>Especial.-<\/strong><\/p>\n<p>Un d\u00eda diferente de compartir amenamente regalaron los integrantes del\u00a0Comando T\u00e1ctico Universitario (CTU)\u00a0a los adultos mayores del\u00a0Instituto Nacional de Servicios Sociales\u00a0(INASS)\u00a0en esta ciudad capital estado Portuguesa, como parte de sus actividades de acompa\u00f1amiento a la poblaci\u00f3n y sectores vulnerables,\u00a0en la profundizaci\u00f3n de las pol\u00edticas emanadas del nivel nacional direccionadas por Steven Cerme\u00f1o.<\/p>\n<p>En esta ocasi\u00f3n los estudiantes pertenecen a la\u00a0Universidad Nacional Experimental de los Llanos \u201cEzequiel Zamora\u201d (Unellez)\u00a0Vice-rectorado Guanare, y en un par\u00e9ntesis de sus estudios decidieron organizar y desarrollar por segunda ocasi\u00f3n un ameno compartir con los adultos del\u00a0INASS Guanare, mejor conocido como INAGER,\u00a0donde les brindaron desayuno, jugaron domin\u00f3 e intercambiaron criterios de sus experiencias.<\/p>\n<p>La actividad desarrollada el recientemente pasado viernes 11 de julio estuvo bajo la coordinaci\u00f3n de la coordinadora en Portuguesa del\u00a0Comando T\u00e1ctico Universitario (CTU), Katherine Liscano,\u00a0con el acompa\u00f1amiento de un significativo n\u00famero de estudiantes que lograron arrancar sonrisas y darle un d\u00eda diferente a los adultos mayores con quienes compartieron largamente, enfatizando que se trata de parte del trabajo social que llevan a cabo de manera permanente en esta entidad llanera.<\/p>\n<p>Agradecieron a las autoridades y responsables del\u00a0Instituto Nacional de Servicios Sociales en Guanare,\u00a0ya que les han permitido desarrollar en dos ocasiones este tipo de encuentros para satisfacci\u00f3n de las personas internas y semi-internas en este centro geri\u00e1trico, as\u00ed como para ellos en su labor de acci\u00f3n de acompa\u00f1amiento a los sectores m\u00e1s sensible de la sociedad.-<\/p>\n<p>Via: <strong><a href=\"mailto:eliasdiaz20019@gmail.com\">eliasdiaz20019@gmail.com<\/a><\/strong><\/p>\n<p><img loading=\"lazy\" decoding=\"async\" class=\"alignnone size-medium wp-image-2987\" src=\"https:\/\/periodicocentroccidente.com\/wp-content\/uploads\/2025\/07\/une-237x300.webp\" alt=\"\" width=\"237\" height=\"300\" srcset=\"https:\/\/periodicocentroccidente.com\/wp-content\/uploads\/2025\/07\/une-237x300.webp 237w, https:\/\/periodicocentroccidente.com\/wp-content\/uploads\/2025\/07\/une.webp 768w\" sizes=\"auto, (max-width: 237px) 100vw, 237px\" \/><\/p>\n","protected":false},"excerpt":{"rendered":"<p>Especial.- Un d&iacute;a diferente de compartir amenamente regalaron los integrantes del&nbsp;Comando T&aacute;ctico Universitario (CTU)&nbsp;a los adultos mayores del&nbsp;Instituto Nacional de Servicios Sociales&nbsp;(INASS)&nbsp;en esta ciudad capital estado Portuguesa, como parte de sus actividades de acompa&ntilde;amiento a la poblaci&oacute;n y sectores vulnerables,&nbsp;en la profundizaci&oacute;n de las pol&iacute;ticas emanadas del nivel nacional direccionadas por Steven Cerme&ntilde;o. En esta &hellip;<\/p>\n","protected":false},"author":2,"featured_media":2988,"comment_status":"open","ping_status":"open","sticky":false,"template":"","format":"standard","meta":{"_jetpack_memberships_contains_paid_content":false,"footnotes":""},"categories":[127],"tags":[],"class_list":["post-2986","post","type-post","status-publish","format-standard","has-post-thumbnail","hentry","category-noticias-recientes"],"yoast_head":"<!-- This site is optimized with the Yoast SEO plugin v24.8.1 - https:\/\/yoast.com\/wordpress\/plugins\/seo\/ -->\n<title>Comando t\u00e1ctico universitario comparti\u00f3 con adultos mayores -<\/title>\n<meta name=\"robots\" content=\"index, follow, max-snippet:-1, max-image-preview:large, max-video-preview:-1\" \/>\n<link rel=\"canonical\" href=\"https:\/\/periodicocentroccidente.com\/?p=2986\" \/>\n<meta property=\"og:locale\" content=\"es_ES\" \/>\n<meta property=\"og:type\" content=\"article\" \/>\n<meta property=\"og:title\" content=\"Comando t\u00e1ctico universitario comparti\u00f3 con adultos mayores -\" \/>\n<meta property=\"og:description\" content=\"Especial.- Un d&iacute;a diferente de compartir amenamente regalaron los integrantes del&nbsp;Comando T&aacute;ctico Universitario (CTU)&nbsp;a los adultos mayores del&nbsp;Instituto Nacional de Servicios Sociales&nbsp;(INASS)&nbsp;en esta ciudad capital estado Portuguesa, como parte de sus actividades de acompa&ntilde;amiento a la poblaci&oacute;n y sectores vulnerables,&nbsp;en la profundizaci&oacute;n de las pol&iacute;ticas emanadas del nivel nacional direccionadas por Steven Cerme&ntilde;o. En esta &hellip;\" \/>\n<meta property=\"og:url\" content=\"https:\/\/periodicocentroccidente.com\/?p=2986\" \/>\n<meta property=\"article:published_time\" content=\"2025-07-23T16:17:51+00:00\" \/>\n<meta property=\"og:image\" content=\"https:\/\/periodicocentroccidente.com\/wp-content\/uploads\/2025\/07\/une2222.webp\" \/>\n\t<meta property=\"og:image:width\" content=\"660\" \/>\n\t<meta property=\"og:image:height\" content=\"330\" \/>\n\t<meta property=\"og:image:type\" content=\"image\/webp\" \/>\n<meta name=\"author\" content=\"Ricardo\" \/>\n<meta name=\"twitter:card\" content=\"summary_large_image\" \/>\n<meta name=\"twitter:label1\" content=\"Escrito por\" \/>\n\t<meta name=\"twitter:data1\" content=\"Ricardo\" \/>\n\t<meta name=\"twitter:label2\" content=\"Tiempo de lectura\" \/>\n\t<meta name=\"twitter:data2\" content=\"2 minutos\" \/>\n<script type=\"application\/ld+json\" class=\"yoast-schema-graph\">{\"@context\":\"https:\/\/schema.org\",\"@graph\":[{\"@type\":\"WebPage\",\"@id\":\"https:\/\/periodicocentroccidente.com\/?p=2986\",\"url\":\"https:\/\/periodicocentroccidente.com\/?p=2986\",\"name\":\"Comando t\u00e1ctico universitario comparti\u00f3 con adultos mayores -\",\"isPartOf\":{\"@id\":\"https:\/\/periodicocentroccidente.com\/#website\"},\"primaryImageOfPage\":{\"@id\":\"https:\/\/periodicocentroccidente.com\/?p=2986#primaryimage\"},\"image\":{\"@id\":\"https:\/\/periodicocentroccidente.com\/?p=2986#primaryimage\"},\"thumbnailUrl\":\"https:\/\/periodicocentroccidente.com\/wp-content\/uploads\/2025\/07\/une2222.webp\",\"datePublished\":\"2025-07-23T16:17:51+00:00\",\"author\":{\"@id\":\"https:\/\/periodicocentroccidente.com\/#\/schema\/person\/f4e4a651098f3db198244657b7130e7e\"},\"breadcrumb\":{\"@id\":\"https:\/\/periodicocentroccidente.com\/?p=2986#breadcrumb\"},\"inLanguage\":\"es\",\"potentialAction\":[{\"@type\":\"ReadAction\",\"target\":[\"https:\/\/periodicocentroccidente.com\/?p=2986\"]}]},{\"@type\":\"ImageObject\",\"inLanguage\":\"es\",\"@id\":\"https:\/\/periodicocentroccidente.com\/?p=2986#primaryimage\",\"url\":\"https:\/\/periodicocentroccidente.com\/wp-content\/uploads\/2025\/07\/une2222.webp\",\"contentUrl\":\"https:\/\/periodicocentroccidente.com\/wp-content\/uploads\/2025\/07\/une2222.webp\",\"width\":660,\"height\":330},{\"@type\":\"BreadcrumbList\",\"@id\":\"https:\/\/periodicocentroccidente.com\/?p=2986#breadcrumb\",\"itemListElement\":[{\"@type\":\"ListItem\",\"position\":1,\"name\":\"Portada\",\"item\":\"https:\/\/periodicocentroccidente.com\/\"},{\"@type\":\"ListItem\",\"position\":2,\"name\":\"Comando t\u00e1ctico universitario comparti\u00f3 con adultos mayores\"}]},{\"@type\":\"WebSite\",\"@id\":\"https:\/\/periodicocentroccidente.com\/#website\",\"url\":\"https:\/\/periodicocentroccidente.com\/\",\"name\":\"\",\"description\":\"Periodismo serio y responsable\",\"potentialAction\":[{\"@type\":\"SearchAction\",\"target\":{\"@type\":\"EntryPoint\",\"urlTemplate\":\"https:\/\/periodicocentroccidente.com\/?s={search_term_string}\"},\"query-input\":{\"@type\":\"PropertyValueSpecification\",\"valueRequired\":true,\"valueName\":\"search_term_string\"}}],\"inLanguage\":\"es\"},{\"@type\":\"Person\",\"@id\":\"https:\/\/periodicocentroccidente.com\/#\/schema\/person\/f4e4a651098f3db198244657b7130e7e\",\"name\":\"Ricardo\",\"image\":{\"@type\":\"ImageObject\",\"inLanguage\":\"es\",\"@id\":\"https:\/\/periodicocentroccidente.com\/#\/schema\/person\/image\/\",\"url\":\"https:\/\/secure.gravatar.com\/avatar\/402e6137108ec0fdaa7809184382fb1dd2f8b00264c1d945d341f2b8f90db429?s=96&d=mm&r=g\",\"contentUrl\":\"https:\/\/secure.gravatar.com\/avatar\/402e6137108ec0fdaa7809184382fb1dd2f8b00264c1d945d341f2b8f90db429?s=96&d=mm&r=g\",\"caption\":\"Ricardo\"},\"url\":\"https:\/\/periodicocentroccidente.com\/?author=2\"}]}<\/script>\n<!-- \/ Yoast SEO plugin. -->","yoast_head_json":{"title":"Comando t\u00e1ctico universitario comparti\u00f3 con adultos mayores -","robots":{"index":"index","follow":"follow","max-snippet":"max-snippet:-1","max-image-preview":"max-image-preview:large","max-video-preview":"max-video-preview:-1"},"canonical":"https:\/\/periodicocentroccidente.com\/?p=2986","og_locale":"es_ES","og_type":"article","og_title":"Comando t\u00e1ctico universitario comparti\u00f3 con adultos mayores -","og_description":"Especial.- Un d&iacute;a diferente de compartir amenamente regalaron los integrantes del&nbsp;Comando T&aacute;ctico Universitario (CTU)&nbsp;a los adultos mayores del&nbsp;Instituto Nacional de Servicios Sociales&nbsp;(INASS)&nbsp;en esta ciudad capital estado Portuguesa, como parte de sus actividades de acompa&ntilde;amiento a la poblaci&oacute;n y sectores vulnerables,&nbsp;en la profundizaci&oacute;n de las pol&iacute;ticas emanadas del nivel nacional direccionadas por Steven Cerme&ntilde;o. En esta &hellip;","og_url":"https:\/\/periodicocentroccidente.com\/?p=2986","article_published_time":"2025-07-23T16:17:51+00:00","og_image":[{"width":660,"height":330,"url":"https:\/\/periodicocentroccidente.com\/wp-content\/uploads\/2025\/07\/une2222.webp","type":"image\/webp"}],"author":"Ricardo","twitter_card":"summary_large_image","twitter_misc":{"Escrito por":"Ricardo","Tiempo de lectura":"2 minutos"},"schema":{"@context":"https:\/\/schema.org","@graph":[{"@type":"WebPage","@id":"https:\/\/periodicocentroccidente.com\/?p=2986","url":"https:\/\/periodicocentroccidente.com\/?p=2986","name":"Comando t\u00e1ctico universitario comparti\u00f3 con adultos mayores -","isPartOf":{"@id":"https:\/\/periodicocentroccidente.com\/#website"},"primaryImageOfPage":{"@id":"https:\/\/periodicocentroccidente.com\/?p=2986#primaryimage"},"image":{"@id":"https:\/\/periodicocentroccidente.com\/?p=2986#primaryimage"},"thumbnailUrl":"https:\/\/periodicocentroccidente.com\/wp-content\/uploads\/2025\/07\/une2222.webp","datePublished":"2025-07-23T16:17:51+00:00","author":{"@id":"https:\/\/periodicocentroccidente.com\/#\/schema\/person\/f4e4a651098f3db198244657b7130e7e"},"breadcrumb":{"@id":"https:\/\/periodicocentroccidente.com\/?p=2986#breadcrumb"},"inLanguage":"es","potentialAction":[{"@type":"ReadAction","target":["https:\/\/periodicocentroccidente.com\/?p=2986"]}]},{"@type":"ImageObject","inLanguage":"es","@id":"https:\/\/periodicocentroccidente.com\/?p=2986#primaryimage","url":"https:\/\/periodicocentroccidente.com\/wp-content\/uploads\/2025\/07\/une2222.webp","contentUrl":"https:\/\/periodicocentroccidente.com\/wp-content\/uploads\/2025\/07\/une2222.webp","width":660,"height":330},{"@type":"BreadcrumbList","@id":"https:\/\/periodicocentroccidente.com\/?p=2986#breadcrumb","itemListElement":[{"@type":"ListItem","position":1,"name":"Portada","item":"https:\/\/periodicocentroccidente.com\/"},{"@type":"ListItem","position":2,"name":"Comando t\u00e1ctico universitario comparti\u00f3 con adultos mayores"}]},{"@type":"WebSite","@id":"https:\/\/periodicocentroccidente.com\/#website","url":"https:\/\/periodicocentroccidente.com\/","name":"","description":"Periodismo serio y responsable","potentialAction":[{"@type":"SearchAction","target":{"@type":"EntryPoint","urlTemplate":"https:\/\/periodicocentroccidente.com\/?s={search_term_string}"},"query-input":{"@type":"PropertyValueSpecification","valueRequired":true,"valueName":"search_term_string"}}],"inLanguage":"es"},{"@type":"Person","@id":"https:\/\/periodicocentroccidente.com\/#\/schema\/person\/f4e4a651098f3db198244657b7130e7e","name":"Ricardo","image":{"@type":"ImageObject","inLanguage":"es","@id":"https:\/\/periodicocentroccidente.com\/#\/schema\/person\/image\/","url":"https:\/\/secure.gravatar.com\/avatar\/402e6137108ec0fdaa7809184382fb1dd2f8b00264c1d945d341f2b8f90db429?s=96&d=mm&r=g","contentUrl":"https:\/\/secure.gravatar.com\/avatar\/402e6137108ec0fdaa7809184382fb1dd2f8b00264c1d945d341f2b8f90db429?s=96&d=mm&r=g","caption":"Ricardo"},"url":"https:\/\/periodicocentroccidente.com\/?author=2"}]}},"jetpack_featured_media_url":"https:\/\/periodicocentroccidente.com\/wp-content\/uploads\/2025\/07\/une2222.webp","jetpack_sharing_enabled":true,"jetpack-related-posts":[],"_links":{"self":[{"href":"https:\/\/periodicocentroccidente.com\/index.php?rest_route=\/wp\/v2\/posts\/2986","targetHints":{"allow":["GET"]}}],"collection":[{"href":"https:\/\/periodicocentroccidente.com\/index.php?rest_route=\/wp\/v2\/posts"}],"about":[{"href":"https:\/\/periodicocentroccidente.com\/index.php?rest_route=\/wp\/v2\/types\/post"}],"author":[{"embeddable":true,"href":"https:\/\/periodicocentroccidente.com\/index.php?rest_route=\/wp\/v2\/users\/2"}],"replies":[{"embeddable":true,"href":"https:\/\/periodicocentroccidente.com\/index.php?rest_route=%2Fwp%2Fv2%2Fcomments&post=2986"}],"version-history":[{"count":1,"href":"https:\/\/periodicocentroccidente.com\/index.php?rest_route=\/wp\/v2\/posts\/2986\/revisions"}],"predecessor-version":[{"id":2990,"href":"https:\/\/periodicocentroccidente.com\/index.php?rest_route=\/wp\/v2\/posts\/2986\/revisions\/2990"}],"wp:featuredmedia":[{"embeddable":true,"href":"https:\/\/periodicocentroccidente.com\/index.php?rest_route=\/wp\/v2\/media\/2988"}],"wp:attachment":[{"href":"https:\/\/periodicocentroccidente.com\/index.php?rest_route=%2Fwp%2Fv2%2Fmedia&parent=2986"}],"wp:term":[{"taxonomy":"category","embeddable":true,"href":"https:\/\/periodicocentroccidente.com\/index.php?rest_route=%2Fwp%2Fv2%2Fcategories&post=2986"},{"taxonomy":"post_tag","embeddable":true,"href":"https:\/\/periodicocentroccidente.com\/index.php?rest_route=%2Fwp%2Fv2%2Ftags&post=2986"}],"curies":[{"name":"wp","href":"https:\/\/api.w.org\/{rel}","templated":true}]}}