{"id":2948,"date":"2025-07-22T16:13:05","date_gmt":"2025-07-22T16:13:05","guid":{"rendered":"https:\/\/periodicocentroccidente.com\/?p=2948"},"modified":"2025-07-22T16:13:05","modified_gmt":"2025-07-22T16:13:05","slug":"jose-angel-lopez-recibio-de-los-conuqueros-pliego-de-peticiones-sociales","status":"publish","type":"post","link":"https:\/\/periodicocentroccidente.com\/?p=2948","title":{"rendered":"Jos\u00e9 \u00c1ngel L\u00f3pez recibi\u00f3 de los conuqueros pliego de peticiones sociales"},"content":{"rendered":"<div dir=\"auto\"><strong>(Cruz Mario Silva\/ Foto cortes\u00eda Jos\u00e9 Domingo Falc\u00f3n).-<\/strong><\/div>\n<div dir=\"auto\"><\/div>\n<div dir=\"auto\">Los conuqueros del\u00a0 asentamiento campesino Monte de Cristo, perteneciente a la Comuna William Lara del municipio P\u00e1ez, dieron la bienvenida al candidato por el Psuv y el Gran Polo Patri\u00f3tico Sim\u00f3n Bol\u00edvar: Jos\u00e9 \u00c1ngel L\u00f3pez, con una cachapada, en aras de reafirmar su compromiso con la revoluci\u00f3n bolivariana.<\/div>\n<div dir=\"auto\">El encuentro sirvi\u00f3 para que el aspirante a la alcald\u00eda de Acarigua, demostrara su afecto al movimiento agr\u00edcola de la parroquia Pimpinela.<\/div>\n<div dir=\"auto\">L\u00f3pez dijo, en medio de una gran euforia colectiva chavista, \u00abque estos son espacios hermosos para el debate pol\u00edtico, son los conuqueros y conuqueras y nuestra\u00a0 gente del campo que ayudan a sacar la econom\u00eda adelante,\u00f1 a pesar del m\u00e1s brutal asedio y bloqueo econ\u00f3mico\u00bb.<\/div>\n<div dir=\"auto\">El candidato agreg\u00f3 tambi\u00e9n, que este encuentro no es el primero ni el \u00fanico, porque \u00abnos vienen tiempos de victoria y trabajo y ustedes saben que con el gobernador ejemplar Primitivo Cede\u00f1o se trabaja las 24 horas, los 7 d\u00edas de la semana y los 365 d\u00edas de a\u00f1o\u00bb.<\/div>\n<div dir=\"auto\">Dijo sentirse halagado por esta cachapada, al tiempo que recibi\u00f3 de la dirigencia campesina las propuestas de trabajo, entre las que destacan: asignaci\u00f3n formal del terreno que actualmente ocupan, entrega de insumos como semillas certificadas, activaci\u00f3n de un pozo profundo de agua, electrificaci\u00f3n de la zona y mejorar la vialidad rural que en invierno son intransitables.<\/div>\n<div dir=\"auto\">Por su parte Guillermo Romero, conuquero de Pimpinela, dijo que son m\u00e1s de 90 trabajadores del campo que se han visto afectados por el ataque a la econom\u00eda venezolano y ahora por est\u00e1s vaguadas que azotan al estado Portuguesa.<\/div>\n<div dir=\"auto\">\u00abTenemos fe en Nicol\u00e1s Maduro, nuestro presidente, en nuestro gobernador Primitivo Cede\u00f1o y por su puesto en Jos\u00e9 \u00c1ngel L\u00f3pez, joven revolucionario que revolucionar\u00e1 la alcald\u00eda de P\u00e1ez\u00bb, acot\u00f3 Romero.<\/div>\n<div dir=\"auto\"><\/div>\n<div dir=\"auto\"><img loading=\"lazy\" decoding=\"async\" class=\"alignnone size-medium wp-image-2950\" src=\"https:\/\/periodicocentroccidente.com\/wp-content\/uploads\/2025\/07\/IMG-20250721-WA1277-300x225.jpg\" alt=\"\" width=\"300\" height=\"225\" srcset=\"https:\/\/periodicocentroccidente.com\/wp-content\/uploads\/2025\/07\/IMG-20250721-WA1277-300x225.jpg 300w, https:\/\/periodicocentroccidente.com\/wp-content\/uploads\/2025\/07\/IMG-20250721-WA1277-1024x767.jpg 1024w, https:\/\/periodicocentroccidente.com\/wp-content\/uploads\/2025\/07\/IMG-20250721-WA1277-768x575.jpg 768w, https:\/\/periodicocentroccidente.com\/wp-content\/uploads\/2025\/07\/IMG-20250721-WA1277.jpg 1080w\" sizes=\"auto, (max-width: 300px) 100vw, 300px\" \/><\/div>\n<div dir=\"auto\"><em>Los conuqueros y conuqueras entregaron al candidato Jos\u00e9 \u00c1ngel L\u00f3pez un pliego de peticiones sociales.<\/em><\/div>\n<div dir=\"auto\"><\/div>\n","protected":false},"excerpt":{"rendered":"<p>(Cruz Mario Silva\/ Foto cortes&iacute;a Jos&eacute; Domingo Falc&oacute;n).- Los conuqueros del&nbsp; asentamiento campesino Monte de Cristo, perteneciente a la Comuna William Lara del municipio P&aacute;ez, dieron la bienvenida al candidato por el Psuv y el Gran Polo Patri&oacute;tico Sim&oacute;n Bol&iacute;var: Jos&eacute; &Aacute;ngel L&oacute;pez, con una cachapada, en aras de reafirmar su compromiso con la revoluci&oacute;n &hellip;<\/p>\n","protected":false},"author":2,"featured_media":2949,"comment_status":"open","ping_status":"open","sticky":false,"template":"","format":"standard","meta":{"_jetpack_memberships_contains_paid_content":false,"footnotes":""},"categories":[128],"tags":[],"class_list":["post-2948","post","type-post","status-publish","format-standard","has-post-thumbnail","hentry","category-noticias-del-cono-norte"],"yoast_head":"<!-- This site is optimized with the Yoast SEO plugin v24.8.1 - https:\/\/yoast.com\/wordpress\/plugins\/seo\/ -->\n<title>Jos\u00e9 \u00c1ngel L\u00f3pez recibi\u00f3 de los conuqueros pliego de peticiones sociales -<\/title>\n<meta name=\"robots\" content=\"index, follow, max-snippet:-1, max-image-preview:large, max-video-preview:-1\" \/>\n<link rel=\"canonical\" href=\"https:\/\/periodicocentroccidente.com\/?p=2948\" \/>\n<meta property=\"og:locale\" content=\"es_ES\" \/>\n<meta property=\"og:type\" content=\"article\" \/>\n<meta property=\"og:title\" content=\"Jos\u00e9 \u00c1ngel L\u00f3pez recibi\u00f3 de los conuqueros pliego de peticiones sociales -\" \/>\n<meta property=\"og:description\" content=\"(Cruz Mario Silva\/ Foto cortes&iacute;a Jos&eacute; Domingo Falc&oacute;n).- Los conuqueros del&nbsp; asentamiento campesino Monte de Cristo, perteneciente a la Comuna William Lara del municipio P&aacute;ez, dieron la bienvenida al candidato por el Psuv y el Gran Polo Patri&oacute;tico Sim&oacute;n Bol&iacute;var: Jos&eacute; &Aacute;ngel L&oacute;pez, con una cachapada, en aras de reafirmar su compromiso con la revoluci&oacute;n &hellip;\" \/>\n<meta property=\"og:url\" content=\"https:\/\/periodicocentroccidente.com\/?p=2948\" \/>\n<meta property=\"article:published_time\" content=\"2025-07-22T16:13:05+00:00\" \/>\n<meta property=\"og:image\" content=\"https:\/\/periodicocentroccidente.com\/wp-content\/uploads\/2025\/07\/IMG-20250721-WA1275.jpg\" \/>\n\t<meta property=\"og:image:width\" content=\"1080\" \/>\n\t<meta property=\"og:image:height\" content=\"809\" \/>\n\t<meta property=\"og:image:type\" content=\"image\/jpeg\" \/>\n<meta name=\"author\" content=\"Ricardo\" \/>\n<meta name=\"twitter:card\" content=\"summary_large_image\" \/>\n<meta name=\"twitter:label1\" content=\"Escrito por\" \/>\n\t<meta name=\"twitter:data1\" content=\"Ricardo\" \/>\n\t<meta name=\"twitter:label2\" content=\"Tiempo de lectura\" \/>\n\t<meta name=\"twitter:data2\" content=\"2 minutos\" \/>\n<script type=\"application\/ld+json\" class=\"yoast-schema-graph\">{\"@context\":\"https:\/\/schema.org\",\"@graph\":[{\"@type\":\"WebPage\",\"@id\":\"https:\/\/periodicocentroccidente.com\/?p=2948\",\"url\":\"https:\/\/periodicocentroccidente.com\/?p=2948\",\"name\":\"Jos\u00e9 \u00c1ngel L\u00f3pez recibi\u00f3 de los conuqueros pliego de peticiones sociales -\",\"isPartOf\":{\"@id\":\"https:\/\/periodicocentroccidente.com\/#website\"},\"primaryImageOfPage\":{\"@id\":\"https:\/\/periodicocentroccidente.com\/?p=2948#primaryimage\"},\"image\":{\"@id\":\"https:\/\/periodicocentroccidente.com\/?p=2948#primaryimage\"},\"thumbnailUrl\":\"https:\/\/periodicocentroccidente.com\/wp-content\/uploads\/2025\/07\/IMG-20250721-WA1275.jpg\",\"datePublished\":\"2025-07-22T16:13:05+00:00\",\"author\":{\"@id\":\"https:\/\/periodicocentroccidente.com\/#\/schema\/person\/f4e4a651098f3db198244657b7130e7e\"},\"breadcrumb\":{\"@id\":\"https:\/\/periodicocentroccidente.com\/?p=2948#breadcrumb\"},\"inLanguage\":\"es\",\"potentialAction\":[{\"@type\":\"ReadAction\",\"target\":[\"https:\/\/periodicocentroccidente.com\/?p=2948\"]}]},{\"@type\":\"ImageObject\",\"inLanguage\":\"es\",\"@id\":\"https:\/\/periodicocentroccidente.com\/?p=2948#primaryimage\",\"url\":\"https:\/\/periodicocentroccidente.com\/wp-content\/uploads\/2025\/07\/IMG-20250721-WA1275.jpg\",\"contentUrl\":\"https:\/\/periodicocentroccidente.com\/wp-content\/uploads\/2025\/07\/IMG-20250721-WA1275.jpg\",\"width\":1080,\"height\":809},{\"@type\":\"BreadcrumbList\",\"@id\":\"https:\/\/periodicocentroccidente.com\/?p=2948#breadcrumb\",\"itemListElement\":[{\"@type\":\"ListItem\",\"position\":1,\"name\":\"Portada\",\"item\":\"https:\/\/periodicocentroccidente.com\/\"},{\"@type\":\"ListItem\",\"position\":2,\"name\":\"Jos\u00e9 \u00c1ngel L\u00f3pez recibi\u00f3 de los conuqueros pliego de peticiones sociales\"}]},{\"@type\":\"WebSite\",\"@id\":\"https:\/\/periodicocentroccidente.com\/#website\",\"url\":\"https:\/\/periodicocentroccidente.com\/\",\"name\":\"\",\"description\":\"Periodismo serio y responsable\",\"potentialAction\":[{\"@type\":\"SearchAction\",\"target\":{\"@type\":\"EntryPoint\",\"urlTemplate\":\"https:\/\/periodicocentroccidente.com\/?s={search_term_string}\"},\"query-input\":{\"@type\":\"PropertyValueSpecification\",\"valueRequired\":true,\"valueName\":\"search_term_string\"}}],\"inLanguage\":\"es\"},{\"@type\":\"Person\",\"@id\":\"https:\/\/periodicocentroccidente.com\/#\/schema\/person\/f4e4a651098f3db198244657b7130e7e\",\"name\":\"Ricardo\",\"image\":{\"@type\":\"ImageObject\",\"inLanguage\":\"es\",\"@id\":\"https:\/\/periodicocentroccidente.com\/#\/schema\/person\/image\/\",\"url\":\"https:\/\/secure.gravatar.com\/avatar\/402e6137108ec0fdaa7809184382fb1dd2f8b00264c1d945d341f2b8f90db429?s=96&d=mm&r=g\",\"contentUrl\":\"https:\/\/secure.gravatar.com\/avatar\/402e6137108ec0fdaa7809184382fb1dd2f8b00264c1d945d341f2b8f90db429?s=96&d=mm&r=g\",\"caption\":\"Ricardo\"},\"url\":\"https:\/\/periodicocentroccidente.com\/?author=2\"}]}<\/script>\n<!-- \/ Yoast SEO plugin. -->","yoast_head_json":{"title":"Jos\u00e9 \u00c1ngel L\u00f3pez recibi\u00f3 de los conuqueros pliego de peticiones sociales -","robots":{"index":"index","follow":"follow","max-snippet":"max-snippet:-1","max-image-preview":"max-image-preview:large","max-video-preview":"max-video-preview:-1"},"canonical":"https:\/\/periodicocentroccidente.com\/?p=2948","og_locale":"es_ES","og_type":"article","og_title":"Jos\u00e9 \u00c1ngel L\u00f3pez recibi\u00f3 de los conuqueros pliego de peticiones sociales -","og_description":"(Cruz Mario Silva\/ Foto cortes&iacute;a Jos&eacute; Domingo Falc&oacute;n).- Los conuqueros del&nbsp; asentamiento campesino Monte de Cristo, perteneciente a la Comuna William Lara del municipio P&aacute;ez, dieron la bienvenida al candidato por el Psuv y el Gran Polo Patri&oacute;tico Sim&oacute;n Bol&iacute;var: Jos&eacute; &Aacute;ngel L&oacute;pez, con una cachapada, en aras de reafirmar su compromiso con la revoluci&oacute;n &hellip;","og_url":"https:\/\/periodicocentroccidente.com\/?p=2948","article_published_time":"2025-07-22T16:13:05+00:00","og_image":[{"width":1080,"height":809,"url":"https:\/\/periodicocentroccidente.com\/wp-content\/uploads\/2025\/07\/IMG-20250721-WA1275.jpg","type":"image\/jpeg"}],"author":"Ricardo","twitter_card":"summary_large_image","twitter_misc":{"Escrito por":"Ricardo","Tiempo de lectura":"2 minutos"},"schema":{"@context":"https:\/\/schema.org","@graph":[{"@type":"WebPage","@id":"https:\/\/periodicocentroccidente.com\/?p=2948","url":"https:\/\/periodicocentroccidente.com\/?p=2948","name":"Jos\u00e9 \u00c1ngel L\u00f3pez recibi\u00f3 de los conuqueros pliego de peticiones sociales -","isPartOf":{"@id":"https:\/\/periodicocentroccidente.com\/#website"},"primaryImageOfPage":{"@id":"https:\/\/periodicocentroccidente.com\/?p=2948#primaryimage"},"image":{"@id":"https:\/\/periodicocentroccidente.com\/?p=2948#primaryimage"},"thumbnailUrl":"https:\/\/periodicocentroccidente.com\/wp-content\/uploads\/2025\/07\/IMG-20250721-WA1275.jpg","datePublished":"2025-07-22T16:13:05+00:00","author":{"@id":"https:\/\/periodicocentroccidente.com\/#\/schema\/person\/f4e4a651098f3db198244657b7130e7e"},"breadcrumb":{"@id":"https:\/\/periodicocentroccidente.com\/?p=2948#breadcrumb"},"inLanguage":"es","potentialAction":[{"@type":"ReadAction","target":["https:\/\/periodicocentroccidente.com\/?p=2948"]}]},{"@type":"ImageObject","inLanguage":"es","@id":"https:\/\/periodicocentroccidente.com\/?p=2948#primaryimage","url":"https:\/\/periodicocentroccidente.com\/wp-content\/uploads\/2025\/07\/IMG-20250721-WA1275.jpg","contentUrl":"https:\/\/periodicocentroccidente.com\/wp-content\/uploads\/2025\/07\/IMG-20250721-WA1275.jpg","width":1080,"height":809},{"@type":"BreadcrumbList","@id":"https:\/\/periodicocentroccidente.com\/?p=2948#breadcrumb","itemListElement":[{"@type":"ListItem","position":1,"name":"Portada","item":"https:\/\/periodicocentroccidente.com\/"},{"@type":"ListItem","position":2,"name":"Jos\u00e9 \u00c1ngel L\u00f3pez recibi\u00f3 de los conuqueros pliego de peticiones sociales"}]},{"@type":"WebSite","@id":"https:\/\/periodicocentroccidente.com\/#website","url":"https:\/\/periodicocentroccidente.com\/","name":"","description":"Periodismo serio y responsable","potentialAction":[{"@type":"SearchAction","target":{"@type":"EntryPoint","urlTemplate":"https:\/\/periodicocentroccidente.com\/?s={search_term_string}"},"query-input":{"@type":"PropertyValueSpecification","valueRequired":true,"valueName":"search_term_string"}}],"inLanguage":"es"},{"@type":"Person","@id":"https:\/\/periodicocentroccidente.com\/#\/schema\/person\/f4e4a651098f3db198244657b7130e7e","name":"Ricardo","image":{"@type":"ImageObject","inLanguage":"es","@id":"https:\/\/periodicocentroccidente.com\/#\/schema\/person\/image\/","url":"https:\/\/secure.gravatar.com\/avatar\/402e6137108ec0fdaa7809184382fb1dd2f8b00264c1d945d341f2b8f90db429?s=96&d=mm&r=g","contentUrl":"https:\/\/secure.gravatar.com\/avatar\/402e6137108ec0fdaa7809184382fb1dd2f8b00264c1d945d341f2b8f90db429?s=96&d=mm&r=g","caption":"Ricardo"},"url":"https:\/\/periodicocentroccidente.com\/?author=2"}]}},"jetpack_featured_media_url":"https:\/\/periodicocentroccidente.com\/wp-content\/uploads\/2025\/07\/IMG-20250721-WA1275.jpg","jetpack_sharing_enabled":true,"jetpack-related-posts":[],"_links":{"self":[{"href":"https:\/\/periodicocentroccidente.com\/index.php?rest_route=\/wp\/v2\/posts\/2948","targetHints":{"allow":["GET"]}}],"collection":[{"href":"https:\/\/periodicocentroccidente.com\/index.php?rest_route=\/wp\/v2\/posts"}],"about":[{"href":"https:\/\/periodicocentroccidente.com\/index.php?rest_route=\/wp\/v2\/types\/post"}],"author":[{"embeddable":true,"href":"https:\/\/periodicocentroccidente.com\/index.php?rest_route=\/wp\/v2\/users\/2"}],"replies":[{"embeddable":true,"href":"https:\/\/periodicocentroccidente.com\/index.php?rest_route=%2Fwp%2Fv2%2Fcomments&post=2948"}],"version-history":[{"count":1,"href":"https:\/\/periodicocentroccidente.com\/index.php?rest_route=\/wp\/v2\/posts\/2948\/revisions"}],"predecessor-version":[{"id":2951,"href":"https:\/\/periodicocentroccidente.com\/index.php?rest_route=\/wp\/v2\/posts\/2948\/revisions\/2951"}],"wp:featuredmedia":[{"embeddable":true,"href":"https:\/\/periodicocentroccidente.com\/index.php?rest_route=\/wp\/v2\/media\/2949"}],"wp:attachment":[{"href":"https:\/\/periodicocentroccidente.com\/index.php?rest_route=%2Fwp%2Fv2%2Fmedia&parent=2948"}],"wp:term":[{"taxonomy":"category","embeddable":true,"href":"https:\/\/periodicocentroccidente.com\/index.php?rest_route=%2Fwp%2Fv2%2Fcategories&post=2948"},{"taxonomy":"post_tag","embeddable":true,"href":"https:\/\/periodicocentroccidente.com\/index.php?rest_route=%2Fwp%2Fv2%2Ftags&post=2948"}],"curies":[{"name":"wp","href":"https:\/\/api.w.org\/{rel}","templated":true}]}}