{"id":2818,"date":"2025-07-09T18:18:49","date_gmt":"2025-07-09T18:18:49","guid":{"rendered":"https:\/\/periodicocentroccidente.com\/?p=2818"},"modified":"2025-07-09T18:19:42","modified_gmt":"2025-07-09T18:19:42","slug":"portugueseno-julio-patino-es-convocado-a-modulo-de-trabajo","status":"publish","type":"post","link":"https:\/\/periodicocentroccidente.com\/?p=2818","title":{"rendered":"Portuguese\u00f1o Julio Pati\u00f1o es convocado a m\u00f3dulo de trabajo de la preselecci\u00f3n nacional sub-20"},"content":{"rendered":"<p><strong>Especial.-<\/strong><\/p>\n<p>El joven defensor portuguese\u00f1o Julio Pati\u00f1o, ficha de los Titanes de Guanare acaba de ser convocado para un m\u00f3dulo de captaci\u00f3n de la pre-selecci\u00f3n nacional de f\u00fatbol categor\u00eda sub-20, el cual se viene efectuando en el Centro Nacional de entrenamientos ubicado en la Isla de Margarita, bajo el mando del entrenado Oswaldo Vizcarrondo.<\/p>\n<p>El guanare\u00f1o tiene 18 a\u00f1os y se desempe\u00f1a como zaguero central y lateral izquierdo. Durante la presente campa\u00f1a de la Liga Futve 2 ha sido uno de los m\u00e1s rendidores con el conjunto azulgrana que dirige el profesor Luis \u201cCarleto\u201d Rojas, afianz\u00e1ndose como titular de la \u00faltima l\u00ednea.<\/p>\n<p>El jugador entrena con mucho entusiasmo en territorio insular. \u201cQuiero primero darle las gracias a Dios por esta experiencia tan linda que significa mucho para m\u00ed, por todo lo que estoy haciendo, sobre todo en el trabajo d\u00eda a d\u00eda. Espero seguirme superando, aprovechando al m\u00e1ximo las oportunidades que me brinden. Pienso que no hay nada m\u00e1s bonito para un atleta que defender la camiseta de su pa\u00eds. Me siento s\u00faper contento\u201d, expres\u00f3 optimista el orgullo de la urbanizaci\u00f3n la Comunidad Nueva.<\/p>\n","protected":false},"excerpt":{"rendered":"<p>Especial.- El joven defensor portuguese&ntilde;o Julio Pati&ntilde;o, ficha de los Titanes de Guanare acaba de ser convocado para un m&oacute;dulo de captaci&oacute;n de la pre-selecci&oacute;n nacional de f&uacute;tbol categor&iacute;a sub-20, el cual se viene efectuando en el Centro Nacional de entrenamientos ubicado en la Isla de Margarita, bajo el mando del entrenado Oswaldo Vizcarrondo. El &hellip;<\/p>\n","protected":false},"author":2,"featured_media":2819,"comment_status":"open","ping_status":"open","sticky":false,"template":"","format":"standard","meta":{"_jetpack_memberships_contains_paid_content":false,"footnotes":""},"categories":[127],"tags":[],"class_list":["post-2818","post","type-post","status-publish","format-standard","has-post-thumbnail","hentry","category-noticias-recientes"],"yoast_head":"<!-- This site is optimized with the Yoast SEO plugin v24.8.1 - https:\/\/yoast.com\/wordpress\/plugins\/seo\/ -->\n<title>Portuguese\u00f1o Julio Pati\u00f1o es convocado a m\u00f3dulo de trabajo de la preselecci\u00f3n nacional sub-20 -<\/title>\n<meta name=\"robots\" content=\"index, follow, max-snippet:-1, max-image-preview:large, max-video-preview:-1\" \/>\n<link rel=\"canonical\" href=\"https:\/\/periodicocentroccidente.com\/?p=2818\" \/>\n<meta property=\"og:locale\" content=\"es_ES\" \/>\n<meta property=\"og:type\" content=\"article\" \/>\n<meta property=\"og:title\" content=\"Portuguese\u00f1o Julio Pati\u00f1o es convocado a m\u00f3dulo de trabajo de la preselecci\u00f3n nacional sub-20 -\" \/>\n<meta property=\"og:description\" content=\"Especial.- El joven defensor portuguese&ntilde;o Julio Pati&ntilde;o, ficha de los Titanes de Guanare acaba de ser convocado para un m&oacute;dulo de captaci&oacute;n de la pre-selecci&oacute;n nacional de f&uacute;tbol categor&iacute;a sub-20, el cual se viene efectuando en el Centro Nacional de entrenamientos ubicado en la Isla de Margarita, bajo el mando del entrenado Oswaldo Vizcarrondo. El &hellip;\" \/>\n<meta property=\"og:url\" content=\"https:\/\/periodicocentroccidente.com\/?p=2818\" \/>\n<meta property=\"article:published_time\" content=\"2025-07-09T18:18:49+00:00\" \/>\n<meta property=\"article:modified_time\" content=\"2025-07-09T18:19:42+00:00\" \/>\n<meta property=\"og:image\" content=\"https:\/\/periodicocentroccidente.com\/wp-content\/uploads\/2025\/07\/1-2-scaled.jpg\" \/>\n\t<meta property=\"og:image:width\" content=\"2560\" \/>\n\t<meta property=\"og:image:height\" content=\"1896\" \/>\n\t<meta property=\"og:image:type\" content=\"image\/jpeg\" \/>\n<meta name=\"author\" content=\"Ricardo\" \/>\n<meta name=\"twitter:card\" content=\"summary_large_image\" \/>\n<meta name=\"twitter:label1\" content=\"Escrito por\" \/>\n\t<meta name=\"twitter:data1\" content=\"Ricardo\" \/>\n\t<meta name=\"twitter:label2\" content=\"Tiempo de lectura\" \/>\n\t<meta name=\"twitter:data2\" content=\"2 minutos\" \/>\n<script type=\"application\/ld+json\" class=\"yoast-schema-graph\">{\"@context\":\"https:\/\/schema.org\",\"@graph\":[{\"@type\":\"WebPage\",\"@id\":\"https:\/\/periodicocentroccidente.com\/?p=2818\",\"url\":\"https:\/\/periodicocentroccidente.com\/?p=2818\",\"name\":\"Portuguese\u00f1o Julio Pati\u00f1o es convocado a m\u00f3dulo de trabajo de la preselecci\u00f3n nacional sub-20 -\",\"isPartOf\":{\"@id\":\"https:\/\/periodicocentroccidente.com\/#website\"},\"primaryImageOfPage\":{\"@id\":\"https:\/\/periodicocentroccidente.com\/?p=2818#primaryimage\"},\"image\":{\"@id\":\"https:\/\/periodicocentroccidente.com\/?p=2818#primaryimage\"},\"thumbnailUrl\":\"https:\/\/periodicocentroccidente.com\/wp-content\/uploads\/2025\/07\/1-2-scaled.jpg\",\"datePublished\":\"2025-07-09T18:18:49+00:00\",\"dateModified\":\"2025-07-09T18:19:42+00:00\",\"author\":{\"@id\":\"https:\/\/periodicocentroccidente.com\/#\/schema\/person\/f4e4a651098f3db198244657b7130e7e\"},\"breadcrumb\":{\"@id\":\"https:\/\/periodicocentroccidente.com\/?p=2818#breadcrumb\"},\"inLanguage\":\"es\",\"potentialAction\":[{\"@type\":\"ReadAction\",\"target\":[\"https:\/\/periodicocentroccidente.com\/?p=2818\"]}]},{\"@type\":\"ImageObject\",\"inLanguage\":\"es\",\"@id\":\"https:\/\/periodicocentroccidente.com\/?p=2818#primaryimage\",\"url\":\"https:\/\/periodicocentroccidente.com\/wp-content\/uploads\/2025\/07\/1-2-scaled.jpg\",\"contentUrl\":\"https:\/\/periodicocentroccidente.com\/wp-content\/uploads\/2025\/07\/1-2-scaled.jpg\",\"width\":2560,\"height\":1896},{\"@type\":\"BreadcrumbList\",\"@id\":\"https:\/\/periodicocentroccidente.com\/?p=2818#breadcrumb\",\"itemListElement\":[{\"@type\":\"ListItem\",\"position\":1,\"name\":\"Portada\",\"item\":\"https:\/\/periodicocentroccidente.com\/\"},{\"@type\":\"ListItem\",\"position\":2,\"name\":\"Portuguese\u00f1o Julio Pati\u00f1o es convocado a m\u00f3dulo de trabajo de la preselecci\u00f3n nacional sub-20\"}]},{\"@type\":\"WebSite\",\"@id\":\"https:\/\/periodicocentroccidente.com\/#website\",\"url\":\"https:\/\/periodicocentroccidente.com\/\",\"name\":\"\",\"description\":\"Periodismo serio y responsable\",\"potentialAction\":[{\"@type\":\"SearchAction\",\"target\":{\"@type\":\"EntryPoint\",\"urlTemplate\":\"https:\/\/periodicocentroccidente.com\/?s={search_term_string}\"},\"query-input\":{\"@type\":\"PropertyValueSpecification\",\"valueRequired\":true,\"valueName\":\"search_term_string\"}}],\"inLanguage\":\"es\"},{\"@type\":\"Person\",\"@id\":\"https:\/\/periodicocentroccidente.com\/#\/schema\/person\/f4e4a651098f3db198244657b7130e7e\",\"name\":\"Ricardo\",\"image\":{\"@type\":\"ImageObject\",\"inLanguage\":\"es\",\"@id\":\"https:\/\/periodicocentroccidente.com\/#\/schema\/person\/image\/\",\"url\":\"https:\/\/secure.gravatar.com\/avatar\/402e6137108ec0fdaa7809184382fb1dd2f8b00264c1d945d341f2b8f90db429?s=96&d=mm&r=g\",\"contentUrl\":\"https:\/\/secure.gravatar.com\/avatar\/402e6137108ec0fdaa7809184382fb1dd2f8b00264c1d945d341f2b8f90db429?s=96&d=mm&r=g\",\"caption\":\"Ricardo\"},\"url\":\"https:\/\/periodicocentroccidente.com\/?author=2\"}]}<\/script>\n<!-- \/ Yoast SEO plugin. -->","yoast_head_json":{"title":"Portuguese\u00f1o Julio Pati\u00f1o es convocado a m\u00f3dulo de trabajo de la preselecci\u00f3n nacional sub-20 -","robots":{"index":"index","follow":"follow","max-snippet":"max-snippet:-1","max-image-preview":"max-image-preview:large","max-video-preview":"max-video-preview:-1"},"canonical":"https:\/\/periodicocentroccidente.com\/?p=2818","og_locale":"es_ES","og_type":"article","og_title":"Portuguese\u00f1o Julio Pati\u00f1o es convocado a m\u00f3dulo de trabajo de la preselecci\u00f3n nacional sub-20 -","og_description":"Especial.- El joven defensor portuguese&ntilde;o Julio Pati&ntilde;o, ficha de los Titanes de Guanare acaba de ser convocado para un m&oacute;dulo de captaci&oacute;n de la pre-selecci&oacute;n nacional de f&uacute;tbol categor&iacute;a sub-20, el cual se viene efectuando en el Centro Nacional de entrenamientos ubicado en la Isla de Margarita, bajo el mando del entrenado Oswaldo Vizcarrondo. El &hellip;","og_url":"https:\/\/periodicocentroccidente.com\/?p=2818","article_published_time":"2025-07-09T18:18:49+00:00","article_modified_time":"2025-07-09T18:19:42+00:00","og_image":[{"width":2560,"height":1896,"url":"https:\/\/periodicocentroccidente.com\/wp-content\/uploads\/2025\/07\/1-2-scaled.jpg","type":"image\/jpeg"}],"author":"Ricardo","twitter_card":"summary_large_image","twitter_misc":{"Escrito por":"Ricardo","Tiempo de lectura":"2 minutos"},"schema":{"@context":"https:\/\/schema.org","@graph":[{"@type":"WebPage","@id":"https:\/\/periodicocentroccidente.com\/?p=2818","url":"https:\/\/periodicocentroccidente.com\/?p=2818","name":"Portuguese\u00f1o Julio Pati\u00f1o es convocado a m\u00f3dulo de trabajo de la preselecci\u00f3n nacional sub-20 -","isPartOf":{"@id":"https:\/\/periodicocentroccidente.com\/#website"},"primaryImageOfPage":{"@id":"https:\/\/periodicocentroccidente.com\/?p=2818#primaryimage"},"image":{"@id":"https:\/\/periodicocentroccidente.com\/?p=2818#primaryimage"},"thumbnailUrl":"https:\/\/periodicocentroccidente.com\/wp-content\/uploads\/2025\/07\/1-2-scaled.jpg","datePublished":"2025-07-09T18:18:49+00:00","dateModified":"2025-07-09T18:19:42+00:00","author":{"@id":"https:\/\/periodicocentroccidente.com\/#\/schema\/person\/f4e4a651098f3db198244657b7130e7e"},"breadcrumb":{"@id":"https:\/\/periodicocentroccidente.com\/?p=2818#breadcrumb"},"inLanguage":"es","potentialAction":[{"@type":"ReadAction","target":["https:\/\/periodicocentroccidente.com\/?p=2818"]}]},{"@type":"ImageObject","inLanguage":"es","@id":"https:\/\/periodicocentroccidente.com\/?p=2818#primaryimage","url":"https:\/\/periodicocentroccidente.com\/wp-content\/uploads\/2025\/07\/1-2-scaled.jpg","contentUrl":"https:\/\/periodicocentroccidente.com\/wp-content\/uploads\/2025\/07\/1-2-scaled.jpg","width":2560,"height":1896},{"@type":"BreadcrumbList","@id":"https:\/\/periodicocentroccidente.com\/?p=2818#breadcrumb","itemListElement":[{"@type":"ListItem","position":1,"name":"Portada","item":"https:\/\/periodicocentroccidente.com\/"},{"@type":"ListItem","position":2,"name":"Portuguese\u00f1o Julio Pati\u00f1o es convocado a m\u00f3dulo de trabajo de la preselecci\u00f3n nacional sub-20"}]},{"@type":"WebSite","@id":"https:\/\/periodicocentroccidente.com\/#website","url":"https:\/\/periodicocentroccidente.com\/","name":"","description":"Periodismo serio y responsable","potentialAction":[{"@type":"SearchAction","target":{"@type":"EntryPoint","urlTemplate":"https:\/\/periodicocentroccidente.com\/?s={search_term_string}"},"query-input":{"@type":"PropertyValueSpecification","valueRequired":true,"valueName":"search_term_string"}}],"inLanguage":"es"},{"@type":"Person","@id":"https:\/\/periodicocentroccidente.com\/#\/schema\/person\/f4e4a651098f3db198244657b7130e7e","name":"Ricardo","image":{"@type":"ImageObject","inLanguage":"es","@id":"https:\/\/periodicocentroccidente.com\/#\/schema\/person\/image\/","url":"https:\/\/secure.gravatar.com\/avatar\/402e6137108ec0fdaa7809184382fb1dd2f8b00264c1d945d341f2b8f90db429?s=96&d=mm&r=g","contentUrl":"https:\/\/secure.gravatar.com\/avatar\/402e6137108ec0fdaa7809184382fb1dd2f8b00264c1d945d341f2b8f90db429?s=96&d=mm&r=g","caption":"Ricardo"},"url":"https:\/\/periodicocentroccidente.com\/?author=2"}]}},"jetpack_featured_media_url":"https:\/\/periodicocentroccidente.com\/wp-content\/uploads\/2025\/07\/1-2-scaled.jpg","jetpack_sharing_enabled":true,"jetpack-related-posts":[],"_links":{"self":[{"href":"https:\/\/periodicocentroccidente.com\/index.php?rest_route=\/wp\/v2\/posts\/2818","targetHints":{"allow":["GET"]}}],"collection":[{"href":"https:\/\/periodicocentroccidente.com\/index.php?rest_route=\/wp\/v2\/posts"}],"about":[{"href":"https:\/\/periodicocentroccidente.com\/index.php?rest_route=\/wp\/v2\/types\/post"}],"author":[{"embeddable":true,"href":"https:\/\/periodicocentroccidente.com\/index.php?rest_route=\/wp\/v2\/users\/2"}],"replies":[{"embeddable":true,"href":"https:\/\/periodicocentroccidente.com\/index.php?rest_route=%2Fwp%2Fv2%2Fcomments&post=2818"}],"version-history":[{"count":2,"href":"https:\/\/periodicocentroccidente.com\/index.php?rest_route=\/wp\/v2\/posts\/2818\/revisions"}],"predecessor-version":[{"id":2821,"href":"https:\/\/periodicocentroccidente.com\/index.php?rest_route=\/wp\/v2\/posts\/2818\/revisions\/2821"}],"wp:featuredmedia":[{"embeddable":true,"href":"https:\/\/periodicocentroccidente.com\/index.php?rest_route=\/wp\/v2\/media\/2819"}],"wp:attachment":[{"href":"https:\/\/periodicocentroccidente.com\/index.php?rest_route=%2Fwp%2Fv2%2Fmedia&parent=2818"}],"wp:term":[{"taxonomy":"category","embeddable":true,"href":"https:\/\/periodicocentroccidente.com\/index.php?rest_route=%2Fwp%2Fv2%2Fcategories&post=2818"},{"taxonomy":"post_tag","embeddable":true,"href":"https:\/\/periodicocentroccidente.com\/index.php?rest_route=%2Fwp%2Fv2%2Ftags&post=2818"}],"curies":[{"name":"wp","href":"https:\/\/api.w.org\/{rel}","templated":true}]}}