{"id":2756,"date":"2025-07-05T20:06:03","date_gmt":"2025-07-05T20:06:03","guid":{"rendered":"https:\/\/periodicocentroccidente.com\/?p=2756"},"modified":"2025-07-05T20:06:03","modified_gmt":"2025-07-05T20:06:03","slug":"entregamos-a-jose-angel-lopez-plan-para-incrementar-el-numero-de-circulos-de-abuelos","status":"publish","type":"post","link":"https:\/\/periodicocentroccidente.com\/?p=2756","title":{"rendered":"\u00abEntregamos a Jos\u00e9 Angel L\u00f3pez plan para incrementar el n\u00famero de C\u00edrculos de Abuelos\u00bb"},"content":{"rendered":"<div dir=\"auto\"><strong>(Cruz Mario Silva \/ Foto cortes\u00eda Jos\u00e9 Domingo Falc\u00f3n).-<\/strong><\/div>\n<div dir=\"auto\"><\/div>\n<div dir=\"auto\">\u00abActualmente existen 17 C\u00edrculos de Abuelos activos en el municipio P\u00e1ez, por lo que estamos entregando un plan de trabajo al candidato de la patria: Jos\u00e9 \u00c1ngel L\u00f3pez, para que ese n\u00famero aumente\u00bb.<\/div>\n<div dir=\"auto\">Las palabras las pronunci\u00f3 Victor Ram\u00edrez, responsable del Movimiento Social en el municipio P\u00e1ez por el Movimiento Futuro, durante un encuentro que sostuvo L\u00f3pez con los abuelos y abuelas del barrio San Antonio de Acarigua, hoy 3 de julio.<\/div>\n<div dir=\"auto\">Ram\u00edrez,\u00a0 dijo: \u00ab&#8230;estamos haciendo entrega como primer arranque, como plan piloto, una propuesta a Jos\u00e9 \u00c1ngel L\u00f3pez, el candidato de los adultos mayores para que una vez que asuma las riendas de la alcald\u00eda, incremente las ayudas t\u00e9cnicas a los C\u00edrculos de Abuelos\u00bb.<\/div>\n<div dir=\"auto\">El responsable del Movimiento Social, record\u00f3 que tiene 14 a\u00f1os trabajando por el adulto mayor en P\u00e1ez y que no habia visto antes otra administraci\u00f3n regional como la de Primitivo Cede\u00f1o que atendiera con tanto amor a los abuelos y abuelas.<\/div>\n<div dir=\"auto\">De la misma manera agradeci\u00f3 el respaldo irrestricto de Hogwaldy Lucena, director del Instituto Nacional de Servicios Sociales, Inass Portuguesa, por la donaci\u00f3n de ayudas t\u00e9cnicas a los abuelos.<\/div>\n<div dir=\"auto\">\u00abEstas ayudas van desde pa\u00f1ales hasta medicamentos, pasando por insumos m\u00e9dicos y alimenticios\u00bb.<\/div>\n<div dir=\"auto\">\u00abReconozco en el licenciado Hogwaldy la ayuda para mejorar la calidad de vida de muchos viejitos\u00bb, agreg\u00f3.<\/div>\n<div dir=\"auto\"><\/div>\n<div dir=\"auto\"><img loading=\"lazy\" decoding=\"async\" class=\"alignnone size-medium wp-image-2753\" src=\"https:\/\/periodicocentroccidente.com\/wp-content\/uploads\/2025\/07\/IMG-20250705-WA0834-300x218.jpg\" alt=\"\" width=\"300\" height=\"218\" srcset=\"https:\/\/periodicocentroccidente.com\/wp-content\/uploads\/2025\/07\/IMG-20250705-WA0834-300x218.jpg 300w, https:\/\/periodicocentroccidente.com\/wp-content\/uploads\/2025\/07\/IMG-20250705-WA0834-768x557.jpg 768w, https:\/\/periodicocentroccidente.com\/wp-content\/uploads\/2025\/07\/IMG-20250705-WA0834.jpg 933w\" sizes=\"auto, (max-width: 300px) 100vw, 300px\" \/><\/div>\n<div dir=\"auto\"><em>Aspecto de la reuni\u00f3n que sostuvo el candidato a la alcald\u00eda de P\u00e1ez, Jos\u00e9 \u00c1ngel L\u00f3pez <\/em><\/div>\n<div dir=\"auto\"><em>con los abuelos en el barrio San Antonio.<\/em><\/div>\n<div dir=\"auto\"><\/div>\n","protected":false},"excerpt":{"rendered":"<p>(Cruz Mario Silva \/ Foto cortes&iacute;a Jos&eacute; Domingo Falc&oacute;n).- &laquo;Actualmente existen 17 C&iacute;rculos de Abuelos activos en el municipio P&aacute;ez, por lo que estamos entregando un plan de trabajo al candidato de la patria: Jos&eacute; &Aacute;ngel L&oacute;pez, para que ese n&uacute;mero aumente&raquo;. Las palabras las pronunci&oacute; Victor Ram&iacute;rez, responsable del Movimiento Social en el municipio &hellip;<\/p>\n","protected":false},"author":2,"featured_media":2752,"comment_status":"open","ping_status":"open","sticky":false,"template":"","format":"standard","meta":{"_jetpack_memberships_contains_paid_content":false,"footnotes":""},"categories":[128],"tags":[],"class_list":["post-2756","post","type-post","status-publish","format-standard","has-post-thumbnail","hentry","category-noticias-del-cono-norte"],"yoast_head":"<!-- This site is optimized with the Yoast SEO plugin v24.8.1 - https:\/\/yoast.com\/wordpress\/plugins\/seo\/ -->\n<title>&quot;Entregamos a Jos\u00e9 Angel L\u00f3pez plan para incrementar el n\u00famero de C\u00edrculos de Abuelos&quot; -<\/title>\n<meta name=\"robots\" content=\"index, follow, max-snippet:-1, max-image-preview:large, max-video-preview:-1\" \/>\n<link rel=\"canonical\" href=\"https:\/\/periodicocentroccidente.com\/?p=2756\" \/>\n<meta property=\"og:locale\" content=\"es_ES\" \/>\n<meta property=\"og:type\" content=\"article\" \/>\n<meta property=\"og:title\" content=\"&quot;Entregamos a Jos\u00e9 Angel L\u00f3pez plan para incrementar el n\u00famero de C\u00edrculos de Abuelos&quot; -\" \/>\n<meta property=\"og:description\" content=\"(Cruz Mario Silva \/ Foto cortes&iacute;a Jos&eacute; Domingo Falc&oacute;n).- &laquo;Actualmente existen 17 C&iacute;rculos de Abuelos activos en el municipio P&aacute;ez, por lo que estamos entregando un plan de trabajo al candidato de la patria: Jos&eacute; &Aacute;ngel L&oacute;pez, para que ese n&uacute;mero aumente&raquo;. Las palabras las pronunci&oacute; Victor Ram&iacute;rez, responsable del Movimiento Social en el municipio &hellip;\" \/>\n<meta property=\"og:url\" content=\"https:\/\/periodicocentroccidente.com\/?p=2756\" \/>\n<meta property=\"article:published_time\" content=\"2025-07-05T20:06:03+00:00\" \/>\n<meta property=\"og:image\" content=\"https:\/\/periodicocentroccidente.com\/wp-content\/uploads\/2025\/07\/IMG-20250705-WA0833.jpg\" \/>\n\t<meta property=\"og:image:width\" content=\"614\" \/>\n\t<meta property=\"og:image:height\" content=\"486\" \/>\n\t<meta property=\"og:image:type\" content=\"image\/jpeg\" \/>\n<meta name=\"author\" content=\"Ricardo\" \/>\n<meta name=\"twitter:card\" content=\"summary_large_image\" \/>\n<meta name=\"twitter:label1\" content=\"Escrito por\" \/>\n\t<meta name=\"twitter:data1\" content=\"Ricardo\" \/>\n\t<meta name=\"twitter:label2\" content=\"Tiempo de lectura\" \/>\n\t<meta name=\"twitter:data2\" content=\"2 minutos\" \/>\n<script type=\"application\/ld+json\" class=\"yoast-schema-graph\">{\"@context\":\"https:\/\/schema.org\",\"@graph\":[{\"@type\":\"WebPage\",\"@id\":\"https:\/\/periodicocentroccidente.com\/?p=2756\",\"url\":\"https:\/\/periodicocentroccidente.com\/?p=2756\",\"name\":\"\\\"Entregamos a Jos\u00e9 Angel L\u00f3pez plan para incrementar el n\u00famero de C\u00edrculos de Abuelos\\\" -\",\"isPartOf\":{\"@id\":\"https:\/\/periodicocentroccidente.com\/#website\"},\"primaryImageOfPage\":{\"@id\":\"https:\/\/periodicocentroccidente.com\/?p=2756#primaryimage\"},\"image\":{\"@id\":\"https:\/\/periodicocentroccidente.com\/?p=2756#primaryimage\"},\"thumbnailUrl\":\"https:\/\/periodicocentroccidente.com\/wp-content\/uploads\/2025\/07\/IMG-20250705-WA0833.jpg\",\"datePublished\":\"2025-07-05T20:06:03+00:00\",\"author\":{\"@id\":\"https:\/\/periodicocentroccidente.com\/#\/schema\/person\/f4e4a651098f3db198244657b7130e7e\"},\"breadcrumb\":{\"@id\":\"https:\/\/periodicocentroccidente.com\/?p=2756#breadcrumb\"},\"inLanguage\":\"es\",\"potentialAction\":[{\"@type\":\"ReadAction\",\"target\":[\"https:\/\/periodicocentroccidente.com\/?p=2756\"]}]},{\"@type\":\"ImageObject\",\"inLanguage\":\"es\",\"@id\":\"https:\/\/periodicocentroccidente.com\/?p=2756#primaryimage\",\"url\":\"https:\/\/periodicocentroccidente.com\/wp-content\/uploads\/2025\/07\/IMG-20250705-WA0833.jpg\",\"contentUrl\":\"https:\/\/periodicocentroccidente.com\/wp-content\/uploads\/2025\/07\/IMG-20250705-WA0833.jpg\",\"width\":614,\"height\":486},{\"@type\":\"BreadcrumbList\",\"@id\":\"https:\/\/periodicocentroccidente.com\/?p=2756#breadcrumb\",\"itemListElement\":[{\"@type\":\"ListItem\",\"position\":1,\"name\":\"Portada\",\"item\":\"https:\/\/periodicocentroccidente.com\/\"},{\"@type\":\"ListItem\",\"position\":2,\"name\":\"\u00abEntregamos a Jos\u00e9 Angel L\u00f3pez plan para incrementar el n\u00famero de C\u00edrculos de Abuelos\u00bb\"}]},{\"@type\":\"WebSite\",\"@id\":\"https:\/\/periodicocentroccidente.com\/#website\",\"url\":\"https:\/\/periodicocentroccidente.com\/\",\"name\":\"\",\"description\":\"Periodismo serio y responsable\",\"potentialAction\":[{\"@type\":\"SearchAction\",\"target\":{\"@type\":\"EntryPoint\",\"urlTemplate\":\"https:\/\/periodicocentroccidente.com\/?s={search_term_string}\"},\"query-input\":{\"@type\":\"PropertyValueSpecification\",\"valueRequired\":true,\"valueName\":\"search_term_string\"}}],\"inLanguage\":\"es\"},{\"@type\":\"Person\",\"@id\":\"https:\/\/periodicocentroccidente.com\/#\/schema\/person\/f4e4a651098f3db198244657b7130e7e\",\"name\":\"Ricardo\",\"image\":{\"@type\":\"ImageObject\",\"inLanguage\":\"es\",\"@id\":\"https:\/\/periodicocentroccidente.com\/#\/schema\/person\/image\/\",\"url\":\"https:\/\/secure.gravatar.com\/avatar\/402e6137108ec0fdaa7809184382fb1dd2f8b00264c1d945d341f2b8f90db429?s=96&d=mm&r=g\",\"contentUrl\":\"https:\/\/secure.gravatar.com\/avatar\/402e6137108ec0fdaa7809184382fb1dd2f8b00264c1d945d341f2b8f90db429?s=96&d=mm&r=g\",\"caption\":\"Ricardo\"},\"url\":\"https:\/\/periodicocentroccidente.com\/?author=2\"}]}<\/script>\n<!-- \/ Yoast SEO plugin. -->","yoast_head_json":{"title":"\"Entregamos a Jos\u00e9 Angel L\u00f3pez plan para incrementar el n\u00famero de C\u00edrculos de Abuelos\" -","robots":{"index":"index","follow":"follow","max-snippet":"max-snippet:-1","max-image-preview":"max-image-preview:large","max-video-preview":"max-video-preview:-1"},"canonical":"https:\/\/periodicocentroccidente.com\/?p=2756","og_locale":"es_ES","og_type":"article","og_title":"\"Entregamos a Jos\u00e9 Angel L\u00f3pez plan para incrementar el n\u00famero de C\u00edrculos de Abuelos\" -","og_description":"(Cruz Mario Silva \/ Foto cortes&iacute;a Jos&eacute; Domingo Falc&oacute;n).- &laquo;Actualmente existen 17 C&iacute;rculos de Abuelos activos en el municipio P&aacute;ez, por lo que estamos entregando un plan de trabajo al candidato de la patria: Jos&eacute; &Aacute;ngel L&oacute;pez, para que ese n&uacute;mero aumente&raquo;. Las palabras las pronunci&oacute; Victor Ram&iacute;rez, responsable del Movimiento Social en el municipio &hellip;","og_url":"https:\/\/periodicocentroccidente.com\/?p=2756","article_published_time":"2025-07-05T20:06:03+00:00","og_image":[{"width":614,"height":486,"url":"https:\/\/periodicocentroccidente.com\/wp-content\/uploads\/2025\/07\/IMG-20250705-WA0833.jpg","type":"image\/jpeg"}],"author":"Ricardo","twitter_card":"summary_large_image","twitter_misc":{"Escrito por":"Ricardo","Tiempo de lectura":"2 minutos"},"schema":{"@context":"https:\/\/schema.org","@graph":[{"@type":"WebPage","@id":"https:\/\/periodicocentroccidente.com\/?p=2756","url":"https:\/\/periodicocentroccidente.com\/?p=2756","name":"\"Entregamos a Jos\u00e9 Angel L\u00f3pez plan para incrementar el n\u00famero de C\u00edrculos de Abuelos\" -","isPartOf":{"@id":"https:\/\/periodicocentroccidente.com\/#website"},"primaryImageOfPage":{"@id":"https:\/\/periodicocentroccidente.com\/?p=2756#primaryimage"},"image":{"@id":"https:\/\/periodicocentroccidente.com\/?p=2756#primaryimage"},"thumbnailUrl":"https:\/\/periodicocentroccidente.com\/wp-content\/uploads\/2025\/07\/IMG-20250705-WA0833.jpg","datePublished":"2025-07-05T20:06:03+00:00","author":{"@id":"https:\/\/periodicocentroccidente.com\/#\/schema\/person\/f4e4a651098f3db198244657b7130e7e"},"breadcrumb":{"@id":"https:\/\/periodicocentroccidente.com\/?p=2756#breadcrumb"},"inLanguage":"es","potentialAction":[{"@type":"ReadAction","target":["https:\/\/periodicocentroccidente.com\/?p=2756"]}]},{"@type":"ImageObject","inLanguage":"es","@id":"https:\/\/periodicocentroccidente.com\/?p=2756#primaryimage","url":"https:\/\/periodicocentroccidente.com\/wp-content\/uploads\/2025\/07\/IMG-20250705-WA0833.jpg","contentUrl":"https:\/\/periodicocentroccidente.com\/wp-content\/uploads\/2025\/07\/IMG-20250705-WA0833.jpg","width":614,"height":486},{"@type":"BreadcrumbList","@id":"https:\/\/periodicocentroccidente.com\/?p=2756#breadcrumb","itemListElement":[{"@type":"ListItem","position":1,"name":"Portada","item":"https:\/\/periodicocentroccidente.com\/"},{"@type":"ListItem","position":2,"name":"\u00abEntregamos a Jos\u00e9 Angel L\u00f3pez plan para incrementar el n\u00famero de C\u00edrculos de Abuelos\u00bb"}]},{"@type":"WebSite","@id":"https:\/\/periodicocentroccidente.com\/#website","url":"https:\/\/periodicocentroccidente.com\/","name":"","description":"Periodismo serio y responsable","potentialAction":[{"@type":"SearchAction","target":{"@type":"EntryPoint","urlTemplate":"https:\/\/periodicocentroccidente.com\/?s={search_term_string}"},"query-input":{"@type":"PropertyValueSpecification","valueRequired":true,"valueName":"search_term_string"}}],"inLanguage":"es"},{"@type":"Person","@id":"https:\/\/periodicocentroccidente.com\/#\/schema\/person\/f4e4a651098f3db198244657b7130e7e","name":"Ricardo","image":{"@type":"ImageObject","inLanguage":"es","@id":"https:\/\/periodicocentroccidente.com\/#\/schema\/person\/image\/","url":"https:\/\/secure.gravatar.com\/avatar\/402e6137108ec0fdaa7809184382fb1dd2f8b00264c1d945d341f2b8f90db429?s=96&d=mm&r=g","contentUrl":"https:\/\/secure.gravatar.com\/avatar\/402e6137108ec0fdaa7809184382fb1dd2f8b00264c1d945d341f2b8f90db429?s=96&d=mm&r=g","caption":"Ricardo"},"url":"https:\/\/periodicocentroccidente.com\/?author=2"}]}},"jetpack_featured_media_url":"https:\/\/periodicocentroccidente.com\/wp-content\/uploads\/2025\/07\/IMG-20250705-WA0833.jpg","jetpack_sharing_enabled":true,"jetpack-related-posts":[],"_links":{"self":[{"href":"https:\/\/periodicocentroccidente.com\/index.php?rest_route=\/wp\/v2\/posts\/2756","targetHints":{"allow":["GET"]}}],"collection":[{"href":"https:\/\/periodicocentroccidente.com\/index.php?rest_route=\/wp\/v2\/posts"}],"about":[{"href":"https:\/\/periodicocentroccidente.com\/index.php?rest_route=\/wp\/v2\/types\/post"}],"author":[{"embeddable":true,"href":"https:\/\/periodicocentroccidente.com\/index.php?rest_route=\/wp\/v2\/users\/2"}],"replies":[{"embeddable":true,"href":"https:\/\/periodicocentroccidente.com\/index.php?rest_route=%2Fwp%2Fv2%2Fcomments&post=2756"}],"version-history":[{"count":1,"href":"https:\/\/periodicocentroccidente.com\/index.php?rest_route=\/wp\/v2\/posts\/2756\/revisions"}],"predecessor-version":[{"id":2757,"href":"https:\/\/periodicocentroccidente.com\/index.php?rest_route=\/wp\/v2\/posts\/2756\/revisions\/2757"}],"wp:featuredmedia":[{"embeddable":true,"href":"https:\/\/periodicocentroccidente.com\/index.php?rest_route=\/wp\/v2\/media\/2752"}],"wp:attachment":[{"href":"https:\/\/periodicocentroccidente.com\/index.php?rest_route=%2Fwp%2Fv2%2Fmedia&parent=2756"}],"wp:term":[{"taxonomy":"category","embeddable":true,"href":"https:\/\/periodicocentroccidente.com\/index.php?rest_route=%2Fwp%2Fv2%2Fcategories&post=2756"},{"taxonomy":"post_tag","embeddable":true,"href":"https:\/\/periodicocentroccidente.com\/index.php?rest_route=%2Fwp%2Fv2%2Ftags&post=2756"}],"curies":[{"name":"wp","href":"https:\/\/api.w.org\/{rel}","templated":true}]}}